{"id":7312,"date":"2023-01-10T00:53:20","date_gmt":"2023-01-10T03:53:20","guid":{"rendered":"https:\/\/ocoerente.com.br\/se\/?p=7312"},"modified":"2023-01-10T00:53:22","modified_gmt":"2023-01-10T03:53:22","slug":"soneca-destina-quase-meio-milhao-de-reais-para-setor-cultural-de-aracaju","status":"publish","type":"post","link":"https:\/\/ocoerente.com.br\/se\/2023\/01\/10\/soneca-destina-quase-meio-milhao-de-reais-para-setor-cultural-de-aracaju\/","title":{"rendered":"Soneca destina quase meio milh\u00e3o de reais para setor cultural de Aracaju"},"content":{"rendered":"\n<p>Apoiador das pautas art\u00edsticas e culturais, o vereador Soneca (PSD) destinou emendas impositivas no valor total de R$ 497.300,00 para incentivar os festejos populares da capital sergipana. O montante foi repassado em 2022 e beneficia artistas aracajuanos envolvidos com m\u00fasica, arte, teatro e atividade circense.<\/p>\n\n\n\n<p>Soneca tem uma rela\u00e7\u00e3o \u00edntima com a cultura local. Desde cedo, fazia apresenta\u00e7\u00f5es em pra\u00e7a p\u00fablica e eventos populares como palha\u00e7o. \u201c\u00c9 um setor que sempre defendi desde o in\u00edcio do meu primeiro mandato. J\u00e1 s\u00e3o seis anos contribuindo diretamente com os artistas locais\u201d, enfatizou.<\/p>\n\n\n\n<p>Ainda em 2022, o vereador<br>destinou outras emendas impositivas previstas na Lei Or\u00e7ament\u00e1ria Anual (LOA). Para o setor de sa\u00fade, Soneca repassou R$ 647.700,00 para hospitais e maternidade do bairro 17 de mar\u00e7o.<\/p>\n","protected":false},"excerpt":{"rendered":"<p>Apoiador das pautas art\u00edsticas e culturais, o vereador Soneca (PSD) destinou emendas impositivas no valor total de R$ 497.300,00 para incentivar os festejos populares da capital sergipana. O montante foi repassado em 2022 e beneficia artistas aracajuanos envolvidos com m\u00fasica, arte, teatro e atividade circense. Soneca tem uma rela\u00e7\u00e3o \u00edntima com a cultura local. Desde [&hellip;]<\/p>\n","protected":false},"author":1,"featured_media":7313,"comment_status":"closed","ping_status":"closed","sticky":false,"template":"","format":"standard","meta":{"footnotes":""},"categories":[53,44],"tags":[],"class_list":["post-7312","post","type-post","status-publish","format-standard","has-post-thumbnail","hentry","category-destaques","category-politica"],"yoast_head":"<!-- This site is optimized with the Yoast SEO plugin v27.4 - https:\/\/yoast.com\/product\/yoast-seo-wordpress\/ -->\n<title>Soneca destina quase meio milh\u00e3o de reais para setor cultural de Aracaju - O Coerente<\/title>\n<meta name=\"robots\" content=\"index, follow, max-snippet:-1, max-image-preview:large, max-video-preview:-1\" \/>\n<link rel=\"canonical\" href=\"https:\/\/ocoerente.com.br\/se\/2023\/01\/10\/soneca-destina-quase-meio-milhao-de-reais-para-setor-cultural-de-aracaju\/\" \/>\n<meta property=\"og:locale\" content=\"pt_BR\" \/>\n<meta property=\"og:type\" content=\"article\" \/>\n<meta property=\"og:title\" content=\"Soneca destina quase meio milh\u00e3o de reais para setor cultural de Aracaju - O Coerente\" \/>\n<meta property=\"og:description\" content=\"Apoiador das pautas art\u00edsticas e culturais, o vereador Soneca (PSD) destinou emendas impositivas no valor total de R$ 497.300,00 para incentivar os festejos populares da capital sergipana. O montante foi repassado em 2022 e beneficia artistas aracajuanos envolvidos com m\u00fasica, arte, teatro e atividade circense. Soneca tem uma rela\u00e7\u00e3o \u00edntima com a cultura local. Desde [&hellip;]\" \/>\n<meta property=\"og:url\" content=\"https:\/\/ocoerente.com.br\/se\/2023\/01\/10\/soneca-destina-quase-meio-milhao-de-reais-para-setor-cultural-de-aracaju\/\" \/>\n<meta property=\"og:site_name\" content=\"O Coerente\" \/>\n<meta property=\"article:published_time\" content=\"2023-01-10T03:53:20+00:00\" \/>\n<meta property=\"article:modified_time\" content=\"2023-01-10T03:53:22+00:00\" \/>\n<meta property=\"og:image\" content=\"https:\/\/ocoerente.com.br\/se\/wp-content\/uploads\/2023\/01\/soneca-.jpg\" \/>\n\t<meta property=\"og:image:width\" content=\"800\" \/>\n\t<meta property=\"og:image:height\" content=\"571\" \/>\n\t<meta property=\"og:image:type\" content=\"image\/jpeg\" \/>\n<meta name=\"author\" content=\"Reda\u00e7\u00e3o\" \/>\n<meta name=\"twitter:card\" content=\"summary_large_image\" \/>\n<meta name=\"twitter:label1\" content=\"Escrito por\" \/>\n\t<meta name=\"twitter:data1\" content=\"Reda\u00e7\u00e3o\" \/>\n\t<meta name=\"twitter:label2\" content=\"Est. tempo de leitura\" \/>\n\t<meta name=\"twitter:data2\" content=\"1 minuto\" \/>\n<script type=\"application\/ld+json\" class=\"yoast-schema-graph\">{\"@context\":\"https:\\\/\\\/schema.org\",\"@graph\":[{\"@type\":\"Article\",\"@id\":\"https:\\\/\\\/ocoerente.com.br\\\/se\\\/2023\\\/01\\\/10\\\/soneca-destina-quase-meio-milhao-de-reais-para-setor-cultural-de-aracaju\\\/#article\",\"isPartOf\":{\"@id\":\"https:\\\/\\\/ocoerente.com.br\\\/se\\\/2023\\\/01\\\/10\\\/soneca-destina-quase-meio-milhao-de-reais-para-setor-cultural-de-aracaju\\\/\"},\"author\":{\"name\":\"Reda\u00e7\u00e3o\",\"@id\":\"https:\\\/\\\/ocoerente.com.br\\\/se\\\/#\\\/schema\\\/person\\\/cc6bfd9fbca465e23543b0c963d8d037\"},\"headline\":\"Soneca destina quase meio milh\u00e3o de reais para setor cultural de Aracaju\",\"datePublished\":\"2023-01-10T03:53:20+00:00\",\"dateModified\":\"2023-01-10T03:53:22+00:00\",\"mainEntityOfPage\":{\"@id\":\"https:\\\/\\\/ocoerente.com.br\\\/se\\\/2023\\\/01\\\/10\\\/soneca-destina-quase-meio-milhao-de-reais-para-setor-cultural-de-aracaju\\\/\"},\"wordCount\":142,\"publisher\":{\"@id\":\"https:\\\/\\\/ocoerente.com.br\\\/se\\\/#\\\/schema\\\/person\\\/cc6bfd9fbca465e23543b0c963d8d037\"},\"image\":{\"@id\":\"https:\\\/\\\/ocoerente.com.br\\\/se\\\/2023\\\/01\\\/10\\\/soneca-destina-quase-meio-milhao-de-reais-para-setor-cultural-de-aracaju\\\/#primaryimage\"},\"thumbnailUrl\":\"https:\\\/\\\/ocoerente.com.br\\\/se\\\/wp-content\\\/uploads\\\/2023\\\/01\\\/soneca-.jpg\",\"articleSection\":[\"Destaques\",\"Pol\u00edtica\"],\"inLanguage\":\"pt-BR\"},{\"@type\":\"WebPage\",\"@id\":\"https:\\\/\\\/ocoerente.com.br\\\/se\\\/2023\\\/01\\\/10\\\/soneca-destina-quase-meio-milhao-de-reais-para-setor-cultural-de-aracaju\\\/\",\"url\":\"https:\\\/\\\/ocoerente.com.br\\\/se\\\/2023\\\/01\\\/10\\\/soneca-destina-quase-meio-milhao-de-reais-para-setor-cultural-de-aracaju\\\/\",\"name\":\"Soneca destina quase meio milh\u00e3o de reais para setor cultural de Aracaju - O Coerente\",\"isPartOf\":{\"@id\":\"https:\\\/\\\/ocoerente.com.br\\\/se\\\/#website\"},\"primaryImageOfPage\":{\"@id\":\"https:\\\/\\\/ocoerente.com.br\\\/se\\\/2023\\\/01\\\/10\\\/soneca-destina-quase-meio-milhao-de-reais-para-setor-cultural-de-aracaju\\\/#primaryimage\"},\"image\":{\"@id\":\"https:\\\/\\\/ocoerente.com.br\\\/se\\\/2023\\\/01\\\/10\\\/soneca-destina-quase-meio-milhao-de-reais-para-setor-cultural-de-aracaju\\\/#primaryimage\"},\"thumbnailUrl\":\"https:\\\/\\\/ocoerente.com.br\\\/se\\\/wp-content\\\/uploads\\\/2023\\\/01\\\/soneca-.jpg\",\"datePublished\":\"2023-01-10T03:53:20+00:00\",\"dateModified\":\"2023-01-10T03:53:22+00:00\",\"breadcrumb\":{\"@id\":\"https:\\\/\\\/ocoerente.com.br\\\/se\\\/2023\\\/01\\\/10\\\/soneca-destina-quase-meio-milhao-de-reais-para-setor-cultural-de-aracaju\\\/#breadcrumb\"},\"inLanguage\":\"pt-BR\",\"potentialAction\":[{\"@type\":\"ReadAction\",\"target\":[\"https:\\\/\\\/ocoerente.com.br\\\/se\\\/2023\\\/01\\\/10\\\/soneca-destina-quase-meio-milhao-de-reais-para-setor-cultural-de-aracaju\\\/\"]}]},{\"@type\":\"ImageObject\",\"inLanguage\":\"pt-BR\",\"@id\":\"https:\\\/\\\/ocoerente.com.br\\\/se\\\/2023\\\/01\\\/10\\\/soneca-destina-quase-meio-milhao-de-reais-para-setor-cultural-de-aracaju\\\/#primaryimage\",\"url\":\"https:\\\/\\\/ocoerente.com.br\\\/se\\\/wp-content\\\/uploads\\\/2023\\\/01\\\/soneca-.jpg\",\"contentUrl\":\"https:\\\/\\\/ocoerente.com.br\\\/se\\\/wp-content\\\/uploads\\\/2023\\\/01\\\/soneca-.jpg\",\"width\":800,\"height\":571},{\"@type\":\"BreadcrumbList\",\"@id\":\"https:\\\/\\\/ocoerente.com.br\\\/se\\\/2023\\\/01\\\/10\\\/soneca-destina-quase-meio-milhao-de-reais-para-setor-cultural-de-aracaju\\\/#breadcrumb\",\"itemListElement\":[{\"@type\":\"ListItem\",\"position\":1,\"name\":\"In\u00edcio\",\"item\":\"https:\\\/\\\/ocoerente.com.br\\\/se\\\/\"},{\"@type\":\"ListItem\",\"position\":2,\"name\":\"Soneca destina quase meio milh\u00e3o de reais para setor cultural de Aracaju\"}]},{\"@type\":\"WebSite\",\"@id\":\"https:\\\/\\\/ocoerente.com.br\\\/se\\\/#website\",\"url\":\"https:\\\/\\\/ocoerente.com.br\\\/se\\\/\",\"name\":\"O Coerente\",\"description\":\"\",\"publisher\":{\"@id\":\"https:\\\/\\\/ocoerente.com.br\\\/se\\\/#\\\/schema\\\/person\\\/cc6bfd9fbca465e23543b0c963d8d037\"},\"potentialAction\":[{\"@type\":\"SearchAction\",\"target\":{\"@type\":\"EntryPoint\",\"urlTemplate\":\"https:\\\/\\\/ocoerente.com.br\\\/se\\\/?s={search_term_string}\"},\"query-input\":{\"@type\":\"PropertyValueSpecification\",\"valueRequired\":true,\"valueName\":\"search_term_string\"}}],\"inLanguage\":\"pt-BR\"},{\"@type\":[\"Person\",\"Organization\"],\"@id\":\"https:\\\/\\\/ocoerente.com.br\\\/se\\\/#\\\/schema\\\/person\\\/cc6bfd9fbca465e23543b0c963d8d037\",\"name\":\"Reda\u00e7\u00e3o\",\"image\":{\"@type\":\"ImageObject\",\"inLanguage\":\"pt-BR\",\"@id\":\"https:\\\/\\\/ocoerente.com.br\\\/se\\\/wp-content\\\/uploads\\\/2020\\\/01\\\/ocoerente-1.png\",\"url\":\"https:\\\/\\\/ocoerente.com.br\\\/se\\\/wp-content\\\/uploads\\\/2020\\\/01\\\/ocoerente-1.png\",\"contentUrl\":\"https:\\\/\\\/ocoerente.com.br\\\/se\\\/wp-content\\\/uploads\\\/2020\\\/01\\\/ocoerente-1.png\",\"width\":50,\"height\":50,\"caption\":\"Reda\u00e7\u00e3o\"},\"logo\":{\"@id\":\"https:\\\/\\\/ocoerente.com.br\\\/se\\\/wp-content\\\/uploads\\\/2020\\\/01\\\/ocoerente-1.png\"},\"url\":\"https:\\\/\\\/ocoerente.com.br\\\/se\\\/author\\\/vasticlsales\\\/\"}]}<\/script>\n<!-- \/ Yoast SEO plugin. -->","yoast_head_json":{"title":"Soneca destina quase meio milh\u00e3o de reais para setor cultural de Aracaju - O Coerente","robots":{"index":"index","follow":"follow","max-snippet":"max-snippet:-1","max-image-preview":"max-image-preview:large","max-video-preview":"max-video-preview:-1"},"canonical":"https:\/\/ocoerente.com.br\/se\/2023\/01\/10\/soneca-destina-quase-meio-milhao-de-reais-para-setor-cultural-de-aracaju\/","og_locale":"pt_BR","og_type":"article","og_title":"Soneca destina quase meio milh\u00e3o de reais para setor cultural de Aracaju - O Coerente","og_description":"Apoiador das pautas art\u00edsticas e culturais, o vereador Soneca (PSD) destinou emendas impositivas no valor total de R$ 497.300,00 para incentivar os festejos populares da capital sergipana. O montante foi repassado em 2022 e beneficia artistas aracajuanos envolvidos com m\u00fasica, arte, teatro e atividade circense. Soneca tem uma rela\u00e7\u00e3o \u00edntima com a cultura local. Desde [&hellip;]","og_url":"https:\/\/ocoerente.com.br\/se\/2023\/01\/10\/soneca-destina-quase-meio-milhao-de-reais-para-setor-cultural-de-aracaju\/","og_site_name":"O Coerente","article_published_time":"2023-01-10T03:53:20+00:00","article_modified_time":"2023-01-10T03:53:22+00:00","og_image":[{"width":800,"height":571,"url":"https:\/\/ocoerente.com.br\/se\/wp-content\/uploads\/2023\/01\/soneca-.jpg","type":"image\/jpeg"}],"author":"Reda\u00e7\u00e3o","twitter_card":"summary_large_image","twitter_misc":{"Escrito por":"Reda\u00e7\u00e3o","Est. tempo de leitura":"1 minuto"},"schema":{"@context":"https:\/\/schema.org","@graph":[{"@type":"Article","@id":"https:\/\/ocoerente.com.br\/se\/2023\/01\/10\/soneca-destina-quase-meio-milhao-de-reais-para-setor-cultural-de-aracaju\/#article","isPartOf":{"@id":"https:\/\/ocoerente.com.br\/se\/2023\/01\/10\/soneca-destina-quase-meio-milhao-de-reais-para-setor-cultural-de-aracaju\/"},"author":{"name":"Reda\u00e7\u00e3o","@id":"https:\/\/ocoerente.com.br\/se\/#\/schema\/person\/cc6bfd9fbca465e23543b0c963d8d037"},"headline":"Soneca destina quase meio milh\u00e3o de reais para setor cultural de Aracaju","datePublished":"2023-01-10T03:53:20+00:00","dateModified":"2023-01-10T03:53:22+00:00","mainEntityOfPage":{"@id":"https:\/\/ocoerente.com.br\/se\/2023\/01\/10\/soneca-destina-quase-meio-milhao-de-reais-para-setor-cultural-de-aracaju\/"},"wordCount":142,"publisher":{"@id":"https:\/\/ocoerente.com.br\/se\/#\/schema\/person\/cc6bfd9fbca465e23543b0c963d8d037"},"image":{"@id":"https:\/\/ocoerente.com.br\/se\/2023\/01\/10\/soneca-destina-quase-meio-milhao-de-reais-para-setor-cultural-de-aracaju\/#primaryimage"},"thumbnailUrl":"https:\/\/ocoerente.com.br\/se\/wp-content\/uploads\/2023\/01\/soneca-.jpg","articleSection":["Destaques","Pol\u00edtica"],"inLanguage":"pt-BR"},{"@type":"WebPage","@id":"https:\/\/ocoerente.com.br\/se\/2023\/01\/10\/soneca-destina-quase-meio-milhao-de-reais-para-setor-cultural-de-aracaju\/","url":"https:\/\/ocoerente.com.br\/se\/2023\/01\/10\/soneca-destina-quase-meio-milhao-de-reais-para-setor-cultural-de-aracaju\/","name":"Soneca destina quase meio milh\u00e3o de reais para setor cultural de Aracaju - O Coerente","isPartOf":{"@id":"https:\/\/ocoerente.com.br\/se\/#website"},"primaryImageOfPage":{"@id":"https:\/\/ocoerente.com.br\/se\/2023\/01\/10\/soneca-destina-quase-meio-milhao-de-reais-para-setor-cultural-de-aracaju\/#primaryimage"},"image":{"@id":"https:\/\/ocoerente.com.br\/se\/2023\/01\/10\/soneca-destina-quase-meio-milhao-de-reais-para-setor-cultural-de-aracaju\/#primaryimage"},"thumbnailUrl":"https:\/\/ocoerente.com.br\/se\/wp-content\/uploads\/2023\/01\/soneca-.jpg","datePublished":"2023-01-10T03:53:20+00:00","dateModified":"2023-01-10T03:53:22+00:00","breadcrumb":{"@id":"https:\/\/ocoerente.com.br\/se\/2023\/01\/10\/soneca-destina-quase-meio-milhao-de-reais-para-setor-cultural-de-aracaju\/#breadcrumb"},"inLanguage":"pt-BR","potentialAction":[{"@type":"ReadAction","target":["https:\/\/ocoerente.com.br\/se\/2023\/01\/10\/soneca-destina-quase-meio-milhao-de-reais-para-setor-cultural-de-aracaju\/"]}]},{"@type":"ImageObject","inLanguage":"pt-BR","@id":"https:\/\/ocoerente.com.br\/se\/2023\/01\/10\/soneca-destina-quase-meio-milhao-de-reais-para-setor-cultural-de-aracaju\/#primaryimage","url":"https:\/\/ocoerente.com.br\/se\/wp-content\/uploads\/2023\/01\/soneca-.jpg","contentUrl":"https:\/\/ocoerente.com.br\/se\/wp-content\/uploads\/2023\/01\/soneca-.jpg","width":800,"height":571},{"@type":"BreadcrumbList","@id":"https:\/\/ocoerente.com.br\/se\/2023\/01\/10\/soneca-destina-quase-meio-milhao-de-reais-para-setor-cultural-de-aracaju\/#breadcrumb","itemListElement":[{"@type":"ListItem","position":1,"name":"In\u00edcio","item":"https:\/\/ocoerente.com.br\/se\/"},{"@type":"ListItem","position":2,"name":"Soneca destina quase meio milh\u00e3o de reais para setor cultural de Aracaju"}]},{"@type":"WebSite","@id":"https:\/\/ocoerente.com.br\/se\/#website","url":"https:\/\/ocoerente.com.br\/se\/","name":"O Coerente","description":"","publisher":{"@id":"https:\/\/ocoerente.com.br\/se\/#\/schema\/person\/cc6bfd9fbca465e23543b0c963d8d037"},"potentialAction":[{"@type":"SearchAction","target":{"@type":"EntryPoint","urlTemplate":"https:\/\/ocoerente.com.br\/se\/?s={search_term_string}"},"query-input":{"@type":"PropertyValueSpecification","valueRequired":true,"valueName":"search_term_string"}}],"inLanguage":"pt-BR"},{"@type":["Person","Organization"],"@id":"https:\/\/ocoerente.com.br\/se\/#\/schema\/person\/cc6bfd9fbca465e23543b0c963d8d037","name":"Reda\u00e7\u00e3o","image":{"@type":"ImageObject","inLanguage":"pt-BR","@id":"https:\/\/ocoerente.com.br\/se\/wp-content\/uploads\/2020\/01\/ocoerente-1.png","url":"https:\/\/ocoerente.com.br\/se\/wp-content\/uploads\/2020\/01\/ocoerente-1.png","contentUrl":"https:\/\/ocoerente.com.br\/se\/wp-content\/uploads\/2020\/01\/ocoerente-1.png","width":50,"height":50,"caption":"Reda\u00e7\u00e3o"},"logo":{"@id":"https:\/\/ocoerente.com.br\/se\/wp-content\/uploads\/2020\/01\/ocoerente-1.png"},"url":"https:\/\/ocoerente.com.br\/se\/author\/vasticlsales\/"}]}},"_links":{"self":[{"href":"https:\/\/ocoerente.com.br\/se\/wp-json\/wp\/v2\/posts\/7312","targetHints":{"allow":["GET"]}}],"collection":[{"href":"https:\/\/ocoerente.com.br\/se\/wp-json\/wp\/v2\/posts"}],"about":[{"href":"https:\/\/ocoerente.com.br\/se\/wp-json\/wp\/v2\/types\/post"}],"author":[{"embeddable":true,"href":"https:\/\/ocoerente.com.br\/se\/wp-json\/wp\/v2\/users\/1"}],"replies":[{"embeddable":true,"href":"https:\/\/ocoerente.com.br\/se\/wp-json\/wp\/v2\/comments?post=7312"}],"version-history":[{"count":1,"href":"https:\/\/ocoerente.com.br\/se\/wp-json\/wp\/v2\/posts\/7312\/revisions"}],"predecessor-version":[{"id":7314,"href":"https:\/\/ocoerente.com.br\/se\/wp-json\/wp\/v2\/posts\/7312\/revisions\/7314"}],"wp:featuredmedia":[{"embeddable":true,"href":"https:\/\/ocoerente.com.br\/se\/wp-json\/wp\/v2\/media\/7313"}],"wp:attachment":[{"href":"https:\/\/ocoerente.com.br\/se\/wp-json\/wp\/v2\/media?parent=7312"}],"wp:term":[{"taxonomy":"category","embeddable":true,"href":"https:\/\/ocoerente.com.br\/se\/wp-json\/wp\/v2\/categories?post=7312"},{"taxonomy":"post_tag","embeddable":true,"href":"https:\/\/ocoerente.com.br\/se\/wp-json\/wp\/v2\/tags?post=7312"}],"curies":[{"name":"wp","href":"https:\/\/api.w.org\/{rel}","templated":true}]}}