{"id":7307,"date":"2023-01-10T00:48:57","date_gmt":"2023-01-10T03:48:57","guid":{"rendered":"https:\/\/ocoerente.com.br\/se\/?p=7307"},"modified":"2023-01-10T00:48:59","modified_gmt":"2023-01-10T03:48:59","slug":"presidida-por-edvaldo-fnp-emite-nota-de-repudio-contra-atos-terroristas-em-brasilia","status":"publish","type":"post","link":"https:\/\/ocoerente.com.br\/se\/2023\/01\/10\/presidida-por-edvaldo-fnp-emite-nota-de-repudio-contra-atos-terroristas-em-brasilia\/","title":{"rendered":"Presidida por Edvaldo, FNP emite nota de rep\u00fadio contra atos terroristas em Bras\u00edlia"},"content":{"rendered":"\n<p>A Frente Nacional de Prefeitos (FNP), entidade da qual o prefeito Edvaldo Nogueira \u00e9 presidente, emitiu, nesta segunda-feira, 9, nota de rep\u00fadio aos atos antidemocr\u00e1ticos ocorridos em Bras\u00edlia, no \u00faltimo domingo, dia 8. No documento, redigido durante reuni\u00e3o virtual extraordin\u00e1ria, gestores das m\u00e9dias e grandes cidades brasileiras externaram indigna\u00e7\u00e3o aos ataques criminosos que resultaram na depreda\u00e7\u00e3o do Pal\u00e1cio do Planalto, Congresso Nacional e do Supremo Tribunal Federal, considerando o fato como &#8220;um atentado \u00e0 democracia do pa\u00eds&#8221;. Na carta, prefeitas e prefeitos defenderam, ainda, &#8220;a puni\u00e7\u00e3o rigorosa dos envolvidos e se comprometeram com a pactua\u00e7\u00e3o pela pacifica\u00e7\u00e3o do pa\u00eds&#8221;.<\/p>\n\n\n\n<p>&#8220;O que ocorreu ontem foi inaceit\u00e1vel. Este atentado \u00e0s sedes dos tr\u00eas Poderes da Rep\u00fablica&nbsp; n\u00e3o representa, apenas, um ato de n\u00e3o aceita\u00e7\u00e3o ao resultado eleitoral. Ele representa um ato contra o pa\u00eds, contra a na\u00e7\u00e3o brasileira e, sobretudo, um ato contra a democracia, que tanto lutamos para garantir. N\u00f3s, brasileiros, batalhamos para viver sobre os ausp\u00edcios da democracia, com a vontade do povo sendo o principal elemento da constru\u00e7\u00e3o democr\u00e1tica e n\u00e3o podemos permitir que esse direito nos seja tirado. A vontade do povo deve ser soberana e o que houve ontem foi um ataque a esse pilar fundamental da liberdade. Al\u00e9m disso, \u00e9 imposs\u00edvel n\u00e3o se indignar com a depreda\u00e7\u00e3o do patrim\u00f4nio p\u00fablico e com os danos irrevers\u00edveis a elementos que fazem parte da nossa hist\u00f3ria&#8221;, destacou Edvaldo.<\/p>\n\n\n\n<p>Ao conduzir a reuni\u00e3o, o presidente da FNP afirmou tamb\u00e9m que &#8220;n\u00e3o se pode tolerar atitudes lament\u00e1veis, como as ocorridas na capital federal, e que os prefeitos e prefeitas do Brasil n\u00e3o podem se omitir&#8221;. &#8220;N\u00e3o podemos abrir m\u00e3o de defender a democracia do nosso pa\u00eds. Estamos diante de um fato inusitado e temos que nos posicionar. Por isso, redigimos esta carta, apoiada por todos os presentes nesta reuni\u00e3o e que reflete a posi\u00e7\u00e3o do conjunto dos prefeitos brasileiros. Quem ganhou deve ter o direito de governar, de dar continuidade ao seu mandato sem nenhum tipo de tentativa golpista. A popula\u00e7\u00e3o brasileira j\u00e1 escolheu quem vai conduzir o nosso pa\u00eds pelos pr\u00f3ximos quatro anos, submetido \u00e0 lei e a \u00e0 constitui\u00e7\u00e3o, e isso precisa ser respeitado&#8221;, defendeu.<\/p>\n\n\n\n<p>O prefeito de Aracaju e presidente da FNP lamentou, ainda, que &#8220;o pa\u00eds precise adiar discuss\u00f5es relevantes, como o combate \u00e0 fome e ao desemprego, para reconstruir as ocupa\u00e7\u00f5es prediais, totalmente devastadas, ocasionando em um preju\u00edzo imenso \u00e0 popula\u00e7\u00e3o brasileira&#8221;. &#8220;Ao inv\u00e9s de trabalharem pelo benef\u00edcio da sociedade, os tr\u00eas poderes estar\u00e3o debru\u00e7ados, pelos pr\u00f3ximos 30, 40 dias, na recupera\u00e7\u00e3o de suas sedes e isso resultar\u00e1 em preju\u00edzos enormes ao povo brasileiro. Portanto, \u00e9 um momento que exige a defesa da liberdade, mas principalmente, a uni\u00e3o de governantes para que nosso pa\u00eds se restabele\u00e7a&#8221;.<\/p>\n\n\n\n<p><strong>Manifesto<\/strong><\/p>\n\n\n\n<p>No manifesto, assinado pela FNP, prefeitos e prefeitas das cidades brasileiras lamentam &#8220;os atentados deplor\u00e1veis contra as sedes dos tr\u00eas Poderes da Rep\u00fablica, nunca antes registrados no pa\u00eds&#8221;, e repudiam &#8220;com veem\u00eancia as depreda\u00e7\u00f5es e invas\u00f5es&#8221;. Os gestores tamb\u00e9m exigem &#8220;investiga\u00e7\u00e3o e puni\u00e7\u00e3o rigorosa dos participantes, financiadores e incentivadores&#8221;, e reafirmam &#8220;a permanente disposi\u00e7\u00e3o em atuar e colaborar com a manuten\u00e7\u00e3o da ordem em seus munic\u00edpios&#8221;.<\/p>\n\n\n\n<p>Na carta, prefeitos e prefeitas tamb\u00e9m lamentam que o governo federal, parlamentares e Poder Judici\u00e1rio deixem de &#8220;avan\u00e7ar nas pol\u00edticas p\u00fablicas voltadas para a qualidade de vida da popula\u00e7\u00e3o para recuperar instala\u00e7\u00f5es prediais, bens p\u00fablicos e art\u00edsticos, patrim\u00f4nios de todos os brasileiros, ou planejar o enfrentamento a atos terroristas&#8221;. &#8220;Inquestionavelmente, um lament\u00e1vel desperd\u00edcio de tempo, energia e recursos p\u00fablicos&#8221;, completam.<\/p>\n\n\n\n<p>Os gestores salientam, ainda, que &#8220;est\u00e3o comprometidos com o Estado Democr\u00e1tico de Direito e com a constru\u00e7\u00e3o de um pa\u00eds socialmente justo, sustent\u00e1vel e de oportunidades para o povo brasileiro&#8221;. Os governantes municipais se comprometem tamb\u00e9m &#8220;em contribuir para a pactua\u00e7\u00e3o pela pacifica\u00e7\u00e3o do pa\u00eds&#8221;.<\/p>\n\n\n\n<p>Gestores de diversas capitais participaram da reuni\u00e3o, entre eles o prefeito do Rio de Janeiro (RJ), Eduardo Paes; de Recife (PE), Jo\u00e3o Campos; de Jo\u00e3o Pessoa (PB), C\u00edcero Lucena; de Porto Alegre (RS), Sebasti\u00e3o Melo; de Bel\u00e9m (PA), Edmilson Rodrigues; e a prefeita de Palmas(TO), Cinthia Ribeiro.<\/p>\n","protected":false},"excerpt":{"rendered":"<p>A Frente Nacional de Prefeitos (FNP), entidade da qual o prefeito Edvaldo Nogueira \u00e9 presidente, emitiu, nesta segunda-feira, 9, nota de rep\u00fadio aos atos antidemocr\u00e1ticos ocorridos em Bras\u00edlia, no \u00faltimo domingo, dia 8. No documento, redigido durante reuni\u00e3o virtual extraordin\u00e1ria, gestores das m\u00e9dias e grandes cidades brasileiras externaram indigna\u00e7\u00e3o aos ataques criminosos que resultaram na [&hellip;]<\/p>\n","protected":false},"author":1,"featured_media":7308,"comment_status":"closed","ping_status":"closed","sticky":false,"template":"","format":"standard","meta":{"footnotes":""},"categories":[48,53],"tags":[],"class_list":["post-7307","post","type-post","status-publish","format-standard","has-post-thumbnail","hentry","category-brasil","category-destaques"],"yoast_head":"<!-- This site is optimized with the Yoast SEO plugin v27.4 - https:\/\/yoast.com\/product\/yoast-seo-wordpress\/ -->\n<title>Presidida por Edvaldo, FNP emite nota de rep\u00fadio contra atos terroristas em Bras\u00edlia - O Coerente<\/title>\n<meta name=\"robots\" content=\"index, follow, max-snippet:-1, max-image-preview:large, max-video-preview:-1\" \/>\n<link rel=\"canonical\" href=\"https:\/\/ocoerente.com.br\/se\/2023\/01\/10\/presidida-por-edvaldo-fnp-emite-nota-de-repudio-contra-atos-terroristas-em-brasilia\/\" \/>\n<meta property=\"og:locale\" content=\"pt_BR\" \/>\n<meta property=\"og:type\" content=\"article\" \/>\n<meta property=\"og:title\" content=\"Presidida por Edvaldo, FNP emite nota de rep\u00fadio contra atos terroristas em Bras\u00edlia - O Coerente\" \/>\n<meta property=\"og:description\" content=\"A Frente Nacional de Prefeitos (FNP), entidade da qual o prefeito Edvaldo Nogueira \u00e9 presidente, emitiu, nesta segunda-feira, 9, nota de rep\u00fadio aos atos antidemocr\u00e1ticos ocorridos em Bras\u00edlia, no \u00faltimo domingo, dia 8. No documento, redigido durante reuni\u00e3o virtual extraordin\u00e1ria, gestores das m\u00e9dias e grandes cidades brasileiras externaram indigna\u00e7\u00e3o aos ataques criminosos que resultaram na [&hellip;]\" \/>\n<meta property=\"og:url\" content=\"https:\/\/ocoerente.com.br\/se\/2023\/01\/10\/presidida-por-edvaldo-fnp-emite-nota-de-repudio-contra-atos-terroristas-em-brasilia\/\" \/>\n<meta property=\"og:site_name\" content=\"O Coerente\" \/>\n<meta property=\"article:published_time\" content=\"2023-01-10T03:48:57+00:00\" \/>\n<meta property=\"article:modified_time\" content=\"2023-01-10T03:48:59+00:00\" \/>\n<meta property=\"og:image\" content=\"https:\/\/ocoerente.com.br\/se\/wp-content\/uploads\/2023\/01\/edvaldo-bras.jpg\" \/>\n\t<meta property=\"og:image:width\" content=\"1024\" \/>\n\t<meta property=\"og:image:height\" content=\"768\" \/>\n\t<meta property=\"og:image:type\" content=\"image\/jpeg\" \/>\n<meta name=\"author\" content=\"Reda\u00e7\u00e3o\" \/>\n<meta name=\"twitter:card\" content=\"summary_large_image\" \/>\n<meta name=\"twitter:label1\" content=\"Escrito por\" \/>\n\t<meta name=\"twitter:data1\" content=\"Reda\u00e7\u00e3o\" \/>\n\t<meta name=\"twitter:label2\" content=\"Est. tempo de leitura\" \/>\n\t<meta name=\"twitter:data2\" content=\"4 minutos\" \/>\n<script type=\"application\/ld+json\" class=\"yoast-schema-graph\">{\"@context\":\"https:\\\/\\\/schema.org\",\"@graph\":[{\"@type\":\"Article\",\"@id\":\"https:\\\/\\\/ocoerente.com.br\\\/se\\\/2023\\\/01\\\/10\\\/presidida-por-edvaldo-fnp-emite-nota-de-repudio-contra-atos-terroristas-em-brasilia\\\/#article\",\"isPartOf\":{\"@id\":\"https:\\\/\\\/ocoerente.com.br\\\/se\\\/2023\\\/01\\\/10\\\/presidida-por-edvaldo-fnp-emite-nota-de-repudio-contra-atos-terroristas-em-brasilia\\\/\"},\"author\":{\"name\":\"Reda\u00e7\u00e3o\",\"@id\":\"https:\\\/\\\/ocoerente.com.br\\\/se\\\/#\\\/schema\\\/person\\\/cc6bfd9fbca465e23543b0c963d8d037\"},\"headline\":\"Presidida por Edvaldo, FNP emite nota de rep\u00fadio contra atos terroristas em Bras\u00edlia\",\"datePublished\":\"2023-01-10T03:48:57+00:00\",\"dateModified\":\"2023-01-10T03:48:59+00:00\",\"mainEntityOfPage\":{\"@id\":\"https:\\\/\\\/ocoerente.com.br\\\/se\\\/2023\\\/01\\\/10\\\/presidida-por-edvaldo-fnp-emite-nota-de-repudio-contra-atos-terroristas-em-brasilia\\\/\"},\"wordCount\":780,\"publisher\":{\"@id\":\"https:\\\/\\\/ocoerente.com.br\\\/se\\\/#\\\/schema\\\/person\\\/cc6bfd9fbca465e23543b0c963d8d037\"},\"image\":{\"@id\":\"https:\\\/\\\/ocoerente.com.br\\\/se\\\/2023\\\/01\\\/10\\\/presidida-por-edvaldo-fnp-emite-nota-de-repudio-contra-atos-terroristas-em-brasilia\\\/#primaryimage\"},\"thumbnailUrl\":\"https:\\\/\\\/ocoerente.com.br\\\/se\\\/wp-content\\\/uploads\\\/2023\\\/01\\\/edvaldo-bras.jpg\",\"articleSection\":[\"Brasil\",\"Destaques\"],\"inLanguage\":\"pt-BR\"},{\"@type\":\"WebPage\",\"@id\":\"https:\\\/\\\/ocoerente.com.br\\\/se\\\/2023\\\/01\\\/10\\\/presidida-por-edvaldo-fnp-emite-nota-de-repudio-contra-atos-terroristas-em-brasilia\\\/\",\"url\":\"https:\\\/\\\/ocoerente.com.br\\\/se\\\/2023\\\/01\\\/10\\\/presidida-por-edvaldo-fnp-emite-nota-de-repudio-contra-atos-terroristas-em-brasilia\\\/\",\"name\":\"Presidida por Edvaldo, FNP emite nota de rep\u00fadio contra atos terroristas em Bras\u00edlia - O Coerente\",\"isPartOf\":{\"@id\":\"https:\\\/\\\/ocoerente.com.br\\\/se\\\/#website\"},\"primaryImageOfPage\":{\"@id\":\"https:\\\/\\\/ocoerente.com.br\\\/se\\\/2023\\\/01\\\/10\\\/presidida-por-edvaldo-fnp-emite-nota-de-repudio-contra-atos-terroristas-em-brasilia\\\/#primaryimage\"},\"image\":{\"@id\":\"https:\\\/\\\/ocoerente.com.br\\\/se\\\/2023\\\/01\\\/10\\\/presidida-por-edvaldo-fnp-emite-nota-de-repudio-contra-atos-terroristas-em-brasilia\\\/#primaryimage\"},\"thumbnailUrl\":\"https:\\\/\\\/ocoerente.com.br\\\/se\\\/wp-content\\\/uploads\\\/2023\\\/01\\\/edvaldo-bras.jpg\",\"datePublished\":\"2023-01-10T03:48:57+00:00\",\"dateModified\":\"2023-01-10T03:48:59+00:00\",\"breadcrumb\":{\"@id\":\"https:\\\/\\\/ocoerente.com.br\\\/se\\\/2023\\\/01\\\/10\\\/presidida-por-edvaldo-fnp-emite-nota-de-repudio-contra-atos-terroristas-em-brasilia\\\/#breadcrumb\"},\"inLanguage\":\"pt-BR\",\"potentialAction\":[{\"@type\":\"ReadAction\",\"target\":[\"https:\\\/\\\/ocoerente.com.br\\\/se\\\/2023\\\/01\\\/10\\\/presidida-por-edvaldo-fnp-emite-nota-de-repudio-contra-atos-terroristas-em-brasilia\\\/\"]}]},{\"@type\":\"ImageObject\",\"inLanguage\":\"pt-BR\",\"@id\":\"https:\\\/\\\/ocoerente.com.br\\\/se\\\/2023\\\/01\\\/10\\\/presidida-por-edvaldo-fnp-emite-nota-de-repudio-contra-atos-terroristas-em-brasilia\\\/#primaryimage\",\"url\":\"https:\\\/\\\/ocoerente.com.br\\\/se\\\/wp-content\\\/uploads\\\/2023\\\/01\\\/edvaldo-bras.jpg\",\"contentUrl\":\"https:\\\/\\\/ocoerente.com.br\\\/se\\\/wp-content\\\/uploads\\\/2023\\\/01\\\/edvaldo-bras.jpg\",\"width\":1024,\"height\":768,\"caption\":\"Fotos: Valter Lima\\\/PMA\"},{\"@type\":\"BreadcrumbList\",\"@id\":\"https:\\\/\\\/ocoerente.com.br\\\/se\\\/2023\\\/01\\\/10\\\/presidida-por-edvaldo-fnp-emite-nota-de-repudio-contra-atos-terroristas-em-brasilia\\\/#breadcrumb\",\"itemListElement\":[{\"@type\":\"ListItem\",\"position\":1,\"name\":\"In\u00edcio\",\"item\":\"https:\\\/\\\/ocoerente.com.br\\\/se\\\/\"},{\"@type\":\"ListItem\",\"position\":2,\"name\":\"Presidida por Edvaldo, FNP emite nota de rep\u00fadio contra atos terroristas em Bras\u00edlia\"}]},{\"@type\":\"WebSite\",\"@id\":\"https:\\\/\\\/ocoerente.com.br\\\/se\\\/#website\",\"url\":\"https:\\\/\\\/ocoerente.com.br\\\/se\\\/\",\"name\":\"O Coerente\",\"description\":\"\",\"publisher\":{\"@id\":\"https:\\\/\\\/ocoerente.com.br\\\/se\\\/#\\\/schema\\\/person\\\/cc6bfd9fbca465e23543b0c963d8d037\"},\"potentialAction\":[{\"@type\":\"SearchAction\",\"target\":{\"@type\":\"EntryPoint\",\"urlTemplate\":\"https:\\\/\\\/ocoerente.com.br\\\/se\\\/?s={search_term_string}\"},\"query-input\":{\"@type\":\"PropertyValueSpecification\",\"valueRequired\":true,\"valueName\":\"search_term_string\"}}],\"inLanguage\":\"pt-BR\"},{\"@type\":[\"Person\",\"Organization\"],\"@id\":\"https:\\\/\\\/ocoerente.com.br\\\/se\\\/#\\\/schema\\\/person\\\/cc6bfd9fbca465e23543b0c963d8d037\",\"name\":\"Reda\u00e7\u00e3o\",\"image\":{\"@type\":\"ImageObject\",\"inLanguage\":\"pt-BR\",\"@id\":\"https:\\\/\\\/ocoerente.com.br\\\/se\\\/wp-content\\\/uploads\\\/2020\\\/01\\\/ocoerente-1.png\",\"url\":\"https:\\\/\\\/ocoerente.com.br\\\/se\\\/wp-content\\\/uploads\\\/2020\\\/01\\\/ocoerente-1.png\",\"contentUrl\":\"https:\\\/\\\/ocoerente.com.br\\\/se\\\/wp-content\\\/uploads\\\/2020\\\/01\\\/ocoerente-1.png\",\"width\":50,\"height\":50,\"caption\":\"Reda\u00e7\u00e3o\"},\"logo\":{\"@id\":\"https:\\\/\\\/ocoerente.com.br\\\/se\\\/wp-content\\\/uploads\\\/2020\\\/01\\\/ocoerente-1.png\"},\"url\":\"https:\\\/\\\/ocoerente.com.br\\\/se\\\/author\\\/vasticlsales\\\/\"}]}<\/script>\n<!-- \/ Yoast SEO plugin. -->","yoast_head_json":{"title":"Presidida por Edvaldo, FNP emite nota de rep\u00fadio contra atos terroristas em Bras\u00edlia - O Coerente","robots":{"index":"index","follow":"follow","max-snippet":"max-snippet:-1","max-image-preview":"max-image-preview:large","max-video-preview":"max-video-preview:-1"},"canonical":"https:\/\/ocoerente.com.br\/se\/2023\/01\/10\/presidida-por-edvaldo-fnp-emite-nota-de-repudio-contra-atos-terroristas-em-brasilia\/","og_locale":"pt_BR","og_type":"article","og_title":"Presidida por Edvaldo, FNP emite nota de rep\u00fadio contra atos terroristas em Bras\u00edlia - O Coerente","og_description":"A Frente Nacional de Prefeitos (FNP), entidade da qual o prefeito Edvaldo Nogueira \u00e9 presidente, emitiu, nesta segunda-feira, 9, nota de rep\u00fadio aos atos antidemocr\u00e1ticos ocorridos em Bras\u00edlia, no \u00faltimo domingo, dia 8. No documento, redigido durante reuni\u00e3o virtual extraordin\u00e1ria, gestores das m\u00e9dias e grandes cidades brasileiras externaram indigna\u00e7\u00e3o aos ataques criminosos que resultaram na [&hellip;]","og_url":"https:\/\/ocoerente.com.br\/se\/2023\/01\/10\/presidida-por-edvaldo-fnp-emite-nota-de-repudio-contra-atos-terroristas-em-brasilia\/","og_site_name":"O Coerente","article_published_time":"2023-01-10T03:48:57+00:00","article_modified_time":"2023-01-10T03:48:59+00:00","og_image":[{"width":1024,"height":768,"url":"https:\/\/ocoerente.com.br\/se\/wp-content\/uploads\/2023\/01\/edvaldo-bras.jpg","type":"image\/jpeg"}],"author":"Reda\u00e7\u00e3o","twitter_card":"summary_large_image","twitter_misc":{"Escrito por":"Reda\u00e7\u00e3o","Est. tempo de leitura":"4 minutos"},"schema":{"@context":"https:\/\/schema.org","@graph":[{"@type":"Article","@id":"https:\/\/ocoerente.com.br\/se\/2023\/01\/10\/presidida-por-edvaldo-fnp-emite-nota-de-repudio-contra-atos-terroristas-em-brasilia\/#article","isPartOf":{"@id":"https:\/\/ocoerente.com.br\/se\/2023\/01\/10\/presidida-por-edvaldo-fnp-emite-nota-de-repudio-contra-atos-terroristas-em-brasilia\/"},"author":{"name":"Reda\u00e7\u00e3o","@id":"https:\/\/ocoerente.com.br\/se\/#\/schema\/person\/cc6bfd9fbca465e23543b0c963d8d037"},"headline":"Presidida por Edvaldo, FNP emite nota de rep\u00fadio contra atos terroristas em Bras\u00edlia","datePublished":"2023-01-10T03:48:57+00:00","dateModified":"2023-01-10T03:48:59+00:00","mainEntityOfPage":{"@id":"https:\/\/ocoerente.com.br\/se\/2023\/01\/10\/presidida-por-edvaldo-fnp-emite-nota-de-repudio-contra-atos-terroristas-em-brasilia\/"},"wordCount":780,"publisher":{"@id":"https:\/\/ocoerente.com.br\/se\/#\/schema\/person\/cc6bfd9fbca465e23543b0c963d8d037"},"image":{"@id":"https:\/\/ocoerente.com.br\/se\/2023\/01\/10\/presidida-por-edvaldo-fnp-emite-nota-de-repudio-contra-atos-terroristas-em-brasilia\/#primaryimage"},"thumbnailUrl":"https:\/\/ocoerente.com.br\/se\/wp-content\/uploads\/2023\/01\/edvaldo-bras.jpg","articleSection":["Brasil","Destaques"],"inLanguage":"pt-BR"},{"@type":"WebPage","@id":"https:\/\/ocoerente.com.br\/se\/2023\/01\/10\/presidida-por-edvaldo-fnp-emite-nota-de-repudio-contra-atos-terroristas-em-brasilia\/","url":"https:\/\/ocoerente.com.br\/se\/2023\/01\/10\/presidida-por-edvaldo-fnp-emite-nota-de-repudio-contra-atos-terroristas-em-brasilia\/","name":"Presidida por Edvaldo, FNP emite nota de rep\u00fadio contra atos terroristas em Bras\u00edlia - O Coerente","isPartOf":{"@id":"https:\/\/ocoerente.com.br\/se\/#website"},"primaryImageOfPage":{"@id":"https:\/\/ocoerente.com.br\/se\/2023\/01\/10\/presidida-por-edvaldo-fnp-emite-nota-de-repudio-contra-atos-terroristas-em-brasilia\/#primaryimage"},"image":{"@id":"https:\/\/ocoerente.com.br\/se\/2023\/01\/10\/presidida-por-edvaldo-fnp-emite-nota-de-repudio-contra-atos-terroristas-em-brasilia\/#primaryimage"},"thumbnailUrl":"https:\/\/ocoerente.com.br\/se\/wp-content\/uploads\/2023\/01\/edvaldo-bras.jpg","datePublished":"2023-01-10T03:48:57+00:00","dateModified":"2023-01-10T03:48:59+00:00","breadcrumb":{"@id":"https:\/\/ocoerente.com.br\/se\/2023\/01\/10\/presidida-por-edvaldo-fnp-emite-nota-de-repudio-contra-atos-terroristas-em-brasilia\/#breadcrumb"},"inLanguage":"pt-BR","potentialAction":[{"@type":"ReadAction","target":["https:\/\/ocoerente.com.br\/se\/2023\/01\/10\/presidida-por-edvaldo-fnp-emite-nota-de-repudio-contra-atos-terroristas-em-brasilia\/"]}]},{"@type":"ImageObject","inLanguage":"pt-BR","@id":"https:\/\/ocoerente.com.br\/se\/2023\/01\/10\/presidida-por-edvaldo-fnp-emite-nota-de-repudio-contra-atos-terroristas-em-brasilia\/#primaryimage","url":"https:\/\/ocoerente.com.br\/se\/wp-content\/uploads\/2023\/01\/edvaldo-bras.jpg","contentUrl":"https:\/\/ocoerente.com.br\/se\/wp-content\/uploads\/2023\/01\/edvaldo-bras.jpg","width":1024,"height":768,"caption":"Fotos: Valter Lima\/PMA"},{"@type":"BreadcrumbList","@id":"https:\/\/ocoerente.com.br\/se\/2023\/01\/10\/presidida-por-edvaldo-fnp-emite-nota-de-repudio-contra-atos-terroristas-em-brasilia\/#breadcrumb","itemListElement":[{"@type":"ListItem","position":1,"name":"In\u00edcio","item":"https:\/\/ocoerente.com.br\/se\/"},{"@type":"ListItem","position":2,"name":"Presidida por Edvaldo, FNP emite nota de rep\u00fadio contra atos terroristas em Bras\u00edlia"}]},{"@type":"WebSite","@id":"https:\/\/ocoerente.com.br\/se\/#website","url":"https:\/\/ocoerente.com.br\/se\/","name":"O Coerente","description":"","publisher":{"@id":"https:\/\/ocoerente.com.br\/se\/#\/schema\/person\/cc6bfd9fbca465e23543b0c963d8d037"},"potentialAction":[{"@type":"SearchAction","target":{"@type":"EntryPoint","urlTemplate":"https:\/\/ocoerente.com.br\/se\/?s={search_term_string}"},"query-input":{"@type":"PropertyValueSpecification","valueRequired":true,"valueName":"search_term_string"}}],"inLanguage":"pt-BR"},{"@type":["Person","Organization"],"@id":"https:\/\/ocoerente.com.br\/se\/#\/schema\/person\/cc6bfd9fbca465e23543b0c963d8d037","name":"Reda\u00e7\u00e3o","image":{"@type":"ImageObject","inLanguage":"pt-BR","@id":"https:\/\/ocoerente.com.br\/se\/wp-content\/uploads\/2020\/01\/ocoerente-1.png","url":"https:\/\/ocoerente.com.br\/se\/wp-content\/uploads\/2020\/01\/ocoerente-1.png","contentUrl":"https:\/\/ocoerente.com.br\/se\/wp-content\/uploads\/2020\/01\/ocoerente-1.png","width":50,"height":50,"caption":"Reda\u00e7\u00e3o"},"logo":{"@id":"https:\/\/ocoerente.com.br\/se\/wp-content\/uploads\/2020\/01\/ocoerente-1.png"},"url":"https:\/\/ocoerente.com.br\/se\/author\/vasticlsales\/"}]}},"_links":{"self":[{"href":"https:\/\/ocoerente.com.br\/se\/wp-json\/wp\/v2\/posts\/7307","targetHints":{"allow":["GET"]}}],"collection":[{"href":"https:\/\/ocoerente.com.br\/se\/wp-json\/wp\/v2\/posts"}],"about":[{"href":"https:\/\/ocoerente.com.br\/se\/wp-json\/wp\/v2\/types\/post"}],"author":[{"embeddable":true,"href":"https:\/\/ocoerente.com.br\/se\/wp-json\/wp\/v2\/users\/1"}],"replies":[{"embeddable":true,"href":"https:\/\/ocoerente.com.br\/se\/wp-json\/wp\/v2\/comments?post=7307"}],"version-history":[{"count":1,"href":"https:\/\/ocoerente.com.br\/se\/wp-json\/wp\/v2\/posts\/7307\/revisions"}],"predecessor-version":[{"id":7309,"href":"https:\/\/ocoerente.com.br\/se\/wp-json\/wp\/v2\/posts\/7307\/revisions\/7309"}],"wp:featuredmedia":[{"embeddable":true,"href":"https:\/\/ocoerente.com.br\/se\/wp-json\/wp\/v2\/media\/7308"}],"wp:attachment":[{"href":"https:\/\/ocoerente.com.br\/se\/wp-json\/wp\/v2\/media?parent=7307"}],"wp:term":[{"taxonomy":"category","embeddable":true,"href":"https:\/\/ocoerente.com.br\/se\/wp-json\/wp\/v2\/categories?post=7307"},{"taxonomy":"post_tag","embeddable":true,"href":"https:\/\/ocoerente.com.br\/se\/wp-json\/wp\/v2\/tags?post=7307"}],"curies":[{"name":"wp","href":"https:\/\/api.w.org\/{rel}","templated":true}]}}