{"id":7303,"date":"2023-01-05T01:26:15","date_gmt":"2023-01-05T04:26:15","guid":{"rendered":"https:\/\/ocoerente.com.br\/se\/?p=7303"},"modified":"2023-01-05T01:26:16","modified_gmt":"2023-01-05T04:26:16","slug":"prefeito-assina-contrato-com-instituicao-que-gerenciara-a-maternidade-municipal-lourdes-nogueira","status":"publish","type":"post","link":"https:\/\/ocoerente.com.br\/se\/2023\/01\/05\/prefeito-assina-contrato-com-instituicao-que-gerenciara-a-maternidade-municipal-lourdes-nogueira\/","title":{"rendered":"Prefeito assina contrato com institui\u00e7\u00e3o que gerenciar\u00e1 a maternidade municipal Lourdes Nogueira"},"content":{"rendered":"\n<p>A Prefeitura de Aracaju deu um importante passo, na manh\u00e3 desta quarta-feira, 4, para que a maternidade municipal Lourdes Nogueira, erguida no bairro 17 de Mar\u00e7o, zona Sul, entre em funcionamento. O prefeito Edvaldo Nogueira assinou o contrato com o Instituto Nacional de Tecnologia e Sa\u00fade (INTS), vencedor do chamamento p\u00fablico para administra\u00e7\u00e3o da unidade de sa\u00fade. Com a formaliza\u00e7\u00e3o do documento, a organiza\u00e7\u00e3o social ter\u00e1 o prazo de 60 dias para que o complexo materno-infantil inicie as suas atividades, ampliando os servi\u00e7os de sa\u00fade no munic\u00edpio e garantindo atendimento humanizado \u00e0s centenas de mulheres que desfrutar\u00e3o do espa\u00e7o. Fruto de um investimento superior a R$ 18 milh\u00f5es, a primeira maternidade p\u00fablica municipal de Aracaju ter\u00e1 capacidade para 500 partos, por m\u00eas.<\/p>\n\n\n\n<p>&#8220;Hoje \u00e9 um dia extremamente feliz. Estamos dando mais um passo para a concretiza\u00e7\u00e3o do sonho de colocar a nossa maternidade em pleno funcionamento. A partir de agora, a organiza\u00e7\u00e3o social ter\u00e1 60 dias para equipar a unidade, contratar pessoal e fazer todos os procedimentos para que, no m\u00eas de mar\u00e7o, a gente possa inaugurar a maternidade municipal Lourdes Nogueira, com o nascimento do primeiro aracajuano em um complexo materno-infantil, de fato e de direito, da capital. Portanto, \u00e9 uma grande emo\u00e7\u00e3o ver este espa\u00e7o, que recebe o nome da minha m\u00e3e, por indica\u00e7\u00e3o do vereador Ant\u00f4nio Bittencourt, erguido, com a certeza de que muito em breve estar\u00e1 em funcionamento&#8221;, destacou Edvaldo.<\/p>\n\n\n\n<p>O gestor ressaltou tamb\u00e9m que, ao adotar este modelo de administra\u00e7\u00e3o para a maternidade, a Prefeitura &#8220;se credencia como uma gest\u00e3o moderna, que busca formas inovadoras para oferecer servi\u00e7os, cada vez mais, qualificados \u00e0 popula\u00e7\u00e3o&#8221;, &#8220;Esta \u00e9 mais uma esp\u00e9cie de parceria p\u00fablico-privada que estamos formalizando em prol dos aracajuanos. Atrav\u00e9s de um processo de sele\u00e7\u00e3o s\u00e9rio, em que analisamos os perfis das empresas interessadas em gerir a nossa maternidade, conseguimos encontrar uma com bastante experi\u00eancia, com expertise em gerenciar hospitais de S\u00e3o Paulo e cidades do Nordeste, e que trabalhar\u00e1 com dignidade, transpar\u00eancia e \u00e9tica, o que \u00e9 muito positivo para n\u00f3s. \u00c9 um formato de contrata\u00e7\u00e3o inovador, em que a organiza\u00e7\u00e3o&nbsp; receber\u00e1 de acordo com a sua produtividade, evitando desperd\u00edcios, ent\u00e3o, temos a alegria de inaugurar a maternidade e inovar com este modelo de administra\u00e7\u00e3o do espa\u00e7o&#8221;, afirmou.<\/p>\n\n\n\n<p>O diretor-geral do Instituto Nacional de Tecnologia e Sa\u00fade, Alan Kertsman, informou que, com a maternidade municipal, ser\u00e3o gerados 426 empregos diretos em Aracaju, al\u00e9m do corpo m\u00e9dico. &#8220;Essas vagas ser\u00e3o disponibilizadas em um edital, que ficar\u00e1 \u00e0 disposi\u00e7\u00e3o no nosso site. Temos uma mec\u00e2nica de processo seletivo, com envio de documenta\u00e7\u00e3o pelo pr\u00f3prio site, e, a partir da\u00ed, realizamos uma din\u00e2mica de sele\u00e7\u00e3o em um processo seletivo. Tudo ser\u00e1 feito em tempo h\u00e1bil para que a maternidade entre em funcionamento dentro do prazo estabelecido. Nosso instituto&nbsp; \u00e9 de Salvador, mas temos uma grande atua\u00e7\u00e3o em S\u00e3o Paulo e em outros estados. Temos mais de 10 mil funcion\u00e1rios e muita experi\u00eancia com atendimento no SUS. Ent\u00e3o, nos empenharemos para fazer o melhor neste equipamento de primeira linha que foi erguido em Aracaju&#8221;, detalhou.<\/p>\n\n\n\n<p><strong>Gest\u00e3o<\/strong><\/p>\n\n\n\n<p>O contrato para gest\u00e3o da maternidade ter\u00e1 vig\u00eancia de 60 meses, podendo ser prorrogado por igual per\u00edodo. Quanto ao pagamento, o or\u00e7amento mensal contar\u00e1 com uma parte fixa e outra vari\u00e1vel, sendo a \u00faltima mediante avalia\u00e7\u00e3o dos indicadores de desempenho qualitativo e quantitativo da organiza\u00e7\u00e3o. O contrato estabelece que as atividades do complexo materno-infantil devem ser iniciadas 60 dias ap\u00f3s a formaliza\u00e7\u00e3o do documento, com 100% da capacidade operacional do servi\u00e7o.<\/p>\n\n\n\n<p>De acordo com a secret\u00e1ria municipal da Sa\u00fade, Waneska Barboza, ser\u00e1 institu\u00edda uma comiss\u00e3o fiscalizadora, que ser\u00e1 respons\u00e1vel por averiguar o andamento da presta\u00e7\u00e3o dos servi\u00e7os, com auditoria externa. Waneska explicou que haver\u00e1, tamb\u00e9m, o acompanhamento da secretaria, atrav\u00e9s da Diretoria de Vigil\u00e2ncia e Aten\u00e7\u00e3o \u00e0 Sa\u00fade (DVAS), da Rede de Urg\u00eancia e Emerg\u00eancia (REUE) e da Diretoria de Intelig\u00eancia em Sa\u00fade (DIS).<\/p>\n\n\n\n<p>&#8220;\u00c9 uma maternidade com um olhar diferenciado e que, de igual modo, temos trabalhado para que ofere\u00e7a um atendimento diferenciado para que, desde o primeiro momento, ela garanta o servi\u00e7o que idealizamos para as aracajuanas. \u00c9 a primeira vez na Sa\u00fade que teremos uma organiza\u00e7\u00e3o social administrando um equipamento, com toda a seguran\u00e7a e efici\u00eancia exigidas em contrato para&nbsp; que tenhamos a garantia de que ser\u00e1 uma maternidade com trabalho efetivo, de qualidade e de excel\u00eancia para as mulheres de Aracaju.O processo de concorr\u00eancia&nbsp; foi realizado com muita transpar\u00eancia, onde nove empresas se habilitaram e destas, quatro entregaram as propostas. O principal peso para a contrata\u00e7\u00e3o foi a t\u00e9cnica e, ap\u00f3s an\u00e1lise e comprova\u00e7\u00e3o dos crit\u00e9rios, anunciamos a empresa vencedora&#8221;, frisou Waneska.<\/p>\n\n\n\n<p><strong>Estrutura f\u00edsica<\/strong><\/p>\n\n\n\n<p>A maternidade municipal Lourdes Nogueira ocupa uma \u00e1rea superior a 76 mil metros quadrados e conta com: sala de atendimento; sala de admiss\u00e3o; sala de observa\u00e7\u00e3o; sala de estabiliza\u00e7\u00e3o; 51 leitos obst\u00e9tricos (alojamento conjunto); sala de cuidados intermedi\u00e1rios para gestantes; 10 leitos de Unidade de Tratamento Intensivo Neonatal (Utin); 10 leitos de Unidade de Cuidados Intermedi\u00e1rios Neonatais Canguru (Ucin); 5 leitos de Unidade de Cuidados Intermedi\u00e1rios Neonatais Canguru (Ucinca); 2 salas de centro obst\u00e9trico para cirurgia; 1 sala para esvaziamento uterino (amiu); 8 quartos PPP Centro de Parto Normal (CPN); banco de leite; banco de sangue; cart\u00f3rio; servi\u00e7o social; central de esteriliza\u00e7\u00e3o de material (cme); unidade de nutri\u00e7\u00e3o e diet\u00e9tica lact\u00e1rio; farm\u00e1cia hospitalar central; e necrot\u00e9rio.<\/p>\n\n\n\n<p><strong>Servi\u00e7os<\/strong><\/p>\n\n\n\n<p>Para garantir um atendimento qualificado \u00e0s aracajuanas, a maternidade disponibiliza diversos servi\u00e7os. Entre eles est\u00e3o atendimento de urg\u00eancia e emerg\u00eancia obst\u00e9trica e neonatal, atendimento de urg\u00eancia com observa\u00e7\u00e3o de at\u00e9 24 horas, consulta com profissionais de n\u00edvel superior na Aten\u00e7\u00e3o Especializada, diagn\u00f3stico por teste r\u00e1pido, exames de patologia cl\u00ednica, exames radiol\u00f3gicos, ultrassonografia obst\u00e9trica, ultrassonografia com doppler, eletrocardiograma e tococardiografia ante-parto. A popula\u00e7\u00e3o tamb\u00e9m ter\u00e1 acesso ao servi\u00e7o de Refer\u00eancia em Gesta\u00e7\u00e3o de Risco Habitual &#8211; tipo 1, centro de parto normal, ambulat\u00f3rio, apoio diagn\u00f3stico terap\u00eautico, e atendimento \u00e0s pacientes v\u00edtimas de viol\u00eancia.<\/p>\n\n\n\n<p>Acompanharam a solenidade a primeira-dama Danusa Silva, a senadora Maria do Carmo, o deputado estadual Garibalde Mendon\u00e7a, os secret\u00e1rios de Estado de Sa\u00fade, Walter Pinheiro, e de Desenvolvimento e Infraestrutura, Luiz Roberto Dantas, o presidente da C\u00e2mara Municipal de Aracaju, vereador Ricardo Vasconcelos, al\u00e9m de outros vereadores, secret\u00e1rios municipais e profissionais da Sa\u00fade de Aracaju.<\/p>\n","protected":false},"excerpt":{"rendered":"<p>A Prefeitura de Aracaju deu um importante passo, na manh\u00e3 desta quarta-feira, 4, para que a maternidade municipal Lourdes Nogueira, erguida no bairro 17 de Mar\u00e7o, zona Sul, entre em funcionamento. O prefeito Edvaldo Nogueira assinou o contrato com o Instituto Nacional de Tecnologia e Sa\u00fade (INTS), vencedor do chamamento p\u00fablico para administra\u00e7\u00e3o da unidade [&hellip;]<\/p>\n","protected":false},"author":1,"featured_media":7304,"comment_status":"closed","ping_status":"closed","sticky":false,"template":"","format":"standard","meta":{"footnotes":""},"categories":[53,43],"tags":[],"class_list":["post-7303","post","type-post","status-publish","format-standard","has-post-thumbnail","hentry","category-destaques","category-sergipe"],"yoast_head":"<!-- This site is optimized with the Yoast SEO plugin v27.4 - https:\/\/yoast.com\/product\/yoast-seo-wordpress\/ -->\n<title>Prefeito assina contrato com institui\u00e7\u00e3o que gerenciar\u00e1 a maternidade municipal Lourdes Nogueira - O Coerente<\/title>\n<meta name=\"robots\" content=\"index, follow, max-snippet:-1, max-image-preview:large, max-video-preview:-1\" \/>\n<link rel=\"canonical\" href=\"https:\/\/ocoerente.com.br\/se\/2023\/01\/05\/prefeito-assina-contrato-com-instituicao-que-gerenciara-a-maternidade-municipal-lourdes-nogueira\/\" \/>\n<meta property=\"og:locale\" content=\"pt_BR\" \/>\n<meta property=\"og:type\" content=\"article\" \/>\n<meta property=\"og:title\" content=\"Prefeito assina contrato com institui\u00e7\u00e3o que gerenciar\u00e1 a maternidade municipal Lourdes Nogueira - O Coerente\" \/>\n<meta property=\"og:description\" content=\"A Prefeitura de Aracaju deu um importante passo, na manh\u00e3 desta quarta-feira, 4, para que a maternidade municipal Lourdes Nogueira, erguida no bairro 17 de Mar\u00e7o, zona Sul, entre em funcionamento. O prefeito Edvaldo Nogueira assinou o contrato com o Instituto Nacional de Tecnologia e Sa\u00fade (INTS), vencedor do chamamento p\u00fablico para administra\u00e7\u00e3o da unidade [&hellip;]\" \/>\n<meta property=\"og:url\" content=\"https:\/\/ocoerente.com.br\/se\/2023\/01\/05\/prefeito-assina-contrato-com-instituicao-que-gerenciara-a-maternidade-municipal-lourdes-nogueira\/\" \/>\n<meta property=\"og:site_name\" content=\"O Coerente\" \/>\n<meta property=\"article:published_time\" content=\"2023-01-05T04:26:15+00:00\" \/>\n<meta property=\"article:modified_time\" content=\"2023-01-05T04:26:16+00:00\" \/>\n<meta property=\"og:image\" content=\"https:\/\/ocoerente.com.br\/se\/wp-content\/uploads\/2023\/01\/FotoAnaPMA.jpg\" \/>\n\t<meta property=\"og:image:width\" content=\"1024\" \/>\n\t<meta property=\"og:image:height\" content=\"665\" \/>\n\t<meta property=\"og:image:type\" content=\"image\/jpeg\" \/>\n<meta name=\"author\" content=\"Reda\u00e7\u00e3o\" \/>\n<meta name=\"twitter:card\" content=\"summary_large_image\" \/>\n<meta name=\"twitter:label1\" content=\"Escrito por\" \/>\n\t<meta name=\"twitter:data1\" content=\"Reda\u00e7\u00e3o\" \/>\n\t<meta name=\"twitter:label2\" content=\"Est. tempo de leitura\" \/>\n\t<meta name=\"twitter:data2\" content=\"6 minutos\" \/>\n<script type=\"application\/ld+json\" class=\"yoast-schema-graph\">{\"@context\":\"https:\\\/\\\/schema.org\",\"@graph\":[{\"@type\":\"Article\",\"@id\":\"https:\\\/\\\/ocoerente.com.br\\\/se\\\/2023\\\/01\\\/05\\\/prefeito-assina-contrato-com-instituicao-que-gerenciara-a-maternidade-municipal-lourdes-nogueira\\\/#article\",\"isPartOf\":{\"@id\":\"https:\\\/\\\/ocoerente.com.br\\\/se\\\/2023\\\/01\\\/05\\\/prefeito-assina-contrato-com-instituicao-que-gerenciara-a-maternidade-municipal-lourdes-nogueira\\\/\"},\"author\":{\"name\":\"Reda\u00e7\u00e3o\",\"@id\":\"https:\\\/\\\/ocoerente.com.br\\\/se\\\/#\\\/schema\\\/person\\\/cc6bfd9fbca465e23543b0c963d8d037\"},\"headline\":\"Prefeito assina contrato com institui\u00e7\u00e3o que gerenciar\u00e1 a maternidade municipal Lourdes Nogueira\",\"datePublished\":\"2023-01-05T04:26:15+00:00\",\"dateModified\":\"2023-01-05T04:26:16+00:00\",\"mainEntityOfPage\":{\"@id\":\"https:\\\/\\\/ocoerente.com.br\\\/se\\\/2023\\\/01\\\/05\\\/prefeito-assina-contrato-com-instituicao-que-gerenciara-a-maternidade-municipal-lourdes-nogueira\\\/\"},\"wordCount\":1168,\"publisher\":{\"@id\":\"https:\\\/\\\/ocoerente.com.br\\\/se\\\/#\\\/schema\\\/person\\\/cc6bfd9fbca465e23543b0c963d8d037\"},\"image\":{\"@id\":\"https:\\\/\\\/ocoerente.com.br\\\/se\\\/2023\\\/01\\\/05\\\/prefeito-assina-contrato-com-instituicao-que-gerenciara-a-maternidade-municipal-lourdes-nogueira\\\/#primaryimage\"},\"thumbnailUrl\":\"https:\\\/\\\/ocoerente.com.br\\\/se\\\/wp-content\\\/uploads\\\/2023\\\/01\\\/FotoAnaPMA.jpg\",\"articleSection\":[\"Destaques\",\"Sergipe\"],\"inLanguage\":\"pt-BR\"},{\"@type\":\"WebPage\",\"@id\":\"https:\\\/\\\/ocoerente.com.br\\\/se\\\/2023\\\/01\\\/05\\\/prefeito-assina-contrato-com-instituicao-que-gerenciara-a-maternidade-municipal-lourdes-nogueira\\\/\",\"url\":\"https:\\\/\\\/ocoerente.com.br\\\/se\\\/2023\\\/01\\\/05\\\/prefeito-assina-contrato-com-instituicao-que-gerenciara-a-maternidade-municipal-lourdes-nogueira\\\/\",\"name\":\"Prefeito assina contrato com institui\u00e7\u00e3o que gerenciar\u00e1 a maternidade municipal Lourdes Nogueira - O Coerente\",\"isPartOf\":{\"@id\":\"https:\\\/\\\/ocoerente.com.br\\\/se\\\/#website\"},\"primaryImageOfPage\":{\"@id\":\"https:\\\/\\\/ocoerente.com.br\\\/se\\\/2023\\\/01\\\/05\\\/prefeito-assina-contrato-com-instituicao-que-gerenciara-a-maternidade-municipal-lourdes-nogueira\\\/#primaryimage\"},\"image\":{\"@id\":\"https:\\\/\\\/ocoerente.com.br\\\/se\\\/2023\\\/01\\\/05\\\/prefeito-assina-contrato-com-instituicao-que-gerenciara-a-maternidade-municipal-lourdes-nogueira\\\/#primaryimage\"},\"thumbnailUrl\":\"https:\\\/\\\/ocoerente.com.br\\\/se\\\/wp-content\\\/uploads\\\/2023\\\/01\\\/FotoAnaPMA.jpg\",\"datePublished\":\"2023-01-05T04:26:15+00:00\",\"dateModified\":\"2023-01-05T04:26:16+00:00\",\"breadcrumb\":{\"@id\":\"https:\\\/\\\/ocoerente.com.br\\\/se\\\/2023\\\/01\\\/05\\\/prefeito-assina-contrato-com-instituicao-que-gerenciara-a-maternidade-municipal-lourdes-nogueira\\\/#breadcrumb\"},\"inLanguage\":\"pt-BR\",\"potentialAction\":[{\"@type\":\"ReadAction\",\"target\":[\"https:\\\/\\\/ocoerente.com.br\\\/se\\\/2023\\\/01\\\/05\\\/prefeito-assina-contrato-com-instituicao-que-gerenciara-a-maternidade-municipal-lourdes-nogueira\\\/\"]}]},{\"@type\":\"ImageObject\",\"inLanguage\":\"pt-BR\",\"@id\":\"https:\\\/\\\/ocoerente.com.br\\\/se\\\/2023\\\/01\\\/05\\\/prefeito-assina-contrato-com-instituicao-que-gerenciara-a-maternidade-municipal-lourdes-nogueira\\\/#primaryimage\",\"url\":\"https:\\\/\\\/ocoerente.com.br\\\/se\\\/wp-content\\\/uploads\\\/2023\\\/01\\\/FotoAnaPMA.jpg\",\"contentUrl\":\"https:\\\/\\\/ocoerente.com.br\\\/se\\\/wp-content\\\/uploads\\\/2023\\\/01\\\/FotoAnaPMA.jpg\",\"width\":1024,\"height\":665,\"caption\":\"Fotos: Ana L\u00edcia Menezes\\\/PMA\"},{\"@type\":\"BreadcrumbList\",\"@id\":\"https:\\\/\\\/ocoerente.com.br\\\/se\\\/2023\\\/01\\\/05\\\/prefeito-assina-contrato-com-instituicao-que-gerenciara-a-maternidade-municipal-lourdes-nogueira\\\/#breadcrumb\",\"itemListElement\":[{\"@type\":\"ListItem\",\"position\":1,\"name\":\"In\u00edcio\",\"item\":\"https:\\\/\\\/ocoerente.com.br\\\/se\\\/\"},{\"@type\":\"ListItem\",\"position\":2,\"name\":\"Prefeito assina contrato com institui\u00e7\u00e3o que gerenciar\u00e1 a maternidade municipal Lourdes Nogueira\"}]},{\"@type\":\"WebSite\",\"@id\":\"https:\\\/\\\/ocoerente.com.br\\\/se\\\/#website\",\"url\":\"https:\\\/\\\/ocoerente.com.br\\\/se\\\/\",\"name\":\"O Coerente\",\"description\":\"\",\"publisher\":{\"@id\":\"https:\\\/\\\/ocoerente.com.br\\\/se\\\/#\\\/schema\\\/person\\\/cc6bfd9fbca465e23543b0c963d8d037\"},\"potentialAction\":[{\"@type\":\"SearchAction\",\"target\":{\"@type\":\"EntryPoint\",\"urlTemplate\":\"https:\\\/\\\/ocoerente.com.br\\\/se\\\/?s={search_term_string}\"},\"query-input\":{\"@type\":\"PropertyValueSpecification\",\"valueRequired\":true,\"valueName\":\"search_term_string\"}}],\"inLanguage\":\"pt-BR\"},{\"@type\":[\"Person\",\"Organization\"],\"@id\":\"https:\\\/\\\/ocoerente.com.br\\\/se\\\/#\\\/schema\\\/person\\\/cc6bfd9fbca465e23543b0c963d8d037\",\"name\":\"Reda\u00e7\u00e3o\",\"image\":{\"@type\":\"ImageObject\",\"inLanguage\":\"pt-BR\",\"@id\":\"https:\\\/\\\/ocoerente.com.br\\\/se\\\/wp-content\\\/uploads\\\/2020\\\/01\\\/ocoerente-1.png\",\"url\":\"https:\\\/\\\/ocoerente.com.br\\\/se\\\/wp-content\\\/uploads\\\/2020\\\/01\\\/ocoerente-1.png\",\"contentUrl\":\"https:\\\/\\\/ocoerente.com.br\\\/se\\\/wp-content\\\/uploads\\\/2020\\\/01\\\/ocoerente-1.png\",\"width\":50,\"height\":50,\"caption\":\"Reda\u00e7\u00e3o\"},\"logo\":{\"@id\":\"https:\\\/\\\/ocoerente.com.br\\\/se\\\/wp-content\\\/uploads\\\/2020\\\/01\\\/ocoerente-1.png\"},\"url\":\"https:\\\/\\\/ocoerente.com.br\\\/se\\\/author\\\/vasticlsales\\\/\"}]}<\/script>\n<!-- \/ Yoast SEO plugin. -->","yoast_head_json":{"title":"Prefeito assina contrato com institui\u00e7\u00e3o que gerenciar\u00e1 a maternidade municipal Lourdes Nogueira - O Coerente","robots":{"index":"index","follow":"follow","max-snippet":"max-snippet:-1","max-image-preview":"max-image-preview:large","max-video-preview":"max-video-preview:-1"},"canonical":"https:\/\/ocoerente.com.br\/se\/2023\/01\/05\/prefeito-assina-contrato-com-instituicao-que-gerenciara-a-maternidade-municipal-lourdes-nogueira\/","og_locale":"pt_BR","og_type":"article","og_title":"Prefeito assina contrato com institui\u00e7\u00e3o que gerenciar\u00e1 a maternidade municipal Lourdes Nogueira - O Coerente","og_description":"A Prefeitura de Aracaju deu um importante passo, na manh\u00e3 desta quarta-feira, 4, para que a maternidade municipal Lourdes Nogueira, erguida no bairro 17 de Mar\u00e7o, zona Sul, entre em funcionamento. O prefeito Edvaldo Nogueira assinou o contrato com o Instituto Nacional de Tecnologia e Sa\u00fade (INTS), vencedor do chamamento p\u00fablico para administra\u00e7\u00e3o da unidade [&hellip;]","og_url":"https:\/\/ocoerente.com.br\/se\/2023\/01\/05\/prefeito-assina-contrato-com-instituicao-que-gerenciara-a-maternidade-municipal-lourdes-nogueira\/","og_site_name":"O Coerente","article_published_time":"2023-01-05T04:26:15+00:00","article_modified_time":"2023-01-05T04:26:16+00:00","og_image":[{"width":1024,"height":665,"url":"https:\/\/ocoerente.com.br\/se\/wp-content\/uploads\/2023\/01\/FotoAnaPMA.jpg","type":"image\/jpeg"}],"author":"Reda\u00e7\u00e3o","twitter_card":"summary_large_image","twitter_misc":{"Escrito por":"Reda\u00e7\u00e3o","Est. tempo de leitura":"6 minutos"},"schema":{"@context":"https:\/\/schema.org","@graph":[{"@type":"Article","@id":"https:\/\/ocoerente.com.br\/se\/2023\/01\/05\/prefeito-assina-contrato-com-instituicao-que-gerenciara-a-maternidade-municipal-lourdes-nogueira\/#article","isPartOf":{"@id":"https:\/\/ocoerente.com.br\/se\/2023\/01\/05\/prefeito-assina-contrato-com-instituicao-que-gerenciara-a-maternidade-municipal-lourdes-nogueira\/"},"author":{"name":"Reda\u00e7\u00e3o","@id":"https:\/\/ocoerente.com.br\/se\/#\/schema\/person\/cc6bfd9fbca465e23543b0c963d8d037"},"headline":"Prefeito assina contrato com institui\u00e7\u00e3o que gerenciar\u00e1 a maternidade municipal Lourdes Nogueira","datePublished":"2023-01-05T04:26:15+00:00","dateModified":"2023-01-05T04:26:16+00:00","mainEntityOfPage":{"@id":"https:\/\/ocoerente.com.br\/se\/2023\/01\/05\/prefeito-assina-contrato-com-instituicao-que-gerenciara-a-maternidade-municipal-lourdes-nogueira\/"},"wordCount":1168,"publisher":{"@id":"https:\/\/ocoerente.com.br\/se\/#\/schema\/person\/cc6bfd9fbca465e23543b0c963d8d037"},"image":{"@id":"https:\/\/ocoerente.com.br\/se\/2023\/01\/05\/prefeito-assina-contrato-com-instituicao-que-gerenciara-a-maternidade-municipal-lourdes-nogueira\/#primaryimage"},"thumbnailUrl":"https:\/\/ocoerente.com.br\/se\/wp-content\/uploads\/2023\/01\/FotoAnaPMA.jpg","articleSection":["Destaques","Sergipe"],"inLanguage":"pt-BR"},{"@type":"WebPage","@id":"https:\/\/ocoerente.com.br\/se\/2023\/01\/05\/prefeito-assina-contrato-com-instituicao-que-gerenciara-a-maternidade-municipal-lourdes-nogueira\/","url":"https:\/\/ocoerente.com.br\/se\/2023\/01\/05\/prefeito-assina-contrato-com-instituicao-que-gerenciara-a-maternidade-municipal-lourdes-nogueira\/","name":"Prefeito assina contrato com institui\u00e7\u00e3o que gerenciar\u00e1 a maternidade municipal Lourdes Nogueira - O Coerente","isPartOf":{"@id":"https:\/\/ocoerente.com.br\/se\/#website"},"primaryImageOfPage":{"@id":"https:\/\/ocoerente.com.br\/se\/2023\/01\/05\/prefeito-assina-contrato-com-instituicao-que-gerenciara-a-maternidade-municipal-lourdes-nogueira\/#primaryimage"},"image":{"@id":"https:\/\/ocoerente.com.br\/se\/2023\/01\/05\/prefeito-assina-contrato-com-instituicao-que-gerenciara-a-maternidade-municipal-lourdes-nogueira\/#primaryimage"},"thumbnailUrl":"https:\/\/ocoerente.com.br\/se\/wp-content\/uploads\/2023\/01\/FotoAnaPMA.jpg","datePublished":"2023-01-05T04:26:15+00:00","dateModified":"2023-01-05T04:26:16+00:00","breadcrumb":{"@id":"https:\/\/ocoerente.com.br\/se\/2023\/01\/05\/prefeito-assina-contrato-com-instituicao-que-gerenciara-a-maternidade-municipal-lourdes-nogueira\/#breadcrumb"},"inLanguage":"pt-BR","potentialAction":[{"@type":"ReadAction","target":["https:\/\/ocoerente.com.br\/se\/2023\/01\/05\/prefeito-assina-contrato-com-instituicao-que-gerenciara-a-maternidade-municipal-lourdes-nogueira\/"]}]},{"@type":"ImageObject","inLanguage":"pt-BR","@id":"https:\/\/ocoerente.com.br\/se\/2023\/01\/05\/prefeito-assina-contrato-com-instituicao-que-gerenciara-a-maternidade-municipal-lourdes-nogueira\/#primaryimage","url":"https:\/\/ocoerente.com.br\/se\/wp-content\/uploads\/2023\/01\/FotoAnaPMA.jpg","contentUrl":"https:\/\/ocoerente.com.br\/se\/wp-content\/uploads\/2023\/01\/FotoAnaPMA.jpg","width":1024,"height":665,"caption":"Fotos: Ana L\u00edcia Menezes\/PMA"},{"@type":"BreadcrumbList","@id":"https:\/\/ocoerente.com.br\/se\/2023\/01\/05\/prefeito-assina-contrato-com-instituicao-que-gerenciara-a-maternidade-municipal-lourdes-nogueira\/#breadcrumb","itemListElement":[{"@type":"ListItem","position":1,"name":"In\u00edcio","item":"https:\/\/ocoerente.com.br\/se\/"},{"@type":"ListItem","position":2,"name":"Prefeito assina contrato com institui\u00e7\u00e3o que gerenciar\u00e1 a maternidade municipal Lourdes Nogueira"}]},{"@type":"WebSite","@id":"https:\/\/ocoerente.com.br\/se\/#website","url":"https:\/\/ocoerente.com.br\/se\/","name":"O Coerente","description":"","publisher":{"@id":"https:\/\/ocoerente.com.br\/se\/#\/schema\/person\/cc6bfd9fbca465e23543b0c963d8d037"},"potentialAction":[{"@type":"SearchAction","target":{"@type":"EntryPoint","urlTemplate":"https:\/\/ocoerente.com.br\/se\/?s={search_term_string}"},"query-input":{"@type":"PropertyValueSpecification","valueRequired":true,"valueName":"search_term_string"}}],"inLanguage":"pt-BR"},{"@type":["Person","Organization"],"@id":"https:\/\/ocoerente.com.br\/se\/#\/schema\/person\/cc6bfd9fbca465e23543b0c963d8d037","name":"Reda\u00e7\u00e3o","image":{"@type":"ImageObject","inLanguage":"pt-BR","@id":"https:\/\/ocoerente.com.br\/se\/wp-content\/uploads\/2020\/01\/ocoerente-1.png","url":"https:\/\/ocoerente.com.br\/se\/wp-content\/uploads\/2020\/01\/ocoerente-1.png","contentUrl":"https:\/\/ocoerente.com.br\/se\/wp-content\/uploads\/2020\/01\/ocoerente-1.png","width":50,"height":50,"caption":"Reda\u00e7\u00e3o"},"logo":{"@id":"https:\/\/ocoerente.com.br\/se\/wp-content\/uploads\/2020\/01\/ocoerente-1.png"},"url":"https:\/\/ocoerente.com.br\/se\/author\/vasticlsales\/"}]}},"_links":{"self":[{"href":"https:\/\/ocoerente.com.br\/se\/wp-json\/wp\/v2\/posts\/7303","targetHints":{"allow":["GET"]}}],"collection":[{"href":"https:\/\/ocoerente.com.br\/se\/wp-json\/wp\/v2\/posts"}],"about":[{"href":"https:\/\/ocoerente.com.br\/se\/wp-json\/wp\/v2\/types\/post"}],"author":[{"embeddable":true,"href":"https:\/\/ocoerente.com.br\/se\/wp-json\/wp\/v2\/users\/1"}],"replies":[{"embeddable":true,"href":"https:\/\/ocoerente.com.br\/se\/wp-json\/wp\/v2\/comments?post=7303"}],"version-history":[{"count":1,"href":"https:\/\/ocoerente.com.br\/se\/wp-json\/wp\/v2\/posts\/7303\/revisions"}],"predecessor-version":[{"id":7305,"href":"https:\/\/ocoerente.com.br\/se\/wp-json\/wp\/v2\/posts\/7303\/revisions\/7305"}],"wp:featuredmedia":[{"embeddable":true,"href":"https:\/\/ocoerente.com.br\/se\/wp-json\/wp\/v2\/media\/7304"}],"wp:attachment":[{"href":"https:\/\/ocoerente.com.br\/se\/wp-json\/wp\/v2\/media?parent=7303"}],"wp:term":[{"taxonomy":"category","embeddable":true,"href":"https:\/\/ocoerente.com.br\/se\/wp-json\/wp\/v2\/categories?post=7303"},{"taxonomy":"post_tag","embeddable":true,"href":"https:\/\/ocoerente.com.br\/se\/wp-json\/wp\/v2\/tags?post=7303"}],"curies":[{"name":"wp","href":"https:\/\/api.w.org\/{rel}","templated":true}]}}