{"id":7300,"date":"2023-01-05T01:24:25","date_gmt":"2023-01-05T04:24:25","guid":{"rendered":"https:\/\/ocoerente.com.br\/se\/?p=7300"},"modified":"2023-01-05T01:24:27","modified_gmt":"2023-01-05T04:24:27","slug":"fabio-agradece-a-universal-e-a-eduardo-lima-pelo-apoio-nas-eleicoes-2022","status":"publish","type":"post","link":"https:\/\/ocoerente.com.br\/se\/2023\/01\/05\/fabio-agradece-a-universal-e-a-eduardo-lima-pelo-apoio-nas-eleicoes-2022\/","title":{"rendered":"F\u00e1bio agradece \u00e0 Universal e a Eduardo Lima pelo apoio nas elei\u00e7\u00f5es 2022"},"content":{"rendered":"\n<p>\u201cFiquei f\u00e3, j\u00e1 era amigo, e agora sou f\u00e3 do trabalho do pastor Eduardo\u201d, destacou F\u00e1bio.<\/p>\n\n\n\n<p>O governador F\u00e1bio Mitidieri (PSD) agradeceu \u00e0 Igreja Universal do Reino de Deus e ao vereador Eduardo Lima (Republicanos), pelo apoio \u00e0 sua campanha ao Pal\u00e1cio Governador Augusto Franco, em 2022. A declara\u00e7\u00e3o foi feita durante uma entrevista, em um evento intitulado \u201cCulto de Agradecimento\u201d, realizado na noite da \u00faltima sexta-feira, dia 30, na Pra\u00e7a Fausto Cardoso, em Aracaju.<\/p>\n\n\n\n<p>\u201cA Igreja Universal se somou desde o in\u00edcio da nossa caminhada, desde o in\u00edcio esteve ao nosso lado ajudando, aben\u00e7oando e levando a palavra. Mostrando aos sergipanos a import\u00e2ncia de ter um governador jovem, com a mente aberta, preparado e amigo da fam\u00edlia crist\u00e3\u201d, disse o governador.<\/p>\n\n\n\n<p>Sobre o vereador Eduardo Lima, F\u00e1bio destacou o trabalho social exercido pelo parlamentar nas periferias de Aracaju.<\/p>\n\n\n\n<p>\u201cO pastor Eduardo (Lima) tem um trabalho maravilhoso, estive com ele no (bairro) Santa Maria, caminhando com ele em um evento solid\u00e1rio que ele faz. Foi muito bonito, a alegria, as crian\u00e7as e as m\u00e3es\u2026 Fiquei f\u00e3, j\u00e1 era amigo e agora sou f\u00e3 do trabalho do pastor Eduardo\u201d, destacou F\u00e1bio.<\/p>\n\n\n\n<p>Na ocasi\u00e3o, F\u00e1bio lembrou de uma a\u00e7\u00e3o social realizada por Eduardo Lima para comemorar o Dia das Crian\u00e7as, no bairro Santa Maria, onde esteve, ap\u00f3s receber o convite do parlamentar, durante o 2\u00b0 turno das elei\u00e7\u00f5es de 2022.<\/p>\n\n\n\n<p>Por Leonardo Teles<br>Foto: Naldo Santos<\/p>\n","protected":false},"excerpt":{"rendered":"<p>\u201cFiquei f\u00e3, j\u00e1 era amigo, e agora sou f\u00e3 do trabalho do pastor Eduardo\u201d, destacou F\u00e1bio. O governador F\u00e1bio Mitidieri (PSD) agradeceu \u00e0 Igreja Universal do Reino de Deus e ao vereador Eduardo Lima (Republicanos), pelo apoio \u00e0 sua campanha ao Pal\u00e1cio Governador Augusto Franco, em 2022. A declara\u00e7\u00e3o foi feita durante uma entrevista, em [&hellip;]<\/p>\n","protected":false},"author":1,"featured_media":7301,"comment_status":"closed","ping_status":"closed","sticky":false,"template":"","format":"standard","meta":{"footnotes":""},"categories":[53,44],"tags":[],"class_list":["post-7300","post","type-post","status-publish","format-standard","has-post-thumbnail","hentry","category-destaques","category-politica"],"yoast_head":"<!-- This site is optimized with the Yoast SEO plugin v27.4 - https:\/\/yoast.com\/product\/yoast-seo-wordpress\/ -->\n<title>F\u00e1bio agradece \u00e0 Universal e a Eduardo Lima pelo apoio nas elei\u00e7\u00f5es 2022 - O Coerente<\/title>\n<meta name=\"robots\" content=\"index, follow, max-snippet:-1, max-image-preview:large, max-video-preview:-1\" \/>\n<link rel=\"canonical\" href=\"https:\/\/ocoerente.com.br\/se\/2023\/01\/05\/fabio-agradece-a-universal-e-a-eduardo-lima-pelo-apoio-nas-eleicoes-2022\/\" \/>\n<meta property=\"og:locale\" content=\"pt_BR\" \/>\n<meta property=\"og:type\" content=\"article\" \/>\n<meta property=\"og:title\" content=\"F\u00e1bio agradece \u00e0 Universal e a Eduardo Lima pelo apoio nas elei\u00e7\u00f5es 2022 - O Coerente\" \/>\n<meta property=\"og:description\" content=\"\u201cFiquei f\u00e3, j\u00e1 era amigo, e agora sou f\u00e3 do trabalho do pastor Eduardo\u201d, destacou F\u00e1bio. O governador F\u00e1bio Mitidieri (PSD) agradeceu \u00e0 Igreja Universal do Reino de Deus e ao vereador Eduardo Lima (Republicanos), pelo apoio \u00e0 sua campanha ao Pal\u00e1cio Governador Augusto Franco, em 2022. A declara\u00e7\u00e3o foi feita durante uma entrevista, em [&hellip;]\" \/>\n<meta property=\"og:url\" content=\"https:\/\/ocoerente.com.br\/se\/2023\/01\/05\/fabio-agradece-a-universal-e-a-eduardo-lima-pelo-apoio-nas-eleicoes-2022\/\" \/>\n<meta property=\"og:site_name\" content=\"O Coerente\" \/>\n<meta property=\"article:published_time\" content=\"2023-01-05T04:24:25+00:00\" \/>\n<meta property=\"article:modified_time\" content=\"2023-01-05T04:24:27+00:00\" \/>\n<meta property=\"og:image\" content=\"https:\/\/ocoerente.com.br\/se\/wp-content\/uploads\/2023\/01\/fabioeduuni.jpg\" \/>\n\t<meta property=\"og:image:width\" content=\"1080\" \/>\n\t<meta property=\"og:image:height\" content=\"720\" \/>\n\t<meta property=\"og:image:type\" content=\"image\/jpeg\" \/>\n<meta name=\"author\" content=\"Reda\u00e7\u00e3o\" \/>\n<meta name=\"twitter:card\" content=\"summary_large_image\" \/>\n<meta name=\"twitter:label1\" content=\"Escrito por\" \/>\n\t<meta name=\"twitter:data1\" content=\"Reda\u00e7\u00e3o\" \/>\n\t<meta name=\"twitter:label2\" content=\"Est. tempo de leitura\" \/>\n\t<meta name=\"twitter:data2\" content=\"2 minutos\" \/>\n<script type=\"application\/ld+json\" class=\"yoast-schema-graph\">{\"@context\":\"https:\\\/\\\/schema.org\",\"@graph\":[{\"@type\":\"Article\",\"@id\":\"https:\\\/\\\/ocoerente.com.br\\\/se\\\/2023\\\/01\\\/05\\\/fabio-agradece-a-universal-e-a-eduardo-lima-pelo-apoio-nas-eleicoes-2022\\\/#article\",\"isPartOf\":{\"@id\":\"https:\\\/\\\/ocoerente.com.br\\\/se\\\/2023\\\/01\\\/05\\\/fabio-agradece-a-universal-e-a-eduardo-lima-pelo-apoio-nas-eleicoes-2022\\\/\"},\"author\":{\"name\":\"Reda\u00e7\u00e3o\",\"@id\":\"https:\\\/\\\/ocoerente.com.br\\\/se\\\/#\\\/schema\\\/person\\\/cc6bfd9fbca465e23543b0c963d8d037\"},\"headline\":\"F\u00e1bio agradece \u00e0 Universal e a Eduardo Lima pelo apoio nas elei\u00e7\u00f5es 2022\",\"datePublished\":\"2023-01-05T04:24:25+00:00\",\"dateModified\":\"2023-01-05T04:24:27+00:00\",\"mainEntityOfPage\":{\"@id\":\"https:\\\/\\\/ocoerente.com.br\\\/se\\\/2023\\\/01\\\/05\\\/fabio-agradece-a-universal-e-a-eduardo-lima-pelo-apoio-nas-eleicoes-2022\\\/\"},\"wordCount\":261,\"publisher\":{\"@id\":\"https:\\\/\\\/ocoerente.com.br\\\/se\\\/#\\\/schema\\\/person\\\/cc6bfd9fbca465e23543b0c963d8d037\"},\"image\":{\"@id\":\"https:\\\/\\\/ocoerente.com.br\\\/se\\\/2023\\\/01\\\/05\\\/fabio-agradece-a-universal-e-a-eduardo-lima-pelo-apoio-nas-eleicoes-2022\\\/#primaryimage\"},\"thumbnailUrl\":\"https:\\\/\\\/ocoerente.com.br\\\/se\\\/wp-content\\\/uploads\\\/2023\\\/01\\\/fabioeduuni.jpg\",\"articleSection\":[\"Destaques\",\"Pol\u00edtica\"],\"inLanguage\":\"pt-BR\"},{\"@type\":\"WebPage\",\"@id\":\"https:\\\/\\\/ocoerente.com.br\\\/se\\\/2023\\\/01\\\/05\\\/fabio-agradece-a-universal-e-a-eduardo-lima-pelo-apoio-nas-eleicoes-2022\\\/\",\"url\":\"https:\\\/\\\/ocoerente.com.br\\\/se\\\/2023\\\/01\\\/05\\\/fabio-agradece-a-universal-e-a-eduardo-lima-pelo-apoio-nas-eleicoes-2022\\\/\",\"name\":\"F\u00e1bio agradece \u00e0 Universal e a Eduardo Lima pelo apoio nas elei\u00e7\u00f5es 2022 - O Coerente\",\"isPartOf\":{\"@id\":\"https:\\\/\\\/ocoerente.com.br\\\/se\\\/#website\"},\"primaryImageOfPage\":{\"@id\":\"https:\\\/\\\/ocoerente.com.br\\\/se\\\/2023\\\/01\\\/05\\\/fabio-agradece-a-universal-e-a-eduardo-lima-pelo-apoio-nas-eleicoes-2022\\\/#primaryimage\"},\"image\":{\"@id\":\"https:\\\/\\\/ocoerente.com.br\\\/se\\\/2023\\\/01\\\/05\\\/fabio-agradece-a-universal-e-a-eduardo-lima-pelo-apoio-nas-eleicoes-2022\\\/#primaryimage\"},\"thumbnailUrl\":\"https:\\\/\\\/ocoerente.com.br\\\/se\\\/wp-content\\\/uploads\\\/2023\\\/01\\\/fabioeduuni.jpg\",\"datePublished\":\"2023-01-05T04:24:25+00:00\",\"dateModified\":\"2023-01-05T04:24:27+00:00\",\"breadcrumb\":{\"@id\":\"https:\\\/\\\/ocoerente.com.br\\\/se\\\/2023\\\/01\\\/05\\\/fabio-agradece-a-universal-e-a-eduardo-lima-pelo-apoio-nas-eleicoes-2022\\\/#breadcrumb\"},\"inLanguage\":\"pt-BR\",\"potentialAction\":[{\"@type\":\"ReadAction\",\"target\":[\"https:\\\/\\\/ocoerente.com.br\\\/se\\\/2023\\\/01\\\/05\\\/fabio-agradece-a-universal-e-a-eduardo-lima-pelo-apoio-nas-eleicoes-2022\\\/\"]}]},{\"@type\":\"ImageObject\",\"inLanguage\":\"pt-BR\",\"@id\":\"https:\\\/\\\/ocoerente.com.br\\\/se\\\/2023\\\/01\\\/05\\\/fabio-agradece-a-universal-e-a-eduardo-lima-pelo-apoio-nas-eleicoes-2022\\\/#primaryimage\",\"url\":\"https:\\\/\\\/ocoerente.com.br\\\/se\\\/wp-content\\\/uploads\\\/2023\\\/01\\\/fabioeduuni.jpg\",\"contentUrl\":\"https:\\\/\\\/ocoerente.com.br\\\/se\\\/wp-content\\\/uploads\\\/2023\\\/01\\\/fabioeduuni.jpg\",\"width\":1080,\"height\":720},{\"@type\":\"BreadcrumbList\",\"@id\":\"https:\\\/\\\/ocoerente.com.br\\\/se\\\/2023\\\/01\\\/05\\\/fabio-agradece-a-universal-e-a-eduardo-lima-pelo-apoio-nas-eleicoes-2022\\\/#breadcrumb\",\"itemListElement\":[{\"@type\":\"ListItem\",\"position\":1,\"name\":\"In\u00edcio\",\"item\":\"https:\\\/\\\/ocoerente.com.br\\\/se\\\/\"},{\"@type\":\"ListItem\",\"position\":2,\"name\":\"F\u00e1bio agradece \u00e0 Universal e a Eduardo Lima pelo apoio nas elei\u00e7\u00f5es 2022\"}]},{\"@type\":\"WebSite\",\"@id\":\"https:\\\/\\\/ocoerente.com.br\\\/se\\\/#website\",\"url\":\"https:\\\/\\\/ocoerente.com.br\\\/se\\\/\",\"name\":\"O Coerente\",\"description\":\"\",\"publisher\":{\"@id\":\"https:\\\/\\\/ocoerente.com.br\\\/se\\\/#\\\/schema\\\/person\\\/cc6bfd9fbca465e23543b0c963d8d037\"},\"potentialAction\":[{\"@type\":\"SearchAction\",\"target\":{\"@type\":\"EntryPoint\",\"urlTemplate\":\"https:\\\/\\\/ocoerente.com.br\\\/se\\\/?s={search_term_string}\"},\"query-input\":{\"@type\":\"PropertyValueSpecification\",\"valueRequired\":true,\"valueName\":\"search_term_string\"}}],\"inLanguage\":\"pt-BR\"},{\"@type\":[\"Person\",\"Organization\"],\"@id\":\"https:\\\/\\\/ocoerente.com.br\\\/se\\\/#\\\/schema\\\/person\\\/cc6bfd9fbca465e23543b0c963d8d037\",\"name\":\"Reda\u00e7\u00e3o\",\"image\":{\"@type\":\"ImageObject\",\"inLanguage\":\"pt-BR\",\"@id\":\"https:\\\/\\\/ocoerente.com.br\\\/se\\\/wp-content\\\/uploads\\\/2020\\\/01\\\/ocoerente-1.png\",\"url\":\"https:\\\/\\\/ocoerente.com.br\\\/se\\\/wp-content\\\/uploads\\\/2020\\\/01\\\/ocoerente-1.png\",\"contentUrl\":\"https:\\\/\\\/ocoerente.com.br\\\/se\\\/wp-content\\\/uploads\\\/2020\\\/01\\\/ocoerente-1.png\",\"width\":50,\"height\":50,\"caption\":\"Reda\u00e7\u00e3o\"},\"logo\":{\"@id\":\"https:\\\/\\\/ocoerente.com.br\\\/se\\\/wp-content\\\/uploads\\\/2020\\\/01\\\/ocoerente-1.png\"},\"url\":\"https:\\\/\\\/ocoerente.com.br\\\/se\\\/author\\\/vasticlsales\\\/\"}]}<\/script>\n<!-- \/ Yoast SEO plugin. -->","yoast_head_json":{"title":"F\u00e1bio agradece \u00e0 Universal e a Eduardo Lima pelo apoio nas elei\u00e7\u00f5es 2022 - O Coerente","robots":{"index":"index","follow":"follow","max-snippet":"max-snippet:-1","max-image-preview":"max-image-preview:large","max-video-preview":"max-video-preview:-1"},"canonical":"https:\/\/ocoerente.com.br\/se\/2023\/01\/05\/fabio-agradece-a-universal-e-a-eduardo-lima-pelo-apoio-nas-eleicoes-2022\/","og_locale":"pt_BR","og_type":"article","og_title":"F\u00e1bio agradece \u00e0 Universal e a Eduardo Lima pelo apoio nas elei\u00e7\u00f5es 2022 - O Coerente","og_description":"\u201cFiquei f\u00e3, j\u00e1 era amigo, e agora sou f\u00e3 do trabalho do pastor Eduardo\u201d, destacou F\u00e1bio. O governador F\u00e1bio Mitidieri (PSD) agradeceu \u00e0 Igreja Universal do Reino de Deus e ao vereador Eduardo Lima (Republicanos), pelo apoio \u00e0 sua campanha ao Pal\u00e1cio Governador Augusto Franco, em 2022. A declara\u00e7\u00e3o foi feita durante uma entrevista, em [&hellip;]","og_url":"https:\/\/ocoerente.com.br\/se\/2023\/01\/05\/fabio-agradece-a-universal-e-a-eduardo-lima-pelo-apoio-nas-eleicoes-2022\/","og_site_name":"O Coerente","article_published_time":"2023-01-05T04:24:25+00:00","article_modified_time":"2023-01-05T04:24:27+00:00","og_image":[{"width":1080,"height":720,"url":"https:\/\/ocoerente.com.br\/se\/wp-content\/uploads\/2023\/01\/fabioeduuni.jpg","type":"image\/jpeg"}],"author":"Reda\u00e7\u00e3o","twitter_card":"summary_large_image","twitter_misc":{"Escrito por":"Reda\u00e7\u00e3o","Est. tempo de leitura":"2 minutos"},"schema":{"@context":"https:\/\/schema.org","@graph":[{"@type":"Article","@id":"https:\/\/ocoerente.com.br\/se\/2023\/01\/05\/fabio-agradece-a-universal-e-a-eduardo-lima-pelo-apoio-nas-eleicoes-2022\/#article","isPartOf":{"@id":"https:\/\/ocoerente.com.br\/se\/2023\/01\/05\/fabio-agradece-a-universal-e-a-eduardo-lima-pelo-apoio-nas-eleicoes-2022\/"},"author":{"name":"Reda\u00e7\u00e3o","@id":"https:\/\/ocoerente.com.br\/se\/#\/schema\/person\/cc6bfd9fbca465e23543b0c963d8d037"},"headline":"F\u00e1bio agradece \u00e0 Universal e a Eduardo Lima pelo apoio nas elei\u00e7\u00f5es 2022","datePublished":"2023-01-05T04:24:25+00:00","dateModified":"2023-01-05T04:24:27+00:00","mainEntityOfPage":{"@id":"https:\/\/ocoerente.com.br\/se\/2023\/01\/05\/fabio-agradece-a-universal-e-a-eduardo-lima-pelo-apoio-nas-eleicoes-2022\/"},"wordCount":261,"publisher":{"@id":"https:\/\/ocoerente.com.br\/se\/#\/schema\/person\/cc6bfd9fbca465e23543b0c963d8d037"},"image":{"@id":"https:\/\/ocoerente.com.br\/se\/2023\/01\/05\/fabio-agradece-a-universal-e-a-eduardo-lima-pelo-apoio-nas-eleicoes-2022\/#primaryimage"},"thumbnailUrl":"https:\/\/ocoerente.com.br\/se\/wp-content\/uploads\/2023\/01\/fabioeduuni.jpg","articleSection":["Destaques","Pol\u00edtica"],"inLanguage":"pt-BR"},{"@type":"WebPage","@id":"https:\/\/ocoerente.com.br\/se\/2023\/01\/05\/fabio-agradece-a-universal-e-a-eduardo-lima-pelo-apoio-nas-eleicoes-2022\/","url":"https:\/\/ocoerente.com.br\/se\/2023\/01\/05\/fabio-agradece-a-universal-e-a-eduardo-lima-pelo-apoio-nas-eleicoes-2022\/","name":"F\u00e1bio agradece \u00e0 Universal e a Eduardo Lima pelo apoio nas elei\u00e7\u00f5es 2022 - O Coerente","isPartOf":{"@id":"https:\/\/ocoerente.com.br\/se\/#website"},"primaryImageOfPage":{"@id":"https:\/\/ocoerente.com.br\/se\/2023\/01\/05\/fabio-agradece-a-universal-e-a-eduardo-lima-pelo-apoio-nas-eleicoes-2022\/#primaryimage"},"image":{"@id":"https:\/\/ocoerente.com.br\/se\/2023\/01\/05\/fabio-agradece-a-universal-e-a-eduardo-lima-pelo-apoio-nas-eleicoes-2022\/#primaryimage"},"thumbnailUrl":"https:\/\/ocoerente.com.br\/se\/wp-content\/uploads\/2023\/01\/fabioeduuni.jpg","datePublished":"2023-01-05T04:24:25+00:00","dateModified":"2023-01-05T04:24:27+00:00","breadcrumb":{"@id":"https:\/\/ocoerente.com.br\/se\/2023\/01\/05\/fabio-agradece-a-universal-e-a-eduardo-lima-pelo-apoio-nas-eleicoes-2022\/#breadcrumb"},"inLanguage":"pt-BR","potentialAction":[{"@type":"ReadAction","target":["https:\/\/ocoerente.com.br\/se\/2023\/01\/05\/fabio-agradece-a-universal-e-a-eduardo-lima-pelo-apoio-nas-eleicoes-2022\/"]}]},{"@type":"ImageObject","inLanguage":"pt-BR","@id":"https:\/\/ocoerente.com.br\/se\/2023\/01\/05\/fabio-agradece-a-universal-e-a-eduardo-lima-pelo-apoio-nas-eleicoes-2022\/#primaryimage","url":"https:\/\/ocoerente.com.br\/se\/wp-content\/uploads\/2023\/01\/fabioeduuni.jpg","contentUrl":"https:\/\/ocoerente.com.br\/se\/wp-content\/uploads\/2023\/01\/fabioeduuni.jpg","width":1080,"height":720},{"@type":"BreadcrumbList","@id":"https:\/\/ocoerente.com.br\/se\/2023\/01\/05\/fabio-agradece-a-universal-e-a-eduardo-lima-pelo-apoio-nas-eleicoes-2022\/#breadcrumb","itemListElement":[{"@type":"ListItem","position":1,"name":"In\u00edcio","item":"https:\/\/ocoerente.com.br\/se\/"},{"@type":"ListItem","position":2,"name":"F\u00e1bio agradece \u00e0 Universal e a Eduardo Lima pelo apoio nas elei\u00e7\u00f5es 2022"}]},{"@type":"WebSite","@id":"https:\/\/ocoerente.com.br\/se\/#website","url":"https:\/\/ocoerente.com.br\/se\/","name":"O Coerente","description":"","publisher":{"@id":"https:\/\/ocoerente.com.br\/se\/#\/schema\/person\/cc6bfd9fbca465e23543b0c963d8d037"},"potentialAction":[{"@type":"SearchAction","target":{"@type":"EntryPoint","urlTemplate":"https:\/\/ocoerente.com.br\/se\/?s={search_term_string}"},"query-input":{"@type":"PropertyValueSpecification","valueRequired":true,"valueName":"search_term_string"}}],"inLanguage":"pt-BR"},{"@type":["Person","Organization"],"@id":"https:\/\/ocoerente.com.br\/se\/#\/schema\/person\/cc6bfd9fbca465e23543b0c963d8d037","name":"Reda\u00e7\u00e3o","image":{"@type":"ImageObject","inLanguage":"pt-BR","@id":"https:\/\/ocoerente.com.br\/se\/wp-content\/uploads\/2020\/01\/ocoerente-1.png","url":"https:\/\/ocoerente.com.br\/se\/wp-content\/uploads\/2020\/01\/ocoerente-1.png","contentUrl":"https:\/\/ocoerente.com.br\/se\/wp-content\/uploads\/2020\/01\/ocoerente-1.png","width":50,"height":50,"caption":"Reda\u00e7\u00e3o"},"logo":{"@id":"https:\/\/ocoerente.com.br\/se\/wp-content\/uploads\/2020\/01\/ocoerente-1.png"},"url":"https:\/\/ocoerente.com.br\/se\/author\/vasticlsales\/"}]}},"_links":{"self":[{"href":"https:\/\/ocoerente.com.br\/se\/wp-json\/wp\/v2\/posts\/7300","targetHints":{"allow":["GET"]}}],"collection":[{"href":"https:\/\/ocoerente.com.br\/se\/wp-json\/wp\/v2\/posts"}],"about":[{"href":"https:\/\/ocoerente.com.br\/se\/wp-json\/wp\/v2\/types\/post"}],"author":[{"embeddable":true,"href":"https:\/\/ocoerente.com.br\/se\/wp-json\/wp\/v2\/users\/1"}],"replies":[{"embeddable":true,"href":"https:\/\/ocoerente.com.br\/se\/wp-json\/wp\/v2\/comments?post=7300"}],"version-history":[{"count":1,"href":"https:\/\/ocoerente.com.br\/se\/wp-json\/wp\/v2\/posts\/7300\/revisions"}],"predecessor-version":[{"id":7302,"href":"https:\/\/ocoerente.com.br\/se\/wp-json\/wp\/v2\/posts\/7300\/revisions\/7302"}],"wp:featuredmedia":[{"embeddable":true,"href":"https:\/\/ocoerente.com.br\/se\/wp-json\/wp\/v2\/media\/7301"}],"wp:attachment":[{"href":"https:\/\/ocoerente.com.br\/se\/wp-json\/wp\/v2\/media?parent=7300"}],"wp:term":[{"taxonomy":"category","embeddable":true,"href":"https:\/\/ocoerente.com.br\/se\/wp-json\/wp\/v2\/categories?post=7300"},{"taxonomy":"post_tag","embeddable":true,"href":"https:\/\/ocoerente.com.br\/se\/wp-json\/wp\/v2\/tags?post=7300"}],"curies":[{"name":"wp","href":"https:\/\/api.w.org\/{rel}","templated":true}]}}