{"id":7250,"date":"2022-12-19T20:45:00","date_gmt":"2022-12-19T23:45:00","guid":{"rendered":"https:\/\/ocoerente.com.br\/se\/?p=7250"},"modified":"2022-12-19T20:45:01","modified_gmt":"2022-12-19T23:45:01","slug":"em-diplomacao-fabio-mitidieri-reafirma-compromisso-com-geracao-de-emprego","status":"publish","type":"post","link":"https:\/\/ocoerente.com.br\/se\/2022\/12\/19\/em-diplomacao-fabio-mitidieri-reafirma-compromisso-com-geracao-de-emprego\/","title":{"rendered":"Em diploma\u00e7\u00e3o, F\u00e1bio Mitidieri reafirma compromisso com gera\u00e7\u00e3o de emprego"},"content":{"rendered":"\n<p>Nesta segunda-feira, dia 19, o governador e vice-governador eleitos, F\u00e1bio Mitidieri (PSD) e Zezinho Sobral (PDT), foram diplomados em solenidade realizada pelo Tribunal Regional Eleitoral de Sergipe no Teatro Tobias Barreto. F\u00e1bio falou sobre a responsabilidade a partir de janeiro e reiterou o compromisso firmado em campanha de gerar emprego, renda e combater a fome no estado.<\/p>\n\n\n\n<p>&#8220;Hoje, iniciamos um novo tempo na pol\u00edtica sergipana com a diploma\u00e7\u00e3o de uma nova gera\u00e7\u00e3o para o executivo e o legislativo. Sinto-me honrado pela confian\u00e7a de meu povo e ainda mais disposto a trabalhar pelo avan\u00e7o de Sergipe. O TRE certifica a escolha nas urnas e eu e Zezinho reafirmamos nosso compromisso com a gera\u00e7\u00e3o de emprego, de renda, com o combate \u00e0 fome e com a descentraliza\u00e7\u00e3o dos servi\u00e7os de sa\u00fade. Todo nosso plano de Governo est\u00e1 baseado nessas premissas e trabalharemos diuturnamente para atender os sergipanos&#8221;, declarou.<\/p>\n\n\n\n<p>Organizada pela Justi\u00e7a Eleitoral, a cerim\u00f4nia reuniu autoridades e diplomou tamb\u00e9m 24 deputados (as) estaduais, oito deputados(as) federais, o senador e seus dois suplentes.<\/p>\n\n\n\n<p>Presidente do TRE de Sergipe, desembargador Roberto Porto falou sobre a colabora\u00e7\u00e3o dos poderes nas elei\u00e7\u00f5es.<\/p>\n\n\n\n<p>&#8220;\u00c9 emocionante ver o engajamento das pessoas para a escolha de seus representantes. A consci\u00eancia das pessoas mudou, os eleitores v\u00eam se mostrando cada vez mais conscientes do poder de voto. Hoje, o desejo \u00e9 que os governantes dialoguem com o povo. Parabenizo em nome do TRE os que tiveram \u00eaxito e aqui est\u00e3o para receberem seus diplomas&#8221;, afirmou.<\/p>\n\n\n\n<p>F\u00e1bio recebeu os cumprimentos de autoridades e convidados ao lado da fam\u00edlia, da esposa \u00c9rica Mitidieri e dos filhos.<\/p>\n\n\n\n<p>Biografia de F\u00e1bio Mitidieri<\/p>\n\n\n\n<p>F\u00e1bio Mitidieri tem 45 anos \u00e9 casado e pai de tr\u00eas filhos. Formado em Administra\u00e7\u00e3o, atuou em empresas at\u00e9 ser eleito como vereador de Aracaju em 2007. Eleito vereador de Aracaju aos 27 anos, F\u00e1bio assumiu em 2008. No mesmo per\u00edodo, aceitou o convite do ent\u00e3o prefeito Edvaldo Nogueira para gerir a Secretaria Municipal de Esportes, onde implantou o projeto Bolsa Atleta, de apoio financeiro a atletas da capital.<\/p>\n\n\n\n<p>Como secret\u00e1rio de Estado do Trabalho, Mitidieri lan\u00e7ou o Economia Solid\u00e1ria, programa que consistia em unir pequenos empreendedores, organiz\u00e1-los em cooperativas e buscar a gera\u00e7\u00e3o de economia em grande escala. No per\u00edodo que esteve \u00e0 frente da pasta, foram criados mais de 10 mil empregos.<\/p>\n\n\n\n<p>Em 2014, foi eleito deputado federal. Em 2018, foi reeleito com o maior n\u00famero de votos em Sergipe para a C\u00e2mara Federal e o quarto mais votado, proporcionalmente, do Pa\u00eds. Em oito anos de C\u00e2mara Federal, destinou emendas na \u00e1rea da Educa\u00e7\u00e3o, Sa\u00fade, Infraestrutura, Esporte. Na \u00e1rea da Educa\u00e7\u00e3o, foram R$ 8,8 milh\u00f5es para constru\u00e7\u00f5es de quadras, reestrutura\u00e7\u00e3o do IFES de Itabaiana, amplia\u00e7\u00e3o da Escola Fundamental de Santo Amaro, aquisi\u00e7\u00e3o de \u00f4nibus escolar.<\/p>\n\n\n\n<p>Durante a pandemia, foram mais de R$10 milh\u00f5es destinados para a\u00e7\u00f5es de combate ao coronav\u00edrus e R$ 17 milh\u00f5es em emendas parlamentares para serem investidas na Sa\u00fade de 54 munic\u00edpios sergipanos somente este ano. Os recursos foram utilizados pelos gestores dos munic\u00edpios para o pagamento do Piso de Aten\u00e7\u00e3o B\u00e1sica das Unidades de Sa\u00fade, que podem ser direcionados na reforma e constru\u00e7\u00e3o de Unidades, aquisi\u00e7\u00e3o de equipamentos e programas de a\u00e7\u00f5es de sa\u00fade.<\/p>\n\n\n\n<p>O montante beneficiou os munic\u00edpios de Frei Paulo, Santana do S\u00e3o Francisco, Santo Amaro das Brotas, Moita Bonita, Santa Luzia do Itanhy, Pirambu, Japaratuba, Itaporanga D\u2019Ajuda, Itabaianinha, Carira, Carm\u00f3polis, Areia Branca, Tobias Barreto, Laranjeiras, Cedro de S\u00e3o Jo\u00e3o, Umba\u00faba, Tomar do Geru, Telha, Sim\u00e3o Dias, S\u00e3o Domingos, Santa Rosa de Lima, Salgado, Ros\u00e1rio do Catete, Ribeir\u00f3polis, Riach\u00e3o do Dantas, Propri\u00e1, Porto da Folha, Po\u00e7o Verde, Po\u00e7o Redondo, Pedrinhas, Pacatuba, Nossa Senhora de Lourdes, Nossa Senhora das Dores, Nossa Senhora da Gl\u00f3ria, Muribeca, Malhador, Malhada dos Bois, Macambira, Japoat\u00e3, Indiaroba, Ilha das Flores, Graccho Cardoso, General Maynard, Frei Paulo, Feira Nova, Est\u00e2ncia, Divina Pastora, Cumbe, Capela, Canhoba, Brejo Grande, Boquim, Barra dos Coqueiros e Aquidab\u00e3.<\/p>\n\n\n\n<p>Somente este ano de 2022, F\u00e1bio destinou R$ 3 milh\u00f5es para \u00e1rea de esporte em investimentos como reforma da quadra do Gin\u00e1sio de Esportes Const\u00e2ncio Vieira com troca do piso, recupera\u00e7\u00e3o do espa\u00e7o das quadras de t\u00eanis da Orla de Atalaia, reforma do Parque Aqu\u00e1tico Z\u00e9 Peixe; arenas de areia em cinco munic\u00edpios.<\/p>\n\n\n\n<p>Sua atua\u00e7\u00e3o parlamentar incluiu ainda passagem como presidente da Comiss\u00e3o de Esporte da C\u00e2mara dos Deputados, membro da CPI das \u00d3rteses e Pr\u00f3teses; membro da CPI do BNDES; vice-presidente da Comiss\u00e3o Especial do Pacto Federativo; membro da CPI do Sistema Carcer\u00e1rio; membro da CPI do DPVAT; um dos autores da Frente Parlamentar Mista do Empreendedorismo e vice-l\u00edder do PSD na C\u00e2mara Federal.<\/p>\n\n\n\n<p>Projetos<\/p>\n\n\n\n<p>\u00c9 autor do Projeto de Lei 399\/2015, que objetiva viabilizar a comercializa\u00e7\u00e3o de medicamentos que contenham extratos, substratos ou partes da planta Cannabis Sativa em sua formula\u00e7\u00e3o. Atualmente, o Projeto aguarda entrar na pauta de vota\u00e7\u00e3o da C\u00e2mara Federal. Tramitada e aprovada em Comiss\u00e3o Especial na C\u00e2mara, o PL poderia seguir para discuss\u00e3o no Senado, mas a Mesa Diretora da C\u00e2mara acatou recurso solicitando vota\u00e7\u00e3o em plen\u00e1rio.<\/p>\n\n\n\n<p>Ano passado, foi relator do 14\u00ba sal\u00e1rio para aposentados e pensionistas do INSS. O projeto prev\u00ea o recebimento em dobro do abono anual para os segurados da Previd\u00eancia Social e inclui os benef\u00edcios de pens\u00e3o por morte, aux\u00edlio-doen\u00e7a, aux\u00edlio-acidente ou aux\u00edlio-reclus\u00e3o.<\/p>\n","protected":false},"excerpt":{"rendered":"<p>Nesta segunda-feira, dia 19, o governador e vice-governador eleitos, F\u00e1bio Mitidieri (PSD) e Zezinho Sobral (PDT), foram diplomados em solenidade realizada pelo Tribunal Regional Eleitoral de Sergipe no Teatro Tobias Barreto. F\u00e1bio falou sobre a responsabilidade a partir de janeiro e reiterou o compromisso firmado em campanha de gerar emprego, renda e combater a fome [&hellip;]<\/p>\n","protected":false},"author":1,"featured_media":7251,"comment_status":"closed","ping_status":"closed","sticky":false,"template":"","format":"standard","meta":{"footnotes":""},"categories":[53,44],"tags":[],"class_list":["post-7250","post","type-post","status-publish","format-standard","has-post-thumbnail","hentry","category-destaques","category-politica"],"yoast_head":"<!-- This site is optimized with the Yoast SEO plugin v27.4 - https:\/\/yoast.com\/product\/yoast-seo-wordpress\/ -->\n<title>Em diploma\u00e7\u00e3o, F\u00e1bio Mitidieri reafirma compromisso com gera\u00e7\u00e3o de emprego - O Coerente<\/title>\n<meta name=\"robots\" content=\"index, follow, max-snippet:-1, max-image-preview:large, max-video-preview:-1\" \/>\n<link rel=\"canonical\" href=\"https:\/\/ocoerente.com.br\/se\/2022\/12\/19\/em-diplomacao-fabio-mitidieri-reafirma-compromisso-com-geracao-de-emprego\/\" \/>\n<meta property=\"og:locale\" content=\"pt_BR\" \/>\n<meta property=\"og:type\" content=\"article\" \/>\n<meta property=\"og:title\" content=\"Em diploma\u00e7\u00e3o, F\u00e1bio Mitidieri reafirma compromisso com gera\u00e7\u00e3o de emprego - O Coerente\" \/>\n<meta property=\"og:description\" content=\"Nesta segunda-feira, dia 19, o governador e vice-governador eleitos, F\u00e1bio Mitidieri (PSD) e Zezinho Sobral (PDT), foram diplomados em solenidade realizada pelo Tribunal Regional Eleitoral de Sergipe no Teatro Tobias Barreto. F\u00e1bio falou sobre a responsabilidade a partir de janeiro e reiterou o compromisso firmado em campanha de gerar emprego, renda e combater a fome [&hellip;]\" \/>\n<meta property=\"og:url\" content=\"https:\/\/ocoerente.com.br\/se\/2022\/12\/19\/em-diplomacao-fabio-mitidieri-reafirma-compromisso-com-geracao-de-emprego\/\" \/>\n<meta property=\"og:site_name\" content=\"O Coerente\" \/>\n<meta property=\"article:published_time\" content=\"2022-12-19T23:45:00+00:00\" \/>\n<meta property=\"article:modified_time\" content=\"2022-12-19T23:45:01+00:00\" \/>\n<meta property=\"og:image\" content=\"https:\/\/ocoerente.com.br\/se\/wp-content\/uploads\/2022\/12\/diploma-miti.jpg\" \/>\n\t<meta property=\"og:image:width\" content=\"976\" \/>\n\t<meta property=\"og:image:height\" content=\"852\" \/>\n\t<meta property=\"og:image:type\" content=\"image\/jpeg\" \/>\n<meta name=\"author\" content=\"Reda\u00e7\u00e3o\" \/>\n<meta name=\"twitter:card\" content=\"summary_large_image\" \/>\n<meta name=\"twitter:label1\" content=\"Escrito por\" \/>\n\t<meta name=\"twitter:data1\" content=\"Reda\u00e7\u00e3o\" \/>\n\t<meta name=\"twitter:label2\" content=\"Est. tempo de leitura\" \/>\n\t<meta name=\"twitter:data2\" content=\"5 minutos\" \/>\n<script type=\"application\/ld+json\" class=\"yoast-schema-graph\">{\"@context\":\"https:\\\/\\\/schema.org\",\"@graph\":[{\"@type\":\"Article\",\"@id\":\"https:\\\/\\\/ocoerente.com.br\\\/se\\\/2022\\\/12\\\/19\\\/em-diplomacao-fabio-mitidieri-reafirma-compromisso-com-geracao-de-emprego\\\/#article\",\"isPartOf\":{\"@id\":\"https:\\\/\\\/ocoerente.com.br\\\/se\\\/2022\\\/12\\\/19\\\/em-diplomacao-fabio-mitidieri-reafirma-compromisso-com-geracao-de-emprego\\\/\"},\"author\":{\"name\":\"Reda\u00e7\u00e3o\",\"@id\":\"https:\\\/\\\/ocoerente.com.br\\\/se\\\/#\\\/schema\\\/person\\\/cc6bfd9fbca465e23543b0c963d8d037\"},\"headline\":\"Em diploma\u00e7\u00e3o, F\u00e1bio Mitidieri reafirma compromisso com gera\u00e7\u00e3o de emprego\",\"datePublished\":\"2022-12-19T23:45:00+00:00\",\"dateModified\":\"2022-12-19T23:45:01+00:00\",\"mainEntityOfPage\":{\"@id\":\"https:\\\/\\\/ocoerente.com.br\\\/se\\\/2022\\\/12\\\/19\\\/em-diplomacao-fabio-mitidieri-reafirma-compromisso-com-geracao-de-emprego\\\/\"},\"wordCount\":970,\"publisher\":{\"@id\":\"https:\\\/\\\/ocoerente.com.br\\\/se\\\/#\\\/schema\\\/person\\\/cc6bfd9fbca465e23543b0c963d8d037\"},\"image\":{\"@id\":\"https:\\\/\\\/ocoerente.com.br\\\/se\\\/2022\\\/12\\\/19\\\/em-diplomacao-fabio-mitidieri-reafirma-compromisso-com-geracao-de-emprego\\\/#primaryimage\"},\"thumbnailUrl\":\"https:\\\/\\\/ocoerente.com.br\\\/se\\\/wp-content\\\/uploads\\\/2022\\\/12\\\/diploma-miti.jpg\",\"articleSection\":[\"Destaques\",\"Pol\u00edtica\"],\"inLanguage\":\"pt-BR\"},{\"@type\":\"WebPage\",\"@id\":\"https:\\\/\\\/ocoerente.com.br\\\/se\\\/2022\\\/12\\\/19\\\/em-diplomacao-fabio-mitidieri-reafirma-compromisso-com-geracao-de-emprego\\\/\",\"url\":\"https:\\\/\\\/ocoerente.com.br\\\/se\\\/2022\\\/12\\\/19\\\/em-diplomacao-fabio-mitidieri-reafirma-compromisso-com-geracao-de-emprego\\\/\",\"name\":\"Em diploma\u00e7\u00e3o, F\u00e1bio Mitidieri reafirma compromisso com gera\u00e7\u00e3o de emprego - O Coerente\",\"isPartOf\":{\"@id\":\"https:\\\/\\\/ocoerente.com.br\\\/se\\\/#website\"},\"primaryImageOfPage\":{\"@id\":\"https:\\\/\\\/ocoerente.com.br\\\/se\\\/2022\\\/12\\\/19\\\/em-diplomacao-fabio-mitidieri-reafirma-compromisso-com-geracao-de-emprego\\\/#primaryimage\"},\"image\":{\"@id\":\"https:\\\/\\\/ocoerente.com.br\\\/se\\\/2022\\\/12\\\/19\\\/em-diplomacao-fabio-mitidieri-reafirma-compromisso-com-geracao-de-emprego\\\/#primaryimage\"},\"thumbnailUrl\":\"https:\\\/\\\/ocoerente.com.br\\\/se\\\/wp-content\\\/uploads\\\/2022\\\/12\\\/diploma-miti.jpg\",\"datePublished\":\"2022-12-19T23:45:00+00:00\",\"dateModified\":\"2022-12-19T23:45:01+00:00\",\"breadcrumb\":{\"@id\":\"https:\\\/\\\/ocoerente.com.br\\\/se\\\/2022\\\/12\\\/19\\\/em-diplomacao-fabio-mitidieri-reafirma-compromisso-com-geracao-de-emprego\\\/#breadcrumb\"},\"inLanguage\":\"pt-BR\",\"potentialAction\":[{\"@type\":\"ReadAction\",\"target\":[\"https:\\\/\\\/ocoerente.com.br\\\/se\\\/2022\\\/12\\\/19\\\/em-diplomacao-fabio-mitidieri-reafirma-compromisso-com-geracao-de-emprego\\\/\"]}]},{\"@type\":\"ImageObject\",\"inLanguage\":\"pt-BR\",\"@id\":\"https:\\\/\\\/ocoerente.com.br\\\/se\\\/2022\\\/12\\\/19\\\/em-diplomacao-fabio-mitidieri-reafirma-compromisso-com-geracao-de-emprego\\\/#primaryimage\",\"url\":\"https:\\\/\\\/ocoerente.com.br\\\/se\\\/wp-content\\\/uploads\\\/2022\\\/12\\\/diploma-miti.jpg\",\"contentUrl\":\"https:\\\/\\\/ocoerente.com.br\\\/se\\\/wp-content\\\/uploads\\\/2022\\\/12\\\/diploma-miti.jpg\",\"width\":976,\"height\":852},{\"@type\":\"BreadcrumbList\",\"@id\":\"https:\\\/\\\/ocoerente.com.br\\\/se\\\/2022\\\/12\\\/19\\\/em-diplomacao-fabio-mitidieri-reafirma-compromisso-com-geracao-de-emprego\\\/#breadcrumb\",\"itemListElement\":[{\"@type\":\"ListItem\",\"position\":1,\"name\":\"In\u00edcio\",\"item\":\"https:\\\/\\\/ocoerente.com.br\\\/se\\\/\"},{\"@type\":\"ListItem\",\"position\":2,\"name\":\"Em diploma\u00e7\u00e3o, F\u00e1bio Mitidieri reafirma compromisso com gera\u00e7\u00e3o de emprego\"}]},{\"@type\":\"WebSite\",\"@id\":\"https:\\\/\\\/ocoerente.com.br\\\/se\\\/#website\",\"url\":\"https:\\\/\\\/ocoerente.com.br\\\/se\\\/\",\"name\":\"O Coerente\",\"description\":\"\",\"publisher\":{\"@id\":\"https:\\\/\\\/ocoerente.com.br\\\/se\\\/#\\\/schema\\\/person\\\/cc6bfd9fbca465e23543b0c963d8d037\"},\"potentialAction\":[{\"@type\":\"SearchAction\",\"target\":{\"@type\":\"EntryPoint\",\"urlTemplate\":\"https:\\\/\\\/ocoerente.com.br\\\/se\\\/?s={search_term_string}\"},\"query-input\":{\"@type\":\"PropertyValueSpecification\",\"valueRequired\":true,\"valueName\":\"search_term_string\"}}],\"inLanguage\":\"pt-BR\"},{\"@type\":[\"Person\",\"Organization\"],\"@id\":\"https:\\\/\\\/ocoerente.com.br\\\/se\\\/#\\\/schema\\\/person\\\/cc6bfd9fbca465e23543b0c963d8d037\",\"name\":\"Reda\u00e7\u00e3o\",\"image\":{\"@type\":\"ImageObject\",\"inLanguage\":\"pt-BR\",\"@id\":\"https:\\\/\\\/ocoerente.com.br\\\/se\\\/wp-content\\\/uploads\\\/2020\\\/01\\\/ocoerente-1.png\",\"url\":\"https:\\\/\\\/ocoerente.com.br\\\/se\\\/wp-content\\\/uploads\\\/2020\\\/01\\\/ocoerente-1.png\",\"contentUrl\":\"https:\\\/\\\/ocoerente.com.br\\\/se\\\/wp-content\\\/uploads\\\/2020\\\/01\\\/ocoerente-1.png\",\"width\":50,\"height\":50,\"caption\":\"Reda\u00e7\u00e3o\"},\"logo\":{\"@id\":\"https:\\\/\\\/ocoerente.com.br\\\/se\\\/wp-content\\\/uploads\\\/2020\\\/01\\\/ocoerente-1.png\"},\"url\":\"https:\\\/\\\/ocoerente.com.br\\\/se\\\/author\\\/vasticlsales\\\/\"}]}<\/script>\n<!-- \/ Yoast SEO plugin. -->","yoast_head_json":{"title":"Em diploma\u00e7\u00e3o, F\u00e1bio Mitidieri reafirma compromisso com gera\u00e7\u00e3o de emprego - O Coerente","robots":{"index":"index","follow":"follow","max-snippet":"max-snippet:-1","max-image-preview":"max-image-preview:large","max-video-preview":"max-video-preview:-1"},"canonical":"https:\/\/ocoerente.com.br\/se\/2022\/12\/19\/em-diplomacao-fabio-mitidieri-reafirma-compromisso-com-geracao-de-emprego\/","og_locale":"pt_BR","og_type":"article","og_title":"Em diploma\u00e7\u00e3o, F\u00e1bio Mitidieri reafirma compromisso com gera\u00e7\u00e3o de emprego - O Coerente","og_description":"Nesta segunda-feira, dia 19, o governador e vice-governador eleitos, F\u00e1bio Mitidieri (PSD) e Zezinho Sobral (PDT), foram diplomados em solenidade realizada pelo Tribunal Regional Eleitoral de Sergipe no Teatro Tobias Barreto. F\u00e1bio falou sobre a responsabilidade a partir de janeiro e reiterou o compromisso firmado em campanha de gerar emprego, renda e combater a fome [&hellip;]","og_url":"https:\/\/ocoerente.com.br\/se\/2022\/12\/19\/em-diplomacao-fabio-mitidieri-reafirma-compromisso-com-geracao-de-emprego\/","og_site_name":"O Coerente","article_published_time":"2022-12-19T23:45:00+00:00","article_modified_time":"2022-12-19T23:45:01+00:00","og_image":[{"width":976,"height":852,"url":"https:\/\/ocoerente.com.br\/se\/wp-content\/uploads\/2022\/12\/diploma-miti.jpg","type":"image\/jpeg"}],"author":"Reda\u00e7\u00e3o","twitter_card":"summary_large_image","twitter_misc":{"Escrito por":"Reda\u00e7\u00e3o","Est. tempo de leitura":"5 minutos"},"schema":{"@context":"https:\/\/schema.org","@graph":[{"@type":"Article","@id":"https:\/\/ocoerente.com.br\/se\/2022\/12\/19\/em-diplomacao-fabio-mitidieri-reafirma-compromisso-com-geracao-de-emprego\/#article","isPartOf":{"@id":"https:\/\/ocoerente.com.br\/se\/2022\/12\/19\/em-diplomacao-fabio-mitidieri-reafirma-compromisso-com-geracao-de-emprego\/"},"author":{"name":"Reda\u00e7\u00e3o","@id":"https:\/\/ocoerente.com.br\/se\/#\/schema\/person\/cc6bfd9fbca465e23543b0c963d8d037"},"headline":"Em diploma\u00e7\u00e3o, F\u00e1bio Mitidieri reafirma compromisso com gera\u00e7\u00e3o de emprego","datePublished":"2022-12-19T23:45:00+00:00","dateModified":"2022-12-19T23:45:01+00:00","mainEntityOfPage":{"@id":"https:\/\/ocoerente.com.br\/se\/2022\/12\/19\/em-diplomacao-fabio-mitidieri-reafirma-compromisso-com-geracao-de-emprego\/"},"wordCount":970,"publisher":{"@id":"https:\/\/ocoerente.com.br\/se\/#\/schema\/person\/cc6bfd9fbca465e23543b0c963d8d037"},"image":{"@id":"https:\/\/ocoerente.com.br\/se\/2022\/12\/19\/em-diplomacao-fabio-mitidieri-reafirma-compromisso-com-geracao-de-emprego\/#primaryimage"},"thumbnailUrl":"https:\/\/ocoerente.com.br\/se\/wp-content\/uploads\/2022\/12\/diploma-miti.jpg","articleSection":["Destaques","Pol\u00edtica"],"inLanguage":"pt-BR"},{"@type":"WebPage","@id":"https:\/\/ocoerente.com.br\/se\/2022\/12\/19\/em-diplomacao-fabio-mitidieri-reafirma-compromisso-com-geracao-de-emprego\/","url":"https:\/\/ocoerente.com.br\/se\/2022\/12\/19\/em-diplomacao-fabio-mitidieri-reafirma-compromisso-com-geracao-de-emprego\/","name":"Em diploma\u00e7\u00e3o, F\u00e1bio Mitidieri reafirma compromisso com gera\u00e7\u00e3o de emprego - O Coerente","isPartOf":{"@id":"https:\/\/ocoerente.com.br\/se\/#website"},"primaryImageOfPage":{"@id":"https:\/\/ocoerente.com.br\/se\/2022\/12\/19\/em-diplomacao-fabio-mitidieri-reafirma-compromisso-com-geracao-de-emprego\/#primaryimage"},"image":{"@id":"https:\/\/ocoerente.com.br\/se\/2022\/12\/19\/em-diplomacao-fabio-mitidieri-reafirma-compromisso-com-geracao-de-emprego\/#primaryimage"},"thumbnailUrl":"https:\/\/ocoerente.com.br\/se\/wp-content\/uploads\/2022\/12\/diploma-miti.jpg","datePublished":"2022-12-19T23:45:00+00:00","dateModified":"2022-12-19T23:45:01+00:00","breadcrumb":{"@id":"https:\/\/ocoerente.com.br\/se\/2022\/12\/19\/em-diplomacao-fabio-mitidieri-reafirma-compromisso-com-geracao-de-emprego\/#breadcrumb"},"inLanguage":"pt-BR","potentialAction":[{"@type":"ReadAction","target":["https:\/\/ocoerente.com.br\/se\/2022\/12\/19\/em-diplomacao-fabio-mitidieri-reafirma-compromisso-com-geracao-de-emprego\/"]}]},{"@type":"ImageObject","inLanguage":"pt-BR","@id":"https:\/\/ocoerente.com.br\/se\/2022\/12\/19\/em-diplomacao-fabio-mitidieri-reafirma-compromisso-com-geracao-de-emprego\/#primaryimage","url":"https:\/\/ocoerente.com.br\/se\/wp-content\/uploads\/2022\/12\/diploma-miti.jpg","contentUrl":"https:\/\/ocoerente.com.br\/se\/wp-content\/uploads\/2022\/12\/diploma-miti.jpg","width":976,"height":852},{"@type":"BreadcrumbList","@id":"https:\/\/ocoerente.com.br\/se\/2022\/12\/19\/em-diplomacao-fabio-mitidieri-reafirma-compromisso-com-geracao-de-emprego\/#breadcrumb","itemListElement":[{"@type":"ListItem","position":1,"name":"In\u00edcio","item":"https:\/\/ocoerente.com.br\/se\/"},{"@type":"ListItem","position":2,"name":"Em diploma\u00e7\u00e3o, F\u00e1bio Mitidieri reafirma compromisso com gera\u00e7\u00e3o de emprego"}]},{"@type":"WebSite","@id":"https:\/\/ocoerente.com.br\/se\/#website","url":"https:\/\/ocoerente.com.br\/se\/","name":"O Coerente","description":"","publisher":{"@id":"https:\/\/ocoerente.com.br\/se\/#\/schema\/person\/cc6bfd9fbca465e23543b0c963d8d037"},"potentialAction":[{"@type":"SearchAction","target":{"@type":"EntryPoint","urlTemplate":"https:\/\/ocoerente.com.br\/se\/?s={search_term_string}"},"query-input":{"@type":"PropertyValueSpecification","valueRequired":true,"valueName":"search_term_string"}}],"inLanguage":"pt-BR"},{"@type":["Person","Organization"],"@id":"https:\/\/ocoerente.com.br\/se\/#\/schema\/person\/cc6bfd9fbca465e23543b0c963d8d037","name":"Reda\u00e7\u00e3o","image":{"@type":"ImageObject","inLanguage":"pt-BR","@id":"https:\/\/ocoerente.com.br\/se\/wp-content\/uploads\/2020\/01\/ocoerente-1.png","url":"https:\/\/ocoerente.com.br\/se\/wp-content\/uploads\/2020\/01\/ocoerente-1.png","contentUrl":"https:\/\/ocoerente.com.br\/se\/wp-content\/uploads\/2020\/01\/ocoerente-1.png","width":50,"height":50,"caption":"Reda\u00e7\u00e3o"},"logo":{"@id":"https:\/\/ocoerente.com.br\/se\/wp-content\/uploads\/2020\/01\/ocoerente-1.png"},"url":"https:\/\/ocoerente.com.br\/se\/author\/vasticlsales\/"}]}},"_links":{"self":[{"href":"https:\/\/ocoerente.com.br\/se\/wp-json\/wp\/v2\/posts\/7250","targetHints":{"allow":["GET"]}}],"collection":[{"href":"https:\/\/ocoerente.com.br\/se\/wp-json\/wp\/v2\/posts"}],"about":[{"href":"https:\/\/ocoerente.com.br\/se\/wp-json\/wp\/v2\/types\/post"}],"author":[{"embeddable":true,"href":"https:\/\/ocoerente.com.br\/se\/wp-json\/wp\/v2\/users\/1"}],"replies":[{"embeddable":true,"href":"https:\/\/ocoerente.com.br\/se\/wp-json\/wp\/v2\/comments?post=7250"}],"version-history":[{"count":1,"href":"https:\/\/ocoerente.com.br\/se\/wp-json\/wp\/v2\/posts\/7250\/revisions"}],"predecessor-version":[{"id":7252,"href":"https:\/\/ocoerente.com.br\/se\/wp-json\/wp\/v2\/posts\/7250\/revisions\/7252"}],"wp:featuredmedia":[{"embeddable":true,"href":"https:\/\/ocoerente.com.br\/se\/wp-json\/wp\/v2\/media\/7251"}],"wp:attachment":[{"href":"https:\/\/ocoerente.com.br\/se\/wp-json\/wp\/v2\/media?parent=7250"}],"wp:term":[{"taxonomy":"category","embeddable":true,"href":"https:\/\/ocoerente.com.br\/se\/wp-json\/wp\/v2\/categories?post=7250"},{"taxonomy":"post_tag","embeddable":true,"href":"https:\/\/ocoerente.com.br\/se\/wp-json\/wp\/v2\/tags?post=7250"}],"curies":[{"name":"wp","href":"https:\/\/api.w.org\/{rel}","templated":true}]}}