{"id":7205,"date":"2022-12-16T22:14:38","date_gmt":"2022-12-17T01:14:38","guid":{"rendered":"https:\/\/ocoerente.com.br\/se\/?p=7205"},"modified":"2022-12-16T23:18:53","modified_gmt":"2022-12-17T02:18:53","slug":"alessandro-vieira-e-o-unico-parlamentar-sergipano-que-votou-contra-o-orcamento-secreto","status":"publish","type":"post","link":"https:\/\/ocoerente.com.br\/se\/2022\/12\/16\/alessandro-vieira-e-o-unico-parlamentar-sergipano-que-votou-contra-o-orcamento-secreto\/","title":{"rendered":"Alessandro Vieira \u00e9 o \u00fanico parlamentar sergipano que votou CONTRA o Or\u00e7amento Secreto"},"content":{"rendered":"\n<p>Congresso aprovou projeto que muda mecanismo, mas mant\u00e9m falta de transpar\u00eancia<\/p>\n\n\n\n<p>O Congresso Nacional aprovou nesta sexta-feira (16) a resolu\u00e7\u00e3o que determina como ser\u00e1 a distribui\u00e7\u00e3o das chamadas emendas de relator, conhecidas como Or\u00e7amento Secreto. O senador Alessandro Vieira (PSDB-SE) votou CONTRA o Or\u00e7amento Secreto, considerado o maior mecanismo de corrup\u00e7\u00e3o do planeta. &#8220;O or\u00e7amento secreto desvia dinheiro p\u00fablico que deveria ser investido na popula\u00e7\u00e3o brasileira, em \u00e1reas essenciais, como sa\u00fade, seguran\u00e7a e educa\u00e7\u00e3o. Mas, na verdade, \u00e9 destinado de forma obscura, sem transpar\u00eancia, sem crit\u00e9rio.&#8221;<\/p>\n\n\n\n<p>O senador Alessandro destaca que o Congresso quer regulamentar aquilo que \u00e9 inconstitucional. &#8220;\u00c9 um projeto que n\u00e3o atende os princ\u00edpios constitucionais e n\u00e3o respeita a isonomia entre os parlamentares. Apresentei emendas para melhorar o texto, mas n\u00e3o foram acatadas pelo relator. Dessa forma, votei n\u00e3o a essa proposta que segue na linha contr\u00e1ria da decis\u00e3o da presidente do STF, ministra Rosa Weber, que votou pela inconstitucionalidade do mecanismo&#8221;, declarou.<\/p>\n\n\n\n<p>Alessandro Vieira foi o \u00fanico parlamentar de Sergipe a votar contra o or\u00e7amento secreto. O senador sergipano refor\u00e7a que o mecanismo conhecido como Or\u00e7amento Secreto \u00e9 uma apropria\u00e7\u00e3o inconstitucional de recursos p\u00fablicos por interesses privados. &#8220;Votei n\u00e3o ao projeto de resolu\u00e7\u00e3o que tenta regulamentar o Or\u00e7amento Secreto. Uma tentativa lament\u00e1vel de algumas lideran\u00e7as de manter um artif\u00edcio il\u00edcito no manejo do or\u00e7amento p\u00fablico. O dinheiro do cidad\u00e3o brasileiro permanecer\u00e1 nas m\u00e3os de caciques pol\u00edticos e n\u00e3o ter\u00e1 distribui\u00e7\u00e3o igualit\u00e1ria entre os parlamentares, criando categorias que hoje n\u00e3o existem&#8221;, pontua Alessandro.<\/p>\n\n\n\n<p>O &#8220;or\u00e7amento secreto&#8221; ficou conhecido desta maneira pela falta de transpar\u00eancia e pela disparidade na distribui\u00e7\u00e3o dos recursos. Em um ato, o relator-geral do Or\u00e7amento de cada ano pode encaminhar recursos para atender a demandas de senadores e deputados sem que os nomes dos parlamentares sejam p\u00fablicos.<\/p>\n\n\n\n<p>A resolu\u00e7\u00e3o aprovada pelo Congresso determina que a indica\u00e7\u00e3o da verba passar\u00e1 a ser dividida da seguinte forma: 80% ser\u00e3o destinados a indica\u00e7\u00f5es dos partidos pol\u00edticos, de acordo com o tamanho das bancadas (23,33% para senadores; e 56,66% para deputados); 15% ser\u00e3o destinados para a c\u00fapula do Congresso (presid\u00eancia do Senado: 7,5%; presid\u00eancia da C\u00e2mara: 7,5%); 5% ser\u00e3o divididos entre o presidente e o relator da Comiss\u00e3o Mista de Or\u00e7amento (o texto n\u00e3o define o percentual para cada um).<\/p>\n\n\n\n<p>O texto, contudo, n\u00e3o estabelece regras claras sobre como os recursos ser\u00e3o divididos entre os parlamentares \u2013 caber\u00e1 ao l\u00edder de cada legenda fazer a divis\u00e3o. Pela resolu\u00e7\u00e3o, ao menos 50% dos recursos dever\u00e3o ser aplicados nas \u00e1reas de sa\u00fade, educa\u00e7\u00e3o e assist\u00eancia social. O Or\u00e7amento da Uni\u00e3o tem R$ 19,4 bilh\u00f5es para as emendas de relator em 2023. &#8220;Apesar do projeto ter sido aprovado, reitero que vamos continuar lutando contra a exist\u00eancia desse mecanismo corrupto de desvio de dinheiro p\u00fablico&#8221; ressalta o senador Alessandro.<\/p>\n","protected":false},"excerpt":{"rendered":"<p>Congresso aprovou projeto que muda mecanismo, mas mant\u00e9m falta de transpar\u00eancia O Congresso Nacional aprovou nesta sexta-feira (16) a resolu\u00e7\u00e3o que determina como ser\u00e1 a distribui\u00e7\u00e3o das chamadas emendas de relator, conhecidas como Or\u00e7amento Secreto. O senador Alessandro Vieira (PSDB-SE) votou CONTRA o Or\u00e7amento Secreto, considerado o maior mecanismo de corrup\u00e7\u00e3o do planeta. &#8220;O or\u00e7amento [&hellip;]<\/p>\n","protected":false},"author":1,"featured_media":7206,"comment_status":"closed","ping_status":"closed","sticky":false,"template":"","format":"standard","meta":{"footnotes":""},"categories":[48,53,44],"tags":[],"class_list":["post-7205","post","type-post","status-publish","format-standard","has-post-thumbnail","hentry","category-brasil","category-destaques","category-politica"],"yoast_head":"<!-- This site is optimized with the Yoast SEO plugin v27.4 - https:\/\/yoast.com\/product\/yoast-seo-wordpress\/ -->\n<title>Alessandro Vieira \u00e9 o \u00fanico parlamentar sergipano que votou CONTRA o Or\u00e7amento Secreto - O Coerente<\/title>\n<meta name=\"robots\" content=\"index, follow, max-snippet:-1, max-image-preview:large, max-video-preview:-1\" \/>\n<link rel=\"canonical\" href=\"https:\/\/ocoerente.com.br\/se\/2022\/12\/16\/alessandro-vieira-e-o-unico-parlamentar-sergipano-que-votou-contra-o-orcamento-secreto\/\" \/>\n<meta property=\"og:locale\" content=\"pt_BR\" \/>\n<meta property=\"og:type\" content=\"article\" \/>\n<meta property=\"og:title\" content=\"Alessandro Vieira \u00e9 o \u00fanico parlamentar sergipano que votou CONTRA o Or\u00e7amento Secreto - O Coerente\" \/>\n<meta property=\"og:description\" content=\"Congresso aprovou projeto que muda mecanismo, mas mant\u00e9m falta de transpar\u00eancia O Congresso Nacional aprovou nesta sexta-feira (16) a resolu\u00e7\u00e3o que determina como ser\u00e1 a distribui\u00e7\u00e3o das chamadas emendas de relator, conhecidas como Or\u00e7amento Secreto. O senador Alessandro Vieira (PSDB-SE) votou CONTRA o Or\u00e7amento Secreto, considerado o maior mecanismo de corrup\u00e7\u00e3o do planeta. &#8220;O or\u00e7amento [&hellip;]\" \/>\n<meta property=\"og:url\" content=\"https:\/\/ocoerente.com.br\/se\/2022\/12\/16\/alessandro-vieira-e-o-unico-parlamentar-sergipano-que-votou-contra-o-orcamento-secreto\/\" \/>\n<meta property=\"og:site_name\" content=\"O Coerente\" \/>\n<meta property=\"article:published_time\" content=\"2022-12-17T01:14:38+00:00\" \/>\n<meta property=\"article:modified_time\" content=\"2022-12-17T02:18:53+00:00\" \/>\n<meta property=\"og:image\" content=\"https:\/\/ocoerente.com.br\/se\/wp-content\/uploads\/2022\/12\/aleeeeeexxxxaaa.jpg\" \/>\n\t<meta property=\"og:image:width\" content=\"1280\" \/>\n\t<meta property=\"og:image:height\" content=\"853\" \/>\n\t<meta property=\"og:image:type\" content=\"image\/jpeg\" \/>\n<meta name=\"author\" content=\"Reda\u00e7\u00e3o\" \/>\n<meta name=\"twitter:card\" content=\"summary_large_image\" \/>\n<meta name=\"twitter:label1\" content=\"Escrito por\" \/>\n\t<meta name=\"twitter:data1\" content=\"Reda\u00e7\u00e3o\" \/>\n\t<meta name=\"twitter:label2\" content=\"Est. tempo de leitura\" \/>\n\t<meta name=\"twitter:data2\" content=\"3 minutos\" \/>\n<script type=\"application\/ld+json\" class=\"yoast-schema-graph\">{\"@context\":\"https:\\\/\\\/schema.org\",\"@graph\":[{\"@type\":\"Article\",\"@id\":\"https:\\\/\\\/ocoerente.com.br\\\/se\\\/2022\\\/12\\\/16\\\/alessandro-vieira-e-o-unico-parlamentar-sergipano-que-votou-contra-o-orcamento-secreto\\\/#article\",\"isPartOf\":{\"@id\":\"https:\\\/\\\/ocoerente.com.br\\\/se\\\/2022\\\/12\\\/16\\\/alessandro-vieira-e-o-unico-parlamentar-sergipano-que-votou-contra-o-orcamento-secreto\\\/\"},\"author\":{\"name\":\"Reda\u00e7\u00e3o\",\"@id\":\"https:\\\/\\\/ocoerente.com.br\\\/se\\\/#\\\/schema\\\/person\\\/cc6bfd9fbca465e23543b0c963d8d037\"},\"headline\":\"Alessandro Vieira \u00e9 o \u00fanico parlamentar sergipano que votou CONTRA o Or\u00e7amento Secreto\",\"datePublished\":\"2022-12-17T01:14:38+00:00\",\"dateModified\":\"2022-12-17T02:18:53+00:00\",\"mainEntityOfPage\":{\"@id\":\"https:\\\/\\\/ocoerente.com.br\\\/se\\\/2022\\\/12\\\/16\\\/alessandro-vieira-e-o-unico-parlamentar-sergipano-que-votou-contra-o-orcamento-secreto\\\/\"},\"wordCount\":530,\"publisher\":{\"@id\":\"https:\\\/\\\/ocoerente.com.br\\\/se\\\/#\\\/schema\\\/person\\\/cc6bfd9fbca465e23543b0c963d8d037\"},\"image\":{\"@id\":\"https:\\\/\\\/ocoerente.com.br\\\/se\\\/2022\\\/12\\\/16\\\/alessandro-vieira-e-o-unico-parlamentar-sergipano-que-votou-contra-o-orcamento-secreto\\\/#primaryimage\"},\"thumbnailUrl\":\"https:\\\/\\\/ocoerente.com.br\\\/se\\\/wp-content\\\/uploads\\\/2022\\\/12\\\/aleeeeeexxxxaaa.jpg\",\"articleSection\":[\"Brasil\",\"Destaques\",\"Pol\u00edtica\"],\"inLanguage\":\"pt-BR\"},{\"@type\":\"WebPage\",\"@id\":\"https:\\\/\\\/ocoerente.com.br\\\/se\\\/2022\\\/12\\\/16\\\/alessandro-vieira-e-o-unico-parlamentar-sergipano-que-votou-contra-o-orcamento-secreto\\\/\",\"url\":\"https:\\\/\\\/ocoerente.com.br\\\/se\\\/2022\\\/12\\\/16\\\/alessandro-vieira-e-o-unico-parlamentar-sergipano-que-votou-contra-o-orcamento-secreto\\\/\",\"name\":\"Alessandro Vieira \u00e9 o \u00fanico parlamentar sergipano que votou CONTRA o Or\u00e7amento Secreto - O Coerente\",\"isPartOf\":{\"@id\":\"https:\\\/\\\/ocoerente.com.br\\\/se\\\/#website\"},\"primaryImageOfPage\":{\"@id\":\"https:\\\/\\\/ocoerente.com.br\\\/se\\\/2022\\\/12\\\/16\\\/alessandro-vieira-e-o-unico-parlamentar-sergipano-que-votou-contra-o-orcamento-secreto\\\/#primaryimage\"},\"image\":{\"@id\":\"https:\\\/\\\/ocoerente.com.br\\\/se\\\/2022\\\/12\\\/16\\\/alessandro-vieira-e-o-unico-parlamentar-sergipano-que-votou-contra-o-orcamento-secreto\\\/#primaryimage\"},\"thumbnailUrl\":\"https:\\\/\\\/ocoerente.com.br\\\/se\\\/wp-content\\\/uploads\\\/2022\\\/12\\\/aleeeeeexxxxaaa.jpg\",\"datePublished\":\"2022-12-17T01:14:38+00:00\",\"dateModified\":\"2022-12-17T02:18:53+00:00\",\"breadcrumb\":{\"@id\":\"https:\\\/\\\/ocoerente.com.br\\\/se\\\/2022\\\/12\\\/16\\\/alessandro-vieira-e-o-unico-parlamentar-sergipano-que-votou-contra-o-orcamento-secreto\\\/#breadcrumb\"},\"inLanguage\":\"pt-BR\",\"potentialAction\":[{\"@type\":\"ReadAction\",\"target\":[\"https:\\\/\\\/ocoerente.com.br\\\/se\\\/2022\\\/12\\\/16\\\/alessandro-vieira-e-o-unico-parlamentar-sergipano-que-votou-contra-o-orcamento-secreto\\\/\"]}]},{\"@type\":\"ImageObject\",\"inLanguage\":\"pt-BR\",\"@id\":\"https:\\\/\\\/ocoerente.com.br\\\/se\\\/2022\\\/12\\\/16\\\/alessandro-vieira-e-o-unico-parlamentar-sergipano-que-votou-contra-o-orcamento-secreto\\\/#primaryimage\",\"url\":\"https:\\\/\\\/ocoerente.com.br\\\/se\\\/wp-content\\\/uploads\\\/2022\\\/12\\\/aleeeeeexxxxaaa.jpg\",\"contentUrl\":\"https:\\\/\\\/ocoerente.com.br\\\/se\\\/wp-content\\\/uploads\\\/2022\\\/12\\\/aleeeeeexxxxaaa.jpg\",\"width\":1280,\"height\":853},{\"@type\":\"BreadcrumbList\",\"@id\":\"https:\\\/\\\/ocoerente.com.br\\\/se\\\/2022\\\/12\\\/16\\\/alessandro-vieira-e-o-unico-parlamentar-sergipano-que-votou-contra-o-orcamento-secreto\\\/#breadcrumb\",\"itemListElement\":[{\"@type\":\"ListItem\",\"position\":1,\"name\":\"In\u00edcio\",\"item\":\"https:\\\/\\\/ocoerente.com.br\\\/se\\\/\"},{\"@type\":\"ListItem\",\"position\":2,\"name\":\"Alessandro Vieira \u00e9 o \u00fanico parlamentar sergipano que votou CONTRA o Or\u00e7amento Secreto\"}]},{\"@type\":\"WebSite\",\"@id\":\"https:\\\/\\\/ocoerente.com.br\\\/se\\\/#website\",\"url\":\"https:\\\/\\\/ocoerente.com.br\\\/se\\\/\",\"name\":\"O Coerente\",\"description\":\"\",\"publisher\":{\"@id\":\"https:\\\/\\\/ocoerente.com.br\\\/se\\\/#\\\/schema\\\/person\\\/cc6bfd9fbca465e23543b0c963d8d037\"},\"potentialAction\":[{\"@type\":\"SearchAction\",\"target\":{\"@type\":\"EntryPoint\",\"urlTemplate\":\"https:\\\/\\\/ocoerente.com.br\\\/se\\\/?s={search_term_string}\"},\"query-input\":{\"@type\":\"PropertyValueSpecification\",\"valueRequired\":true,\"valueName\":\"search_term_string\"}}],\"inLanguage\":\"pt-BR\"},{\"@type\":[\"Person\",\"Organization\"],\"@id\":\"https:\\\/\\\/ocoerente.com.br\\\/se\\\/#\\\/schema\\\/person\\\/cc6bfd9fbca465e23543b0c963d8d037\",\"name\":\"Reda\u00e7\u00e3o\",\"image\":{\"@type\":\"ImageObject\",\"inLanguage\":\"pt-BR\",\"@id\":\"https:\\\/\\\/ocoerente.com.br\\\/se\\\/wp-content\\\/uploads\\\/2020\\\/01\\\/ocoerente-1.png\",\"url\":\"https:\\\/\\\/ocoerente.com.br\\\/se\\\/wp-content\\\/uploads\\\/2020\\\/01\\\/ocoerente-1.png\",\"contentUrl\":\"https:\\\/\\\/ocoerente.com.br\\\/se\\\/wp-content\\\/uploads\\\/2020\\\/01\\\/ocoerente-1.png\",\"width\":50,\"height\":50,\"caption\":\"Reda\u00e7\u00e3o\"},\"logo\":{\"@id\":\"https:\\\/\\\/ocoerente.com.br\\\/se\\\/wp-content\\\/uploads\\\/2020\\\/01\\\/ocoerente-1.png\"},\"url\":\"https:\\\/\\\/ocoerente.com.br\\\/se\\\/author\\\/vasticlsales\\\/\"}]}<\/script>\n<!-- \/ Yoast SEO plugin. -->","yoast_head_json":{"title":"Alessandro Vieira \u00e9 o \u00fanico parlamentar sergipano que votou CONTRA o Or\u00e7amento Secreto - O Coerente","robots":{"index":"index","follow":"follow","max-snippet":"max-snippet:-1","max-image-preview":"max-image-preview:large","max-video-preview":"max-video-preview:-1"},"canonical":"https:\/\/ocoerente.com.br\/se\/2022\/12\/16\/alessandro-vieira-e-o-unico-parlamentar-sergipano-que-votou-contra-o-orcamento-secreto\/","og_locale":"pt_BR","og_type":"article","og_title":"Alessandro Vieira \u00e9 o \u00fanico parlamentar sergipano que votou CONTRA o Or\u00e7amento Secreto - O Coerente","og_description":"Congresso aprovou projeto que muda mecanismo, mas mant\u00e9m falta de transpar\u00eancia O Congresso Nacional aprovou nesta sexta-feira (16) a resolu\u00e7\u00e3o que determina como ser\u00e1 a distribui\u00e7\u00e3o das chamadas emendas de relator, conhecidas como Or\u00e7amento Secreto. O senador Alessandro Vieira (PSDB-SE) votou CONTRA o Or\u00e7amento Secreto, considerado o maior mecanismo de corrup\u00e7\u00e3o do planeta. &#8220;O or\u00e7amento [&hellip;]","og_url":"https:\/\/ocoerente.com.br\/se\/2022\/12\/16\/alessandro-vieira-e-o-unico-parlamentar-sergipano-que-votou-contra-o-orcamento-secreto\/","og_site_name":"O Coerente","article_published_time":"2022-12-17T01:14:38+00:00","article_modified_time":"2022-12-17T02:18:53+00:00","og_image":[{"width":1280,"height":853,"url":"https:\/\/ocoerente.com.br\/se\/wp-content\/uploads\/2022\/12\/aleeeeeexxxxaaa.jpg","type":"image\/jpeg"}],"author":"Reda\u00e7\u00e3o","twitter_card":"summary_large_image","twitter_misc":{"Escrito por":"Reda\u00e7\u00e3o","Est. tempo de leitura":"3 minutos"},"schema":{"@context":"https:\/\/schema.org","@graph":[{"@type":"Article","@id":"https:\/\/ocoerente.com.br\/se\/2022\/12\/16\/alessandro-vieira-e-o-unico-parlamentar-sergipano-que-votou-contra-o-orcamento-secreto\/#article","isPartOf":{"@id":"https:\/\/ocoerente.com.br\/se\/2022\/12\/16\/alessandro-vieira-e-o-unico-parlamentar-sergipano-que-votou-contra-o-orcamento-secreto\/"},"author":{"name":"Reda\u00e7\u00e3o","@id":"https:\/\/ocoerente.com.br\/se\/#\/schema\/person\/cc6bfd9fbca465e23543b0c963d8d037"},"headline":"Alessandro Vieira \u00e9 o \u00fanico parlamentar sergipano que votou CONTRA o Or\u00e7amento Secreto","datePublished":"2022-12-17T01:14:38+00:00","dateModified":"2022-12-17T02:18:53+00:00","mainEntityOfPage":{"@id":"https:\/\/ocoerente.com.br\/se\/2022\/12\/16\/alessandro-vieira-e-o-unico-parlamentar-sergipano-que-votou-contra-o-orcamento-secreto\/"},"wordCount":530,"publisher":{"@id":"https:\/\/ocoerente.com.br\/se\/#\/schema\/person\/cc6bfd9fbca465e23543b0c963d8d037"},"image":{"@id":"https:\/\/ocoerente.com.br\/se\/2022\/12\/16\/alessandro-vieira-e-o-unico-parlamentar-sergipano-que-votou-contra-o-orcamento-secreto\/#primaryimage"},"thumbnailUrl":"https:\/\/ocoerente.com.br\/se\/wp-content\/uploads\/2022\/12\/aleeeeeexxxxaaa.jpg","articleSection":["Brasil","Destaques","Pol\u00edtica"],"inLanguage":"pt-BR"},{"@type":"WebPage","@id":"https:\/\/ocoerente.com.br\/se\/2022\/12\/16\/alessandro-vieira-e-o-unico-parlamentar-sergipano-que-votou-contra-o-orcamento-secreto\/","url":"https:\/\/ocoerente.com.br\/se\/2022\/12\/16\/alessandro-vieira-e-o-unico-parlamentar-sergipano-que-votou-contra-o-orcamento-secreto\/","name":"Alessandro Vieira \u00e9 o \u00fanico parlamentar sergipano que votou CONTRA o Or\u00e7amento Secreto - O Coerente","isPartOf":{"@id":"https:\/\/ocoerente.com.br\/se\/#website"},"primaryImageOfPage":{"@id":"https:\/\/ocoerente.com.br\/se\/2022\/12\/16\/alessandro-vieira-e-o-unico-parlamentar-sergipano-que-votou-contra-o-orcamento-secreto\/#primaryimage"},"image":{"@id":"https:\/\/ocoerente.com.br\/se\/2022\/12\/16\/alessandro-vieira-e-o-unico-parlamentar-sergipano-que-votou-contra-o-orcamento-secreto\/#primaryimage"},"thumbnailUrl":"https:\/\/ocoerente.com.br\/se\/wp-content\/uploads\/2022\/12\/aleeeeeexxxxaaa.jpg","datePublished":"2022-12-17T01:14:38+00:00","dateModified":"2022-12-17T02:18:53+00:00","breadcrumb":{"@id":"https:\/\/ocoerente.com.br\/se\/2022\/12\/16\/alessandro-vieira-e-o-unico-parlamentar-sergipano-que-votou-contra-o-orcamento-secreto\/#breadcrumb"},"inLanguage":"pt-BR","potentialAction":[{"@type":"ReadAction","target":["https:\/\/ocoerente.com.br\/se\/2022\/12\/16\/alessandro-vieira-e-o-unico-parlamentar-sergipano-que-votou-contra-o-orcamento-secreto\/"]}]},{"@type":"ImageObject","inLanguage":"pt-BR","@id":"https:\/\/ocoerente.com.br\/se\/2022\/12\/16\/alessandro-vieira-e-o-unico-parlamentar-sergipano-que-votou-contra-o-orcamento-secreto\/#primaryimage","url":"https:\/\/ocoerente.com.br\/se\/wp-content\/uploads\/2022\/12\/aleeeeeexxxxaaa.jpg","contentUrl":"https:\/\/ocoerente.com.br\/se\/wp-content\/uploads\/2022\/12\/aleeeeeexxxxaaa.jpg","width":1280,"height":853},{"@type":"BreadcrumbList","@id":"https:\/\/ocoerente.com.br\/se\/2022\/12\/16\/alessandro-vieira-e-o-unico-parlamentar-sergipano-que-votou-contra-o-orcamento-secreto\/#breadcrumb","itemListElement":[{"@type":"ListItem","position":1,"name":"In\u00edcio","item":"https:\/\/ocoerente.com.br\/se\/"},{"@type":"ListItem","position":2,"name":"Alessandro Vieira \u00e9 o \u00fanico parlamentar sergipano que votou CONTRA o Or\u00e7amento Secreto"}]},{"@type":"WebSite","@id":"https:\/\/ocoerente.com.br\/se\/#website","url":"https:\/\/ocoerente.com.br\/se\/","name":"O Coerente","description":"","publisher":{"@id":"https:\/\/ocoerente.com.br\/se\/#\/schema\/person\/cc6bfd9fbca465e23543b0c963d8d037"},"potentialAction":[{"@type":"SearchAction","target":{"@type":"EntryPoint","urlTemplate":"https:\/\/ocoerente.com.br\/se\/?s={search_term_string}"},"query-input":{"@type":"PropertyValueSpecification","valueRequired":true,"valueName":"search_term_string"}}],"inLanguage":"pt-BR"},{"@type":["Person","Organization"],"@id":"https:\/\/ocoerente.com.br\/se\/#\/schema\/person\/cc6bfd9fbca465e23543b0c963d8d037","name":"Reda\u00e7\u00e3o","image":{"@type":"ImageObject","inLanguage":"pt-BR","@id":"https:\/\/ocoerente.com.br\/se\/wp-content\/uploads\/2020\/01\/ocoerente-1.png","url":"https:\/\/ocoerente.com.br\/se\/wp-content\/uploads\/2020\/01\/ocoerente-1.png","contentUrl":"https:\/\/ocoerente.com.br\/se\/wp-content\/uploads\/2020\/01\/ocoerente-1.png","width":50,"height":50,"caption":"Reda\u00e7\u00e3o"},"logo":{"@id":"https:\/\/ocoerente.com.br\/se\/wp-content\/uploads\/2020\/01\/ocoerente-1.png"},"url":"https:\/\/ocoerente.com.br\/se\/author\/vasticlsales\/"}]}},"_links":{"self":[{"href":"https:\/\/ocoerente.com.br\/se\/wp-json\/wp\/v2\/posts\/7205","targetHints":{"allow":["GET"]}}],"collection":[{"href":"https:\/\/ocoerente.com.br\/se\/wp-json\/wp\/v2\/posts"}],"about":[{"href":"https:\/\/ocoerente.com.br\/se\/wp-json\/wp\/v2\/types\/post"}],"author":[{"embeddable":true,"href":"https:\/\/ocoerente.com.br\/se\/wp-json\/wp\/v2\/users\/1"}],"replies":[{"embeddable":true,"href":"https:\/\/ocoerente.com.br\/se\/wp-json\/wp\/v2\/comments?post=7205"}],"version-history":[{"count":1,"href":"https:\/\/ocoerente.com.br\/se\/wp-json\/wp\/v2\/posts\/7205\/revisions"}],"predecessor-version":[{"id":7207,"href":"https:\/\/ocoerente.com.br\/se\/wp-json\/wp\/v2\/posts\/7205\/revisions\/7207"}],"wp:featuredmedia":[{"embeddable":true,"href":"https:\/\/ocoerente.com.br\/se\/wp-json\/wp\/v2\/media\/7206"}],"wp:attachment":[{"href":"https:\/\/ocoerente.com.br\/se\/wp-json\/wp\/v2\/media?parent=7205"}],"wp:term":[{"taxonomy":"category","embeddable":true,"href":"https:\/\/ocoerente.com.br\/se\/wp-json\/wp\/v2\/categories?post=7205"},{"taxonomy":"post_tag","embeddable":true,"href":"https:\/\/ocoerente.com.br\/se\/wp-json\/wp\/v2\/tags?post=7205"}],"curies":[{"name":"wp","href":"https:\/\/api.w.org\/{rel}","templated":true}]}}