{"id":6392,"date":"2022-06-12T04:21:32","date_gmt":"2022-06-12T07:21:32","guid":{"rendered":"https:\/\/ocoerente.com.br\/se\/?p=6392"},"modified":"2022-06-12T04:21:33","modified_gmt":"2022-06-12T07:21:33","slug":"machado-participa-da-abertura-da-festa-dos-caminhoneiros-2022","status":"publish","type":"post","link":"https:\/\/ocoerente.com.br\/se\/2022\/06\/12\/machado-participa-da-abertura-da-festa-dos-caminhoneiros-2022\/","title":{"rendered":"Machado participa da abertura da Festa dos Caminhoneiros 2022"},"content":{"rendered":"\n<p>Na \u00faltima noite da quinta-feira (09), o pr\u00e9-candidato a deputado estadual, Jos\u00e9 Carlos Machado, esteve em Itabaiana para a abertura oficial da Festa dos Caminhoneiros, festa que teve sua primeira edi\u00e7\u00e3o no ano de 1966, idealizada por Ant\u00f4nio Francisco da Cunha, conhecido por Rolopeu.<\/p>\n\n\n\n<p>Com mais de 50 anos de festas e v\u00e1rias apresenta\u00e7\u00f5es, a capital do caminh\u00e3o, que assim passou a ser chamada, tornou-se tradi\u00e7\u00e3o no cen\u00e1rio nacional, recebendo todos os anos caminhoneiros e turistas de todas as cidades e estados.<\/p>\n\n\n\n<p>&#8220;Sou itabaianense, eu vi nascer a festa dos caminhoneiros, e para mim, \u00e9 uma forma de reconhecimento ir ao evento, pois \u00e9 uma oportunidade de rever velhos amigos, al\u00e9m de enaltecer a import\u00e2ncia do caminhoneiro para a economia de Sergipe e de Itabaiana&#8221;, ressalta Machado.<\/p>\n\n\n\n<p>O pr\u00e9- candidato ainda frisa uma curiosidade importante da regi\u00e3o, \u00e9 cidade que mais possui caminh\u00f5es proporcionalmente. &#8220;Se cada caminh\u00e3o levasse 20 pessoas, a cidade inteira caberia em seus caminh\u00f5es&#8221;, finaliza.<\/p>\n\n\n\n<p>A Festa \u00e9 uma homenagem aos caminhoneiros e itabaianenses que impulsionam a economia do estado, n\u00e3o s\u00f3 pelo fato da quantidade de caminh\u00f5es que carregam todos os dias carradas de cebolas e outros mantimentos, ou o com\u00e9rcio que brota em qualquer lugar, mas pela garra que todos t\u00eam.<\/p>\n\n\n\n<p><\/p>\n","protected":false},"excerpt":{"rendered":"<p>Na \u00faltima noite da quinta-feira (09), o pr\u00e9-candidato a deputado estadual, Jos\u00e9 Carlos Machado, esteve em Itabaiana para a abertura oficial da Festa dos Caminhoneiros, festa que teve sua primeira edi\u00e7\u00e3o no ano de 1966, idealizada por Ant\u00f4nio Francisco da Cunha, conhecido por Rolopeu. Com mais de 50 anos de festas e v\u00e1rias apresenta\u00e7\u00f5es, a [&hellip;]<\/p>\n","protected":false},"author":1,"featured_media":6393,"comment_status":"closed","ping_status":"closed","sticky":false,"template":"","format":"standard","meta":{"footnotes":""},"categories":[53,43],"tags":[],"class_list":["post-6392","post","type-post","status-publish","format-standard","has-post-thumbnail","hentry","category-destaques","category-sergipe"],"yoast_head":"<!-- This site is optimized with the Yoast SEO plugin v27.4 - https:\/\/yoast.com\/product\/yoast-seo-wordpress\/ -->\n<title>Machado participa da abertura da Festa dos Caminhoneiros 2022 - O Coerente<\/title>\n<meta name=\"robots\" content=\"index, follow, max-snippet:-1, max-image-preview:large, max-video-preview:-1\" \/>\n<link rel=\"canonical\" href=\"https:\/\/ocoerente.com.br\/se\/2022\/06\/12\/machado-participa-da-abertura-da-festa-dos-caminhoneiros-2022\/\" \/>\n<meta property=\"og:locale\" content=\"pt_BR\" \/>\n<meta property=\"og:type\" content=\"article\" \/>\n<meta property=\"og:title\" content=\"Machado participa da abertura da Festa dos Caminhoneiros 2022 - O Coerente\" \/>\n<meta property=\"og:description\" content=\"Na \u00faltima noite da quinta-feira (09), o pr\u00e9-candidato a deputado estadual, Jos\u00e9 Carlos Machado, esteve em Itabaiana para a abertura oficial da Festa dos Caminhoneiros, festa que teve sua primeira edi\u00e7\u00e3o no ano de 1966, idealizada por Ant\u00f4nio Francisco da Cunha, conhecido por Rolopeu. Com mais de 50 anos de festas e v\u00e1rias apresenta\u00e7\u00f5es, a [&hellip;]\" \/>\n<meta property=\"og:url\" content=\"https:\/\/ocoerente.com.br\/se\/2022\/06\/12\/machado-participa-da-abertura-da-festa-dos-caminhoneiros-2022\/\" \/>\n<meta property=\"og:site_name\" content=\"O Coerente\" \/>\n<meta property=\"article:published_time\" content=\"2022-06-12T07:21:32+00:00\" \/>\n<meta property=\"article:modified_time\" content=\"2022-06-12T07:21:33+00:00\" \/>\n<meta property=\"og:image\" content=\"https:\/\/ocoerente.com.br\/se\/wp-content\/uploads\/2022\/06\/machaaaa.jpg\" \/>\n\t<meta property=\"og:image:width\" content=\"1080\" \/>\n\t<meta property=\"og:image:height\" content=\"810\" \/>\n\t<meta property=\"og:image:type\" content=\"image\/jpeg\" \/>\n<meta name=\"author\" content=\"Reda\u00e7\u00e3o\" \/>\n<meta name=\"twitter:card\" content=\"summary_large_image\" \/>\n<meta name=\"twitter:label1\" content=\"Escrito por\" \/>\n\t<meta name=\"twitter:data1\" content=\"Reda\u00e7\u00e3o\" \/>\n\t<meta name=\"twitter:label2\" content=\"Est. tempo de leitura\" \/>\n\t<meta name=\"twitter:data2\" content=\"2 minutos\" \/>\n<script type=\"application\/ld+json\" class=\"yoast-schema-graph\">{\"@context\":\"https:\\\/\\\/schema.org\",\"@graph\":[{\"@type\":\"Article\",\"@id\":\"https:\\\/\\\/ocoerente.com.br\\\/se\\\/2022\\\/06\\\/12\\\/machado-participa-da-abertura-da-festa-dos-caminhoneiros-2022\\\/#article\",\"isPartOf\":{\"@id\":\"https:\\\/\\\/ocoerente.com.br\\\/se\\\/2022\\\/06\\\/12\\\/machado-participa-da-abertura-da-festa-dos-caminhoneiros-2022\\\/\"},\"author\":{\"name\":\"Reda\u00e7\u00e3o\",\"@id\":\"https:\\\/\\\/ocoerente.com.br\\\/se\\\/#\\\/schema\\\/person\\\/cc6bfd9fbca465e23543b0c963d8d037\"},\"headline\":\"Machado participa da abertura da Festa dos Caminhoneiros 2022\",\"datePublished\":\"2022-06-12T07:21:32+00:00\",\"dateModified\":\"2022-06-12T07:21:33+00:00\",\"mainEntityOfPage\":{\"@id\":\"https:\\\/\\\/ocoerente.com.br\\\/se\\\/2022\\\/06\\\/12\\\/machado-participa-da-abertura-da-festa-dos-caminhoneiros-2022\\\/\"},\"wordCount\":225,\"publisher\":{\"@id\":\"https:\\\/\\\/ocoerente.com.br\\\/se\\\/#\\\/schema\\\/person\\\/cc6bfd9fbca465e23543b0c963d8d037\"},\"image\":{\"@id\":\"https:\\\/\\\/ocoerente.com.br\\\/se\\\/2022\\\/06\\\/12\\\/machado-participa-da-abertura-da-festa-dos-caminhoneiros-2022\\\/#primaryimage\"},\"thumbnailUrl\":\"https:\\\/\\\/ocoerente.com.br\\\/se\\\/wp-content\\\/uploads\\\/2022\\\/06\\\/machaaaa.jpg\",\"articleSection\":[\"Destaques\",\"Sergipe\"],\"inLanguage\":\"pt-BR\"},{\"@type\":\"WebPage\",\"@id\":\"https:\\\/\\\/ocoerente.com.br\\\/se\\\/2022\\\/06\\\/12\\\/machado-participa-da-abertura-da-festa-dos-caminhoneiros-2022\\\/\",\"url\":\"https:\\\/\\\/ocoerente.com.br\\\/se\\\/2022\\\/06\\\/12\\\/machado-participa-da-abertura-da-festa-dos-caminhoneiros-2022\\\/\",\"name\":\"Machado participa da abertura da Festa dos Caminhoneiros 2022 - O Coerente\",\"isPartOf\":{\"@id\":\"https:\\\/\\\/ocoerente.com.br\\\/se\\\/#website\"},\"primaryImageOfPage\":{\"@id\":\"https:\\\/\\\/ocoerente.com.br\\\/se\\\/2022\\\/06\\\/12\\\/machado-participa-da-abertura-da-festa-dos-caminhoneiros-2022\\\/#primaryimage\"},\"image\":{\"@id\":\"https:\\\/\\\/ocoerente.com.br\\\/se\\\/2022\\\/06\\\/12\\\/machado-participa-da-abertura-da-festa-dos-caminhoneiros-2022\\\/#primaryimage\"},\"thumbnailUrl\":\"https:\\\/\\\/ocoerente.com.br\\\/se\\\/wp-content\\\/uploads\\\/2022\\\/06\\\/machaaaa.jpg\",\"datePublished\":\"2022-06-12T07:21:32+00:00\",\"dateModified\":\"2022-06-12T07:21:33+00:00\",\"breadcrumb\":{\"@id\":\"https:\\\/\\\/ocoerente.com.br\\\/se\\\/2022\\\/06\\\/12\\\/machado-participa-da-abertura-da-festa-dos-caminhoneiros-2022\\\/#breadcrumb\"},\"inLanguage\":\"pt-BR\",\"potentialAction\":[{\"@type\":\"ReadAction\",\"target\":[\"https:\\\/\\\/ocoerente.com.br\\\/se\\\/2022\\\/06\\\/12\\\/machado-participa-da-abertura-da-festa-dos-caminhoneiros-2022\\\/\"]}]},{\"@type\":\"ImageObject\",\"inLanguage\":\"pt-BR\",\"@id\":\"https:\\\/\\\/ocoerente.com.br\\\/se\\\/2022\\\/06\\\/12\\\/machado-participa-da-abertura-da-festa-dos-caminhoneiros-2022\\\/#primaryimage\",\"url\":\"https:\\\/\\\/ocoerente.com.br\\\/se\\\/wp-content\\\/uploads\\\/2022\\\/06\\\/machaaaa.jpg\",\"contentUrl\":\"https:\\\/\\\/ocoerente.com.br\\\/se\\\/wp-content\\\/uploads\\\/2022\\\/06\\\/machaaaa.jpg\",\"width\":1080,\"height\":810},{\"@type\":\"BreadcrumbList\",\"@id\":\"https:\\\/\\\/ocoerente.com.br\\\/se\\\/2022\\\/06\\\/12\\\/machado-participa-da-abertura-da-festa-dos-caminhoneiros-2022\\\/#breadcrumb\",\"itemListElement\":[{\"@type\":\"ListItem\",\"position\":1,\"name\":\"In\u00edcio\",\"item\":\"https:\\\/\\\/ocoerente.com.br\\\/se\\\/\"},{\"@type\":\"ListItem\",\"position\":2,\"name\":\"Machado participa da abertura da Festa dos Caminhoneiros 2022\"}]},{\"@type\":\"WebSite\",\"@id\":\"https:\\\/\\\/ocoerente.com.br\\\/se\\\/#website\",\"url\":\"https:\\\/\\\/ocoerente.com.br\\\/se\\\/\",\"name\":\"O Coerente\",\"description\":\"\",\"publisher\":{\"@id\":\"https:\\\/\\\/ocoerente.com.br\\\/se\\\/#\\\/schema\\\/person\\\/cc6bfd9fbca465e23543b0c963d8d037\"},\"potentialAction\":[{\"@type\":\"SearchAction\",\"target\":{\"@type\":\"EntryPoint\",\"urlTemplate\":\"https:\\\/\\\/ocoerente.com.br\\\/se\\\/?s={search_term_string}\"},\"query-input\":{\"@type\":\"PropertyValueSpecification\",\"valueRequired\":true,\"valueName\":\"search_term_string\"}}],\"inLanguage\":\"pt-BR\"},{\"@type\":[\"Person\",\"Organization\"],\"@id\":\"https:\\\/\\\/ocoerente.com.br\\\/se\\\/#\\\/schema\\\/person\\\/cc6bfd9fbca465e23543b0c963d8d037\",\"name\":\"Reda\u00e7\u00e3o\",\"image\":{\"@type\":\"ImageObject\",\"inLanguage\":\"pt-BR\",\"@id\":\"https:\\\/\\\/ocoerente.com.br\\\/se\\\/wp-content\\\/uploads\\\/2020\\\/01\\\/ocoerente-1.png\",\"url\":\"https:\\\/\\\/ocoerente.com.br\\\/se\\\/wp-content\\\/uploads\\\/2020\\\/01\\\/ocoerente-1.png\",\"contentUrl\":\"https:\\\/\\\/ocoerente.com.br\\\/se\\\/wp-content\\\/uploads\\\/2020\\\/01\\\/ocoerente-1.png\",\"width\":50,\"height\":50,\"caption\":\"Reda\u00e7\u00e3o\"},\"logo\":{\"@id\":\"https:\\\/\\\/ocoerente.com.br\\\/se\\\/wp-content\\\/uploads\\\/2020\\\/01\\\/ocoerente-1.png\"},\"url\":\"https:\\\/\\\/ocoerente.com.br\\\/se\\\/author\\\/vasticlsales\\\/\"}]}<\/script>\n<!-- \/ Yoast SEO plugin. -->","yoast_head_json":{"title":"Machado participa da abertura da Festa dos Caminhoneiros 2022 - O Coerente","robots":{"index":"index","follow":"follow","max-snippet":"max-snippet:-1","max-image-preview":"max-image-preview:large","max-video-preview":"max-video-preview:-1"},"canonical":"https:\/\/ocoerente.com.br\/se\/2022\/06\/12\/machado-participa-da-abertura-da-festa-dos-caminhoneiros-2022\/","og_locale":"pt_BR","og_type":"article","og_title":"Machado participa da abertura da Festa dos Caminhoneiros 2022 - O Coerente","og_description":"Na \u00faltima noite da quinta-feira (09), o pr\u00e9-candidato a deputado estadual, Jos\u00e9 Carlos Machado, esteve em Itabaiana para a abertura oficial da Festa dos Caminhoneiros, festa que teve sua primeira edi\u00e7\u00e3o no ano de 1966, idealizada por Ant\u00f4nio Francisco da Cunha, conhecido por Rolopeu. Com mais de 50 anos de festas e v\u00e1rias apresenta\u00e7\u00f5es, a [&hellip;]","og_url":"https:\/\/ocoerente.com.br\/se\/2022\/06\/12\/machado-participa-da-abertura-da-festa-dos-caminhoneiros-2022\/","og_site_name":"O Coerente","article_published_time":"2022-06-12T07:21:32+00:00","article_modified_time":"2022-06-12T07:21:33+00:00","og_image":[{"width":1080,"height":810,"url":"https:\/\/ocoerente.com.br\/se\/wp-content\/uploads\/2022\/06\/machaaaa.jpg","type":"image\/jpeg"}],"author":"Reda\u00e7\u00e3o","twitter_card":"summary_large_image","twitter_misc":{"Escrito por":"Reda\u00e7\u00e3o","Est. tempo de leitura":"2 minutos"},"schema":{"@context":"https:\/\/schema.org","@graph":[{"@type":"Article","@id":"https:\/\/ocoerente.com.br\/se\/2022\/06\/12\/machado-participa-da-abertura-da-festa-dos-caminhoneiros-2022\/#article","isPartOf":{"@id":"https:\/\/ocoerente.com.br\/se\/2022\/06\/12\/machado-participa-da-abertura-da-festa-dos-caminhoneiros-2022\/"},"author":{"name":"Reda\u00e7\u00e3o","@id":"https:\/\/ocoerente.com.br\/se\/#\/schema\/person\/cc6bfd9fbca465e23543b0c963d8d037"},"headline":"Machado participa da abertura da Festa dos Caminhoneiros 2022","datePublished":"2022-06-12T07:21:32+00:00","dateModified":"2022-06-12T07:21:33+00:00","mainEntityOfPage":{"@id":"https:\/\/ocoerente.com.br\/se\/2022\/06\/12\/machado-participa-da-abertura-da-festa-dos-caminhoneiros-2022\/"},"wordCount":225,"publisher":{"@id":"https:\/\/ocoerente.com.br\/se\/#\/schema\/person\/cc6bfd9fbca465e23543b0c963d8d037"},"image":{"@id":"https:\/\/ocoerente.com.br\/se\/2022\/06\/12\/machado-participa-da-abertura-da-festa-dos-caminhoneiros-2022\/#primaryimage"},"thumbnailUrl":"https:\/\/ocoerente.com.br\/se\/wp-content\/uploads\/2022\/06\/machaaaa.jpg","articleSection":["Destaques","Sergipe"],"inLanguage":"pt-BR"},{"@type":"WebPage","@id":"https:\/\/ocoerente.com.br\/se\/2022\/06\/12\/machado-participa-da-abertura-da-festa-dos-caminhoneiros-2022\/","url":"https:\/\/ocoerente.com.br\/se\/2022\/06\/12\/machado-participa-da-abertura-da-festa-dos-caminhoneiros-2022\/","name":"Machado participa da abertura da Festa dos Caminhoneiros 2022 - O Coerente","isPartOf":{"@id":"https:\/\/ocoerente.com.br\/se\/#website"},"primaryImageOfPage":{"@id":"https:\/\/ocoerente.com.br\/se\/2022\/06\/12\/machado-participa-da-abertura-da-festa-dos-caminhoneiros-2022\/#primaryimage"},"image":{"@id":"https:\/\/ocoerente.com.br\/se\/2022\/06\/12\/machado-participa-da-abertura-da-festa-dos-caminhoneiros-2022\/#primaryimage"},"thumbnailUrl":"https:\/\/ocoerente.com.br\/se\/wp-content\/uploads\/2022\/06\/machaaaa.jpg","datePublished":"2022-06-12T07:21:32+00:00","dateModified":"2022-06-12T07:21:33+00:00","breadcrumb":{"@id":"https:\/\/ocoerente.com.br\/se\/2022\/06\/12\/machado-participa-da-abertura-da-festa-dos-caminhoneiros-2022\/#breadcrumb"},"inLanguage":"pt-BR","potentialAction":[{"@type":"ReadAction","target":["https:\/\/ocoerente.com.br\/se\/2022\/06\/12\/machado-participa-da-abertura-da-festa-dos-caminhoneiros-2022\/"]}]},{"@type":"ImageObject","inLanguage":"pt-BR","@id":"https:\/\/ocoerente.com.br\/se\/2022\/06\/12\/machado-participa-da-abertura-da-festa-dos-caminhoneiros-2022\/#primaryimage","url":"https:\/\/ocoerente.com.br\/se\/wp-content\/uploads\/2022\/06\/machaaaa.jpg","contentUrl":"https:\/\/ocoerente.com.br\/se\/wp-content\/uploads\/2022\/06\/machaaaa.jpg","width":1080,"height":810},{"@type":"BreadcrumbList","@id":"https:\/\/ocoerente.com.br\/se\/2022\/06\/12\/machado-participa-da-abertura-da-festa-dos-caminhoneiros-2022\/#breadcrumb","itemListElement":[{"@type":"ListItem","position":1,"name":"In\u00edcio","item":"https:\/\/ocoerente.com.br\/se\/"},{"@type":"ListItem","position":2,"name":"Machado participa da abertura da Festa dos Caminhoneiros 2022"}]},{"@type":"WebSite","@id":"https:\/\/ocoerente.com.br\/se\/#website","url":"https:\/\/ocoerente.com.br\/se\/","name":"O Coerente","description":"","publisher":{"@id":"https:\/\/ocoerente.com.br\/se\/#\/schema\/person\/cc6bfd9fbca465e23543b0c963d8d037"},"potentialAction":[{"@type":"SearchAction","target":{"@type":"EntryPoint","urlTemplate":"https:\/\/ocoerente.com.br\/se\/?s={search_term_string}"},"query-input":{"@type":"PropertyValueSpecification","valueRequired":true,"valueName":"search_term_string"}}],"inLanguage":"pt-BR"},{"@type":["Person","Organization"],"@id":"https:\/\/ocoerente.com.br\/se\/#\/schema\/person\/cc6bfd9fbca465e23543b0c963d8d037","name":"Reda\u00e7\u00e3o","image":{"@type":"ImageObject","inLanguage":"pt-BR","@id":"https:\/\/ocoerente.com.br\/se\/wp-content\/uploads\/2020\/01\/ocoerente-1.png","url":"https:\/\/ocoerente.com.br\/se\/wp-content\/uploads\/2020\/01\/ocoerente-1.png","contentUrl":"https:\/\/ocoerente.com.br\/se\/wp-content\/uploads\/2020\/01\/ocoerente-1.png","width":50,"height":50,"caption":"Reda\u00e7\u00e3o"},"logo":{"@id":"https:\/\/ocoerente.com.br\/se\/wp-content\/uploads\/2020\/01\/ocoerente-1.png"},"url":"https:\/\/ocoerente.com.br\/se\/author\/vasticlsales\/"}]}},"_links":{"self":[{"href":"https:\/\/ocoerente.com.br\/se\/wp-json\/wp\/v2\/posts\/6392","targetHints":{"allow":["GET"]}}],"collection":[{"href":"https:\/\/ocoerente.com.br\/se\/wp-json\/wp\/v2\/posts"}],"about":[{"href":"https:\/\/ocoerente.com.br\/se\/wp-json\/wp\/v2\/types\/post"}],"author":[{"embeddable":true,"href":"https:\/\/ocoerente.com.br\/se\/wp-json\/wp\/v2\/users\/1"}],"replies":[{"embeddable":true,"href":"https:\/\/ocoerente.com.br\/se\/wp-json\/wp\/v2\/comments?post=6392"}],"version-history":[{"count":1,"href":"https:\/\/ocoerente.com.br\/se\/wp-json\/wp\/v2\/posts\/6392\/revisions"}],"predecessor-version":[{"id":6394,"href":"https:\/\/ocoerente.com.br\/se\/wp-json\/wp\/v2\/posts\/6392\/revisions\/6394"}],"wp:featuredmedia":[{"embeddable":true,"href":"https:\/\/ocoerente.com.br\/se\/wp-json\/wp\/v2\/media\/6393"}],"wp:attachment":[{"href":"https:\/\/ocoerente.com.br\/se\/wp-json\/wp\/v2\/media?parent=6392"}],"wp:term":[{"taxonomy":"category","embeddable":true,"href":"https:\/\/ocoerente.com.br\/se\/wp-json\/wp\/v2\/categories?post=6392"},{"taxonomy":"post_tag","embeddable":true,"href":"https:\/\/ocoerente.com.br\/se\/wp-json\/wp\/v2\/tags?post=6392"}],"curies":[{"name":"wp","href":"https:\/\/api.w.org\/{rel}","templated":true}]}}