{"id":6389,"date":"2022-06-11T16:08:00","date_gmt":"2022-06-11T19:08:00","guid":{"rendered":"https:\/\/ocoerente.com.br\/se\/?p=6389"},"modified":"2022-07-20T01:54:53","modified_gmt":"2022-07-20T04:54:53","slug":"sinasefe-sergipe-vai-promover-debate-entre-candidatos-a-reitoria-do-ifs","status":"publish","type":"post","link":"https:\/\/ocoerente.com.br\/se\/2022\/06\/11\/sinasefe-sergipe-vai-promover-debate-entre-candidatos-a-reitoria-do-ifs\/","title":{"rendered":"Sinasefe Sergipe vai promover debate entre candidatos \u00e0 Reitoria do IFS"},"content":{"rendered":"\n<p>O Sinasefe Sergipe convida publicamente os candidatos e candidatas \u00e0 Reitoria do IFS para um debate. Estamos a uma semana da elei\u00e7\u00e3o e, at\u00e9 o momento, a Comiss\u00e3o Eleitoral n\u00e3o divulgou a realiza\u00e7\u00e3o de um debate entre os candidatos. Nosso objetivo \u00e9 garantir a democracia e o amplo debate de ideias, elementos b\u00e1sicos de um processo eleitoral, que n\u00e3o podem ser esquecidos.&nbsp;<\/p>\n\n\n\n<p>O Sinasefe Sergipe quer que seu filiado e filiada conhe\u00e7a profundamente os candidatos e candidatas e suas propostas. Nos \u00faltimos dias, recebemos in\u00fameros pedidos da base para que algo fosse feito no sentido de garantir a democracia. E, nesse sentido, fazemos este convite p\u00fablico a todos os candidatos e candidatas \u00e0 Reitoria.<\/p>\n\n\n\n<p>O debate ser\u00e1 nos mesmos moldes do realizado pela Comiss\u00e3o Eleitoral das Elei\u00e7\u00f5es do Sinasefe Sergipe, intensamente elogiado pela categoria em todos os campi do IFS, mostrando que os servidores e as servidoras do instituto est\u00e3o atentos \u00e0 sua realidade e querem sim, debater ideias e propostas com as pessoas que pretendem gerir a vida do IFS pelos pr\u00f3ximos quatro anos.<\/p>\n\n\n\n<p>Nossa proposta de debate s\u00e3o cinco blocos, totalizando 2h10 de dura\u00e7\u00e3o, e estruturados da seguinte forma: bloco de apresenta\u00e7\u00e3o dos candidatos, bloco com uma pergunta elaborada pelo Sinasefe Sergipe para os candidatos, tr\u00eas perguntas enviadas pela base para os candidatos e que ser\u00e3o sorteadas pelo (a) apresentador (a), bloco com duas perguntas dos candidatos e candidatas (far\u00e3o perguntas entre si) e o \u00faltimo bloco com as considera\u00e7\u00f5es finais.<\/p>\n\n\n\n<p>A assessoria jur\u00eddica do Sinasefe Sergipe ser\u00e1 convidada a julgar os casos de direito de resposta; as perguntas entre os candidatos dever\u00e3o ter no m\u00e1ximo 1 (um) minuto; o controle de tempo a media\u00e7\u00e3o do debate e os sorteios ser\u00e3o feitos pela produtora contratada pelo Sinasefe Sergipe; a ordem dos blocos ser\u00e1 sorteada pela media\u00e7\u00e3o do debate;<\/p>\n\n\n\n<p>As perguntas enviadas pelos servidores n\u00e3o poder\u00e3o ser direcionadas a nenhum candidato em espec\u00edfico; devem versar sobre temas pertinentes ao cargo pleiteado e n\u00e3o devem conter ofensas de nenhum tipo; caso estas condicionantes n\u00e3o sejam atendidas, o Sinasefe Sergipe n\u00e3o colocar\u00e1 a pergunta para sorteio;&nbsp;<\/p>\n\n\n\n<p>O tempo de fala ser\u00e1 rigorosamente observado e o microfone ser\u00e1 cortado assim que o tempo acabar. Um cron\u00f4metro ser\u00e1 colocado para que os candidatos possam observar o tempo;<\/p>\n\n\n\n<p>Os candidatos poder\u00e3o ter, ao fim do debate, uma c\u00f3pia digital do mesmo, sendo necess\u00e1rio levar um HD externo para o debate; o debate ser\u00e1 transmitido ao vivo pelas redes do Sinasefe Sergipe.<\/p>\n\n\n\n<p>Vale ressaltar que o formato \u00e9 uma proposta e pode ser ajustado em comum acordo com os candidatos e candidatas. Para isso, chamamos os participantes e\/ou representantes das candidaturas para uma reuni\u00e3o na pr\u00f3xima sexta, dia 10 de junho, \u00e0s 15 horas, na sede do Sinasefe Sergipe, que fica na avenida Alan Kardec, 38, bairro Get\u00falio Vargas. J\u00e1 enviamos of\u00edcio-convite para as candidaturas.<\/p>\n\n\n\n<p>Caso apenas um candidato ou candidata compare\u00e7a ao debate, as perguntas enviadas pelos servidores e servidoras ser\u00e3o feitas ao candidato ou candidata presente como entrevista pelo mediador (a) do debate.<\/p>\n\n\n\n<p>A transmiss\u00e3o ser\u00e1 pelo canal do Sinasefe Sergipe no Youtube (https:\/\/www.youtube.com\/sinasefesergipe), no dia 13 de junho, \u00e0s 16 horas, e acontecer\u00e1 no Sindicato dos Jornalistas de Sergipe (Sindijor), que fica na rua Maruim, 767, Centro de Aracaju.&nbsp;<\/p>\n\n\n\n<p>Voc\u00ea pode mandar sua pergunta para os candidatos e candidatas pelo email do Sinasefe Sergipe sinasefese@gmail.com at\u00e9 as 17 horas da sexta, dia 10. Lembrando que a pergunta n\u00e3o pode ser direcionada a algum candidato ou candidata espec\u00edficos. Toda a comunidade acad\u00eamica (professores, professoras, t\u00e9cnicos, t\u00e9cnicas e estudantes) pode enviar perguntas.<\/p>\n\n\n\n<p>Fique atento e participe. O Sinasefe Sergipe est\u00e1 aqui para fazer valer a democracia, a liberdade e a cidadania.<\/p>\n\n\n\n<p>sinasefese<\/p>\n","protected":false},"excerpt":{"rendered":"<p>O Sinasefe Sergipe convida publicamente os candidatos e candidatas \u00e0 Reitoria do IFS para um debate. Estamos a uma semana da elei\u00e7\u00e3o e, at\u00e9 o momento, a Comiss\u00e3o Eleitoral n\u00e3o divulgou a realiza\u00e7\u00e3o de um debate entre os candidatos. Nosso objetivo \u00e9 garantir a democracia e o amplo debate de ideias, elementos b\u00e1sicos de um [&hellip;]<\/p>\n","protected":false},"author":1,"featured_media":6390,"comment_status":"closed","ping_status":"closed","sticky":false,"template":"","format":"standard","meta":{"footnotes":""},"categories":[53,47],"tags":[],"class_list":["post-6389","post","type-post","status-publish","format-standard","has-post-thumbnail","hentry","category-destaques","category-educacao"],"yoast_head":"<!-- This site is optimized with the Yoast SEO plugin v27.4 - https:\/\/yoast.com\/product\/yoast-seo-wordpress\/ -->\n<title>Sinasefe Sergipe vai promover debate entre candidatos \u00e0 Reitoria do IFS - O Coerente<\/title>\n<meta name=\"robots\" content=\"index, follow, max-snippet:-1, max-image-preview:large, max-video-preview:-1\" \/>\n<link rel=\"canonical\" href=\"https:\/\/ocoerente.com.br\/se\/2022\/06\/11\/sinasefe-sergipe-vai-promover-debate-entre-candidatos-a-reitoria-do-ifs\/\" \/>\n<meta property=\"og:locale\" content=\"pt_BR\" \/>\n<meta property=\"og:type\" content=\"article\" \/>\n<meta property=\"og:title\" content=\"Sinasefe Sergipe vai promover debate entre candidatos \u00e0 Reitoria do IFS - O Coerente\" \/>\n<meta property=\"og:description\" content=\"O Sinasefe Sergipe convida publicamente os candidatos e candidatas \u00e0 Reitoria do IFS para um debate. Estamos a uma semana da elei\u00e7\u00e3o e, at\u00e9 o momento, a Comiss\u00e3o Eleitoral n\u00e3o divulgou a realiza\u00e7\u00e3o de um debate entre os candidatos. Nosso objetivo \u00e9 garantir a democracia e o amplo debate de ideias, elementos b\u00e1sicos de um [&hellip;]\" \/>\n<meta property=\"og:url\" content=\"https:\/\/ocoerente.com.br\/se\/2022\/06\/11\/sinasefe-sergipe-vai-promover-debate-entre-candidatos-a-reitoria-do-ifs\/\" \/>\n<meta property=\"og:site_name\" content=\"O Coerente\" \/>\n<meta property=\"article:published_time\" content=\"2022-06-11T19:08:00+00:00\" \/>\n<meta property=\"article:modified_time\" content=\"2022-07-20T04:54:53+00:00\" \/>\n<meta property=\"og:image\" content=\"https:\/\/ocoerente.com.br\/se\/wp-content\/uploads\/2022\/06\/sinasefeseEEE.jpg\" \/>\n\t<meta property=\"og:image:width\" content=\"1920\" \/>\n\t<meta property=\"og:image:height\" content=\"1200\" \/>\n\t<meta property=\"og:image:type\" content=\"image\/jpeg\" \/>\n<meta name=\"author\" content=\"Reda\u00e7\u00e3o\" \/>\n<meta name=\"twitter:card\" content=\"summary_large_image\" \/>\n<meta name=\"twitter:label1\" content=\"Escrito por\" \/>\n\t<meta name=\"twitter:data1\" content=\"Reda\u00e7\u00e3o\" \/>\n\t<meta name=\"twitter:label2\" content=\"Est. tempo de leitura\" \/>\n\t<meta name=\"twitter:data2\" content=\"4 minutos\" \/>\n<script type=\"application\/ld+json\" class=\"yoast-schema-graph\">{\"@context\":\"https:\\\/\\\/schema.org\",\"@graph\":[{\"@type\":\"Article\",\"@id\":\"https:\\\/\\\/ocoerente.com.br\\\/se\\\/2022\\\/06\\\/11\\\/sinasefe-sergipe-vai-promover-debate-entre-candidatos-a-reitoria-do-ifs\\\/#article\",\"isPartOf\":{\"@id\":\"https:\\\/\\\/ocoerente.com.br\\\/se\\\/2022\\\/06\\\/11\\\/sinasefe-sergipe-vai-promover-debate-entre-candidatos-a-reitoria-do-ifs\\\/\"},\"author\":{\"name\":\"Reda\u00e7\u00e3o\",\"@id\":\"https:\\\/\\\/ocoerente.com.br\\\/se\\\/#\\\/schema\\\/person\\\/cc6bfd9fbca465e23543b0c963d8d037\"},\"headline\":\"Sinasefe Sergipe vai promover debate entre candidatos \u00e0 Reitoria do IFS\",\"datePublished\":\"2022-06-11T19:08:00+00:00\",\"dateModified\":\"2022-07-20T04:54:53+00:00\",\"mainEntityOfPage\":{\"@id\":\"https:\\\/\\\/ocoerente.com.br\\\/se\\\/2022\\\/06\\\/11\\\/sinasefe-sergipe-vai-promover-debate-entre-candidatos-a-reitoria-do-ifs\\\/\"},\"wordCount\":662,\"publisher\":{\"@id\":\"https:\\\/\\\/ocoerente.com.br\\\/se\\\/#\\\/schema\\\/person\\\/cc6bfd9fbca465e23543b0c963d8d037\"},\"image\":{\"@id\":\"https:\\\/\\\/ocoerente.com.br\\\/se\\\/2022\\\/06\\\/11\\\/sinasefe-sergipe-vai-promover-debate-entre-candidatos-a-reitoria-do-ifs\\\/#primaryimage\"},\"thumbnailUrl\":\"https:\\\/\\\/ocoerente.com.br\\\/se\\\/wp-content\\\/uploads\\\/2022\\\/06\\\/sinasefeseEEE.jpg\",\"articleSection\":[\"Destaques\",\"Educa\u00e7\u00e3o\"],\"inLanguage\":\"pt-BR\"},{\"@type\":\"WebPage\",\"@id\":\"https:\\\/\\\/ocoerente.com.br\\\/se\\\/2022\\\/06\\\/11\\\/sinasefe-sergipe-vai-promover-debate-entre-candidatos-a-reitoria-do-ifs\\\/\",\"url\":\"https:\\\/\\\/ocoerente.com.br\\\/se\\\/2022\\\/06\\\/11\\\/sinasefe-sergipe-vai-promover-debate-entre-candidatos-a-reitoria-do-ifs\\\/\",\"name\":\"Sinasefe Sergipe vai promover debate entre candidatos \u00e0 Reitoria do IFS - O Coerente\",\"isPartOf\":{\"@id\":\"https:\\\/\\\/ocoerente.com.br\\\/se\\\/#website\"},\"primaryImageOfPage\":{\"@id\":\"https:\\\/\\\/ocoerente.com.br\\\/se\\\/2022\\\/06\\\/11\\\/sinasefe-sergipe-vai-promover-debate-entre-candidatos-a-reitoria-do-ifs\\\/#primaryimage\"},\"image\":{\"@id\":\"https:\\\/\\\/ocoerente.com.br\\\/se\\\/2022\\\/06\\\/11\\\/sinasefe-sergipe-vai-promover-debate-entre-candidatos-a-reitoria-do-ifs\\\/#primaryimage\"},\"thumbnailUrl\":\"https:\\\/\\\/ocoerente.com.br\\\/se\\\/wp-content\\\/uploads\\\/2022\\\/06\\\/sinasefeseEEE.jpg\",\"datePublished\":\"2022-06-11T19:08:00+00:00\",\"dateModified\":\"2022-07-20T04:54:53+00:00\",\"breadcrumb\":{\"@id\":\"https:\\\/\\\/ocoerente.com.br\\\/se\\\/2022\\\/06\\\/11\\\/sinasefe-sergipe-vai-promover-debate-entre-candidatos-a-reitoria-do-ifs\\\/#breadcrumb\"},\"inLanguage\":\"pt-BR\",\"potentialAction\":[{\"@type\":\"ReadAction\",\"target\":[\"https:\\\/\\\/ocoerente.com.br\\\/se\\\/2022\\\/06\\\/11\\\/sinasefe-sergipe-vai-promover-debate-entre-candidatos-a-reitoria-do-ifs\\\/\"]}]},{\"@type\":\"ImageObject\",\"inLanguage\":\"pt-BR\",\"@id\":\"https:\\\/\\\/ocoerente.com.br\\\/se\\\/2022\\\/06\\\/11\\\/sinasefe-sergipe-vai-promover-debate-entre-candidatos-a-reitoria-do-ifs\\\/#primaryimage\",\"url\":\"https:\\\/\\\/ocoerente.com.br\\\/se\\\/wp-content\\\/uploads\\\/2022\\\/06\\\/sinasefeseEEE.jpg\",\"contentUrl\":\"https:\\\/\\\/ocoerente.com.br\\\/se\\\/wp-content\\\/uploads\\\/2022\\\/06\\\/sinasefeseEEE.jpg\",\"width\":1920,\"height\":1200},{\"@type\":\"BreadcrumbList\",\"@id\":\"https:\\\/\\\/ocoerente.com.br\\\/se\\\/2022\\\/06\\\/11\\\/sinasefe-sergipe-vai-promover-debate-entre-candidatos-a-reitoria-do-ifs\\\/#breadcrumb\",\"itemListElement\":[{\"@type\":\"ListItem\",\"position\":1,\"name\":\"In\u00edcio\",\"item\":\"https:\\\/\\\/ocoerente.com.br\\\/se\\\/\"},{\"@type\":\"ListItem\",\"position\":2,\"name\":\"Sinasefe Sergipe vai promover debate entre candidatos \u00e0 Reitoria do IFS\"}]},{\"@type\":\"WebSite\",\"@id\":\"https:\\\/\\\/ocoerente.com.br\\\/se\\\/#website\",\"url\":\"https:\\\/\\\/ocoerente.com.br\\\/se\\\/\",\"name\":\"O Coerente\",\"description\":\"\",\"publisher\":{\"@id\":\"https:\\\/\\\/ocoerente.com.br\\\/se\\\/#\\\/schema\\\/person\\\/cc6bfd9fbca465e23543b0c963d8d037\"},\"potentialAction\":[{\"@type\":\"SearchAction\",\"target\":{\"@type\":\"EntryPoint\",\"urlTemplate\":\"https:\\\/\\\/ocoerente.com.br\\\/se\\\/?s={search_term_string}\"},\"query-input\":{\"@type\":\"PropertyValueSpecification\",\"valueRequired\":true,\"valueName\":\"search_term_string\"}}],\"inLanguage\":\"pt-BR\"},{\"@type\":[\"Person\",\"Organization\"],\"@id\":\"https:\\\/\\\/ocoerente.com.br\\\/se\\\/#\\\/schema\\\/person\\\/cc6bfd9fbca465e23543b0c963d8d037\",\"name\":\"Reda\u00e7\u00e3o\",\"image\":{\"@type\":\"ImageObject\",\"inLanguage\":\"pt-BR\",\"@id\":\"https:\\\/\\\/ocoerente.com.br\\\/se\\\/wp-content\\\/uploads\\\/2020\\\/01\\\/ocoerente-1.png\",\"url\":\"https:\\\/\\\/ocoerente.com.br\\\/se\\\/wp-content\\\/uploads\\\/2020\\\/01\\\/ocoerente-1.png\",\"contentUrl\":\"https:\\\/\\\/ocoerente.com.br\\\/se\\\/wp-content\\\/uploads\\\/2020\\\/01\\\/ocoerente-1.png\",\"width\":50,\"height\":50,\"caption\":\"Reda\u00e7\u00e3o\"},\"logo\":{\"@id\":\"https:\\\/\\\/ocoerente.com.br\\\/se\\\/wp-content\\\/uploads\\\/2020\\\/01\\\/ocoerente-1.png\"},\"url\":\"https:\\\/\\\/ocoerente.com.br\\\/se\\\/author\\\/vasticlsales\\\/\"}]}<\/script>\n<!-- \/ Yoast SEO plugin. -->","yoast_head_json":{"title":"Sinasefe Sergipe vai promover debate entre candidatos \u00e0 Reitoria do IFS - O Coerente","robots":{"index":"index","follow":"follow","max-snippet":"max-snippet:-1","max-image-preview":"max-image-preview:large","max-video-preview":"max-video-preview:-1"},"canonical":"https:\/\/ocoerente.com.br\/se\/2022\/06\/11\/sinasefe-sergipe-vai-promover-debate-entre-candidatos-a-reitoria-do-ifs\/","og_locale":"pt_BR","og_type":"article","og_title":"Sinasefe Sergipe vai promover debate entre candidatos \u00e0 Reitoria do IFS - O Coerente","og_description":"O Sinasefe Sergipe convida publicamente os candidatos e candidatas \u00e0 Reitoria do IFS para um debate. Estamos a uma semana da elei\u00e7\u00e3o e, at\u00e9 o momento, a Comiss\u00e3o Eleitoral n\u00e3o divulgou a realiza\u00e7\u00e3o de um debate entre os candidatos. Nosso objetivo \u00e9 garantir a democracia e o amplo debate de ideias, elementos b\u00e1sicos de um [&hellip;]","og_url":"https:\/\/ocoerente.com.br\/se\/2022\/06\/11\/sinasefe-sergipe-vai-promover-debate-entre-candidatos-a-reitoria-do-ifs\/","og_site_name":"O Coerente","article_published_time":"2022-06-11T19:08:00+00:00","article_modified_time":"2022-07-20T04:54:53+00:00","og_image":[{"width":1920,"height":1200,"url":"https:\/\/ocoerente.com.br\/se\/wp-content\/uploads\/2022\/06\/sinasefeseEEE.jpg","type":"image\/jpeg"}],"author":"Reda\u00e7\u00e3o","twitter_card":"summary_large_image","twitter_misc":{"Escrito por":"Reda\u00e7\u00e3o","Est. tempo de leitura":"4 minutos"},"schema":{"@context":"https:\/\/schema.org","@graph":[{"@type":"Article","@id":"https:\/\/ocoerente.com.br\/se\/2022\/06\/11\/sinasefe-sergipe-vai-promover-debate-entre-candidatos-a-reitoria-do-ifs\/#article","isPartOf":{"@id":"https:\/\/ocoerente.com.br\/se\/2022\/06\/11\/sinasefe-sergipe-vai-promover-debate-entre-candidatos-a-reitoria-do-ifs\/"},"author":{"name":"Reda\u00e7\u00e3o","@id":"https:\/\/ocoerente.com.br\/se\/#\/schema\/person\/cc6bfd9fbca465e23543b0c963d8d037"},"headline":"Sinasefe Sergipe vai promover debate entre candidatos \u00e0 Reitoria do IFS","datePublished":"2022-06-11T19:08:00+00:00","dateModified":"2022-07-20T04:54:53+00:00","mainEntityOfPage":{"@id":"https:\/\/ocoerente.com.br\/se\/2022\/06\/11\/sinasefe-sergipe-vai-promover-debate-entre-candidatos-a-reitoria-do-ifs\/"},"wordCount":662,"publisher":{"@id":"https:\/\/ocoerente.com.br\/se\/#\/schema\/person\/cc6bfd9fbca465e23543b0c963d8d037"},"image":{"@id":"https:\/\/ocoerente.com.br\/se\/2022\/06\/11\/sinasefe-sergipe-vai-promover-debate-entre-candidatos-a-reitoria-do-ifs\/#primaryimage"},"thumbnailUrl":"https:\/\/ocoerente.com.br\/se\/wp-content\/uploads\/2022\/06\/sinasefeseEEE.jpg","articleSection":["Destaques","Educa\u00e7\u00e3o"],"inLanguage":"pt-BR"},{"@type":"WebPage","@id":"https:\/\/ocoerente.com.br\/se\/2022\/06\/11\/sinasefe-sergipe-vai-promover-debate-entre-candidatos-a-reitoria-do-ifs\/","url":"https:\/\/ocoerente.com.br\/se\/2022\/06\/11\/sinasefe-sergipe-vai-promover-debate-entre-candidatos-a-reitoria-do-ifs\/","name":"Sinasefe Sergipe vai promover debate entre candidatos \u00e0 Reitoria do IFS - O Coerente","isPartOf":{"@id":"https:\/\/ocoerente.com.br\/se\/#website"},"primaryImageOfPage":{"@id":"https:\/\/ocoerente.com.br\/se\/2022\/06\/11\/sinasefe-sergipe-vai-promover-debate-entre-candidatos-a-reitoria-do-ifs\/#primaryimage"},"image":{"@id":"https:\/\/ocoerente.com.br\/se\/2022\/06\/11\/sinasefe-sergipe-vai-promover-debate-entre-candidatos-a-reitoria-do-ifs\/#primaryimage"},"thumbnailUrl":"https:\/\/ocoerente.com.br\/se\/wp-content\/uploads\/2022\/06\/sinasefeseEEE.jpg","datePublished":"2022-06-11T19:08:00+00:00","dateModified":"2022-07-20T04:54:53+00:00","breadcrumb":{"@id":"https:\/\/ocoerente.com.br\/se\/2022\/06\/11\/sinasefe-sergipe-vai-promover-debate-entre-candidatos-a-reitoria-do-ifs\/#breadcrumb"},"inLanguage":"pt-BR","potentialAction":[{"@type":"ReadAction","target":["https:\/\/ocoerente.com.br\/se\/2022\/06\/11\/sinasefe-sergipe-vai-promover-debate-entre-candidatos-a-reitoria-do-ifs\/"]}]},{"@type":"ImageObject","inLanguage":"pt-BR","@id":"https:\/\/ocoerente.com.br\/se\/2022\/06\/11\/sinasefe-sergipe-vai-promover-debate-entre-candidatos-a-reitoria-do-ifs\/#primaryimage","url":"https:\/\/ocoerente.com.br\/se\/wp-content\/uploads\/2022\/06\/sinasefeseEEE.jpg","contentUrl":"https:\/\/ocoerente.com.br\/se\/wp-content\/uploads\/2022\/06\/sinasefeseEEE.jpg","width":1920,"height":1200},{"@type":"BreadcrumbList","@id":"https:\/\/ocoerente.com.br\/se\/2022\/06\/11\/sinasefe-sergipe-vai-promover-debate-entre-candidatos-a-reitoria-do-ifs\/#breadcrumb","itemListElement":[{"@type":"ListItem","position":1,"name":"In\u00edcio","item":"https:\/\/ocoerente.com.br\/se\/"},{"@type":"ListItem","position":2,"name":"Sinasefe Sergipe vai promover debate entre candidatos \u00e0 Reitoria do IFS"}]},{"@type":"WebSite","@id":"https:\/\/ocoerente.com.br\/se\/#website","url":"https:\/\/ocoerente.com.br\/se\/","name":"O Coerente","description":"","publisher":{"@id":"https:\/\/ocoerente.com.br\/se\/#\/schema\/person\/cc6bfd9fbca465e23543b0c963d8d037"},"potentialAction":[{"@type":"SearchAction","target":{"@type":"EntryPoint","urlTemplate":"https:\/\/ocoerente.com.br\/se\/?s={search_term_string}"},"query-input":{"@type":"PropertyValueSpecification","valueRequired":true,"valueName":"search_term_string"}}],"inLanguage":"pt-BR"},{"@type":["Person","Organization"],"@id":"https:\/\/ocoerente.com.br\/se\/#\/schema\/person\/cc6bfd9fbca465e23543b0c963d8d037","name":"Reda\u00e7\u00e3o","image":{"@type":"ImageObject","inLanguage":"pt-BR","@id":"https:\/\/ocoerente.com.br\/se\/wp-content\/uploads\/2020\/01\/ocoerente-1.png","url":"https:\/\/ocoerente.com.br\/se\/wp-content\/uploads\/2020\/01\/ocoerente-1.png","contentUrl":"https:\/\/ocoerente.com.br\/se\/wp-content\/uploads\/2020\/01\/ocoerente-1.png","width":50,"height":50,"caption":"Reda\u00e7\u00e3o"},"logo":{"@id":"https:\/\/ocoerente.com.br\/se\/wp-content\/uploads\/2020\/01\/ocoerente-1.png"},"url":"https:\/\/ocoerente.com.br\/se\/author\/vasticlsales\/"}]}},"_links":{"self":[{"href":"https:\/\/ocoerente.com.br\/se\/wp-json\/wp\/v2\/posts\/6389","targetHints":{"allow":["GET"]}}],"collection":[{"href":"https:\/\/ocoerente.com.br\/se\/wp-json\/wp\/v2\/posts"}],"about":[{"href":"https:\/\/ocoerente.com.br\/se\/wp-json\/wp\/v2\/types\/post"}],"author":[{"embeddable":true,"href":"https:\/\/ocoerente.com.br\/se\/wp-json\/wp\/v2\/users\/1"}],"replies":[{"embeddable":true,"href":"https:\/\/ocoerente.com.br\/se\/wp-json\/wp\/v2\/comments?post=6389"}],"version-history":[{"count":1,"href":"https:\/\/ocoerente.com.br\/se\/wp-json\/wp\/v2\/posts\/6389\/revisions"}],"predecessor-version":[{"id":6391,"href":"https:\/\/ocoerente.com.br\/se\/wp-json\/wp\/v2\/posts\/6389\/revisions\/6391"}],"wp:featuredmedia":[{"embeddable":true,"href":"https:\/\/ocoerente.com.br\/se\/wp-json\/wp\/v2\/media\/6390"}],"wp:attachment":[{"href":"https:\/\/ocoerente.com.br\/se\/wp-json\/wp\/v2\/media?parent=6389"}],"wp:term":[{"taxonomy":"category","embeddable":true,"href":"https:\/\/ocoerente.com.br\/se\/wp-json\/wp\/v2\/categories?post=6389"},{"taxonomy":"post_tag","embeddable":true,"href":"https:\/\/ocoerente.com.br\/se\/wp-json\/wp\/v2\/tags?post=6389"}],"curies":[{"name":"wp","href":"https:\/\/api.w.org\/{rel}","templated":true}]}}