{"id":635,"date":"2020-03-10T00:26:26","date_gmt":"2020-03-10T03:26:26","guid":{"rendered":"http:\/\/ocoerente.com.br\/se\/?p=635"},"modified":"2020-03-10T00:26:26","modified_gmt":"2020-03-10T03:26:26","slug":"trump-diz-que-vai-anunciar-incentivos-economicos-para-lidar-com-crise-de-coronavirus-nos-eua","status":"publish","type":"post","link":"https:\/\/ocoerente.com.br\/se\/2020\/03\/10\/trump-diz-que-vai-anunciar-incentivos-economicos-para-lidar-com-crise-de-coronavirus-nos-eua\/","title":{"rendered":"Trump diz que vai anunciar incentivos econ\u00f4micos para lidar com crise de coronav\u00edrus nos EUA"},"content":{"rendered":"<div class=\"mc-column content-text active-extra-styles \" data-block-type=\"unstyled\" data-block-weight=\"34\" data-block-id=\"2\">\n<p class=\"content-text__container \" data-track-category=\"Link no Texto\" data-track-links=\"\">O presidente dos\u00a0<a href=\"https:\/\/g1.globo.com\/tudo-sobre\/estados-unidos\/\">Estados Unidos<\/a>,\u00a0<a href=\"https:\/\/g1.globo.com\/tudo-sobre\/estados-unidos\/\">Donald Trump<\/a>, prometeu nesta segunda-feira (9) que ir\u00e1 anunciar na ter\u00e7a-feira \u201cgrandes passos\u201d de incentivo econ\u00f4mico para evitar preju\u00edzos causados pelo surto de coronav\u00edrus que atinge o pa\u00eds.<\/p>\n<\/div>\n<div class=\"wall protected-content\">\n<div class=\"mc-column content-text active-extra-styles \" data-block-type=\"unstyled\" data-block-weight=\"45\" data-block-id=\"3\">\n<p class=\"content-text__container \" data-track-category=\"Link no Texto\" data-track-links=\"\">O boletim mais recente da OMS aponta que os EUA registraram 213 casos confirmados e 11 mortes at\u00e9 6 horas desta segunda. No monitoramento em tempo real da Universidade Johns Hopkins j\u00e1 eram citados 605 casos e 17 mortes at\u00e9 20h30 (hor\u00e1rio de Bras\u00edlia).<\/p>\n<\/div>\n<div class=\"mc-column content-text active-extra-styles \" data-block-type=\"unstyled\" data-block-weight=\"38\" data-block-id=\"4\">\n<p class=\"content-text__container \" data-track-category=\"Link no Texto\" data-track-links=\"\">Embora n\u00e3o tenha especificado as medidas, ele mencionou um \u201calivio substancial\u201d que pode envolver corte nos impostos sobre folha de pagamento e algum tipo de licen\u00e7a remunerada para aqueles que forem obrigados a se afastar do trabalho.<\/p>\n<\/div>\n<div class=\"mc-column content-text active-extra-styles \" data-block-type=\"unstyled\" data-block-weight=\"49\" data-block-id=\"5\">\n<p class=\"content-text__container \" data-track-category=\"Link no Texto\" data-track-links=\"\">Trump demonstrou especial preocupa\u00e7\u00e3o com pessoas que recebem por hora, e s\u00f3 s\u00e3o pagas se forem trabalhar. \u201cN\u00e3o podemos deixar que ningu\u00e9m v\u00e1 trabalhar doente ou corra o risco de perder o emprego\u201d por causa de uma poss\u00edvel quarentena ou caso contraia o v\u00edrus, destacou, durante um pronunciamento.<\/p>\n<\/div>\n<div class=\"mc-column content-text active-extra-styles \" data-block-type=\"unstyled\" data-block-weight=\"53\" data-block-id=\"6\">\n<p class=\"content-text__container \" data-track-category=\"Link no Texto\" data-track-links=\"\">Segundo o vice-presidente\u00a0<a href=\"https:\/\/g1.globo.com\/tudo-sobre\/mike-pence\/\">Mike Pence<\/a>, que lidera a for\u00e7a-tarefa do governo dos EUA para lidar com o coronav\u00edrus, o risco de contrair a v\u00edrus no pa\u00eds \u201ccontinua baixo\u201d. Acompanhado por m\u00e9dicos e l\u00edderes de departamentos envolvidos no combate \u00e0 doen\u00e7a, ele participou de uma coletiva de imprensa ap\u00f3s a fala de Trump.<\/p>\n<div class=\"mc-column content-text active-extra-styles \" data-block-type=\"unstyled\" data-block-weight=\"58\" data-block-id=\"8\">\n<p class=\"content-text__container \" data-track-category=\"Link no Texto\" data-track-links=\"\">Pence enumerou reuni\u00f5es mantidas pelo governo com diversos setores envolvidos no trabalho da for\u00e7a-tarefa. De acordo com ele, representantes de laborat\u00f3rios comerciais e companhias farmac\u00eauticas j\u00e1 foram contatados e, al\u00e9m do desenvolvimento de medicamentos e pesquisas por uma vacina, isso tamb\u00e9m garantiu que, atualmente, um n\u00famero suficiente de testes esteja dispon\u00edvel em todos os estados do pa\u00eds.<\/p>\n<\/div>\n<div class=\"mc-column content-text active-extra-styles \" data-block-type=\"unstyled\" data-block-weight=\"39\" data-block-id=\"9\">\n<p class=\"content-text__container \" data-track-category=\"Link no Texto\" data-track-links=\"\">Pence tamb\u00e9m afirmou que o governo est\u00e1 negociando com administra\u00e7\u00f5es de hospitais e planos de sa\u00fade, casas de repouso e outras institui\u00e7\u00f5es da \u00e1rea de sa\u00fade e que os al\u00edvios econ\u00f4micos prometidos por Trump ser\u00e3o os pr\u00f3ximos passos.<\/p>\n<\/div>\n<div class=\"mc-column content-text active-extra-styles\" data-block-type=\"raw\" data-block-weight=\"2\" data-block-id=\"10\">\n<div class=\"content-intertitle\">\n<h2>N\u00e3o testado<\/h2>\n<\/div>\n<\/div>\n<div class=\"mc-column content-text active-extra-styles \" data-block-type=\"unstyled\" data-block-weight=\"69\" data-block-id=\"11\">\n<p class=\"content-text__container \" data-track-category=\"Link no Texto\" data-track-links=\"\">Durante a entrevista coletiva, Mike Pence disse que ainda n\u00e3o foi submetido a um teste para saber se foi contaminado pelo coronav\u00edrus e n\u00e3o soube responder se o presidente Trump fez o teste. Segundo a imprensa dos Estados Unidos, Trump esteve em contato com pelo menos dois deputados que se colocaram em quarentena volunt\u00e1ria nesta segunda-feira, ap\u00f3s terem se aproximado de uma pessoa que est\u00e1 com a doen\u00e7a.<\/p>\n<\/div>\n<div class=\"mc-column content-text active-extra-styles \" data-block-type=\"unstyled\" data-block-weight=\"52\" data-block-id=\"12\">\n<p class=\"content-text__container \" data-track-category=\"Link no Texto\" data-track-links=\"\">Matt Gaetz, que viajou com Trump na segunda-feira, e Doug Collins, que se reuniu com Trump na sexta-feira, na Ge\u00f3rgia, decidiram se isolar ap\u00f3s a informa\u00e7\u00e3o de que mantiveram contato com uma pessoa infectada pelo coronav\u00edrus durante a confer\u00eancia conservadora da CPAC realizada em Washington. Os dois legisladores n\u00e3o apresentam qualquer sintoma.<\/p>\n<\/div>\n<div class=\"mc-column content-text active-extra-styles\" data-block-type=\"raw\" data-block-weight=\"3\" data-block-id=\"13\">\n<div class=\"content-intertitle\">\n<h2>Queda na bolsa<\/h2>\n<\/div>\n<\/div>\n<div class=\"mc-column content-text active-extra-styles \" data-block-type=\"unstyled\" data-block-weight=\"43\" data-block-id=\"14\">\n<p class=\"content-text__container \" data-track-category=\"Link no Texto\" data-track-links=\"\">Os principais \u00edndices acion\u00e1rios dos Estados Unidos despencaram nesta segunda-feira (9), com a derrocada nos pre\u00e7os do petr\u00f3leo e a r\u00e1pida dissemina\u00e7\u00e3o do coronav\u00edrus amplificando temores de uma recess\u00e3o global.\u00a0<a href=\"https:\/\/g1.globo.com\/economia\/noticia\/2020\/03\/09\/bolsas-dos-eua-despencam-e-negocios-sao-suspensos.ghtml\">As bolsas registram a maior perda intradia desde a crise financeira de 2008<\/a>.<\/p>\n<\/div>\n<div class=\"mc-column content-text active-extra-styles \" data-block-type=\"unstyled\" data-block-weight=\"28\" data-block-id=\"15\">\n<p class=\"content-text__container \" data-track-category=\"Link no Texto\" data-track-links=\"\">O \u00edndice Dow Jones caiu 7,79%, a 23.851 pontos, enquanto o S&amp;P 500 perdeu 7,6%, a 2.746 pontos. O \u00edndice de tecnologia Nasdaq recuou 7,29%, a 7.950 pontos.<\/p>\n<p data-track-category=\"Link no Texto\" data-track-links=\"\">G1 &#8211; Globo.com<\/p>\n<\/div>\n<\/div>\n<\/div>\n","protected":false},"excerpt":{"rendered":"<p>O presidente dos\u00a0Estados Unidos,\u00a0Donald Trump, prometeu nesta segunda-feira (9) que ir\u00e1 anunciar na ter\u00e7a-feira \u201cgrandes passos\u201d de incentivo econ\u00f4mico para evitar preju\u00edzos causados pelo surto de coronav\u00edrus que atinge o pa\u00eds. O boletim mais recente da OMS aponta que os EUA registraram 213 casos confirmados e 11 mortes at\u00e9 6 horas desta segunda. No monitoramento [&hellip;]<\/p>\n","protected":false},"author":1,"featured_media":636,"comment_status":"closed","ping_status":"closed","sticky":false,"template":"","format":"standard","meta":{"footnotes":""},"categories":[49],"tags":[],"class_list":["post-635","post","type-post","status-publish","format-standard","has-post-thumbnail","hentry","category-mundo"],"yoast_head":"<!-- This site is optimized with the Yoast SEO plugin v27.4 - https:\/\/yoast.com\/product\/yoast-seo-wordpress\/ -->\n<title>Trump diz que vai anunciar incentivos econ\u00f4micos para lidar com crise de coronav\u00edrus nos EUA - O Coerente<\/title>\n<meta name=\"robots\" content=\"index, follow, max-snippet:-1, max-image-preview:large, max-video-preview:-1\" \/>\n<link rel=\"canonical\" href=\"https:\/\/ocoerente.com.br\/se\/2020\/03\/10\/trump-diz-que-vai-anunciar-incentivos-economicos-para-lidar-com-crise-de-coronavirus-nos-eua\/\" \/>\n<meta property=\"og:locale\" content=\"pt_BR\" \/>\n<meta property=\"og:type\" content=\"article\" \/>\n<meta property=\"og:title\" content=\"Trump diz que vai anunciar incentivos econ\u00f4micos para lidar com crise de coronav\u00edrus nos EUA - O Coerente\" \/>\n<meta property=\"og:description\" content=\"O presidente dos\u00a0Estados Unidos,\u00a0Donald Trump, prometeu nesta segunda-feira (9) que ir\u00e1 anunciar na ter\u00e7a-feira \u201cgrandes passos\u201d de incentivo econ\u00f4mico para evitar preju\u00edzos causados pelo surto de coronav\u00edrus que atinge o pa\u00eds. O boletim mais recente da OMS aponta que os EUA registraram 213 casos confirmados e 11 mortes at\u00e9 6 horas desta segunda. No monitoramento [&hellip;]\" \/>\n<meta property=\"og:url\" content=\"https:\/\/ocoerente.com.br\/se\/2020\/03\/10\/trump-diz-que-vai-anunciar-incentivos-economicos-para-lidar-com-crise-de-coronavirus-nos-eua\/\" \/>\n<meta property=\"og:site_name\" content=\"O Coerente\" \/>\n<meta property=\"article:published_time\" content=\"2020-03-10T03:26:26+00:00\" \/>\n<meta property=\"og:image\" content=\"https:\/\/ocoerente.com.br\/se\/wp-content\/uploads\/2020\/03\/coronavirus-trump.jpg\" \/>\n\t<meta property=\"og:image:width\" content=\"1600\" \/>\n\t<meta property=\"og:image:height\" content=\"1002\" \/>\n\t<meta property=\"og:image:type\" content=\"image\/jpeg\" \/>\n<meta name=\"author\" content=\"Reda\u00e7\u00e3o\" \/>\n<meta name=\"twitter:card\" content=\"summary_large_image\" \/>\n<meta name=\"twitter:label1\" content=\"Escrito por\" \/>\n\t<meta name=\"twitter:data1\" content=\"Reda\u00e7\u00e3o\" \/>\n\t<meta name=\"twitter:label2\" content=\"Est. tempo de leitura\" \/>\n\t<meta name=\"twitter:data2\" content=\"3 minutos\" \/>\n<script type=\"application\/ld+json\" class=\"yoast-schema-graph\">{\"@context\":\"https:\\\/\\\/schema.org\",\"@graph\":[{\"@type\":\"Article\",\"@id\":\"https:\\\/\\\/ocoerente.com.br\\\/se\\\/2020\\\/03\\\/10\\\/trump-diz-que-vai-anunciar-incentivos-economicos-para-lidar-com-crise-de-coronavirus-nos-eua\\\/#article\",\"isPartOf\":{\"@id\":\"https:\\\/\\\/ocoerente.com.br\\\/se\\\/2020\\\/03\\\/10\\\/trump-diz-que-vai-anunciar-incentivos-economicos-para-lidar-com-crise-de-coronavirus-nos-eua\\\/\"},\"author\":{\"name\":\"Reda\u00e7\u00e3o\",\"@id\":\"https:\\\/\\\/ocoerente.com.br\\\/se\\\/#\\\/schema\\\/person\\\/cc6bfd9fbca465e23543b0c963d8d037\"},\"headline\":\"Trump diz que vai anunciar incentivos econ\u00f4micos para lidar com crise de coronav\u00edrus nos EUA\",\"datePublished\":\"2020-03-10T03:26:26+00:00\",\"mainEntityOfPage\":{\"@id\":\"https:\\\/\\\/ocoerente.com.br\\\/se\\\/2020\\\/03\\\/10\\\/trump-diz-que-vai-anunciar-incentivos-economicos-para-lidar-com-crise-de-coronavirus-nos-eua\\\/\"},\"wordCount\":573,\"publisher\":{\"@id\":\"https:\\\/\\\/ocoerente.com.br\\\/se\\\/#\\\/schema\\\/person\\\/cc6bfd9fbca465e23543b0c963d8d037\"},\"image\":{\"@id\":\"https:\\\/\\\/ocoerente.com.br\\\/se\\\/2020\\\/03\\\/10\\\/trump-diz-que-vai-anunciar-incentivos-economicos-para-lidar-com-crise-de-coronavirus-nos-eua\\\/#primaryimage\"},\"thumbnailUrl\":\"https:\\\/\\\/ocoerente.com.br\\\/se\\\/wp-content\\\/uploads\\\/2020\\\/03\\\/coronavirus-trump.jpg\",\"articleSection\":[\"Mundo\"],\"inLanguage\":\"pt-BR\"},{\"@type\":\"WebPage\",\"@id\":\"https:\\\/\\\/ocoerente.com.br\\\/se\\\/2020\\\/03\\\/10\\\/trump-diz-que-vai-anunciar-incentivos-economicos-para-lidar-com-crise-de-coronavirus-nos-eua\\\/\",\"url\":\"https:\\\/\\\/ocoerente.com.br\\\/se\\\/2020\\\/03\\\/10\\\/trump-diz-que-vai-anunciar-incentivos-economicos-para-lidar-com-crise-de-coronavirus-nos-eua\\\/\",\"name\":\"Trump diz que vai anunciar incentivos econ\u00f4micos para lidar com crise de coronav\u00edrus nos EUA - O Coerente\",\"isPartOf\":{\"@id\":\"https:\\\/\\\/ocoerente.com.br\\\/se\\\/#website\"},\"primaryImageOfPage\":{\"@id\":\"https:\\\/\\\/ocoerente.com.br\\\/se\\\/2020\\\/03\\\/10\\\/trump-diz-que-vai-anunciar-incentivos-economicos-para-lidar-com-crise-de-coronavirus-nos-eua\\\/#primaryimage\"},\"image\":{\"@id\":\"https:\\\/\\\/ocoerente.com.br\\\/se\\\/2020\\\/03\\\/10\\\/trump-diz-que-vai-anunciar-incentivos-economicos-para-lidar-com-crise-de-coronavirus-nos-eua\\\/#primaryimage\"},\"thumbnailUrl\":\"https:\\\/\\\/ocoerente.com.br\\\/se\\\/wp-content\\\/uploads\\\/2020\\\/03\\\/coronavirus-trump.jpg\",\"datePublished\":\"2020-03-10T03:26:26+00:00\",\"breadcrumb\":{\"@id\":\"https:\\\/\\\/ocoerente.com.br\\\/se\\\/2020\\\/03\\\/10\\\/trump-diz-que-vai-anunciar-incentivos-economicos-para-lidar-com-crise-de-coronavirus-nos-eua\\\/#breadcrumb\"},\"inLanguage\":\"pt-BR\",\"potentialAction\":[{\"@type\":\"ReadAction\",\"target\":[\"https:\\\/\\\/ocoerente.com.br\\\/se\\\/2020\\\/03\\\/10\\\/trump-diz-que-vai-anunciar-incentivos-economicos-para-lidar-com-crise-de-coronavirus-nos-eua\\\/\"]}]},{\"@type\":\"ImageObject\",\"inLanguage\":\"pt-BR\",\"@id\":\"https:\\\/\\\/ocoerente.com.br\\\/se\\\/2020\\\/03\\\/10\\\/trump-diz-que-vai-anunciar-incentivos-economicos-para-lidar-com-crise-de-coronavirus-nos-eua\\\/#primaryimage\",\"url\":\"https:\\\/\\\/ocoerente.com.br\\\/se\\\/wp-content\\\/uploads\\\/2020\\\/03\\\/coronavirus-trump.jpg\",\"contentUrl\":\"https:\\\/\\\/ocoerente.com.br\\\/se\\\/wp-content\\\/uploads\\\/2020\\\/03\\\/coronavirus-trump.jpg\",\"width\":1600,\"height\":1002},{\"@type\":\"BreadcrumbList\",\"@id\":\"https:\\\/\\\/ocoerente.com.br\\\/se\\\/2020\\\/03\\\/10\\\/trump-diz-que-vai-anunciar-incentivos-economicos-para-lidar-com-crise-de-coronavirus-nos-eua\\\/#breadcrumb\",\"itemListElement\":[{\"@type\":\"ListItem\",\"position\":1,\"name\":\"In\u00edcio\",\"item\":\"https:\\\/\\\/ocoerente.com.br\\\/se\\\/\"},{\"@type\":\"ListItem\",\"position\":2,\"name\":\"Trump diz que vai anunciar incentivos econ\u00f4micos para lidar com crise de coronav\u00edrus nos EUA\"}]},{\"@type\":\"WebSite\",\"@id\":\"https:\\\/\\\/ocoerente.com.br\\\/se\\\/#website\",\"url\":\"https:\\\/\\\/ocoerente.com.br\\\/se\\\/\",\"name\":\"O Coerente\",\"description\":\"\",\"publisher\":{\"@id\":\"https:\\\/\\\/ocoerente.com.br\\\/se\\\/#\\\/schema\\\/person\\\/cc6bfd9fbca465e23543b0c963d8d037\"},\"potentialAction\":[{\"@type\":\"SearchAction\",\"target\":{\"@type\":\"EntryPoint\",\"urlTemplate\":\"https:\\\/\\\/ocoerente.com.br\\\/se\\\/?s={search_term_string}\"},\"query-input\":{\"@type\":\"PropertyValueSpecification\",\"valueRequired\":true,\"valueName\":\"search_term_string\"}}],\"inLanguage\":\"pt-BR\"},{\"@type\":[\"Person\",\"Organization\"],\"@id\":\"https:\\\/\\\/ocoerente.com.br\\\/se\\\/#\\\/schema\\\/person\\\/cc6bfd9fbca465e23543b0c963d8d037\",\"name\":\"Reda\u00e7\u00e3o\",\"image\":{\"@type\":\"ImageObject\",\"inLanguage\":\"pt-BR\",\"@id\":\"https:\\\/\\\/ocoerente.com.br\\\/se\\\/wp-content\\\/uploads\\\/2020\\\/01\\\/ocoerente-1.png\",\"url\":\"https:\\\/\\\/ocoerente.com.br\\\/se\\\/wp-content\\\/uploads\\\/2020\\\/01\\\/ocoerente-1.png\",\"contentUrl\":\"https:\\\/\\\/ocoerente.com.br\\\/se\\\/wp-content\\\/uploads\\\/2020\\\/01\\\/ocoerente-1.png\",\"width\":50,\"height\":50,\"caption\":\"Reda\u00e7\u00e3o\"},\"logo\":{\"@id\":\"https:\\\/\\\/ocoerente.com.br\\\/se\\\/wp-content\\\/uploads\\\/2020\\\/01\\\/ocoerente-1.png\"},\"url\":\"https:\\\/\\\/ocoerente.com.br\\\/se\\\/author\\\/vasticlsales\\\/\"}]}<\/script>\n<!-- \/ Yoast SEO plugin. -->","yoast_head_json":{"title":"Trump diz que vai anunciar incentivos econ\u00f4micos para lidar com crise de coronav\u00edrus nos EUA - O Coerente","robots":{"index":"index","follow":"follow","max-snippet":"max-snippet:-1","max-image-preview":"max-image-preview:large","max-video-preview":"max-video-preview:-1"},"canonical":"https:\/\/ocoerente.com.br\/se\/2020\/03\/10\/trump-diz-que-vai-anunciar-incentivos-economicos-para-lidar-com-crise-de-coronavirus-nos-eua\/","og_locale":"pt_BR","og_type":"article","og_title":"Trump diz que vai anunciar incentivos econ\u00f4micos para lidar com crise de coronav\u00edrus nos EUA - O Coerente","og_description":"O presidente dos\u00a0Estados Unidos,\u00a0Donald Trump, prometeu nesta segunda-feira (9) que ir\u00e1 anunciar na ter\u00e7a-feira \u201cgrandes passos\u201d de incentivo econ\u00f4mico para evitar preju\u00edzos causados pelo surto de coronav\u00edrus que atinge o pa\u00eds. O boletim mais recente da OMS aponta que os EUA registraram 213 casos confirmados e 11 mortes at\u00e9 6 horas desta segunda. No monitoramento [&hellip;]","og_url":"https:\/\/ocoerente.com.br\/se\/2020\/03\/10\/trump-diz-que-vai-anunciar-incentivos-economicos-para-lidar-com-crise-de-coronavirus-nos-eua\/","og_site_name":"O Coerente","article_published_time":"2020-03-10T03:26:26+00:00","og_image":[{"width":1600,"height":1002,"url":"https:\/\/ocoerente.com.br\/se\/wp-content\/uploads\/2020\/03\/coronavirus-trump.jpg","type":"image\/jpeg"}],"author":"Reda\u00e7\u00e3o","twitter_card":"summary_large_image","twitter_misc":{"Escrito por":"Reda\u00e7\u00e3o","Est. tempo de leitura":"3 minutos"},"schema":{"@context":"https:\/\/schema.org","@graph":[{"@type":"Article","@id":"https:\/\/ocoerente.com.br\/se\/2020\/03\/10\/trump-diz-que-vai-anunciar-incentivos-economicos-para-lidar-com-crise-de-coronavirus-nos-eua\/#article","isPartOf":{"@id":"https:\/\/ocoerente.com.br\/se\/2020\/03\/10\/trump-diz-que-vai-anunciar-incentivos-economicos-para-lidar-com-crise-de-coronavirus-nos-eua\/"},"author":{"name":"Reda\u00e7\u00e3o","@id":"https:\/\/ocoerente.com.br\/se\/#\/schema\/person\/cc6bfd9fbca465e23543b0c963d8d037"},"headline":"Trump diz que vai anunciar incentivos econ\u00f4micos para lidar com crise de coronav\u00edrus nos EUA","datePublished":"2020-03-10T03:26:26+00:00","mainEntityOfPage":{"@id":"https:\/\/ocoerente.com.br\/se\/2020\/03\/10\/trump-diz-que-vai-anunciar-incentivos-economicos-para-lidar-com-crise-de-coronavirus-nos-eua\/"},"wordCount":573,"publisher":{"@id":"https:\/\/ocoerente.com.br\/se\/#\/schema\/person\/cc6bfd9fbca465e23543b0c963d8d037"},"image":{"@id":"https:\/\/ocoerente.com.br\/se\/2020\/03\/10\/trump-diz-que-vai-anunciar-incentivos-economicos-para-lidar-com-crise-de-coronavirus-nos-eua\/#primaryimage"},"thumbnailUrl":"https:\/\/ocoerente.com.br\/se\/wp-content\/uploads\/2020\/03\/coronavirus-trump.jpg","articleSection":["Mundo"],"inLanguage":"pt-BR"},{"@type":"WebPage","@id":"https:\/\/ocoerente.com.br\/se\/2020\/03\/10\/trump-diz-que-vai-anunciar-incentivos-economicos-para-lidar-com-crise-de-coronavirus-nos-eua\/","url":"https:\/\/ocoerente.com.br\/se\/2020\/03\/10\/trump-diz-que-vai-anunciar-incentivos-economicos-para-lidar-com-crise-de-coronavirus-nos-eua\/","name":"Trump diz que vai anunciar incentivos econ\u00f4micos para lidar com crise de coronav\u00edrus nos EUA - O Coerente","isPartOf":{"@id":"https:\/\/ocoerente.com.br\/se\/#website"},"primaryImageOfPage":{"@id":"https:\/\/ocoerente.com.br\/se\/2020\/03\/10\/trump-diz-que-vai-anunciar-incentivos-economicos-para-lidar-com-crise-de-coronavirus-nos-eua\/#primaryimage"},"image":{"@id":"https:\/\/ocoerente.com.br\/se\/2020\/03\/10\/trump-diz-que-vai-anunciar-incentivos-economicos-para-lidar-com-crise-de-coronavirus-nos-eua\/#primaryimage"},"thumbnailUrl":"https:\/\/ocoerente.com.br\/se\/wp-content\/uploads\/2020\/03\/coronavirus-trump.jpg","datePublished":"2020-03-10T03:26:26+00:00","breadcrumb":{"@id":"https:\/\/ocoerente.com.br\/se\/2020\/03\/10\/trump-diz-que-vai-anunciar-incentivos-economicos-para-lidar-com-crise-de-coronavirus-nos-eua\/#breadcrumb"},"inLanguage":"pt-BR","potentialAction":[{"@type":"ReadAction","target":["https:\/\/ocoerente.com.br\/se\/2020\/03\/10\/trump-diz-que-vai-anunciar-incentivos-economicos-para-lidar-com-crise-de-coronavirus-nos-eua\/"]}]},{"@type":"ImageObject","inLanguage":"pt-BR","@id":"https:\/\/ocoerente.com.br\/se\/2020\/03\/10\/trump-diz-que-vai-anunciar-incentivos-economicos-para-lidar-com-crise-de-coronavirus-nos-eua\/#primaryimage","url":"https:\/\/ocoerente.com.br\/se\/wp-content\/uploads\/2020\/03\/coronavirus-trump.jpg","contentUrl":"https:\/\/ocoerente.com.br\/se\/wp-content\/uploads\/2020\/03\/coronavirus-trump.jpg","width":1600,"height":1002},{"@type":"BreadcrumbList","@id":"https:\/\/ocoerente.com.br\/se\/2020\/03\/10\/trump-diz-que-vai-anunciar-incentivos-economicos-para-lidar-com-crise-de-coronavirus-nos-eua\/#breadcrumb","itemListElement":[{"@type":"ListItem","position":1,"name":"In\u00edcio","item":"https:\/\/ocoerente.com.br\/se\/"},{"@type":"ListItem","position":2,"name":"Trump diz que vai anunciar incentivos econ\u00f4micos para lidar com crise de coronav\u00edrus nos EUA"}]},{"@type":"WebSite","@id":"https:\/\/ocoerente.com.br\/se\/#website","url":"https:\/\/ocoerente.com.br\/se\/","name":"O Coerente","description":"","publisher":{"@id":"https:\/\/ocoerente.com.br\/se\/#\/schema\/person\/cc6bfd9fbca465e23543b0c963d8d037"},"potentialAction":[{"@type":"SearchAction","target":{"@type":"EntryPoint","urlTemplate":"https:\/\/ocoerente.com.br\/se\/?s={search_term_string}"},"query-input":{"@type":"PropertyValueSpecification","valueRequired":true,"valueName":"search_term_string"}}],"inLanguage":"pt-BR"},{"@type":["Person","Organization"],"@id":"https:\/\/ocoerente.com.br\/se\/#\/schema\/person\/cc6bfd9fbca465e23543b0c963d8d037","name":"Reda\u00e7\u00e3o","image":{"@type":"ImageObject","inLanguage":"pt-BR","@id":"https:\/\/ocoerente.com.br\/se\/wp-content\/uploads\/2020\/01\/ocoerente-1.png","url":"https:\/\/ocoerente.com.br\/se\/wp-content\/uploads\/2020\/01\/ocoerente-1.png","contentUrl":"https:\/\/ocoerente.com.br\/se\/wp-content\/uploads\/2020\/01\/ocoerente-1.png","width":50,"height":50,"caption":"Reda\u00e7\u00e3o"},"logo":{"@id":"https:\/\/ocoerente.com.br\/se\/wp-content\/uploads\/2020\/01\/ocoerente-1.png"},"url":"https:\/\/ocoerente.com.br\/se\/author\/vasticlsales\/"}]}},"_links":{"self":[{"href":"https:\/\/ocoerente.com.br\/se\/wp-json\/wp\/v2\/posts\/635","targetHints":{"allow":["GET"]}}],"collection":[{"href":"https:\/\/ocoerente.com.br\/se\/wp-json\/wp\/v2\/posts"}],"about":[{"href":"https:\/\/ocoerente.com.br\/se\/wp-json\/wp\/v2\/types\/post"}],"author":[{"embeddable":true,"href":"https:\/\/ocoerente.com.br\/se\/wp-json\/wp\/v2\/users\/1"}],"replies":[{"embeddable":true,"href":"https:\/\/ocoerente.com.br\/se\/wp-json\/wp\/v2\/comments?post=635"}],"version-history":[{"count":1,"href":"https:\/\/ocoerente.com.br\/se\/wp-json\/wp\/v2\/posts\/635\/revisions"}],"predecessor-version":[{"id":637,"href":"https:\/\/ocoerente.com.br\/se\/wp-json\/wp\/v2\/posts\/635\/revisions\/637"}],"wp:featuredmedia":[{"embeddable":true,"href":"https:\/\/ocoerente.com.br\/se\/wp-json\/wp\/v2\/media\/636"}],"wp:attachment":[{"href":"https:\/\/ocoerente.com.br\/se\/wp-json\/wp\/v2\/media?parent=635"}],"wp:term":[{"taxonomy":"category","embeddable":true,"href":"https:\/\/ocoerente.com.br\/se\/wp-json\/wp\/v2\/categories?post=635"},{"taxonomy":"post_tag","embeddable":true,"href":"https:\/\/ocoerente.com.br\/se\/wp-json\/wp\/v2\/tags?post=635"}],"curies":[{"name":"wp","href":"https:\/\/api.w.org\/{rel}","templated":true}]}}