{"id":6330,"date":"2022-05-27T09:59:29","date_gmt":"2022-05-27T12:59:29","guid":{"rendered":"https:\/\/ocoerente.com.br\/se\/?p=6330"},"modified":"2022-05-27T09:59:31","modified_gmt":"2022-05-27T12:59:31","slug":"sedurbs-divulga-balanco-de-acoes-realizadas-por-conta-das-chuvas-nas-ultimas-horas-em-sergipe","status":"publish","type":"post","link":"https:\/\/ocoerente.com.br\/se\/2022\/05\/27\/sedurbs-divulga-balanco-de-acoes-realizadas-por-conta-das-chuvas-nas-ultimas-horas-em-sergipe\/","title":{"rendered":"Sedurbs divulga balan\u00e7o de a\u00e7\u00f5es realizadas por conta das chuvas nas \u00faltimas horas em Sergipe"},"content":{"rendered":"\n<p>Em decorr\u00eancia das chuvas ocorridas em todo o estado nas \u00faltimas horas, a Secretaria de Estado do Desenvolvimento Urbano e Sustentabilidade (Sedurbs), por meio da Superintend\u00eancia Estadual de Prote\u00e7\u00e3o e Defesa Civil (Supdec), divulgou um balan\u00e7o das atividades realizadas pelas equipes do \u00f3rg\u00e3o nas \u00faltimas horas.<\/p>\n\n\n\n<p><br>De acordo com o superintendente da Supdec, o Tenente-coronel Luciano Queiroz, no munic\u00edpio de Feira Nova, no conjunto Manuel Ferreira, at\u00e9 o fim da manh\u00e3 desta quarta-feira, 25, algumas pessoas foram realocadas para casas de aluguel social por conta do alagamento e mais outras foram para casa de parentes e amigos. \u201cN\u00f3s solicitamos \u00e0 secretaria de assist\u00eancia do munic\u00edpio colch\u00f5es, al\u00e9m de kits de higiene pessoal e de limpeza para estas pessoas que v\u00e3o para casa de amigos e parentes, bem como solicitamos m\u00e1quinas para desobstru\u00e7\u00e3o dos bueiros dessa regi\u00e3o para escoar as \u00e1guas deste local\u201d, explicou.<\/p>\n\n\n\n<p><br>O Tenente-coronel relatou ainda que os fatos de mais significativos ocorreram no interior do estado. \u201cNa estrada que abrange os munic\u00edpios de Nossa Senhora da Gl\u00f3ria, Feira Nova, Cumbe e Nossa Senhora das Dores, as chuvas intensas ocasionaram aquaplanagem de carros na rodovia e foi registrado um acidente envolvendo um ve\u00edculo que caiu dentro de um \u2018lago\u2019 formado pelas precipita\u00e7\u00f5es recorrentes \u00e0s margens da rodovia\u201d, detalhou.<\/p>\n\n\n\n<p><br>O superintendente informa que outras pistas tamb\u00e9m ficaram completamente cobertas pela \u00e1gua, como \u00e9 o caso da rodovia entre Cedro e o Povoado Po\u00e7o dos Bois. J\u00e1 em Telha, o riacho Jacar\u00e9 transbordou e o rio Japaratuba, em Capela, no Povoado Barracas, tamb\u00e9m transbordou. J\u00e1 em Cumbe, teve o transbordamento da barragem e foi feita a limpeza das galerias de \u00e1guas pluviais. \u201cEm Maruim, ocorreu a queda de uma \u00e1rvore em frente \u00e0 prefeitura do munic\u00edpio, sem v\u00edtimas. Outra queda de \u00e1rvore em pra\u00e7a p\u00fablica foi no munic\u00edpio de Brejo Grande e houve a queda de um muro de um campo de futebol particular em Ne\u00f3polis, al\u00e9m de alagamento em uma escola municipal do munic\u00edpio\u201d, disse.<\/p>\n\n\n\n<p><br>A Supdec informa que continua atuando com a equipe em todo o estado e orienta que em situa\u00e7\u00f5es dessa natureza os cidad\u00e3os devem evitar estarem pr\u00f3ximos de \u00e1rvores, postes de condu\u00e7\u00e3o de energia, rios e riachos. Em caso de riscos maiores, a exemplo de alagamentos, deslizamentos de terra, queda de \u00e1rvores, barreiras, sinaliza\u00e7\u00e3o de rodovias, postes, entre outros, faz-se necess\u00e1rio buscar ajuda nas Coordenadorias de Defesas Civis Municipais e atrav\u00e9s do telefone 199, na capital e 193 nas demais cidades do interior de Sergipe. Tamb\u00e9m \u00e9 importante fazer o cadastro de alerta, a fim de que em casos de eventos naturais inesperados, a popula\u00e7\u00e3o possa ser avisada com anteced\u00eancia e de como proceder.<\/p>\n\n\n\n<p><br>Para efetuar o cadastro, o cidad\u00e3o deve enviar um SMS para o n\u00famero 40199, com o n\u00famero do CEP do logradouro onde reside, e, automaticamente, receber\u00e1 um aviso informando que o cadastro foi realizado com sucesso.<\/p>\n","protected":false},"excerpt":{"rendered":"<p>Em decorr\u00eancia das chuvas ocorridas em todo o estado nas \u00faltimas horas, a Secretaria de Estado do Desenvolvimento Urbano e Sustentabilidade (Sedurbs), por meio da Superintend\u00eancia Estadual de Prote\u00e7\u00e3o e Defesa Civil (Supdec), divulgou um balan\u00e7o das atividades realizadas pelas equipes do \u00f3rg\u00e3o nas \u00faltimas horas. De acordo com o superintendente da Supdec, o Tenente-coronel [&hellip;]<\/p>\n","protected":false},"author":1,"featured_media":6331,"comment_status":"closed","ping_status":"closed","sticky":false,"template":"","format":"standard","meta":{"footnotes":""},"categories":[53,43],"tags":[],"class_list":["post-6330","post","type-post","status-publish","format-standard","has-post-thumbnail","hentry","category-destaques","category-sergipe"],"yoast_head":"<!-- This site is optimized with the Yoast SEO plugin v27.4 - https:\/\/yoast.com\/product\/yoast-seo-wordpress\/ -->\n<title>Sedurbs divulga balan\u00e7o de a\u00e7\u00f5es realizadas por conta das chuvas nas \u00faltimas horas em Sergipe - O Coerente<\/title>\n<meta name=\"robots\" content=\"index, follow, max-snippet:-1, max-image-preview:large, max-video-preview:-1\" \/>\n<link rel=\"canonical\" href=\"https:\/\/ocoerente.com.br\/se\/2022\/05\/27\/sedurbs-divulga-balanco-de-acoes-realizadas-por-conta-das-chuvas-nas-ultimas-horas-em-sergipe\/\" \/>\n<meta property=\"og:locale\" content=\"pt_BR\" \/>\n<meta property=\"og:type\" content=\"article\" \/>\n<meta property=\"og:title\" content=\"Sedurbs divulga balan\u00e7o de a\u00e7\u00f5es realizadas por conta das chuvas nas \u00faltimas horas em Sergipe - O Coerente\" \/>\n<meta property=\"og:description\" content=\"Em decorr\u00eancia das chuvas ocorridas em todo o estado nas \u00faltimas horas, a Secretaria de Estado do Desenvolvimento Urbano e Sustentabilidade (Sedurbs), por meio da Superintend\u00eancia Estadual de Prote\u00e7\u00e3o e Defesa Civil (Supdec), divulgou um balan\u00e7o das atividades realizadas pelas equipes do \u00f3rg\u00e3o nas \u00faltimas horas. De acordo com o superintendente da Supdec, o Tenente-coronel [&hellip;]\" \/>\n<meta property=\"og:url\" content=\"https:\/\/ocoerente.com.br\/se\/2022\/05\/27\/sedurbs-divulga-balanco-de-acoes-realizadas-por-conta-das-chuvas-nas-ultimas-horas-em-sergipe\/\" \/>\n<meta property=\"og:site_name\" content=\"O Coerente\" \/>\n<meta property=\"article:published_time\" content=\"2022-05-27T12:59:29+00:00\" \/>\n<meta property=\"article:modified_time\" content=\"2022-05-27T12:59:31+00:00\" \/>\n<meta property=\"og:image\" content=\"https:\/\/ocoerente.com.br\/se\/wp-content\/uploads\/2022\/05\/sedurbs-chuvas.jpg\" \/>\n\t<meta property=\"og:image:width\" content=\"1600\" \/>\n\t<meta property=\"og:image:height\" content=\"900\" \/>\n\t<meta property=\"og:image:type\" content=\"image\/jpeg\" \/>\n<meta name=\"author\" content=\"Reda\u00e7\u00e3o\" \/>\n<meta name=\"twitter:card\" content=\"summary_large_image\" \/>\n<meta name=\"twitter:label1\" content=\"Escrito por\" \/>\n\t<meta name=\"twitter:data1\" content=\"Reda\u00e7\u00e3o\" \/>\n\t<meta name=\"twitter:label2\" content=\"Est. tempo de leitura\" \/>\n\t<meta name=\"twitter:data2\" content=\"3 minutos\" \/>\n<script type=\"application\/ld+json\" class=\"yoast-schema-graph\">{\"@context\":\"https:\\\/\\\/schema.org\",\"@graph\":[{\"@type\":\"Article\",\"@id\":\"https:\\\/\\\/ocoerente.com.br\\\/se\\\/2022\\\/05\\\/27\\\/sedurbs-divulga-balanco-de-acoes-realizadas-por-conta-das-chuvas-nas-ultimas-horas-em-sergipe\\\/#article\",\"isPartOf\":{\"@id\":\"https:\\\/\\\/ocoerente.com.br\\\/se\\\/2022\\\/05\\\/27\\\/sedurbs-divulga-balanco-de-acoes-realizadas-por-conta-das-chuvas-nas-ultimas-horas-em-sergipe\\\/\"},\"author\":{\"name\":\"Reda\u00e7\u00e3o\",\"@id\":\"https:\\\/\\\/ocoerente.com.br\\\/se\\\/#\\\/schema\\\/person\\\/cc6bfd9fbca465e23543b0c963d8d037\"},\"headline\":\"Sedurbs divulga balan\u00e7o de a\u00e7\u00f5es realizadas por conta das chuvas nas \u00faltimas horas em Sergipe\",\"datePublished\":\"2022-05-27T12:59:29+00:00\",\"dateModified\":\"2022-05-27T12:59:31+00:00\",\"mainEntityOfPage\":{\"@id\":\"https:\\\/\\\/ocoerente.com.br\\\/se\\\/2022\\\/05\\\/27\\\/sedurbs-divulga-balanco-de-acoes-realizadas-por-conta-das-chuvas-nas-ultimas-horas-em-sergipe\\\/\"},\"wordCount\":526,\"publisher\":{\"@id\":\"https:\\\/\\\/ocoerente.com.br\\\/se\\\/#\\\/schema\\\/person\\\/cc6bfd9fbca465e23543b0c963d8d037\"},\"image\":{\"@id\":\"https:\\\/\\\/ocoerente.com.br\\\/se\\\/2022\\\/05\\\/27\\\/sedurbs-divulga-balanco-de-acoes-realizadas-por-conta-das-chuvas-nas-ultimas-horas-em-sergipe\\\/#primaryimage\"},\"thumbnailUrl\":\"https:\\\/\\\/ocoerente.com.br\\\/se\\\/wp-content\\\/uploads\\\/2022\\\/05\\\/sedurbs-chuvas.jpg\",\"articleSection\":[\"Destaques\",\"Sergipe\"],\"inLanguage\":\"pt-BR\"},{\"@type\":\"WebPage\",\"@id\":\"https:\\\/\\\/ocoerente.com.br\\\/se\\\/2022\\\/05\\\/27\\\/sedurbs-divulga-balanco-de-acoes-realizadas-por-conta-das-chuvas-nas-ultimas-horas-em-sergipe\\\/\",\"url\":\"https:\\\/\\\/ocoerente.com.br\\\/se\\\/2022\\\/05\\\/27\\\/sedurbs-divulga-balanco-de-acoes-realizadas-por-conta-das-chuvas-nas-ultimas-horas-em-sergipe\\\/\",\"name\":\"Sedurbs divulga balan\u00e7o de a\u00e7\u00f5es realizadas por conta das chuvas nas \u00faltimas horas em Sergipe - O Coerente\",\"isPartOf\":{\"@id\":\"https:\\\/\\\/ocoerente.com.br\\\/se\\\/#website\"},\"primaryImageOfPage\":{\"@id\":\"https:\\\/\\\/ocoerente.com.br\\\/se\\\/2022\\\/05\\\/27\\\/sedurbs-divulga-balanco-de-acoes-realizadas-por-conta-das-chuvas-nas-ultimas-horas-em-sergipe\\\/#primaryimage\"},\"image\":{\"@id\":\"https:\\\/\\\/ocoerente.com.br\\\/se\\\/2022\\\/05\\\/27\\\/sedurbs-divulga-balanco-de-acoes-realizadas-por-conta-das-chuvas-nas-ultimas-horas-em-sergipe\\\/#primaryimage\"},\"thumbnailUrl\":\"https:\\\/\\\/ocoerente.com.br\\\/se\\\/wp-content\\\/uploads\\\/2022\\\/05\\\/sedurbs-chuvas.jpg\",\"datePublished\":\"2022-05-27T12:59:29+00:00\",\"dateModified\":\"2022-05-27T12:59:31+00:00\",\"breadcrumb\":{\"@id\":\"https:\\\/\\\/ocoerente.com.br\\\/se\\\/2022\\\/05\\\/27\\\/sedurbs-divulga-balanco-de-acoes-realizadas-por-conta-das-chuvas-nas-ultimas-horas-em-sergipe\\\/#breadcrumb\"},\"inLanguage\":\"pt-BR\",\"potentialAction\":[{\"@type\":\"ReadAction\",\"target\":[\"https:\\\/\\\/ocoerente.com.br\\\/se\\\/2022\\\/05\\\/27\\\/sedurbs-divulga-balanco-de-acoes-realizadas-por-conta-das-chuvas-nas-ultimas-horas-em-sergipe\\\/\"]}]},{\"@type\":\"ImageObject\",\"inLanguage\":\"pt-BR\",\"@id\":\"https:\\\/\\\/ocoerente.com.br\\\/se\\\/2022\\\/05\\\/27\\\/sedurbs-divulga-balanco-de-acoes-realizadas-por-conta-das-chuvas-nas-ultimas-horas-em-sergipe\\\/#primaryimage\",\"url\":\"https:\\\/\\\/ocoerente.com.br\\\/se\\\/wp-content\\\/uploads\\\/2022\\\/05\\\/sedurbs-chuvas.jpg\",\"contentUrl\":\"https:\\\/\\\/ocoerente.com.br\\\/se\\\/wp-content\\\/uploads\\\/2022\\\/05\\\/sedurbs-chuvas.jpg\",\"width\":1600,\"height\":900},{\"@type\":\"BreadcrumbList\",\"@id\":\"https:\\\/\\\/ocoerente.com.br\\\/se\\\/2022\\\/05\\\/27\\\/sedurbs-divulga-balanco-de-acoes-realizadas-por-conta-das-chuvas-nas-ultimas-horas-em-sergipe\\\/#breadcrumb\",\"itemListElement\":[{\"@type\":\"ListItem\",\"position\":1,\"name\":\"In\u00edcio\",\"item\":\"https:\\\/\\\/ocoerente.com.br\\\/se\\\/\"},{\"@type\":\"ListItem\",\"position\":2,\"name\":\"Sedurbs divulga balan\u00e7o de a\u00e7\u00f5es realizadas por conta das chuvas nas \u00faltimas horas em Sergipe\"}]},{\"@type\":\"WebSite\",\"@id\":\"https:\\\/\\\/ocoerente.com.br\\\/se\\\/#website\",\"url\":\"https:\\\/\\\/ocoerente.com.br\\\/se\\\/\",\"name\":\"O Coerente\",\"description\":\"\",\"publisher\":{\"@id\":\"https:\\\/\\\/ocoerente.com.br\\\/se\\\/#\\\/schema\\\/person\\\/cc6bfd9fbca465e23543b0c963d8d037\"},\"potentialAction\":[{\"@type\":\"SearchAction\",\"target\":{\"@type\":\"EntryPoint\",\"urlTemplate\":\"https:\\\/\\\/ocoerente.com.br\\\/se\\\/?s={search_term_string}\"},\"query-input\":{\"@type\":\"PropertyValueSpecification\",\"valueRequired\":true,\"valueName\":\"search_term_string\"}}],\"inLanguage\":\"pt-BR\"},{\"@type\":[\"Person\",\"Organization\"],\"@id\":\"https:\\\/\\\/ocoerente.com.br\\\/se\\\/#\\\/schema\\\/person\\\/cc6bfd9fbca465e23543b0c963d8d037\",\"name\":\"Reda\u00e7\u00e3o\",\"image\":{\"@type\":\"ImageObject\",\"inLanguage\":\"pt-BR\",\"@id\":\"https:\\\/\\\/ocoerente.com.br\\\/se\\\/wp-content\\\/uploads\\\/2020\\\/01\\\/ocoerente-1.png\",\"url\":\"https:\\\/\\\/ocoerente.com.br\\\/se\\\/wp-content\\\/uploads\\\/2020\\\/01\\\/ocoerente-1.png\",\"contentUrl\":\"https:\\\/\\\/ocoerente.com.br\\\/se\\\/wp-content\\\/uploads\\\/2020\\\/01\\\/ocoerente-1.png\",\"width\":50,\"height\":50,\"caption\":\"Reda\u00e7\u00e3o\"},\"logo\":{\"@id\":\"https:\\\/\\\/ocoerente.com.br\\\/se\\\/wp-content\\\/uploads\\\/2020\\\/01\\\/ocoerente-1.png\"},\"url\":\"https:\\\/\\\/ocoerente.com.br\\\/se\\\/author\\\/vasticlsales\\\/\"}]}<\/script>\n<!-- \/ Yoast SEO plugin. -->","yoast_head_json":{"title":"Sedurbs divulga balan\u00e7o de a\u00e7\u00f5es realizadas por conta das chuvas nas \u00faltimas horas em Sergipe - O Coerente","robots":{"index":"index","follow":"follow","max-snippet":"max-snippet:-1","max-image-preview":"max-image-preview:large","max-video-preview":"max-video-preview:-1"},"canonical":"https:\/\/ocoerente.com.br\/se\/2022\/05\/27\/sedurbs-divulga-balanco-de-acoes-realizadas-por-conta-das-chuvas-nas-ultimas-horas-em-sergipe\/","og_locale":"pt_BR","og_type":"article","og_title":"Sedurbs divulga balan\u00e7o de a\u00e7\u00f5es realizadas por conta das chuvas nas \u00faltimas horas em Sergipe - O Coerente","og_description":"Em decorr\u00eancia das chuvas ocorridas em todo o estado nas \u00faltimas horas, a Secretaria de Estado do Desenvolvimento Urbano e Sustentabilidade (Sedurbs), por meio da Superintend\u00eancia Estadual de Prote\u00e7\u00e3o e Defesa Civil (Supdec), divulgou um balan\u00e7o das atividades realizadas pelas equipes do \u00f3rg\u00e3o nas \u00faltimas horas. De acordo com o superintendente da Supdec, o Tenente-coronel [&hellip;]","og_url":"https:\/\/ocoerente.com.br\/se\/2022\/05\/27\/sedurbs-divulga-balanco-de-acoes-realizadas-por-conta-das-chuvas-nas-ultimas-horas-em-sergipe\/","og_site_name":"O Coerente","article_published_time":"2022-05-27T12:59:29+00:00","article_modified_time":"2022-05-27T12:59:31+00:00","og_image":[{"width":1600,"height":900,"url":"https:\/\/ocoerente.com.br\/se\/wp-content\/uploads\/2022\/05\/sedurbs-chuvas.jpg","type":"image\/jpeg"}],"author":"Reda\u00e7\u00e3o","twitter_card":"summary_large_image","twitter_misc":{"Escrito por":"Reda\u00e7\u00e3o","Est. tempo de leitura":"3 minutos"},"schema":{"@context":"https:\/\/schema.org","@graph":[{"@type":"Article","@id":"https:\/\/ocoerente.com.br\/se\/2022\/05\/27\/sedurbs-divulga-balanco-de-acoes-realizadas-por-conta-das-chuvas-nas-ultimas-horas-em-sergipe\/#article","isPartOf":{"@id":"https:\/\/ocoerente.com.br\/se\/2022\/05\/27\/sedurbs-divulga-balanco-de-acoes-realizadas-por-conta-das-chuvas-nas-ultimas-horas-em-sergipe\/"},"author":{"name":"Reda\u00e7\u00e3o","@id":"https:\/\/ocoerente.com.br\/se\/#\/schema\/person\/cc6bfd9fbca465e23543b0c963d8d037"},"headline":"Sedurbs divulga balan\u00e7o de a\u00e7\u00f5es realizadas por conta das chuvas nas \u00faltimas horas em Sergipe","datePublished":"2022-05-27T12:59:29+00:00","dateModified":"2022-05-27T12:59:31+00:00","mainEntityOfPage":{"@id":"https:\/\/ocoerente.com.br\/se\/2022\/05\/27\/sedurbs-divulga-balanco-de-acoes-realizadas-por-conta-das-chuvas-nas-ultimas-horas-em-sergipe\/"},"wordCount":526,"publisher":{"@id":"https:\/\/ocoerente.com.br\/se\/#\/schema\/person\/cc6bfd9fbca465e23543b0c963d8d037"},"image":{"@id":"https:\/\/ocoerente.com.br\/se\/2022\/05\/27\/sedurbs-divulga-balanco-de-acoes-realizadas-por-conta-das-chuvas-nas-ultimas-horas-em-sergipe\/#primaryimage"},"thumbnailUrl":"https:\/\/ocoerente.com.br\/se\/wp-content\/uploads\/2022\/05\/sedurbs-chuvas.jpg","articleSection":["Destaques","Sergipe"],"inLanguage":"pt-BR"},{"@type":"WebPage","@id":"https:\/\/ocoerente.com.br\/se\/2022\/05\/27\/sedurbs-divulga-balanco-de-acoes-realizadas-por-conta-das-chuvas-nas-ultimas-horas-em-sergipe\/","url":"https:\/\/ocoerente.com.br\/se\/2022\/05\/27\/sedurbs-divulga-balanco-de-acoes-realizadas-por-conta-das-chuvas-nas-ultimas-horas-em-sergipe\/","name":"Sedurbs divulga balan\u00e7o de a\u00e7\u00f5es realizadas por conta das chuvas nas \u00faltimas horas em Sergipe - O Coerente","isPartOf":{"@id":"https:\/\/ocoerente.com.br\/se\/#website"},"primaryImageOfPage":{"@id":"https:\/\/ocoerente.com.br\/se\/2022\/05\/27\/sedurbs-divulga-balanco-de-acoes-realizadas-por-conta-das-chuvas-nas-ultimas-horas-em-sergipe\/#primaryimage"},"image":{"@id":"https:\/\/ocoerente.com.br\/se\/2022\/05\/27\/sedurbs-divulga-balanco-de-acoes-realizadas-por-conta-das-chuvas-nas-ultimas-horas-em-sergipe\/#primaryimage"},"thumbnailUrl":"https:\/\/ocoerente.com.br\/se\/wp-content\/uploads\/2022\/05\/sedurbs-chuvas.jpg","datePublished":"2022-05-27T12:59:29+00:00","dateModified":"2022-05-27T12:59:31+00:00","breadcrumb":{"@id":"https:\/\/ocoerente.com.br\/se\/2022\/05\/27\/sedurbs-divulga-balanco-de-acoes-realizadas-por-conta-das-chuvas-nas-ultimas-horas-em-sergipe\/#breadcrumb"},"inLanguage":"pt-BR","potentialAction":[{"@type":"ReadAction","target":["https:\/\/ocoerente.com.br\/se\/2022\/05\/27\/sedurbs-divulga-balanco-de-acoes-realizadas-por-conta-das-chuvas-nas-ultimas-horas-em-sergipe\/"]}]},{"@type":"ImageObject","inLanguage":"pt-BR","@id":"https:\/\/ocoerente.com.br\/se\/2022\/05\/27\/sedurbs-divulga-balanco-de-acoes-realizadas-por-conta-das-chuvas-nas-ultimas-horas-em-sergipe\/#primaryimage","url":"https:\/\/ocoerente.com.br\/se\/wp-content\/uploads\/2022\/05\/sedurbs-chuvas.jpg","contentUrl":"https:\/\/ocoerente.com.br\/se\/wp-content\/uploads\/2022\/05\/sedurbs-chuvas.jpg","width":1600,"height":900},{"@type":"BreadcrumbList","@id":"https:\/\/ocoerente.com.br\/se\/2022\/05\/27\/sedurbs-divulga-balanco-de-acoes-realizadas-por-conta-das-chuvas-nas-ultimas-horas-em-sergipe\/#breadcrumb","itemListElement":[{"@type":"ListItem","position":1,"name":"In\u00edcio","item":"https:\/\/ocoerente.com.br\/se\/"},{"@type":"ListItem","position":2,"name":"Sedurbs divulga balan\u00e7o de a\u00e7\u00f5es realizadas por conta das chuvas nas \u00faltimas horas em Sergipe"}]},{"@type":"WebSite","@id":"https:\/\/ocoerente.com.br\/se\/#website","url":"https:\/\/ocoerente.com.br\/se\/","name":"O Coerente","description":"","publisher":{"@id":"https:\/\/ocoerente.com.br\/se\/#\/schema\/person\/cc6bfd9fbca465e23543b0c963d8d037"},"potentialAction":[{"@type":"SearchAction","target":{"@type":"EntryPoint","urlTemplate":"https:\/\/ocoerente.com.br\/se\/?s={search_term_string}"},"query-input":{"@type":"PropertyValueSpecification","valueRequired":true,"valueName":"search_term_string"}}],"inLanguage":"pt-BR"},{"@type":["Person","Organization"],"@id":"https:\/\/ocoerente.com.br\/se\/#\/schema\/person\/cc6bfd9fbca465e23543b0c963d8d037","name":"Reda\u00e7\u00e3o","image":{"@type":"ImageObject","inLanguage":"pt-BR","@id":"https:\/\/ocoerente.com.br\/se\/wp-content\/uploads\/2020\/01\/ocoerente-1.png","url":"https:\/\/ocoerente.com.br\/se\/wp-content\/uploads\/2020\/01\/ocoerente-1.png","contentUrl":"https:\/\/ocoerente.com.br\/se\/wp-content\/uploads\/2020\/01\/ocoerente-1.png","width":50,"height":50,"caption":"Reda\u00e7\u00e3o"},"logo":{"@id":"https:\/\/ocoerente.com.br\/se\/wp-content\/uploads\/2020\/01\/ocoerente-1.png"},"url":"https:\/\/ocoerente.com.br\/se\/author\/vasticlsales\/"}]}},"_links":{"self":[{"href":"https:\/\/ocoerente.com.br\/se\/wp-json\/wp\/v2\/posts\/6330","targetHints":{"allow":["GET"]}}],"collection":[{"href":"https:\/\/ocoerente.com.br\/se\/wp-json\/wp\/v2\/posts"}],"about":[{"href":"https:\/\/ocoerente.com.br\/se\/wp-json\/wp\/v2\/types\/post"}],"author":[{"embeddable":true,"href":"https:\/\/ocoerente.com.br\/se\/wp-json\/wp\/v2\/users\/1"}],"replies":[{"embeddable":true,"href":"https:\/\/ocoerente.com.br\/se\/wp-json\/wp\/v2\/comments?post=6330"}],"version-history":[{"count":1,"href":"https:\/\/ocoerente.com.br\/se\/wp-json\/wp\/v2\/posts\/6330\/revisions"}],"predecessor-version":[{"id":6332,"href":"https:\/\/ocoerente.com.br\/se\/wp-json\/wp\/v2\/posts\/6330\/revisions\/6332"}],"wp:featuredmedia":[{"embeddable":true,"href":"https:\/\/ocoerente.com.br\/se\/wp-json\/wp\/v2\/media\/6331"}],"wp:attachment":[{"href":"https:\/\/ocoerente.com.br\/se\/wp-json\/wp\/v2\/media?parent=6330"}],"wp:term":[{"taxonomy":"category","embeddable":true,"href":"https:\/\/ocoerente.com.br\/se\/wp-json\/wp\/v2\/categories?post=6330"},{"taxonomy":"post_tag","embeddable":true,"href":"https:\/\/ocoerente.com.br\/se\/wp-json\/wp\/v2\/tags?post=6330"}],"curies":[{"name":"wp","href":"https:\/\/api.w.org\/{rel}","templated":true}]}}