{"id":6326,"date":"2022-05-27T09:58:03","date_gmt":"2022-05-27T12:58:03","guid":{"rendered":"https:\/\/ocoerente.com.br\/se\/?p=6326"},"modified":"2022-05-27T09:58:05","modified_gmt":"2022-05-27T12:58:05","slug":"barbarie-policia-transforma-viatura-em-camara-de-gas-tortura-e-executa-homem-negro","status":"publish","type":"post","link":"https:\/\/ocoerente.com.br\/se\/2022\/05\/27\/barbarie-policia-transforma-viatura-em-camara-de-gas-tortura-e-executa-homem-negro\/","title":{"rendered":"Barb\u00e1rie: Pol\u00edcia transforma viatura em c\u00e2mara de g\u00e1s, tortura e executa homem negro"},"content":{"rendered":"\n<p>S\u00e3o estarrecedoras as cenas de tortura e assassinato de Genivaldo de Jesus Santos, homem negro de 38 anos sufocado at\u00e9 a morte por policiais da Pol\u00edcia Rodovi\u00e1ria Federal (PRF) de Sergipe nesta quarta-feira, 25.<\/p>\n\n\n\n<p>Genivaldo estava em uma moto quando foi abordado por policiais em Umba\u00faba, sul do estado a cerca de 100 quil\u00f4metros da capital Aracaju. Sofrendo de problemas mentais, ele foi agredido, imobilizado e teve as pernas e bra\u00e7os amarrados. Foi colocado no porta-malas de uma viatura e sufocado at\u00e9 a morte por g\u00e1s lacrimog\u00eaneo. Uma sess\u00e3o de tortura e execu\u00e7\u00e3o \u00e0 luz do dia, sob os olhares de in\u00fameras testemunhas.<\/p>\n\n\n\n<figure class=\"wp-block-embed is-type-video is-provider-youtube wp-block-embed-youtube wp-embed-aspect-16-9 wp-has-aspect-ratio\"><div class=\"wp-block-embed__wrapper\">\n<div class=\"jeg_video_container jeg_video_content\"><iframe loading=\"lazy\" title=\"Homem morre ap\u00f3s abordagem da PRF em Sergipe\" width=\"500\" height=\"281\" src=\"https:\/\/www.youtube.com\/embed\/O8L0xWtjoMg?feature=oembed\" frameborder=\"0\" allow=\"accelerometer; autoplay; clipboard-write; encrypted-media; gyroscope; picture-in-picture; web-share\" referrerpolicy=\"strict-origin-when-cross-origin\" allowfullscreen><\/iframe><\/div>\n<\/div><\/figure>\n\n\n\n<p>Nos v\u00eddeos gravados por testemunhas \u00e9 poss\u00edvel ouvir Genivaldo gritando. Mesmo com os apelos de populares, os policiais n\u00e3o interrompem a sess\u00e3o de tortura. Levado ao hospital, Genivaldo j\u00e1 chegou sem vida.<\/p>\n\n\n\n<p>A nota \u00e0 imprensa da PRF \u00e9 um verdadeiro tapa na cara da popula\u00e7\u00e3o, sobretudo do povo pobre e negro v\u00edtima cotidiana da viol\u00eancia policial. Segundo a nota, Genivaldo \u201cresistiu ativamente a uma abordagem\u201d, tendo que ser empregados \u201ct\u00e9cnicas de imobiliza\u00e7\u00e3o e instrumentos de menor potencial ofensivo\u201d.<\/p>\n\n\n\n<figure class=\"wp-block-image size-full\"><img loading=\"lazy\" decoding=\"async\" width=\"743\" height=\"546\" src=\"https:\/\/ocoerente.com.br\/se\/wp-content\/uploads\/2022\/05\/notapef.jpg\" alt=\"\" class=\"wp-image-6327\" srcset=\"https:\/\/ocoerente.com.br\/se\/wp-content\/uploads\/2022\/05\/notapef.jpg 743w, https:\/\/ocoerente.com.br\/se\/wp-content\/uploads\/2022\/05\/notapef-300x220.jpg 300w\" sizes=\"auto, (max-width: 743px) 100vw, 743px\" \/><\/figure>\n\n\n\n<p>N\u00e3o t\u00eam o menor pudor de mentir e contrariar as testemunhas e os v\u00eddeos gravados no momento da barb\u00e1rie. J\u00e1 no Boletim de Ocorr\u00eancia, a pol\u00edcia chega ao c\u00famulo de dizer que o homem sofreu um \u201cmal s\u00fabito\u201d enquanto era encaminhado \u00e0 delegacia, sem qualquer rela\u00e7\u00e3o com a \u201cabordagem\u201d. O IML, por\u00e9m, atestou que Genivaldo morreu por \u201casfixia mec\u00e2nica\u201d.<\/p>\n\n\n\n<figure class=\"wp-block-embed is-type-rich is-provider-twitter wp-block-embed-twitter\"><div class=\"wp-block-embed__wrapper\">\n<blockquote class=\"twitter-tweet\" data-width=\"500\" data-dnt=\"true\"><p lang=\"pt\" dir=\"ltr\">Popula\u00e7\u00e3o de Umba\u00faba protestas contra o assassinato de Genivaldo de Jesus. <a href=\"https:\/\/twitter.com\/hashtag\/JusticaPorGenivaldo?src=hash&amp;ref_src=twsrc%5Etfw\">#JusticaPorGenivaldo<\/a> <a href=\"https:\/\/t.co\/XjNW4TQKjn\">pic.twitter.com\/XjNW4TQKjn<\/a><\/p>&mdash; Instituto Marielle Franco (@inst_marielle) <a href=\"https:\/\/twitter.com\/inst_marielle\/status\/1529857144044105735?ref_src=twsrc%5Etfw\">May 26, 2022<\/a><\/blockquote><script async src=\"https:\/\/platform.twitter.com\/widgets.js\" charset=\"utf-8\"><\/script>\n<\/div><\/figure>\n\n\n\n<p>Neste dia 26, a popula\u00e7\u00e3o de Umba\u00faba protestou contra a tortura e execu\u00e7\u00e3o de Genivaldo.<\/p>\n\n\n\n<p>Essa sess\u00e3o de tortura evoca as t\u00e9cnicas nazistas de assassinato, transformando uma viatura em uma c\u00e2mara de g\u00e1s para matar preto e pobre. Remetem ainda ao assassinato de George Floyd nos EUA, o homem negro sufocado at\u00e9 a morte pela pol\u00edcia cujo caso desatou uma s\u00e9rie de protestos pelo pa\u00eds. Exp\u00f5e, sobretudo, o genoc\u00eddio do povo negro perpetrado pela pol\u00edcia, um dia ap\u00f3s a chacina realizada no Rio de Janeiro. Torturam e matam \u00e0 luz do dia tendo certeza da impunidade, motivados pela pol\u00edtica genocida de Bolsonaro, defensor do \u201cexcludente de ilicitude\u201d, ou licen\u00e7a livre para matar.<\/p>\n\n\n\n<p>A \u00fanica forma de acabar com essa matan\u00e7a por parte da pol\u00edcia \u00e9 atrav\u00e9s da mobiliza\u00e7\u00e3o. Unificar a luta do povo pobre e negro com todos os setores que v\u00eam sofrendo com a repress\u00e3o e o genoc\u00eddio. N\u00e3o \u00e9 s\u00f3 Vila Cruzeiro e Umba\u00faba, s\u00e3o todas as quebradas e periferias desse pa\u00eds. S\u00e3o as comunidades ind\u00edgenas e quilombolas, alvos dos jagun\u00e7os e fazendeiros. \u00c9 preciso ir \u00e0s ruas, se organizar, inclusive a autodefesa, e, junto isso, derrotar o governo Bolsonaro e seu projeto, que defendem, motivam e impulsionam essa matan\u00e7a contra os trabalhadores, os negros, ind\u00edgenas, quilombolas, LGBTI\u2019s, e demais setores oprimidos.<\/p>\n\n\n\n<p>pstu.org.br<\/p>\n","protected":false},"excerpt":{"rendered":"<p>S\u00e3o estarrecedoras as cenas de tortura e assassinato de Genivaldo de Jesus Santos, homem negro de 38 anos sufocado at\u00e9 a morte por policiais da Pol\u00edcia Rodovi\u00e1ria Federal (PRF) de Sergipe nesta quarta-feira, 25. Genivaldo estava em uma moto quando foi abordado por policiais em Umba\u00faba, sul do estado a cerca de 100 quil\u00f4metros da [&hellip;]<\/p>\n","protected":false},"author":1,"featured_media":6328,"comment_status":"closed","ping_status":"closed","sticky":false,"template":"","format":"standard","meta":{"footnotes":""},"categories":[48,53],"tags":[],"class_list":["post-6326","post","type-post","status-publish","format-standard","has-post-thumbnail","hentry","category-brasil","category-destaques"],"yoast_head":"<!-- This site is optimized with the Yoast SEO plugin v27.4 - https:\/\/yoast.com\/product\/yoast-seo-wordpress\/ -->\n<title>Barb\u00e1rie: Pol\u00edcia transforma viatura em c\u00e2mara de g\u00e1s, tortura e executa homem negro - O Coerente<\/title>\n<meta name=\"robots\" content=\"index, follow, max-snippet:-1, max-image-preview:large, max-video-preview:-1\" \/>\n<link rel=\"canonical\" href=\"https:\/\/ocoerente.com.br\/se\/2022\/05\/27\/barbarie-policia-transforma-viatura-em-camara-de-gas-tortura-e-executa-homem-negro\/\" \/>\n<meta property=\"og:locale\" content=\"pt_BR\" \/>\n<meta property=\"og:type\" content=\"article\" \/>\n<meta property=\"og:title\" content=\"Barb\u00e1rie: Pol\u00edcia transforma viatura em c\u00e2mara de g\u00e1s, tortura e executa homem negro - O Coerente\" \/>\n<meta property=\"og:description\" content=\"S\u00e3o estarrecedoras as cenas de tortura e assassinato de Genivaldo de Jesus Santos, homem negro de 38 anos sufocado at\u00e9 a morte por policiais da Pol\u00edcia Rodovi\u00e1ria Federal (PRF) de Sergipe nesta quarta-feira, 25. Genivaldo estava em uma moto quando foi abordado por policiais em Umba\u00faba, sul do estado a cerca de 100 quil\u00f4metros da [&hellip;]\" \/>\n<meta property=\"og:url\" content=\"https:\/\/ocoerente.com.br\/se\/2022\/05\/27\/barbarie-policia-transforma-viatura-em-camara-de-gas-tortura-e-executa-homem-negro\/\" \/>\n<meta property=\"og:site_name\" content=\"O Coerente\" \/>\n<meta property=\"article:published_time\" content=\"2022-05-27T12:58:03+00:00\" \/>\n<meta property=\"article:modified_time\" content=\"2022-05-27T12:58:05+00:00\" \/>\n<meta property=\"og:image\" content=\"https:\/\/ocoerente.com.br\/se\/wp-content\/uploads\/2022\/05\/PRF-umbauba.jpg\" \/>\n\t<meta property=\"og:image:width\" content=\"696\" \/>\n\t<meta property=\"og:image:height\" content=\"464\" \/>\n\t<meta property=\"og:image:type\" content=\"image\/jpeg\" \/>\n<meta name=\"author\" content=\"Reda\u00e7\u00e3o\" \/>\n<meta name=\"twitter:card\" content=\"summary_large_image\" \/>\n<meta name=\"twitter:label1\" content=\"Escrito por\" \/>\n\t<meta name=\"twitter:data1\" content=\"Reda\u00e7\u00e3o\" \/>\n\t<meta name=\"twitter:label2\" content=\"Est. tempo de leitura\" \/>\n\t<meta name=\"twitter:data2\" content=\"3 minutos\" \/>\n<script type=\"application\/ld+json\" class=\"yoast-schema-graph\">{\"@context\":\"https:\\\/\\\/schema.org\",\"@graph\":[{\"@type\":\"Article\",\"@id\":\"https:\\\/\\\/ocoerente.com.br\\\/se\\\/2022\\\/05\\\/27\\\/barbarie-policia-transforma-viatura-em-camara-de-gas-tortura-e-executa-homem-negro\\\/#article\",\"isPartOf\":{\"@id\":\"https:\\\/\\\/ocoerente.com.br\\\/se\\\/2022\\\/05\\\/27\\\/barbarie-policia-transforma-viatura-em-camara-de-gas-tortura-e-executa-homem-negro\\\/\"},\"author\":{\"name\":\"Reda\u00e7\u00e3o\",\"@id\":\"https:\\\/\\\/ocoerente.com.br\\\/se\\\/#\\\/schema\\\/person\\\/cc6bfd9fbca465e23543b0c963d8d037\"},\"headline\":\"Barb\u00e1rie: Pol\u00edcia transforma viatura em c\u00e2mara de g\u00e1s, tortura e executa homem negro\",\"datePublished\":\"2022-05-27T12:58:03+00:00\",\"dateModified\":\"2022-05-27T12:58:05+00:00\",\"mainEntityOfPage\":{\"@id\":\"https:\\\/\\\/ocoerente.com.br\\\/se\\\/2022\\\/05\\\/27\\\/barbarie-policia-transforma-viatura-em-camara-de-gas-tortura-e-executa-homem-negro\\\/\"},\"wordCount\":564,\"publisher\":{\"@id\":\"https:\\\/\\\/ocoerente.com.br\\\/se\\\/#\\\/schema\\\/person\\\/cc6bfd9fbca465e23543b0c963d8d037\"},\"image\":{\"@id\":\"https:\\\/\\\/ocoerente.com.br\\\/se\\\/2022\\\/05\\\/27\\\/barbarie-policia-transforma-viatura-em-camara-de-gas-tortura-e-executa-homem-negro\\\/#primaryimage\"},\"thumbnailUrl\":\"https:\\\/\\\/ocoerente.com.br\\\/se\\\/wp-content\\\/uploads\\\/2022\\\/05\\\/PRF-umbauba.jpg\",\"articleSection\":[\"Brasil\",\"Destaques\"],\"inLanguage\":\"pt-BR\"},{\"@type\":\"WebPage\",\"@id\":\"https:\\\/\\\/ocoerente.com.br\\\/se\\\/2022\\\/05\\\/27\\\/barbarie-policia-transforma-viatura-em-camara-de-gas-tortura-e-executa-homem-negro\\\/\",\"url\":\"https:\\\/\\\/ocoerente.com.br\\\/se\\\/2022\\\/05\\\/27\\\/barbarie-policia-transforma-viatura-em-camara-de-gas-tortura-e-executa-homem-negro\\\/\",\"name\":\"Barb\u00e1rie: Pol\u00edcia transforma viatura em c\u00e2mara de g\u00e1s, tortura e executa homem negro - O Coerente\",\"isPartOf\":{\"@id\":\"https:\\\/\\\/ocoerente.com.br\\\/se\\\/#website\"},\"primaryImageOfPage\":{\"@id\":\"https:\\\/\\\/ocoerente.com.br\\\/se\\\/2022\\\/05\\\/27\\\/barbarie-policia-transforma-viatura-em-camara-de-gas-tortura-e-executa-homem-negro\\\/#primaryimage\"},\"image\":{\"@id\":\"https:\\\/\\\/ocoerente.com.br\\\/se\\\/2022\\\/05\\\/27\\\/barbarie-policia-transforma-viatura-em-camara-de-gas-tortura-e-executa-homem-negro\\\/#primaryimage\"},\"thumbnailUrl\":\"https:\\\/\\\/ocoerente.com.br\\\/se\\\/wp-content\\\/uploads\\\/2022\\\/05\\\/PRF-umbauba.jpg\",\"datePublished\":\"2022-05-27T12:58:03+00:00\",\"dateModified\":\"2022-05-27T12:58:05+00:00\",\"breadcrumb\":{\"@id\":\"https:\\\/\\\/ocoerente.com.br\\\/se\\\/2022\\\/05\\\/27\\\/barbarie-policia-transforma-viatura-em-camara-de-gas-tortura-e-executa-homem-negro\\\/#breadcrumb\"},\"inLanguage\":\"pt-BR\",\"potentialAction\":[{\"@type\":\"ReadAction\",\"target\":[\"https:\\\/\\\/ocoerente.com.br\\\/se\\\/2022\\\/05\\\/27\\\/barbarie-policia-transforma-viatura-em-camara-de-gas-tortura-e-executa-homem-negro\\\/\"]}]},{\"@type\":\"ImageObject\",\"inLanguage\":\"pt-BR\",\"@id\":\"https:\\\/\\\/ocoerente.com.br\\\/se\\\/2022\\\/05\\\/27\\\/barbarie-policia-transforma-viatura-em-camara-de-gas-tortura-e-executa-homem-negro\\\/#primaryimage\",\"url\":\"https:\\\/\\\/ocoerente.com.br\\\/se\\\/wp-content\\\/uploads\\\/2022\\\/05\\\/PRF-umbauba.jpg\",\"contentUrl\":\"https:\\\/\\\/ocoerente.com.br\\\/se\\\/wp-content\\\/uploads\\\/2022\\\/05\\\/PRF-umbauba.jpg\",\"width\":696,\"height\":464},{\"@type\":\"BreadcrumbList\",\"@id\":\"https:\\\/\\\/ocoerente.com.br\\\/se\\\/2022\\\/05\\\/27\\\/barbarie-policia-transforma-viatura-em-camara-de-gas-tortura-e-executa-homem-negro\\\/#breadcrumb\",\"itemListElement\":[{\"@type\":\"ListItem\",\"position\":1,\"name\":\"In\u00edcio\",\"item\":\"https:\\\/\\\/ocoerente.com.br\\\/se\\\/\"},{\"@type\":\"ListItem\",\"position\":2,\"name\":\"Barb\u00e1rie: Pol\u00edcia transforma viatura em c\u00e2mara de g\u00e1s, tortura e executa homem negro\"}]},{\"@type\":\"WebSite\",\"@id\":\"https:\\\/\\\/ocoerente.com.br\\\/se\\\/#website\",\"url\":\"https:\\\/\\\/ocoerente.com.br\\\/se\\\/\",\"name\":\"O Coerente\",\"description\":\"\",\"publisher\":{\"@id\":\"https:\\\/\\\/ocoerente.com.br\\\/se\\\/#\\\/schema\\\/person\\\/cc6bfd9fbca465e23543b0c963d8d037\"},\"potentialAction\":[{\"@type\":\"SearchAction\",\"target\":{\"@type\":\"EntryPoint\",\"urlTemplate\":\"https:\\\/\\\/ocoerente.com.br\\\/se\\\/?s={search_term_string}\"},\"query-input\":{\"@type\":\"PropertyValueSpecification\",\"valueRequired\":true,\"valueName\":\"search_term_string\"}}],\"inLanguage\":\"pt-BR\"},{\"@type\":[\"Person\",\"Organization\"],\"@id\":\"https:\\\/\\\/ocoerente.com.br\\\/se\\\/#\\\/schema\\\/person\\\/cc6bfd9fbca465e23543b0c963d8d037\",\"name\":\"Reda\u00e7\u00e3o\",\"image\":{\"@type\":\"ImageObject\",\"inLanguage\":\"pt-BR\",\"@id\":\"https:\\\/\\\/ocoerente.com.br\\\/se\\\/wp-content\\\/uploads\\\/2020\\\/01\\\/ocoerente-1.png\",\"url\":\"https:\\\/\\\/ocoerente.com.br\\\/se\\\/wp-content\\\/uploads\\\/2020\\\/01\\\/ocoerente-1.png\",\"contentUrl\":\"https:\\\/\\\/ocoerente.com.br\\\/se\\\/wp-content\\\/uploads\\\/2020\\\/01\\\/ocoerente-1.png\",\"width\":50,\"height\":50,\"caption\":\"Reda\u00e7\u00e3o\"},\"logo\":{\"@id\":\"https:\\\/\\\/ocoerente.com.br\\\/se\\\/wp-content\\\/uploads\\\/2020\\\/01\\\/ocoerente-1.png\"},\"url\":\"https:\\\/\\\/ocoerente.com.br\\\/se\\\/author\\\/vasticlsales\\\/\"}]}<\/script>\n<!-- \/ Yoast SEO plugin. -->","yoast_head_json":{"title":"Barb\u00e1rie: Pol\u00edcia transforma viatura em c\u00e2mara de g\u00e1s, tortura e executa homem negro - O Coerente","robots":{"index":"index","follow":"follow","max-snippet":"max-snippet:-1","max-image-preview":"max-image-preview:large","max-video-preview":"max-video-preview:-1"},"canonical":"https:\/\/ocoerente.com.br\/se\/2022\/05\/27\/barbarie-policia-transforma-viatura-em-camara-de-gas-tortura-e-executa-homem-negro\/","og_locale":"pt_BR","og_type":"article","og_title":"Barb\u00e1rie: Pol\u00edcia transforma viatura em c\u00e2mara de g\u00e1s, tortura e executa homem negro - O Coerente","og_description":"S\u00e3o estarrecedoras as cenas de tortura e assassinato de Genivaldo de Jesus Santos, homem negro de 38 anos sufocado at\u00e9 a morte por policiais da Pol\u00edcia Rodovi\u00e1ria Federal (PRF) de Sergipe nesta quarta-feira, 25. Genivaldo estava em uma moto quando foi abordado por policiais em Umba\u00faba, sul do estado a cerca de 100 quil\u00f4metros da [&hellip;]","og_url":"https:\/\/ocoerente.com.br\/se\/2022\/05\/27\/barbarie-policia-transforma-viatura-em-camara-de-gas-tortura-e-executa-homem-negro\/","og_site_name":"O Coerente","article_published_time":"2022-05-27T12:58:03+00:00","article_modified_time":"2022-05-27T12:58:05+00:00","og_image":[{"width":696,"height":464,"url":"https:\/\/ocoerente.com.br\/se\/wp-content\/uploads\/2022\/05\/PRF-umbauba.jpg","type":"image\/jpeg"}],"author":"Reda\u00e7\u00e3o","twitter_card":"summary_large_image","twitter_misc":{"Escrito por":"Reda\u00e7\u00e3o","Est. tempo de leitura":"3 minutos"},"schema":{"@context":"https:\/\/schema.org","@graph":[{"@type":"Article","@id":"https:\/\/ocoerente.com.br\/se\/2022\/05\/27\/barbarie-policia-transforma-viatura-em-camara-de-gas-tortura-e-executa-homem-negro\/#article","isPartOf":{"@id":"https:\/\/ocoerente.com.br\/se\/2022\/05\/27\/barbarie-policia-transforma-viatura-em-camara-de-gas-tortura-e-executa-homem-negro\/"},"author":{"name":"Reda\u00e7\u00e3o","@id":"https:\/\/ocoerente.com.br\/se\/#\/schema\/person\/cc6bfd9fbca465e23543b0c963d8d037"},"headline":"Barb\u00e1rie: Pol\u00edcia transforma viatura em c\u00e2mara de g\u00e1s, tortura e executa homem negro","datePublished":"2022-05-27T12:58:03+00:00","dateModified":"2022-05-27T12:58:05+00:00","mainEntityOfPage":{"@id":"https:\/\/ocoerente.com.br\/se\/2022\/05\/27\/barbarie-policia-transforma-viatura-em-camara-de-gas-tortura-e-executa-homem-negro\/"},"wordCount":564,"publisher":{"@id":"https:\/\/ocoerente.com.br\/se\/#\/schema\/person\/cc6bfd9fbca465e23543b0c963d8d037"},"image":{"@id":"https:\/\/ocoerente.com.br\/se\/2022\/05\/27\/barbarie-policia-transforma-viatura-em-camara-de-gas-tortura-e-executa-homem-negro\/#primaryimage"},"thumbnailUrl":"https:\/\/ocoerente.com.br\/se\/wp-content\/uploads\/2022\/05\/PRF-umbauba.jpg","articleSection":["Brasil","Destaques"],"inLanguage":"pt-BR"},{"@type":"WebPage","@id":"https:\/\/ocoerente.com.br\/se\/2022\/05\/27\/barbarie-policia-transforma-viatura-em-camara-de-gas-tortura-e-executa-homem-negro\/","url":"https:\/\/ocoerente.com.br\/se\/2022\/05\/27\/barbarie-policia-transforma-viatura-em-camara-de-gas-tortura-e-executa-homem-negro\/","name":"Barb\u00e1rie: Pol\u00edcia transforma viatura em c\u00e2mara de g\u00e1s, tortura e executa homem negro - O Coerente","isPartOf":{"@id":"https:\/\/ocoerente.com.br\/se\/#website"},"primaryImageOfPage":{"@id":"https:\/\/ocoerente.com.br\/se\/2022\/05\/27\/barbarie-policia-transforma-viatura-em-camara-de-gas-tortura-e-executa-homem-negro\/#primaryimage"},"image":{"@id":"https:\/\/ocoerente.com.br\/se\/2022\/05\/27\/barbarie-policia-transforma-viatura-em-camara-de-gas-tortura-e-executa-homem-negro\/#primaryimage"},"thumbnailUrl":"https:\/\/ocoerente.com.br\/se\/wp-content\/uploads\/2022\/05\/PRF-umbauba.jpg","datePublished":"2022-05-27T12:58:03+00:00","dateModified":"2022-05-27T12:58:05+00:00","breadcrumb":{"@id":"https:\/\/ocoerente.com.br\/se\/2022\/05\/27\/barbarie-policia-transforma-viatura-em-camara-de-gas-tortura-e-executa-homem-negro\/#breadcrumb"},"inLanguage":"pt-BR","potentialAction":[{"@type":"ReadAction","target":["https:\/\/ocoerente.com.br\/se\/2022\/05\/27\/barbarie-policia-transforma-viatura-em-camara-de-gas-tortura-e-executa-homem-negro\/"]}]},{"@type":"ImageObject","inLanguage":"pt-BR","@id":"https:\/\/ocoerente.com.br\/se\/2022\/05\/27\/barbarie-policia-transforma-viatura-em-camara-de-gas-tortura-e-executa-homem-negro\/#primaryimage","url":"https:\/\/ocoerente.com.br\/se\/wp-content\/uploads\/2022\/05\/PRF-umbauba.jpg","contentUrl":"https:\/\/ocoerente.com.br\/se\/wp-content\/uploads\/2022\/05\/PRF-umbauba.jpg","width":696,"height":464},{"@type":"BreadcrumbList","@id":"https:\/\/ocoerente.com.br\/se\/2022\/05\/27\/barbarie-policia-transforma-viatura-em-camara-de-gas-tortura-e-executa-homem-negro\/#breadcrumb","itemListElement":[{"@type":"ListItem","position":1,"name":"In\u00edcio","item":"https:\/\/ocoerente.com.br\/se\/"},{"@type":"ListItem","position":2,"name":"Barb\u00e1rie: Pol\u00edcia transforma viatura em c\u00e2mara de g\u00e1s, tortura e executa homem negro"}]},{"@type":"WebSite","@id":"https:\/\/ocoerente.com.br\/se\/#website","url":"https:\/\/ocoerente.com.br\/se\/","name":"O Coerente","description":"","publisher":{"@id":"https:\/\/ocoerente.com.br\/se\/#\/schema\/person\/cc6bfd9fbca465e23543b0c963d8d037"},"potentialAction":[{"@type":"SearchAction","target":{"@type":"EntryPoint","urlTemplate":"https:\/\/ocoerente.com.br\/se\/?s={search_term_string}"},"query-input":{"@type":"PropertyValueSpecification","valueRequired":true,"valueName":"search_term_string"}}],"inLanguage":"pt-BR"},{"@type":["Person","Organization"],"@id":"https:\/\/ocoerente.com.br\/se\/#\/schema\/person\/cc6bfd9fbca465e23543b0c963d8d037","name":"Reda\u00e7\u00e3o","image":{"@type":"ImageObject","inLanguage":"pt-BR","@id":"https:\/\/ocoerente.com.br\/se\/wp-content\/uploads\/2020\/01\/ocoerente-1.png","url":"https:\/\/ocoerente.com.br\/se\/wp-content\/uploads\/2020\/01\/ocoerente-1.png","contentUrl":"https:\/\/ocoerente.com.br\/se\/wp-content\/uploads\/2020\/01\/ocoerente-1.png","width":50,"height":50,"caption":"Reda\u00e7\u00e3o"},"logo":{"@id":"https:\/\/ocoerente.com.br\/se\/wp-content\/uploads\/2020\/01\/ocoerente-1.png"},"url":"https:\/\/ocoerente.com.br\/se\/author\/vasticlsales\/"}]}},"_links":{"self":[{"href":"https:\/\/ocoerente.com.br\/se\/wp-json\/wp\/v2\/posts\/6326","targetHints":{"allow":["GET"]}}],"collection":[{"href":"https:\/\/ocoerente.com.br\/se\/wp-json\/wp\/v2\/posts"}],"about":[{"href":"https:\/\/ocoerente.com.br\/se\/wp-json\/wp\/v2\/types\/post"}],"author":[{"embeddable":true,"href":"https:\/\/ocoerente.com.br\/se\/wp-json\/wp\/v2\/users\/1"}],"replies":[{"embeddable":true,"href":"https:\/\/ocoerente.com.br\/se\/wp-json\/wp\/v2\/comments?post=6326"}],"version-history":[{"count":1,"href":"https:\/\/ocoerente.com.br\/se\/wp-json\/wp\/v2\/posts\/6326\/revisions"}],"predecessor-version":[{"id":6329,"href":"https:\/\/ocoerente.com.br\/se\/wp-json\/wp\/v2\/posts\/6326\/revisions\/6329"}],"wp:featuredmedia":[{"embeddable":true,"href":"https:\/\/ocoerente.com.br\/se\/wp-json\/wp\/v2\/media\/6328"}],"wp:attachment":[{"href":"https:\/\/ocoerente.com.br\/se\/wp-json\/wp\/v2\/media?parent=6326"}],"wp:term":[{"taxonomy":"category","embeddable":true,"href":"https:\/\/ocoerente.com.br\/se\/wp-json\/wp\/v2\/categories?post=6326"},{"taxonomy":"post_tag","embeddable":true,"href":"https:\/\/ocoerente.com.br\/se\/wp-json\/wp\/v2\/tags?post=6326"}],"curies":[{"name":"wp","href":"https:\/\/api.w.org\/{rel}","templated":true}]}}