{"id":632,"date":"2020-03-10T00:24:01","date_gmt":"2020-03-10T03:24:01","guid":{"rendered":"http:\/\/ocoerente.com.br\/se\/?p=632"},"modified":"2020-03-10T00:24:01","modified_gmt":"2020-03-10T03:24:01","slug":"maia-defende-novo-fundeb-e-alfineta-weintraub-prometi-nao-falar-mal-se-nao-ele-nao-cai","status":"publish","type":"post","link":"https:\/\/ocoerente.com.br\/se\/2020\/03\/10\/maia-defende-novo-fundeb-e-alfineta-weintraub-prometi-nao-falar-mal-se-nao-ele-nao-cai\/","title":{"rendered":"Maia defende novo Fundeb e alfineta Weintraub: &#8216;prometi n\u00e3o falar mal, se n\u00e3o, ele n\u00e3o cai&#8217;"},"content":{"rendered":"<p>BRAS\u00cdLIA \u2014 O presidente da C\u00e2mara,\u00a0<strong>Rodrigo Maia<\/strong>\u00a0(DEM-RJ), defendeu nesta segunda-feira a aprova\u00e7\u00e3o do novo\u00a0<strong>Fundeb<\/strong>\u00a0com eleva\u00e7\u00e3o da complementa\u00e7\u00e3o da Uni\u00e3o dos atuais 10% para 20%, conforme prev\u00ea o relat\u00f3rio da comiss\u00e3o especial, mas em uma velocidade menor que a prevista no texto atual da Proposta de Emenda \u00e0 Constitui\u00e7\u00e3o (PEC) sobre o tema. Ao elogiar o trabalho da comiss\u00e3o especial do Fundeb, Maia alfinetou o ministro da Educa\u00e7\u00e3o,<strong>\u00a0Abraham Weintraub<\/strong>, que se manteve distante dos debates no Congresso.<\/p>\n<div class=\"block__advertising block__advertising-in-text\">\n<div id=\"pub-in-text-1\" class=\"advertising advertising--teads outstream advertising--loaded\" data-oglobo-advertising-format=\"in-text\" data-oglobo-advertising-index=\"1\" data-google-query-id=\"CJ3jntn5jugCFRMG1Aodgf8LqA\">\n<p>\u2014 Infelizmente o debate com o governo n\u00e3o \u00e9 do tamanho que n\u00f3s gostar\u00edamos, independentemente de gostarmos ou n\u00e3o do ministro. Prometi que n\u00e3o ia falar mal dele, se n\u00e3o, ele n\u00e3o cai de jeito nenhum \u2014 disse Maia, em tom de brincadeira, arrancando risos da plateia. As declara\u00e7\u00f5es foram dadas em evento do Movimento Todos pela Educa\u00e7\u00e3o, em Bras\u00edlia.<\/p>\n<p>A sa\u00edda de Weintraub vem sendo cogitada desde o ano passado dentro do pr\u00f3prio governo. No entanto, o presidente Jair Bolsonaro tem sinalizado apoio ao auxiliar. O ministro e Rodrigo Maia n\u00e3o mant\u00e9m boa rela\u00e7\u00e3o. O presidente da C\u00e2mara j\u00e1 afirmou que n\u00e3o negocia com quem tem &#8220;bandeira do \u00f3dio&#8221;, referindo-se a Weintraub.<\/p>\n<p>Ap\u00f3s o painel do qual participou, Maia falou rapidamente com a imprensa. Ele explicou ser favor\u00e1vel a &#8220;um impacto inicial menor&#8221; para a Uni\u00e3o no novo Fundeb.<\/p>\n<p>Pelo texto atual da PEC, o governo federal j\u00e1 entraria, em 2021, com aporte de 15%, que subiria gradualmente um ponto percentual at\u00e9 chegar aos 20%. Maia, em conson\u00e2ncia com o que defende o governo, afirmou ser favor\u00e1vel a &#8220;um impacto inicial menor&#8221; para a Uni\u00e3o no fundo de financiamento da educa\u00e7\u00e3o b\u00e1sica.<\/p>\n<p>Uma solu\u00e7\u00e3o intermedi\u00e1ria nesse sentido j\u00e1 vem sendo constru\u00edda, conforme mostrou o GLOBO na \u00faltima semana, com uma\u00a0<a href=\"https:\/\/oglobo.globo.com\/sociedade\/fundeb-apos-reuniao-tensa-texto-pode-ser-alterado-para-desobrigar-governo-de-aportar-15-ja-no-primeiro-ano-24288434\">poss\u00edvel altera\u00e7\u00e3o do texto<\/a>\u00a0para estender o prazo de eleva\u00e7\u00e3o da complementa\u00e7\u00e3o. Entre as ideias em debate, est\u00e1 a possibilidade de come\u00e7ar em 12,5% em 2021 para s\u00f3 chegar a 15% no ano seguinte. A partir da\u00ed, subiria de forma escalonada at\u00e9 20%. No entanto, o governo pleiteia ainda mais tempo nessa escalada e defende que, do ponto de vista fiscal, chegar a no m\u00e1ximo 15% \u00e9 o ideal.<\/p>\n<p>C\u00e1lculos do governo estimam que a complementa\u00e7\u00e3o de 15% j\u00e1 no primeiro ano demandaria recursos extras de R$ 8 bilh\u00f5es a R$ 10 bilh\u00f5es, de acordo com o secret\u00e1rio do Tesouro Nacional, Mansueto Almeida. Segundo ele, caso o aporte da Uni\u00e3o suba um ponto percentual no primeiro ano, ou seja, comece em 11% em 2021, a cifra adicional ser\u00e1 de R$ 2 bilh\u00f5es, o que \u00e9 considerado fact\u00edvel pelo governo. Mansueto e Maia participaram nesta segunda-feira de evento sobre educa\u00e7\u00e3o b\u00e1sica promovido pela organiza\u00e7\u00e3o Todos pela Educa\u00e7\u00e3o, em Bras\u00edlia.<\/p>\n<p>\u2014 Se o impacto no primeiro ano for R$ 2 bilh\u00f5es, \u00e9 algo que d\u00e1 para buscar. Se forem R$ 10 bilh\u00f5es, \u00e9 muito. N\u00e3o conseguiremos encontrar facilmente a fonte de financiamento. Depende de arrecada\u00e7\u00e3o \u2014 disse Mansueto.<\/p>\n<p>G1 &#8211; Globo.com<\/p>\n<\/div>\n<\/div>\n","protected":false},"excerpt":{"rendered":"<p>BRAS\u00cdLIA \u2014 O presidente da C\u00e2mara,\u00a0Rodrigo Maia\u00a0(DEM-RJ), defendeu nesta segunda-feira a aprova\u00e7\u00e3o do novo\u00a0Fundeb\u00a0com eleva\u00e7\u00e3o da complementa\u00e7\u00e3o da Uni\u00e3o dos atuais 10% para 20%, conforme prev\u00ea o relat\u00f3rio da comiss\u00e3o especial, mas em uma velocidade menor que a prevista no texto atual da Proposta de Emenda \u00e0 Constitui\u00e7\u00e3o (PEC) sobre o tema. Ao elogiar o [&hellip;]<\/p>\n","protected":false},"author":1,"featured_media":633,"comment_status":"closed","ping_status":"closed","sticky":false,"template":"","format":"standard","meta":{"footnotes":""},"categories":[48],"tags":[],"class_list":["post-632","post","type-post","status-publish","format-standard","has-post-thumbnail","hentry","category-brasil"],"yoast_head":"<!-- This site is optimized with the Yoast SEO plugin v27.4 - https:\/\/yoast.com\/product\/yoast-seo-wordpress\/ -->\n<title>Maia defende novo Fundeb e alfineta Weintraub: &#039;prometi n\u00e3o falar mal, se n\u00e3o, ele n\u00e3o cai&#039; - O Coerente<\/title>\n<meta name=\"robots\" content=\"index, follow, max-snippet:-1, max-image-preview:large, max-video-preview:-1\" \/>\n<link rel=\"canonical\" href=\"https:\/\/ocoerente.com.br\/se\/2020\/03\/10\/maia-defende-novo-fundeb-e-alfineta-weintraub-prometi-nao-falar-mal-se-nao-ele-nao-cai\/\" \/>\n<meta property=\"og:locale\" content=\"pt_BR\" \/>\n<meta property=\"og:type\" content=\"article\" \/>\n<meta property=\"og:title\" content=\"Maia defende novo Fundeb e alfineta Weintraub: &#039;prometi n\u00e3o falar mal, se n\u00e3o, ele n\u00e3o cai&#039; - O Coerente\" \/>\n<meta property=\"og:description\" content=\"BRAS\u00cdLIA \u2014 O presidente da C\u00e2mara,\u00a0Rodrigo Maia\u00a0(DEM-RJ), defendeu nesta segunda-feira a aprova\u00e7\u00e3o do novo\u00a0Fundeb\u00a0com eleva\u00e7\u00e3o da complementa\u00e7\u00e3o da Uni\u00e3o dos atuais 10% para 20%, conforme prev\u00ea o relat\u00f3rio da comiss\u00e3o especial, mas em uma velocidade menor que a prevista no texto atual da Proposta de Emenda \u00e0 Constitui\u00e7\u00e3o (PEC) sobre o tema. Ao elogiar o [&hellip;]\" \/>\n<meta property=\"og:url\" content=\"https:\/\/ocoerente.com.br\/se\/2020\/03\/10\/maia-defende-novo-fundeb-e-alfineta-weintraub-prometi-nao-falar-mal-se-nao-ele-nao-cai\/\" \/>\n<meta property=\"og:site_name\" content=\"O Coerente\" \/>\n<meta property=\"article:published_time\" content=\"2020-03-10T03:24:01+00:00\" \/>\n<meta property=\"og:image\" content=\"https:\/\/ocoerente.com.br\/se\/wp-content\/uploads\/2020\/03\/maiaaaa.jpg\" \/>\n\t<meta property=\"og:image:width\" content=\"1086\" \/>\n\t<meta property=\"og:image:height\" content=\"652\" \/>\n\t<meta property=\"og:image:type\" content=\"image\/jpeg\" \/>\n<meta name=\"author\" content=\"Reda\u00e7\u00e3o\" \/>\n<meta name=\"twitter:card\" content=\"summary_large_image\" \/>\n<meta name=\"twitter:label1\" content=\"Escrito por\" \/>\n\t<meta name=\"twitter:data1\" content=\"Reda\u00e7\u00e3o\" \/>\n\t<meta name=\"twitter:label2\" content=\"Est. tempo de leitura\" \/>\n\t<meta name=\"twitter:data2\" content=\"3 minutos\" \/>\n<script type=\"application\/ld+json\" class=\"yoast-schema-graph\">{\"@context\":\"https:\\\/\\\/schema.org\",\"@graph\":[{\"@type\":\"Article\",\"@id\":\"https:\\\/\\\/ocoerente.com.br\\\/se\\\/2020\\\/03\\\/10\\\/maia-defende-novo-fundeb-e-alfineta-weintraub-prometi-nao-falar-mal-se-nao-ele-nao-cai\\\/#article\",\"isPartOf\":{\"@id\":\"https:\\\/\\\/ocoerente.com.br\\\/se\\\/2020\\\/03\\\/10\\\/maia-defende-novo-fundeb-e-alfineta-weintraub-prometi-nao-falar-mal-se-nao-ele-nao-cai\\\/\"},\"author\":{\"name\":\"Reda\u00e7\u00e3o\",\"@id\":\"https:\\\/\\\/ocoerente.com.br\\\/se\\\/#\\\/schema\\\/person\\\/cc6bfd9fbca465e23543b0c963d8d037\"},\"headline\":\"Maia defende novo Fundeb e alfineta Weintraub: &#8216;prometi n\u00e3o falar mal, se n\u00e3o, ele n\u00e3o cai&#8217;\",\"datePublished\":\"2020-03-10T03:24:01+00:00\",\"mainEntityOfPage\":{\"@id\":\"https:\\\/\\\/ocoerente.com.br\\\/se\\\/2020\\\/03\\\/10\\\/maia-defende-novo-fundeb-e-alfineta-weintraub-prometi-nao-falar-mal-se-nao-ele-nao-cai\\\/\"},\"wordCount\":544,\"publisher\":{\"@id\":\"https:\\\/\\\/ocoerente.com.br\\\/se\\\/#\\\/schema\\\/person\\\/cc6bfd9fbca465e23543b0c963d8d037\"},\"image\":{\"@id\":\"https:\\\/\\\/ocoerente.com.br\\\/se\\\/2020\\\/03\\\/10\\\/maia-defende-novo-fundeb-e-alfineta-weintraub-prometi-nao-falar-mal-se-nao-ele-nao-cai\\\/#primaryimage\"},\"thumbnailUrl\":\"https:\\\/\\\/ocoerente.com.br\\\/se\\\/wp-content\\\/uploads\\\/2020\\\/03\\\/maiaaaa.jpg\",\"articleSection\":[\"Brasil\"],\"inLanguage\":\"pt-BR\"},{\"@type\":\"WebPage\",\"@id\":\"https:\\\/\\\/ocoerente.com.br\\\/se\\\/2020\\\/03\\\/10\\\/maia-defende-novo-fundeb-e-alfineta-weintraub-prometi-nao-falar-mal-se-nao-ele-nao-cai\\\/\",\"url\":\"https:\\\/\\\/ocoerente.com.br\\\/se\\\/2020\\\/03\\\/10\\\/maia-defende-novo-fundeb-e-alfineta-weintraub-prometi-nao-falar-mal-se-nao-ele-nao-cai\\\/\",\"name\":\"Maia defende novo Fundeb e alfineta Weintraub: 'prometi n\u00e3o falar mal, se n\u00e3o, ele n\u00e3o cai' - O Coerente\",\"isPartOf\":{\"@id\":\"https:\\\/\\\/ocoerente.com.br\\\/se\\\/#website\"},\"primaryImageOfPage\":{\"@id\":\"https:\\\/\\\/ocoerente.com.br\\\/se\\\/2020\\\/03\\\/10\\\/maia-defende-novo-fundeb-e-alfineta-weintraub-prometi-nao-falar-mal-se-nao-ele-nao-cai\\\/#primaryimage\"},\"image\":{\"@id\":\"https:\\\/\\\/ocoerente.com.br\\\/se\\\/2020\\\/03\\\/10\\\/maia-defende-novo-fundeb-e-alfineta-weintraub-prometi-nao-falar-mal-se-nao-ele-nao-cai\\\/#primaryimage\"},\"thumbnailUrl\":\"https:\\\/\\\/ocoerente.com.br\\\/se\\\/wp-content\\\/uploads\\\/2020\\\/03\\\/maiaaaa.jpg\",\"datePublished\":\"2020-03-10T03:24:01+00:00\",\"breadcrumb\":{\"@id\":\"https:\\\/\\\/ocoerente.com.br\\\/se\\\/2020\\\/03\\\/10\\\/maia-defende-novo-fundeb-e-alfineta-weintraub-prometi-nao-falar-mal-se-nao-ele-nao-cai\\\/#breadcrumb\"},\"inLanguage\":\"pt-BR\",\"potentialAction\":[{\"@type\":\"ReadAction\",\"target\":[\"https:\\\/\\\/ocoerente.com.br\\\/se\\\/2020\\\/03\\\/10\\\/maia-defende-novo-fundeb-e-alfineta-weintraub-prometi-nao-falar-mal-se-nao-ele-nao-cai\\\/\"]}]},{\"@type\":\"ImageObject\",\"inLanguage\":\"pt-BR\",\"@id\":\"https:\\\/\\\/ocoerente.com.br\\\/se\\\/2020\\\/03\\\/10\\\/maia-defende-novo-fundeb-e-alfineta-weintraub-prometi-nao-falar-mal-se-nao-ele-nao-cai\\\/#primaryimage\",\"url\":\"https:\\\/\\\/ocoerente.com.br\\\/se\\\/wp-content\\\/uploads\\\/2020\\\/03\\\/maiaaaa.jpg\",\"contentUrl\":\"https:\\\/\\\/ocoerente.com.br\\\/se\\\/wp-content\\\/uploads\\\/2020\\\/03\\\/maiaaaa.jpg\",\"width\":1086,\"height\":652},{\"@type\":\"BreadcrumbList\",\"@id\":\"https:\\\/\\\/ocoerente.com.br\\\/se\\\/2020\\\/03\\\/10\\\/maia-defende-novo-fundeb-e-alfineta-weintraub-prometi-nao-falar-mal-se-nao-ele-nao-cai\\\/#breadcrumb\",\"itemListElement\":[{\"@type\":\"ListItem\",\"position\":1,\"name\":\"In\u00edcio\",\"item\":\"https:\\\/\\\/ocoerente.com.br\\\/se\\\/\"},{\"@type\":\"ListItem\",\"position\":2,\"name\":\"Maia defende novo Fundeb e alfineta Weintraub: &#8216;prometi n\u00e3o falar mal, se n\u00e3o, ele n\u00e3o cai&#8217;\"}]},{\"@type\":\"WebSite\",\"@id\":\"https:\\\/\\\/ocoerente.com.br\\\/se\\\/#website\",\"url\":\"https:\\\/\\\/ocoerente.com.br\\\/se\\\/\",\"name\":\"O Coerente\",\"description\":\"\",\"publisher\":{\"@id\":\"https:\\\/\\\/ocoerente.com.br\\\/se\\\/#\\\/schema\\\/person\\\/cc6bfd9fbca465e23543b0c963d8d037\"},\"potentialAction\":[{\"@type\":\"SearchAction\",\"target\":{\"@type\":\"EntryPoint\",\"urlTemplate\":\"https:\\\/\\\/ocoerente.com.br\\\/se\\\/?s={search_term_string}\"},\"query-input\":{\"@type\":\"PropertyValueSpecification\",\"valueRequired\":true,\"valueName\":\"search_term_string\"}}],\"inLanguage\":\"pt-BR\"},{\"@type\":[\"Person\",\"Organization\"],\"@id\":\"https:\\\/\\\/ocoerente.com.br\\\/se\\\/#\\\/schema\\\/person\\\/cc6bfd9fbca465e23543b0c963d8d037\",\"name\":\"Reda\u00e7\u00e3o\",\"image\":{\"@type\":\"ImageObject\",\"inLanguage\":\"pt-BR\",\"@id\":\"https:\\\/\\\/ocoerente.com.br\\\/se\\\/wp-content\\\/uploads\\\/2020\\\/01\\\/ocoerente-1.png\",\"url\":\"https:\\\/\\\/ocoerente.com.br\\\/se\\\/wp-content\\\/uploads\\\/2020\\\/01\\\/ocoerente-1.png\",\"contentUrl\":\"https:\\\/\\\/ocoerente.com.br\\\/se\\\/wp-content\\\/uploads\\\/2020\\\/01\\\/ocoerente-1.png\",\"width\":50,\"height\":50,\"caption\":\"Reda\u00e7\u00e3o\"},\"logo\":{\"@id\":\"https:\\\/\\\/ocoerente.com.br\\\/se\\\/wp-content\\\/uploads\\\/2020\\\/01\\\/ocoerente-1.png\"},\"url\":\"https:\\\/\\\/ocoerente.com.br\\\/se\\\/author\\\/vasticlsales\\\/\"}]}<\/script>\n<!-- \/ Yoast SEO plugin. -->","yoast_head_json":{"title":"Maia defende novo Fundeb e alfineta Weintraub: 'prometi n\u00e3o falar mal, se n\u00e3o, ele n\u00e3o cai' - O Coerente","robots":{"index":"index","follow":"follow","max-snippet":"max-snippet:-1","max-image-preview":"max-image-preview:large","max-video-preview":"max-video-preview:-1"},"canonical":"https:\/\/ocoerente.com.br\/se\/2020\/03\/10\/maia-defende-novo-fundeb-e-alfineta-weintraub-prometi-nao-falar-mal-se-nao-ele-nao-cai\/","og_locale":"pt_BR","og_type":"article","og_title":"Maia defende novo Fundeb e alfineta Weintraub: 'prometi n\u00e3o falar mal, se n\u00e3o, ele n\u00e3o cai' - O Coerente","og_description":"BRAS\u00cdLIA \u2014 O presidente da C\u00e2mara,\u00a0Rodrigo Maia\u00a0(DEM-RJ), defendeu nesta segunda-feira a aprova\u00e7\u00e3o do novo\u00a0Fundeb\u00a0com eleva\u00e7\u00e3o da complementa\u00e7\u00e3o da Uni\u00e3o dos atuais 10% para 20%, conforme prev\u00ea o relat\u00f3rio da comiss\u00e3o especial, mas em uma velocidade menor que a prevista no texto atual da Proposta de Emenda \u00e0 Constitui\u00e7\u00e3o (PEC) sobre o tema. Ao elogiar o [&hellip;]","og_url":"https:\/\/ocoerente.com.br\/se\/2020\/03\/10\/maia-defende-novo-fundeb-e-alfineta-weintraub-prometi-nao-falar-mal-se-nao-ele-nao-cai\/","og_site_name":"O Coerente","article_published_time":"2020-03-10T03:24:01+00:00","og_image":[{"width":1086,"height":652,"url":"https:\/\/ocoerente.com.br\/se\/wp-content\/uploads\/2020\/03\/maiaaaa.jpg","type":"image\/jpeg"}],"author":"Reda\u00e7\u00e3o","twitter_card":"summary_large_image","twitter_misc":{"Escrito por":"Reda\u00e7\u00e3o","Est. tempo de leitura":"3 minutos"},"schema":{"@context":"https:\/\/schema.org","@graph":[{"@type":"Article","@id":"https:\/\/ocoerente.com.br\/se\/2020\/03\/10\/maia-defende-novo-fundeb-e-alfineta-weintraub-prometi-nao-falar-mal-se-nao-ele-nao-cai\/#article","isPartOf":{"@id":"https:\/\/ocoerente.com.br\/se\/2020\/03\/10\/maia-defende-novo-fundeb-e-alfineta-weintraub-prometi-nao-falar-mal-se-nao-ele-nao-cai\/"},"author":{"name":"Reda\u00e7\u00e3o","@id":"https:\/\/ocoerente.com.br\/se\/#\/schema\/person\/cc6bfd9fbca465e23543b0c963d8d037"},"headline":"Maia defende novo Fundeb e alfineta Weintraub: &#8216;prometi n\u00e3o falar mal, se n\u00e3o, ele n\u00e3o cai&#8217;","datePublished":"2020-03-10T03:24:01+00:00","mainEntityOfPage":{"@id":"https:\/\/ocoerente.com.br\/se\/2020\/03\/10\/maia-defende-novo-fundeb-e-alfineta-weintraub-prometi-nao-falar-mal-se-nao-ele-nao-cai\/"},"wordCount":544,"publisher":{"@id":"https:\/\/ocoerente.com.br\/se\/#\/schema\/person\/cc6bfd9fbca465e23543b0c963d8d037"},"image":{"@id":"https:\/\/ocoerente.com.br\/se\/2020\/03\/10\/maia-defende-novo-fundeb-e-alfineta-weintraub-prometi-nao-falar-mal-se-nao-ele-nao-cai\/#primaryimage"},"thumbnailUrl":"https:\/\/ocoerente.com.br\/se\/wp-content\/uploads\/2020\/03\/maiaaaa.jpg","articleSection":["Brasil"],"inLanguage":"pt-BR"},{"@type":"WebPage","@id":"https:\/\/ocoerente.com.br\/se\/2020\/03\/10\/maia-defende-novo-fundeb-e-alfineta-weintraub-prometi-nao-falar-mal-se-nao-ele-nao-cai\/","url":"https:\/\/ocoerente.com.br\/se\/2020\/03\/10\/maia-defende-novo-fundeb-e-alfineta-weintraub-prometi-nao-falar-mal-se-nao-ele-nao-cai\/","name":"Maia defende novo Fundeb e alfineta Weintraub: 'prometi n\u00e3o falar mal, se n\u00e3o, ele n\u00e3o cai' - O Coerente","isPartOf":{"@id":"https:\/\/ocoerente.com.br\/se\/#website"},"primaryImageOfPage":{"@id":"https:\/\/ocoerente.com.br\/se\/2020\/03\/10\/maia-defende-novo-fundeb-e-alfineta-weintraub-prometi-nao-falar-mal-se-nao-ele-nao-cai\/#primaryimage"},"image":{"@id":"https:\/\/ocoerente.com.br\/se\/2020\/03\/10\/maia-defende-novo-fundeb-e-alfineta-weintraub-prometi-nao-falar-mal-se-nao-ele-nao-cai\/#primaryimage"},"thumbnailUrl":"https:\/\/ocoerente.com.br\/se\/wp-content\/uploads\/2020\/03\/maiaaaa.jpg","datePublished":"2020-03-10T03:24:01+00:00","breadcrumb":{"@id":"https:\/\/ocoerente.com.br\/se\/2020\/03\/10\/maia-defende-novo-fundeb-e-alfineta-weintraub-prometi-nao-falar-mal-se-nao-ele-nao-cai\/#breadcrumb"},"inLanguage":"pt-BR","potentialAction":[{"@type":"ReadAction","target":["https:\/\/ocoerente.com.br\/se\/2020\/03\/10\/maia-defende-novo-fundeb-e-alfineta-weintraub-prometi-nao-falar-mal-se-nao-ele-nao-cai\/"]}]},{"@type":"ImageObject","inLanguage":"pt-BR","@id":"https:\/\/ocoerente.com.br\/se\/2020\/03\/10\/maia-defende-novo-fundeb-e-alfineta-weintraub-prometi-nao-falar-mal-se-nao-ele-nao-cai\/#primaryimage","url":"https:\/\/ocoerente.com.br\/se\/wp-content\/uploads\/2020\/03\/maiaaaa.jpg","contentUrl":"https:\/\/ocoerente.com.br\/se\/wp-content\/uploads\/2020\/03\/maiaaaa.jpg","width":1086,"height":652},{"@type":"BreadcrumbList","@id":"https:\/\/ocoerente.com.br\/se\/2020\/03\/10\/maia-defende-novo-fundeb-e-alfineta-weintraub-prometi-nao-falar-mal-se-nao-ele-nao-cai\/#breadcrumb","itemListElement":[{"@type":"ListItem","position":1,"name":"In\u00edcio","item":"https:\/\/ocoerente.com.br\/se\/"},{"@type":"ListItem","position":2,"name":"Maia defende novo Fundeb e alfineta Weintraub: &#8216;prometi n\u00e3o falar mal, se n\u00e3o, ele n\u00e3o cai&#8217;"}]},{"@type":"WebSite","@id":"https:\/\/ocoerente.com.br\/se\/#website","url":"https:\/\/ocoerente.com.br\/se\/","name":"O Coerente","description":"","publisher":{"@id":"https:\/\/ocoerente.com.br\/se\/#\/schema\/person\/cc6bfd9fbca465e23543b0c963d8d037"},"potentialAction":[{"@type":"SearchAction","target":{"@type":"EntryPoint","urlTemplate":"https:\/\/ocoerente.com.br\/se\/?s={search_term_string}"},"query-input":{"@type":"PropertyValueSpecification","valueRequired":true,"valueName":"search_term_string"}}],"inLanguage":"pt-BR"},{"@type":["Person","Organization"],"@id":"https:\/\/ocoerente.com.br\/se\/#\/schema\/person\/cc6bfd9fbca465e23543b0c963d8d037","name":"Reda\u00e7\u00e3o","image":{"@type":"ImageObject","inLanguage":"pt-BR","@id":"https:\/\/ocoerente.com.br\/se\/wp-content\/uploads\/2020\/01\/ocoerente-1.png","url":"https:\/\/ocoerente.com.br\/se\/wp-content\/uploads\/2020\/01\/ocoerente-1.png","contentUrl":"https:\/\/ocoerente.com.br\/se\/wp-content\/uploads\/2020\/01\/ocoerente-1.png","width":50,"height":50,"caption":"Reda\u00e7\u00e3o"},"logo":{"@id":"https:\/\/ocoerente.com.br\/se\/wp-content\/uploads\/2020\/01\/ocoerente-1.png"},"url":"https:\/\/ocoerente.com.br\/se\/author\/vasticlsales\/"}]}},"_links":{"self":[{"href":"https:\/\/ocoerente.com.br\/se\/wp-json\/wp\/v2\/posts\/632","targetHints":{"allow":["GET"]}}],"collection":[{"href":"https:\/\/ocoerente.com.br\/se\/wp-json\/wp\/v2\/posts"}],"about":[{"href":"https:\/\/ocoerente.com.br\/se\/wp-json\/wp\/v2\/types\/post"}],"author":[{"embeddable":true,"href":"https:\/\/ocoerente.com.br\/se\/wp-json\/wp\/v2\/users\/1"}],"replies":[{"embeddable":true,"href":"https:\/\/ocoerente.com.br\/se\/wp-json\/wp\/v2\/comments?post=632"}],"version-history":[{"count":1,"href":"https:\/\/ocoerente.com.br\/se\/wp-json\/wp\/v2\/posts\/632\/revisions"}],"predecessor-version":[{"id":634,"href":"https:\/\/ocoerente.com.br\/se\/wp-json\/wp\/v2\/posts\/632\/revisions\/634"}],"wp:featuredmedia":[{"embeddable":true,"href":"https:\/\/ocoerente.com.br\/se\/wp-json\/wp\/v2\/media\/633"}],"wp:attachment":[{"href":"https:\/\/ocoerente.com.br\/se\/wp-json\/wp\/v2\/media?parent=632"}],"wp:term":[{"taxonomy":"category","embeddable":true,"href":"https:\/\/ocoerente.com.br\/se\/wp-json\/wp\/v2\/categories?post=632"},{"taxonomy":"post_tag","embeddable":true,"href":"https:\/\/ocoerente.com.br\/se\/wp-json\/wp\/v2\/tags?post=632"}],"curies":[{"name":"wp","href":"https:\/\/api.w.org\/{rel}","templated":true}]}}