{"id":6317,"date":"2022-05-26T06:37:41","date_gmt":"2022-05-26T09:37:41","guid":{"rendered":"https:\/\/ocoerente.com.br\/se\/?p=6317"},"modified":"2022-05-26T06:37:43","modified_gmt":"2022-05-26T09:37:43","slug":"prefeito-em-exercicio-participa-de-lancamento-de-livro-do-memorialista-murilo-melins","status":"publish","type":"post","link":"https:\/\/ocoerente.com.br\/se\/2022\/05\/26\/prefeito-em-exercicio-participa-de-lancamento-de-livro-do-memorialista-murilo-melins\/","title":{"rendered":"Prefeito em exerc\u00edcio participa de lan\u00e7amento de livro do memorialista Murilo Melins"},"content":{"rendered":"\n<p>O prefeito em exerc\u00edcio de Aracaju, Vin\u00edcius Porto, participou, nesta quarta-feira, 25, da cerim\u00f4nia de lan\u00e7amento do livro \u201cAracaju reminisc\u00eancias e devaneios\u201d, do memorialista sergipano Murilo Melins, de 96 anos. O evento aconteceu no Museu da Gente Sergipana, no Centro da cidade.\u00a0<\/p>\n\n\n\n<p>Esse \u00e9 o terceiro livro escrito por Murilo, que aborda suas viv\u00eancias e as mem\u00f3rias que tem da antiga cidade de Aracaju e sua transforma\u00e7\u00e3o ao longo da hist\u00f3ria.\u00a0<\/p>\n\n\n\n<p>\u201cMurilo \u00e9 uma refer\u00eancia e, hoje, veio homenagear a nossa querida cidade, trazendo mais um livro que vai fazer com que as pr\u00f3ximas gera\u00e7\u00f5es possam, cada vez mais, obter aprendizados sobre a nossa cidade. Quem ganha com isso \u00e9 a popula\u00e7\u00e3o aracajuana e sergipana, que vai poder apreciar essa obra-prima, al\u00e9m de fazer com que seja ampliado o conhecimento espec\u00edfico sobre a nossa cidade. Eu sei que toda a cidade de Aracaju agradece demais por esse presente. Murilo, mais uma vez, est\u00e1 de parab\u00e9ns por homenagear toda a popula\u00e7\u00e3o atrav\u00e9s desse livro\u201d, enfatiza Vin\u00edcius.<\/p>\n\n\n\n<p>Autor das obras \u201cAracaju rom\u00e2ntica que vi e vivi\u201d e \u201cAracaju pitoresco e lend\u00e1rio\u201d, Murilo Melins dedica seu tempo, novamente, a escrever as mem\u00f3rias que tem sobre Aracaju, perpetuando, em todas as gera\u00e7\u00f5es, as mudan\u00e7as que a cidade viveu, desde sua vinda de Ne\u00f3polis, no Baixo S\u00e3o Franciso, para a capital do estado.\u00a0<\/p>\n\n\n\n<p>Segundo o autor, o receio de que a cidade perdesse a pr\u00f3pria mem\u00f3ria sobre sua hist\u00f3ria foi o que o motivou a escrever mais um livro.<\/p>\n\n\n\n<p>\u201cEu via que Aracaju estava perdendo a mem\u00f3ria e, por isso, resolvi escrever mais um livro. Essa \u00e9 a terceira obra em que falo sobre a cidade, e eu sou um verdadeiro apaixonado por Aracaju, o lugar\u00a0 que me adotou, quando cheguei e n\u00e3o sa\u00ed mais. Nunca fui escritor, mas lembro que j\u00e1 convidei alguns escritores da cidade para fazer algo semelhante ao que j\u00e1 escrevi, mas eles n\u00e3o tinham tempo para isso. Ent\u00e3o, decidi tomar essa iniciativa e comecei a escrever. Hoje, lan\u00e7o o terceiro livro, este produzido durante a pandemia\u201d, relata Murilo.<\/p>\n\n\n\n<p>AAN<\/p>\n","protected":false},"excerpt":{"rendered":"<p>O prefeito em exerc\u00edcio de Aracaju, Vin\u00edcius Porto, participou, nesta quarta-feira, 25, da cerim\u00f4nia de lan\u00e7amento do livro \u201cAracaju reminisc\u00eancias e devaneios\u201d, do memorialista sergipano Murilo Melins, de 96 anos. O evento aconteceu no Museu da Gente Sergipana, no Centro da cidade.\u00a0 Esse \u00e9 o terceiro livro escrito por Murilo, que aborda suas viv\u00eancias e [&hellip;]<\/p>\n","protected":false},"author":1,"featured_media":6318,"comment_status":"closed","ping_status":"closed","sticky":false,"template":"","format":"standard","meta":{"footnotes":""},"categories":[53,47],"tags":[],"class_list":["post-6317","post","type-post","status-publish","format-standard","has-post-thumbnail","hentry","category-destaques","category-educacao"],"yoast_head":"<!-- This site is optimized with the Yoast SEO plugin v27.4 - https:\/\/yoast.com\/product\/yoast-seo-wordpress\/ -->\n<title>Prefeito em exerc\u00edcio participa de lan\u00e7amento de livro do memorialista Murilo Melins - O Coerente<\/title>\n<meta name=\"robots\" content=\"index, follow, max-snippet:-1, max-image-preview:large, max-video-preview:-1\" \/>\n<link rel=\"canonical\" href=\"https:\/\/ocoerente.com.br\/se\/2022\/05\/26\/prefeito-em-exercicio-participa-de-lancamento-de-livro-do-memorialista-murilo-melins\/\" \/>\n<meta property=\"og:locale\" content=\"pt_BR\" \/>\n<meta property=\"og:type\" content=\"article\" \/>\n<meta property=\"og:title\" content=\"Prefeito em exerc\u00edcio participa de lan\u00e7amento de livro do memorialista Murilo Melins - O Coerente\" \/>\n<meta property=\"og:description\" content=\"O prefeito em exerc\u00edcio de Aracaju, Vin\u00edcius Porto, participou, nesta quarta-feira, 25, da cerim\u00f4nia de lan\u00e7amento do livro \u201cAracaju reminisc\u00eancias e devaneios\u201d, do memorialista sergipano Murilo Melins, de 96 anos. O evento aconteceu no Museu da Gente Sergipana, no Centro da cidade.\u00a0 Esse \u00e9 o terceiro livro escrito por Murilo, que aborda suas viv\u00eancias e [&hellip;]\" \/>\n<meta property=\"og:url\" content=\"https:\/\/ocoerente.com.br\/se\/2022\/05\/26\/prefeito-em-exercicio-participa-de-lancamento-de-livro-do-memorialista-murilo-melins\/\" \/>\n<meta property=\"og:site_name\" content=\"O Coerente\" \/>\n<meta property=\"article:published_time\" content=\"2022-05-26T09:37:41+00:00\" \/>\n<meta property=\"article:modified_time\" content=\"2022-05-26T09:37:43+00:00\" \/>\n<meta property=\"og:image\" content=\"https:\/\/ocoerente.com.br\/se\/wp-content\/uploads\/2022\/05\/livromelins.jpg\" \/>\n\t<meta property=\"og:image:width\" content=\"1024\" \/>\n\t<meta property=\"og:image:height\" content=\"682\" \/>\n\t<meta property=\"og:image:type\" content=\"image\/jpeg\" \/>\n<meta name=\"author\" content=\"Reda\u00e7\u00e3o\" \/>\n<meta name=\"twitter:card\" content=\"summary_large_image\" \/>\n<meta name=\"twitter:label1\" content=\"Escrito por\" \/>\n\t<meta name=\"twitter:data1\" content=\"Reda\u00e7\u00e3o\" \/>\n\t<meta name=\"twitter:label2\" content=\"Est. tempo de leitura\" \/>\n\t<meta name=\"twitter:data2\" content=\"2 minutos\" \/>\n<script type=\"application\/ld+json\" class=\"yoast-schema-graph\">{\"@context\":\"https:\\\/\\\/schema.org\",\"@graph\":[{\"@type\":\"Article\",\"@id\":\"https:\\\/\\\/ocoerente.com.br\\\/se\\\/2022\\\/05\\\/26\\\/prefeito-em-exercicio-participa-de-lancamento-de-livro-do-memorialista-murilo-melins\\\/#article\",\"isPartOf\":{\"@id\":\"https:\\\/\\\/ocoerente.com.br\\\/se\\\/2022\\\/05\\\/26\\\/prefeito-em-exercicio-participa-de-lancamento-de-livro-do-memorialista-murilo-melins\\\/\"},\"author\":{\"name\":\"Reda\u00e7\u00e3o\",\"@id\":\"https:\\\/\\\/ocoerente.com.br\\\/se\\\/#\\\/schema\\\/person\\\/cc6bfd9fbca465e23543b0c963d8d037\"},\"headline\":\"Prefeito em exerc\u00edcio participa de lan\u00e7amento de livro do memorialista Murilo Melins\",\"datePublished\":\"2022-05-26T09:37:41+00:00\",\"dateModified\":\"2022-05-26T09:37:43+00:00\",\"mainEntityOfPage\":{\"@id\":\"https:\\\/\\\/ocoerente.com.br\\\/se\\\/2022\\\/05\\\/26\\\/prefeito-em-exercicio-participa-de-lancamento-de-livro-do-memorialista-murilo-melins\\\/\"},\"wordCount\":381,\"publisher\":{\"@id\":\"https:\\\/\\\/ocoerente.com.br\\\/se\\\/#\\\/schema\\\/person\\\/cc6bfd9fbca465e23543b0c963d8d037\"},\"image\":{\"@id\":\"https:\\\/\\\/ocoerente.com.br\\\/se\\\/2022\\\/05\\\/26\\\/prefeito-em-exercicio-participa-de-lancamento-de-livro-do-memorialista-murilo-melins\\\/#primaryimage\"},\"thumbnailUrl\":\"https:\\\/\\\/ocoerente.com.br\\\/se\\\/wp-content\\\/uploads\\\/2022\\\/05\\\/livromelins.jpg\",\"articleSection\":[\"Destaques\",\"Educa\u00e7\u00e3o\"],\"inLanguage\":\"pt-BR\"},{\"@type\":\"WebPage\",\"@id\":\"https:\\\/\\\/ocoerente.com.br\\\/se\\\/2022\\\/05\\\/26\\\/prefeito-em-exercicio-participa-de-lancamento-de-livro-do-memorialista-murilo-melins\\\/\",\"url\":\"https:\\\/\\\/ocoerente.com.br\\\/se\\\/2022\\\/05\\\/26\\\/prefeito-em-exercicio-participa-de-lancamento-de-livro-do-memorialista-murilo-melins\\\/\",\"name\":\"Prefeito em exerc\u00edcio participa de lan\u00e7amento de livro do memorialista Murilo Melins - O Coerente\",\"isPartOf\":{\"@id\":\"https:\\\/\\\/ocoerente.com.br\\\/se\\\/#website\"},\"primaryImageOfPage\":{\"@id\":\"https:\\\/\\\/ocoerente.com.br\\\/se\\\/2022\\\/05\\\/26\\\/prefeito-em-exercicio-participa-de-lancamento-de-livro-do-memorialista-murilo-melins\\\/#primaryimage\"},\"image\":{\"@id\":\"https:\\\/\\\/ocoerente.com.br\\\/se\\\/2022\\\/05\\\/26\\\/prefeito-em-exercicio-participa-de-lancamento-de-livro-do-memorialista-murilo-melins\\\/#primaryimage\"},\"thumbnailUrl\":\"https:\\\/\\\/ocoerente.com.br\\\/se\\\/wp-content\\\/uploads\\\/2022\\\/05\\\/livromelins.jpg\",\"datePublished\":\"2022-05-26T09:37:41+00:00\",\"dateModified\":\"2022-05-26T09:37:43+00:00\",\"breadcrumb\":{\"@id\":\"https:\\\/\\\/ocoerente.com.br\\\/se\\\/2022\\\/05\\\/26\\\/prefeito-em-exercicio-participa-de-lancamento-de-livro-do-memorialista-murilo-melins\\\/#breadcrumb\"},\"inLanguage\":\"pt-BR\",\"potentialAction\":[{\"@type\":\"ReadAction\",\"target\":[\"https:\\\/\\\/ocoerente.com.br\\\/se\\\/2022\\\/05\\\/26\\\/prefeito-em-exercicio-participa-de-lancamento-de-livro-do-memorialista-murilo-melins\\\/\"]}]},{\"@type\":\"ImageObject\",\"inLanguage\":\"pt-BR\",\"@id\":\"https:\\\/\\\/ocoerente.com.br\\\/se\\\/2022\\\/05\\\/26\\\/prefeito-em-exercicio-participa-de-lancamento-de-livro-do-memorialista-murilo-melins\\\/#primaryimage\",\"url\":\"https:\\\/\\\/ocoerente.com.br\\\/se\\\/wp-content\\\/uploads\\\/2022\\\/05\\\/livromelins.jpg\",\"contentUrl\":\"https:\\\/\\\/ocoerente.com.br\\\/se\\\/wp-content\\\/uploads\\\/2022\\\/05\\\/livromelins.jpg\",\"width\":1024,\"height\":682,\"caption\":\"Fotos: Andr\u00e9 Moreira\"},{\"@type\":\"BreadcrumbList\",\"@id\":\"https:\\\/\\\/ocoerente.com.br\\\/se\\\/2022\\\/05\\\/26\\\/prefeito-em-exercicio-participa-de-lancamento-de-livro-do-memorialista-murilo-melins\\\/#breadcrumb\",\"itemListElement\":[{\"@type\":\"ListItem\",\"position\":1,\"name\":\"In\u00edcio\",\"item\":\"https:\\\/\\\/ocoerente.com.br\\\/se\\\/\"},{\"@type\":\"ListItem\",\"position\":2,\"name\":\"Prefeito em exerc\u00edcio participa de lan\u00e7amento de livro do memorialista Murilo Melins\"}]},{\"@type\":\"WebSite\",\"@id\":\"https:\\\/\\\/ocoerente.com.br\\\/se\\\/#website\",\"url\":\"https:\\\/\\\/ocoerente.com.br\\\/se\\\/\",\"name\":\"O Coerente\",\"description\":\"\",\"publisher\":{\"@id\":\"https:\\\/\\\/ocoerente.com.br\\\/se\\\/#\\\/schema\\\/person\\\/cc6bfd9fbca465e23543b0c963d8d037\"},\"potentialAction\":[{\"@type\":\"SearchAction\",\"target\":{\"@type\":\"EntryPoint\",\"urlTemplate\":\"https:\\\/\\\/ocoerente.com.br\\\/se\\\/?s={search_term_string}\"},\"query-input\":{\"@type\":\"PropertyValueSpecification\",\"valueRequired\":true,\"valueName\":\"search_term_string\"}}],\"inLanguage\":\"pt-BR\"},{\"@type\":[\"Person\",\"Organization\"],\"@id\":\"https:\\\/\\\/ocoerente.com.br\\\/se\\\/#\\\/schema\\\/person\\\/cc6bfd9fbca465e23543b0c963d8d037\",\"name\":\"Reda\u00e7\u00e3o\",\"image\":{\"@type\":\"ImageObject\",\"inLanguage\":\"pt-BR\",\"@id\":\"https:\\\/\\\/ocoerente.com.br\\\/se\\\/wp-content\\\/uploads\\\/2020\\\/01\\\/ocoerente-1.png\",\"url\":\"https:\\\/\\\/ocoerente.com.br\\\/se\\\/wp-content\\\/uploads\\\/2020\\\/01\\\/ocoerente-1.png\",\"contentUrl\":\"https:\\\/\\\/ocoerente.com.br\\\/se\\\/wp-content\\\/uploads\\\/2020\\\/01\\\/ocoerente-1.png\",\"width\":50,\"height\":50,\"caption\":\"Reda\u00e7\u00e3o\"},\"logo\":{\"@id\":\"https:\\\/\\\/ocoerente.com.br\\\/se\\\/wp-content\\\/uploads\\\/2020\\\/01\\\/ocoerente-1.png\"},\"url\":\"https:\\\/\\\/ocoerente.com.br\\\/se\\\/author\\\/vasticlsales\\\/\"}]}<\/script>\n<!-- \/ Yoast SEO plugin. -->","yoast_head_json":{"title":"Prefeito em exerc\u00edcio participa de lan\u00e7amento de livro do memorialista Murilo Melins - O Coerente","robots":{"index":"index","follow":"follow","max-snippet":"max-snippet:-1","max-image-preview":"max-image-preview:large","max-video-preview":"max-video-preview:-1"},"canonical":"https:\/\/ocoerente.com.br\/se\/2022\/05\/26\/prefeito-em-exercicio-participa-de-lancamento-de-livro-do-memorialista-murilo-melins\/","og_locale":"pt_BR","og_type":"article","og_title":"Prefeito em exerc\u00edcio participa de lan\u00e7amento de livro do memorialista Murilo Melins - O Coerente","og_description":"O prefeito em exerc\u00edcio de Aracaju, Vin\u00edcius Porto, participou, nesta quarta-feira, 25, da cerim\u00f4nia de lan\u00e7amento do livro \u201cAracaju reminisc\u00eancias e devaneios\u201d, do memorialista sergipano Murilo Melins, de 96 anos. O evento aconteceu no Museu da Gente Sergipana, no Centro da cidade.\u00a0 Esse \u00e9 o terceiro livro escrito por Murilo, que aborda suas viv\u00eancias e [&hellip;]","og_url":"https:\/\/ocoerente.com.br\/se\/2022\/05\/26\/prefeito-em-exercicio-participa-de-lancamento-de-livro-do-memorialista-murilo-melins\/","og_site_name":"O Coerente","article_published_time":"2022-05-26T09:37:41+00:00","article_modified_time":"2022-05-26T09:37:43+00:00","og_image":[{"width":1024,"height":682,"url":"https:\/\/ocoerente.com.br\/se\/wp-content\/uploads\/2022\/05\/livromelins.jpg","type":"image\/jpeg"}],"author":"Reda\u00e7\u00e3o","twitter_card":"summary_large_image","twitter_misc":{"Escrito por":"Reda\u00e7\u00e3o","Est. tempo de leitura":"2 minutos"},"schema":{"@context":"https:\/\/schema.org","@graph":[{"@type":"Article","@id":"https:\/\/ocoerente.com.br\/se\/2022\/05\/26\/prefeito-em-exercicio-participa-de-lancamento-de-livro-do-memorialista-murilo-melins\/#article","isPartOf":{"@id":"https:\/\/ocoerente.com.br\/se\/2022\/05\/26\/prefeito-em-exercicio-participa-de-lancamento-de-livro-do-memorialista-murilo-melins\/"},"author":{"name":"Reda\u00e7\u00e3o","@id":"https:\/\/ocoerente.com.br\/se\/#\/schema\/person\/cc6bfd9fbca465e23543b0c963d8d037"},"headline":"Prefeito em exerc\u00edcio participa de lan\u00e7amento de livro do memorialista Murilo Melins","datePublished":"2022-05-26T09:37:41+00:00","dateModified":"2022-05-26T09:37:43+00:00","mainEntityOfPage":{"@id":"https:\/\/ocoerente.com.br\/se\/2022\/05\/26\/prefeito-em-exercicio-participa-de-lancamento-de-livro-do-memorialista-murilo-melins\/"},"wordCount":381,"publisher":{"@id":"https:\/\/ocoerente.com.br\/se\/#\/schema\/person\/cc6bfd9fbca465e23543b0c963d8d037"},"image":{"@id":"https:\/\/ocoerente.com.br\/se\/2022\/05\/26\/prefeito-em-exercicio-participa-de-lancamento-de-livro-do-memorialista-murilo-melins\/#primaryimage"},"thumbnailUrl":"https:\/\/ocoerente.com.br\/se\/wp-content\/uploads\/2022\/05\/livromelins.jpg","articleSection":["Destaques","Educa\u00e7\u00e3o"],"inLanguage":"pt-BR"},{"@type":"WebPage","@id":"https:\/\/ocoerente.com.br\/se\/2022\/05\/26\/prefeito-em-exercicio-participa-de-lancamento-de-livro-do-memorialista-murilo-melins\/","url":"https:\/\/ocoerente.com.br\/se\/2022\/05\/26\/prefeito-em-exercicio-participa-de-lancamento-de-livro-do-memorialista-murilo-melins\/","name":"Prefeito em exerc\u00edcio participa de lan\u00e7amento de livro do memorialista Murilo Melins - O Coerente","isPartOf":{"@id":"https:\/\/ocoerente.com.br\/se\/#website"},"primaryImageOfPage":{"@id":"https:\/\/ocoerente.com.br\/se\/2022\/05\/26\/prefeito-em-exercicio-participa-de-lancamento-de-livro-do-memorialista-murilo-melins\/#primaryimage"},"image":{"@id":"https:\/\/ocoerente.com.br\/se\/2022\/05\/26\/prefeito-em-exercicio-participa-de-lancamento-de-livro-do-memorialista-murilo-melins\/#primaryimage"},"thumbnailUrl":"https:\/\/ocoerente.com.br\/se\/wp-content\/uploads\/2022\/05\/livromelins.jpg","datePublished":"2022-05-26T09:37:41+00:00","dateModified":"2022-05-26T09:37:43+00:00","breadcrumb":{"@id":"https:\/\/ocoerente.com.br\/se\/2022\/05\/26\/prefeito-em-exercicio-participa-de-lancamento-de-livro-do-memorialista-murilo-melins\/#breadcrumb"},"inLanguage":"pt-BR","potentialAction":[{"@type":"ReadAction","target":["https:\/\/ocoerente.com.br\/se\/2022\/05\/26\/prefeito-em-exercicio-participa-de-lancamento-de-livro-do-memorialista-murilo-melins\/"]}]},{"@type":"ImageObject","inLanguage":"pt-BR","@id":"https:\/\/ocoerente.com.br\/se\/2022\/05\/26\/prefeito-em-exercicio-participa-de-lancamento-de-livro-do-memorialista-murilo-melins\/#primaryimage","url":"https:\/\/ocoerente.com.br\/se\/wp-content\/uploads\/2022\/05\/livromelins.jpg","contentUrl":"https:\/\/ocoerente.com.br\/se\/wp-content\/uploads\/2022\/05\/livromelins.jpg","width":1024,"height":682,"caption":"Fotos: Andr\u00e9 Moreira"},{"@type":"BreadcrumbList","@id":"https:\/\/ocoerente.com.br\/se\/2022\/05\/26\/prefeito-em-exercicio-participa-de-lancamento-de-livro-do-memorialista-murilo-melins\/#breadcrumb","itemListElement":[{"@type":"ListItem","position":1,"name":"In\u00edcio","item":"https:\/\/ocoerente.com.br\/se\/"},{"@type":"ListItem","position":2,"name":"Prefeito em exerc\u00edcio participa de lan\u00e7amento de livro do memorialista Murilo Melins"}]},{"@type":"WebSite","@id":"https:\/\/ocoerente.com.br\/se\/#website","url":"https:\/\/ocoerente.com.br\/se\/","name":"O Coerente","description":"","publisher":{"@id":"https:\/\/ocoerente.com.br\/se\/#\/schema\/person\/cc6bfd9fbca465e23543b0c963d8d037"},"potentialAction":[{"@type":"SearchAction","target":{"@type":"EntryPoint","urlTemplate":"https:\/\/ocoerente.com.br\/se\/?s={search_term_string}"},"query-input":{"@type":"PropertyValueSpecification","valueRequired":true,"valueName":"search_term_string"}}],"inLanguage":"pt-BR"},{"@type":["Person","Organization"],"@id":"https:\/\/ocoerente.com.br\/se\/#\/schema\/person\/cc6bfd9fbca465e23543b0c963d8d037","name":"Reda\u00e7\u00e3o","image":{"@type":"ImageObject","inLanguage":"pt-BR","@id":"https:\/\/ocoerente.com.br\/se\/wp-content\/uploads\/2020\/01\/ocoerente-1.png","url":"https:\/\/ocoerente.com.br\/se\/wp-content\/uploads\/2020\/01\/ocoerente-1.png","contentUrl":"https:\/\/ocoerente.com.br\/se\/wp-content\/uploads\/2020\/01\/ocoerente-1.png","width":50,"height":50,"caption":"Reda\u00e7\u00e3o"},"logo":{"@id":"https:\/\/ocoerente.com.br\/se\/wp-content\/uploads\/2020\/01\/ocoerente-1.png"},"url":"https:\/\/ocoerente.com.br\/se\/author\/vasticlsales\/"}]}},"_links":{"self":[{"href":"https:\/\/ocoerente.com.br\/se\/wp-json\/wp\/v2\/posts\/6317","targetHints":{"allow":["GET"]}}],"collection":[{"href":"https:\/\/ocoerente.com.br\/se\/wp-json\/wp\/v2\/posts"}],"about":[{"href":"https:\/\/ocoerente.com.br\/se\/wp-json\/wp\/v2\/types\/post"}],"author":[{"embeddable":true,"href":"https:\/\/ocoerente.com.br\/se\/wp-json\/wp\/v2\/users\/1"}],"replies":[{"embeddable":true,"href":"https:\/\/ocoerente.com.br\/se\/wp-json\/wp\/v2\/comments?post=6317"}],"version-history":[{"count":1,"href":"https:\/\/ocoerente.com.br\/se\/wp-json\/wp\/v2\/posts\/6317\/revisions"}],"predecessor-version":[{"id":6319,"href":"https:\/\/ocoerente.com.br\/se\/wp-json\/wp\/v2\/posts\/6317\/revisions\/6319"}],"wp:featuredmedia":[{"embeddable":true,"href":"https:\/\/ocoerente.com.br\/se\/wp-json\/wp\/v2\/media\/6318"}],"wp:attachment":[{"href":"https:\/\/ocoerente.com.br\/se\/wp-json\/wp\/v2\/media?parent=6317"}],"wp:term":[{"taxonomy":"category","embeddable":true,"href":"https:\/\/ocoerente.com.br\/se\/wp-json\/wp\/v2\/categories?post=6317"},{"taxonomy":"post_tag","embeddable":true,"href":"https:\/\/ocoerente.com.br\/se\/wp-json\/wp\/v2\/tags?post=6317"}],"curies":[{"name":"wp","href":"https:\/\/api.w.org\/{rel}","templated":true}]}}