{"id":6314,"date":"2022-05-26T06:36:18","date_gmt":"2022-05-26T09:36:18","guid":{"rendered":"https:\/\/ocoerente.com.br\/se\/?p=6314"},"modified":"2022-05-26T06:36:19","modified_gmt":"2022-05-26T09:36:19","slug":"com-chuva-e-ventos-fortes-prefeitura-intensifica-monitoramento-pela-capital","status":"publish","type":"post","link":"https:\/\/ocoerente.com.br\/se\/2022\/05\/26\/com-chuva-e-ventos-fortes-prefeitura-intensifica-monitoramento-pela-capital\/","title":{"rendered":"Com chuva e ventos fortes, Prefeitura intensifica monitoramento pela capital"},"content":{"rendered":"\n<p>Na madrugada desta quarta-feira, 25, a capital sergipana registrou chuva em todas as regi\u00f5es da cidade, com um acumulado de 50 mil\u00edmetros, nas \u00faltimas 12h, confirmando as previs\u00f5es dos centros de meteorologia. A chuva veio acompanhada de fortes ventos, com velocidade acima de 40km\/h.<\/p>\n\n\n\n<p>Desde a madrugada de hoje, a Prefeitura de Aracaju intensificou o monitoramento por toda a cidade e, at\u00e9 meados desta manh\u00e3, tr\u00eas ocorr\u00eancias foram registradas.<\/p>\n\n\n\n<p>Agentes da Empresa Municipal de Servi\u00e7os Urbanos (Emsurb) estiveram na avenida General Calazans, no bairro Industrial, para realizar a retirada de uma \u00e1rvore que caiu sobre a via.\u00a0<br>Al\u00e9m disto, a Defesa Civil de Aracaju registrou outras duas ocorr\u00eancias, uma de risco de desabamento de grade de prote\u00e7\u00e3o, no bairro Porto Dantas, na zona Norte de Aracaju, e outra de risco de queda de \u00e1rvore, no bairro Olaria, localizado na zona Oeste da cidade. Em ambos os casos, agentes prestaram atendimento.\u00a0<\/p>\n\n\n\n<p>Gra\u00e7as \u00e0s a\u00e7\u00f5es preventivas adotadas pela gest\u00e3o municipal, mesmo com o alto \u00edndice pluviom\u00e9trico, nenhuma ocorr\u00eancia foi registrada em virtude do ac\u00famulo de \u00e1gua. Ao longo deste m\u00eas de maio j\u00e1 choveu 212mm na cidade, n\u00famero pr\u00f3ximo ao \u00edndice da m\u00e9dia hist\u00f3rica do m\u00eas, que \u00e9 de 240mm. A previs\u00e3o \u00e9 de que a chuva permane\u00e7a at\u00e9 o dia 31 deste m\u00eas, fazendo com que esse valor seja ultrapassado, o que j\u00e1 era esperado para o munic\u00edpio, segundo o secret\u00e1rio municipal da Defesa Social e coordenador da Defesa Civil, tenente-coronel Silvio Prado.<\/p>\n\n\n\n<p>\u201cPara hoje, j\u00e1 choveu o que era esperado para o dia, em Aracaju, um acumulado de 50 mil\u00edmetros, mas a chuva deve permanecer de forma bem distribu\u00edda at\u00e9 o final do dia. A nossa previs\u00e3o \u00e9 de que, amanh\u00e3, chova, novamente, em torno de mais 30 mil\u00edmetros ou 50 mil\u00edmetros, com incid\u00eancia maior durante a madrugada, como aconteceu hoje. Ao longo desses \u00faltimos dias de maio, a probabilidade \u00e9 de que a chuva permane\u00e7a durante praticamente todos os dias, o que deve fazer com que o acumulado para o m\u00eas alcance os 300 mil\u00edmetros, ultrapassando assim a m\u00e9dia hist\u00f3rica, como j\u00e1 hav\u00edamos previsto\u201d, detalha Silvio Prado.<\/p>\n\n\n\n<p>Ainda de acordo com o tenente-coronel, as chuvas que devem ser registradas ao longo dos \u00faltimos dias do m\u00eas de maio devem variar entre intensidade fraca e moderada, no entanto, a popula\u00e7\u00e3o deve permanecer atenta aos riscos.\u00a0<\/p>\n\n\n\n<p>Atrav\u00e9s do servi\u00e7o de alerta por SMS, a popula\u00e7\u00e3o se mant\u00e9m informada, de maneira antecipada, sobre as chuvas que est\u00e3o previstas para os pr\u00f3ximos dias. Para realizar o cadastro e receber as mensagens \u00e9 preciso enviar um SMS para o n\u00famero 40199, indicando no campo do texto o CEP da sua localiza\u00e7\u00e3o.<\/p>\n\n\n\n<p>Al\u00e9m disso, toda a popula\u00e7\u00e3o deve se manter em alerta para o ind\u00edcio de problemas provocados pelas chuvas, como o surgimento de rachaduras nas paredes, afundamento de piso e inclina\u00e7\u00e3o de \u00e1rvores e postes. Nestes casos, \u00e9 poss\u00edvel acionar a Defesa Civil atrav\u00e9s do servi\u00e7o emergencial 199, que funciona 24h.<\/p>\n\n\n\n<p>AAN<\/p>\n","protected":false},"excerpt":{"rendered":"<p>Na madrugada desta quarta-feira, 25, a capital sergipana registrou chuva em todas as regi\u00f5es da cidade, com um acumulado de 50 mil\u00edmetros, nas \u00faltimas 12h, confirmando as previs\u00f5es dos centros de meteorologia. A chuva veio acompanhada de fortes ventos, com velocidade acima de 40km\/h. Desde a madrugada de hoje, a Prefeitura de Aracaju intensificou o [&hellip;]<\/p>\n","protected":false},"author":1,"featured_media":6315,"comment_status":"closed","ping_status":"closed","sticky":false,"template":"","format":"standard","meta":{"footnotes":""},"categories":[53,43],"tags":[],"class_list":["post-6314","post","type-post","status-publish","format-standard","has-post-thumbnail","hentry","category-destaques","category-sergipe"],"yoast_head":"<!-- This site is optimized with the Yoast SEO plugin v27.4 - https:\/\/yoast.com\/product\/yoast-seo-wordpress\/ -->\n<title>Com chuva e ventos fortes, Prefeitura intensifica monitoramento pela capital - O Coerente<\/title>\n<meta name=\"robots\" content=\"index, follow, max-snippet:-1, max-image-preview:large, max-video-preview:-1\" \/>\n<link rel=\"canonical\" href=\"https:\/\/ocoerente.com.br\/se\/2022\/05\/26\/com-chuva-e-ventos-fortes-prefeitura-intensifica-monitoramento-pela-capital\/\" \/>\n<meta property=\"og:locale\" content=\"pt_BR\" \/>\n<meta property=\"og:type\" content=\"article\" \/>\n<meta property=\"og:title\" content=\"Com chuva e ventos fortes, Prefeitura intensifica monitoramento pela capital - O Coerente\" \/>\n<meta property=\"og:description\" content=\"Na madrugada desta quarta-feira, 25, a capital sergipana registrou chuva em todas as regi\u00f5es da cidade, com um acumulado de 50 mil\u00edmetros, nas \u00faltimas 12h, confirmando as previs\u00f5es dos centros de meteorologia. A chuva veio acompanhada de fortes ventos, com velocidade acima de 40km\/h. Desde a madrugada de hoje, a Prefeitura de Aracaju intensificou o [&hellip;]\" \/>\n<meta property=\"og:url\" content=\"https:\/\/ocoerente.com.br\/se\/2022\/05\/26\/com-chuva-e-ventos-fortes-prefeitura-intensifica-monitoramento-pela-capital\/\" \/>\n<meta property=\"og:site_name\" content=\"O Coerente\" \/>\n<meta property=\"article:published_time\" content=\"2022-05-26T09:36:18+00:00\" \/>\n<meta property=\"article:modified_time\" content=\"2022-05-26T09:36:19+00:00\" \/>\n<meta property=\"og:image\" content=\"https:\/\/ocoerente.com.br\/se\/wp-content\/uploads\/2022\/05\/chuvasserg.jpg\" \/>\n\t<meta property=\"og:image:width\" content=\"1024\" \/>\n\t<meta property=\"og:image:height\" content=\"576\" \/>\n\t<meta property=\"og:image:type\" content=\"image\/jpeg\" \/>\n<meta name=\"author\" content=\"Reda\u00e7\u00e3o\" \/>\n<meta name=\"twitter:card\" content=\"summary_large_image\" \/>\n<meta name=\"twitter:label1\" content=\"Escrito por\" \/>\n\t<meta name=\"twitter:data1\" content=\"Reda\u00e7\u00e3o\" \/>\n\t<meta name=\"twitter:label2\" content=\"Est. tempo de leitura\" \/>\n\t<meta name=\"twitter:data2\" content=\"3 minutos\" \/>\n<script type=\"application\/ld+json\" class=\"yoast-schema-graph\">{\"@context\":\"https:\\\/\\\/schema.org\",\"@graph\":[{\"@type\":\"Article\",\"@id\":\"https:\\\/\\\/ocoerente.com.br\\\/se\\\/2022\\\/05\\\/26\\\/com-chuva-e-ventos-fortes-prefeitura-intensifica-monitoramento-pela-capital\\\/#article\",\"isPartOf\":{\"@id\":\"https:\\\/\\\/ocoerente.com.br\\\/se\\\/2022\\\/05\\\/26\\\/com-chuva-e-ventos-fortes-prefeitura-intensifica-monitoramento-pela-capital\\\/\"},\"author\":{\"name\":\"Reda\u00e7\u00e3o\",\"@id\":\"https:\\\/\\\/ocoerente.com.br\\\/se\\\/#\\\/schema\\\/person\\\/cc6bfd9fbca465e23543b0c963d8d037\"},\"headline\":\"Com chuva e ventos fortes, Prefeitura intensifica monitoramento pela capital\",\"datePublished\":\"2022-05-26T09:36:18+00:00\",\"dateModified\":\"2022-05-26T09:36:19+00:00\",\"mainEntityOfPage\":{\"@id\":\"https:\\\/\\\/ocoerente.com.br\\\/se\\\/2022\\\/05\\\/26\\\/com-chuva-e-ventos-fortes-prefeitura-intensifica-monitoramento-pela-capital\\\/\"},\"wordCount\":539,\"publisher\":{\"@id\":\"https:\\\/\\\/ocoerente.com.br\\\/se\\\/#\\\/schema\\\/person\\\/cc6bfd9fbca465e23543b0c963d8d037\"},\"image\":{\"@id\":\"https:\\\/\\\/ocoerente.com.br\\\/se\\\/2022\\\/05\\\/26\\\/com-chuva-e-ventos-fortes-prefeitura-intensifica-monitoramento-pela-capital\\\/#primaryimage\"},\"thumbnailUrl\":\"https:\\\/\\\/ocoerente.com.br\\\/se\\\/wp-content\\\/uploads\\\/2022\\\/05\\\/chuvasserg.jpg\",\"articleSection\":[\"Destaques\",\"Sergipe\"],\"inLanguage\":\"pt-BR\"},{\"@type\":\"WebPage\",\"@id\":\"https:\\\/\\\/ocoerente.com.br\\\/se\\\/2022\\\/05\\\/26\\\/com-chuva-e-ventos-fortes-prefeitura-intensifica-monitoramento-pela-capital\\\/\",\"url\":\"https:\\\/\\\/ocoerente.com.br\\\/se\\\/2022\\\/05\\\/26\\\/com-chuva-e-ventos-fortes-prefeitura-intensifica-monitoramento-pela-capital\\\/\",\"name\":\"Com chuva e ventos fortes, Prefeitura intensifica monitoramento pela capital - O Coerente\",\"isPartOf\":{\"@id\":\"https:\\\/\\\/ocoerente.com.br\\\/se\\\/#website\"},\"primaryImageOfPage\":{\"@id\":\"https:\\\/\\\/ocoerente.com.br\\\/se\\\/2022\\\/05\\\/26\\\/com-chuva-e-ventos-fortes-prefeitura-intensifica-monitoramento-pela-capital\\\/#primaryimage\"},\"image\":{\"@id\":\"https:\\\/\\\/ocoerente.com.br\\\/se\\\/2022\\\/05\\\/26\\\/com-chuva-e-ventos-fortes-prefeitura-intensifica-monitoramento-pela-capital\\\/#primaryimage\"},\"thumbnailUrl\":\"https:\\\/\\\/ocoerente.com.br\\\/se\\\/wp-content\\\/uploads\\\/2022\\\/05\\\/chuvasserg.jpg\",\"datePublished\":\"2022-05-26T09:36:18+00:00\",\"dateModified\":\"2022-05-26T09:36:19+00:00\",\"breadcrumb\":{\"@id\":\"https:\\\/\\\/ocoerente.com.br\\\/se\\\/2022\\\/05\\\/26\\\/com-chuva-e-ventos-fortes-prefeitura-intensifica-monitoramento-pela-capital\\\/#breadcrumb\"},\"inLanguage\":\"pt-BR\",\"potentialAction\":[{\"@type\":\"ReadAction\",\"target\":[\"https:\\\/\\\/ocoerente.com.br\\\/se\\\/2022\\\/05\\\/26\\\/com-chuva-e-ventos-fortes-prefeitura-intensifica-monitoramento-pela-capital\\\/\"]}]},{\"@type\":\"ImageObject\",\"inLanguage\":\"pt-BR\",\"@id\":\"https:\\\/\\\/ocoerente.com.br\\\/se\\\/2022\\\/05\\\/26\\\/com-chuva-e-ventos-fortes-prefeitura-intensifica-monitoramento-pela-capital\\\/#primaryimage\",\"url\":\"https:\\\/\\\/ocoerente.com.br\\\/se\\\/wp-content\\\/uploads\\\/2022\\\/05\\\/chuvasserg.jpg\",\"contentUrl\":\"https:\\\/\\\/ocoerente.com.br\\\/se\\\/wp-content\\\/uploads\\\/2022\\\/05\\\/chuvasserg.jpg\",\"width\":1024,\"height\":576},{\"@type\":\"BreadcrumbList\",\"@id\":\"https:\\\/\\\/ocoerente.com.br\\\/se\\\/2022\\\/05\\\/26\\\/com-chuva-e-ventos-fortes-prefeitura-intensifica-monitoramento-pela-capital\\\/#breadcrumb\",\"itemListElement\":[{\"@type\":\"ListItem\",\"position\":1,\"name\":\"In\u00edcio\",\"item\":\"https:\\\/\\\/ocoerente.com.br\\\/se\\\/\"},{\"@type\":\"ListItem\",\"position\":2,\"name\":\"Com chuva e ventos fortes, Prefeitura intensifica monitoramento pela capital\"}]},{\"@type\":\"WebSite\",\"@id\":\"https:\\\/\\\/ocoerente.com.br\\\/se\\\/#website\",\"url\":\"https:\\\/\\\/ocoerente.com.br\\\/se\\\/\",\"name\":\"O Coerente\",\"description\":\"\",\"publisher\":{\"@id\":\"https:\\\/\\\/ocoerente.com.br\\\/se\\\/#\\\/schema\\\/person\\\/cc6bfd9fbca465e23543b0c963d8d037\"},\"potentialAction\":[{\"@type\":\"SearchAction\",\"target\":{\"@type\":\"EntryPoint\",\"urlTemplate\":\"https:\\\/\\\/ocoerente.com.br\\\/se\\\/?s={search_term_string}\"},\"query-input\":{\"@type\":\"PropertyValueSpecification\",\"valueRequired\":true,\"valueName\":\"search_term_string\"}}],\"inLanguage\":\"pt-BR\"},{\"@type\":[\"Person\",\"Organization\"],\"@id\":\"https:\\\/\\\/ocoerente.com.br\\\/se\\\/#\\\/schema\\\/person\\\/cc6bfd9fbca465e23543b0c963d8d037\",\"name\":\"Reda\u00e7\u00e3o\",\"image\":{\"@type\":\"ImageObject\",\"inLanguage\":\"pt-BR\",\"@id\":\"https:\\\/\\\/ocoerente.com.br\\\/se\\\/wp-content\\\/uploads\\\/2020\\\/01\\\/ocoerente-1.png\",\"url\":\"https:\\\/\\\/ocoerente.com.br\\\/se\\\/wp-content\\\/uploads\\\/2020\\\/01\\\/ocoerente-1.png\",\"contentUrl\":\"https:\\\/\\\/ocoerente.com.br\\\/se\\\/wp-content\\\/uploads\\\/2020\\\/01\\\/ocoerente-1.png\",\"width\":50,\"height\":50,\"caption\":\"Reda\u00e7\u00e3o\"},\"logo\":{\"@id\":\"https:\\\/\\\/ocoerente.com.br\\\/se\\\/wp-content\\\/uploads\\\/2020\\\/01\\\/ocoerente-1.png\"},\"url\":\"https:\\\/\\\/ocoerente.com.br\\\/se\\\/author\\\/vasticlsales\\\/\"}]}<\/script>\n<!-- \/ Yoast SEO plugin. -->","yoast_head_json":{"title":"Com chuva e ventos fortes, Prefeitura intensifica monitoramento pela capital - O Coerente","robots":{"index":"index","follow":"follow","max-snippet":"max-snippet:-1","max-image-preview":"max-image-preview:large","max-video-preview":"max-video-preview:-1"},"canonical":"https:\/\/ocoerente.com.br\/se\/2022\/05\/26\/com-chuva-e-ventos-fortes-prefeitura-intensifica-monitoramento-pela-capital\/","og_locale":"pt_BR","og_type":"article","og_title":"Com chuva e ventos fortes, Prefeitura intensifica monitoramento pela capital - O Coerente","og_description":"Na madrugada desta quarta-feira, 25, a capital sergipana registrou chuva em todas as regi\u00f5es da cidade, com um acumulado de 50 mil\u00edmetros, nas \u00faltimas 12h, confirmando as previs\u00f5es dos centros de meteorologia. A chuva veio acompanhada de fortes ventos, com velocidade acima de 40km\/h. Desde a madrugada de hoje, a Prefeitura de Aracaju intensificou o [&hellip;]","og_url":"https:\/\/ocoerente.com.br\/se\/2022\/05\/26\/com-chuva-e-ventos-fortes-prefeitura-intensifica-monitoramento-pela-capital\/","og_site_name":"O Coerente","article_published_time":"2022-05-26T09:36:18+00:00","article_modified_time":"2022-05-26T09:36:19+00:00","og_image":[{"width":1024,"height":576,"url":"https:\/\/ocoerente.com.br\/se\/wp-content\/uploads\/2022\/05\/chuvasserg.jpg","type":"image\/jpeg"}],"author":"Reda\u00e7\u00e3o","twitter_card":"summary_large_image","twitter_misc":{"Escrito por":"Reda\u00e7\u00e3o","Est. tempo de leitura":"3 minutos"},"schema":{"@context":"https:\/\/schema.org","@graph":[{"@type":"Article","@id":"https:\/\/ocoerente.com.br\/se\/2022\/05\/26\/com-chuva-e-ventos-fortes-prefeitura-intensifica-monitoramento-pela-capital\/#article","isPartOf":{"@id":"https:\/\/ocoerente.com.br\/se\/2022\/05\/26\/com-chuva-e-ventos-fortes-prefeitura-intensifica-monitoramento-pela-capital\/"},"author":{"name":"Reda\u00e7\u00e3o","@id":"https:\/\/ocoerente.com.br\/se\/#\/schema\/person\/cc6bfd9fbca465e23543b0c963d8d037"},"headline":"Com chuva e ventos fortes, Prefeitura intensifica monitoramento pela capital","datePublished":"2022-05-26T09:36:18+00:00","dateModified":"2022-05-26T09:36:19+00:00","mainEntityOfPage":{"@id":"https:\/\/ocoerente.com.br\/se\/2022\/05\/26\/com-chuva-e-ventos-fortes-prefeitura-intensifica-monitoramento-pela-capital\/"},"wordCount":539,"publisher":{"@id":"https:\/\/ocoerente.com.br\/se\/#\/schema\/person\/cc6bfd9fbca465e23543b0c963d8d037"},"image":{"@id":"https:\/\/ocoerente.com.br\/se\/2022\/05\/26\/com-chuva-e-ventos-fortes-prefeitura-intensifica-monitoramento-pela-capital\/#primaryimage"},"thumbnailUrl":"https:\/\/ocoerente.com.br\/se\/wp-content\/uploads\/2022\/05\/chuvasserg.jpg","articleSection":["Destaques","Sergipe"],"inLanguage":"pt-BR"},{"@type":"WebPage","@id":"https:\/\/ocoerente.com.br\/se\/2022\/05\/26\/com-chuva-e-ventos-fortes-prefeitura-intensifica-monitoramento-pela-capital\/","url":"https:\/\/ocoerente.com.br\/se\/2022\/05\/26\/com-chuva-e-ventos-fortes-prefeitura-intensifica-monitoramento-pela-capital\/","name":"Com chuva e ventos fortes, Prefeitura intensifica monitoramento pela capital - O Coerente","isPartOf":{"@id":"https:\/\/ocoerente.com.br\/se\/#website"},"primaryImageOfPage":{"@id":"https:\/\/ocoerente.com.br\/se\/2022\/05\/26\/com-chuva-e-ventos-fortes-prefeitura-intensifica-monitoramento-pela-capital\/#primaryimage"},"image":{"@id":"https:\/\/ocoerente.com.br\/se\/2022\/05\/26\/com-chuva-e-ventos-fortes-prefeitura-intensifica-monitoramento-pela-capital\/#primaryimage"},"thumbnailUrl":"https:\/\/ocoerente.com.br\/se\/wp-content\/uploads\/2022\/05\/chuvasserg.jpg","datePublished":"2022-05-26T09:36:18+00:00","dateModified":"2022-05-26T09:36:19+00:00","breadcrumb":{"@id":"https:\/\/ocoerente.com.br\/se\/2022\/05\/26\/com-chuva-e-ventos-fortes-prefeitura-intensifica-monitoramento-pela-capital\/#breadcrumb"},"inLanguage":"pt-BR","potentialAction":[{"@type":"ReadAction","target":["https:\/\/ocoerente.com.br\/se\/2022\/05\/26\/com-chuva-e-ventos-fortes-prefeitura-intensifica-monitoramento-pela-capital\/"]}]},{"@type":"ImageObject","inLanguage":"pt-BR","@id":"https:\/\/ocoerente.com.br\/se\/2022\/05\/26\/com-chuva-e-ventos-fortes-prefeitura-intensifica-monitoramento-pela-capital\/#primaryimage","url":"https:\/\/ocoerente.com.br\/se\/wp-content\/uploads\/2022\/05\/chuvasserg.jpg","contentUrl":"https:\/\/ocoerente.com.br\/se\/wp-content\/uploads\/2022\/05\/chuvasserg.jpg","width":1024,"height":576},{"@type":"BreadcrumbList","@id":"https:\/\/ocoerente.com.br\/se\/2022\/05\/26\/com-chuva-e-ventos-fortes-prefeitura-intensifica-monitoramento-pela-capital\/#breadcrumb","itemListElement":[{"@type":"ListItem","position":1,"name":"In\u00edcio","item":"https:\/\/ocoerente.com.br\/se\/"},{"@type":"ListItem","position":2,"name":"Com chuva e ventos fortes, Prefeitura intensifica monitoramento pela capital"}]},{"@type":"WebSite","@id":"https:\/\/ocoerente.com.br\/se\/#website","url":"https:\/\/ocoerente.com.br\/se\/","name":"O Coerente","description":"","publisher":{"@id":"https:\/\/ocoerente.com.br\/se\/#\/schema\/person\/cc6bfd9fbca465e23543b0c963d8d037"},"potentialAction":[{"@type":"SearchAction","target":{"@type":"EntryPoint","urlTemplate":"https:\/\/ocoerente.com.br\/se\/?s={search_term_string}"},"query-input":{"@type":"PropertyValueSpecification","valueRequired":true,"valueName":"search_term_string"}}],"inLanguage":"pt-BR"},{"@type":["Person","Organization"],"@id":"https:\/\/ocoerente.com.br\/se\/#\/schema\/person\/cc6bfd9fbca465e23543b0c963d8d037","name":"Reda\u00e7\u00e3o","image":{"@type":"ImageObject","inLanguage":"pt-BR","@id":"https:\/\/ocoerente.com.br\/se\/wp-content\/uploads\/2020\/01\/ocoerente-1.png","url":"https:\/\/ocoerente.com.br\/se\/wp-content\/uploads\/2020\/01\/ocoerente-1.png","contentUrl":"https:\/\/ocoerente.com.br\/se\/wp-content\/uploads\/2020\/01\/ocoerente-1.png","width":50,"height":50,"caption":"Reda\u00e7\u00e3o"},"logo":{"@id":"https:\/\/ocoerente.com.br\/se\/wp-content\/uploads\/2020\/01\/ocoerente-1.png"},"url":"https:\/\/ocoerente.com.br\/se\/author\/vasticlsales\/"}]}},"_links":{"self":[{"href":"https:\/\/ocoerente.com.br\/se\/wp-json\/wp\/v2\/posts\/6314","targetHints":{"allow":["GET"]}}],"collection":[{"href":"https:\/\/ocoerente.com.br\/se\/wp-json\/wp\/v2\/posts"}],"about":[{"href":"https:\/\/ocoerente.com.br\/se\/wp-json\/wp\/v2\/types\/post"}],"author":[{"embeddable":true,"href":"https:\/\/ocoerente.com.br\/se\/wp-json\/wp\/v2\/users\/1"}],"replies":[{"embeddable":true,"href":"https:\/\/ocoerente.com.br\/se\/wp-json\/wp\/v2\/comments?post=6314"}],"version-history":[{"count":1,"href":"https:\/\/ocoerente.com.br\/se\/wp-json\/wp\/v2\/posts\/6314\/revisions"}],"predecessor-version":[{"id":6316,"href":"https:\/\/ocoerente.com.br\/se\/wp-json\/wp\/v2\/posts\/6314\/revisions\/6316"}],"wp:featuredmedia":[{"embeddable":true,"href":"https:\/\/ocoerente.com.br\/se\/wp-json\/wp\/v2\/media\/6315"}],"wp:attachment":[{"href":"https:\/\/ocoerente.com.br\/se\/wp-json\/wp\/v2\/media?parent=6314"}],"wp:term":[{"taxonomy":"category","embeddable":true,"href":"https:\/\/ocoerente.com.br\/se\/wp-json\/wp\/v2\/categories?post=6314"},{"taxonomy":"post_tag","embeddable":true,"href":"https:\/\/ocoerente.com.br\/se\/wp-json\/wp\/v2\/tags?post=6314"}],"curies":[{"name":"wp","href":"https:\/\/api.w.org\/{rel}","templated":true}]}}