{"id":6311,"date":"2022-05-26T06:34:43","date_gmt":"2022-05-26T09:34:43","guid":{"rendered":"https:\/\/ocoerente.com.br\/se\/?p=6311"},"modified":"2022-05-26T06:34:44","modified_gmt":"2022-05-26T09:34:44","slug":"acao-da-smtt-orienta-condutores-sobre-cuidados-em-dias-de-chuva","status":"publish","type":"post","link":"https:\/\/ocoerente.com.br\/se\/2022\/05\/26\/acao-da-smtt-orienta-condutores-sobre-cuidados-em-dias-de-chuva\/","title":{"rendered":"A\u00e7\u00e3o da SMTT orienta condutores sobre cuidados em dias de chuva"},"content":{"rendered":"\n<p>Dando continuidade \u00e0s a\u00e7\u00f5es do Maio Amarelo, a Superintend\u00eancia Municipal de Transportes e Tr\u00e2nsito (SMTT) de Aracaju realizou, nesta quarta-feira, 25, mais uma atividade educativa na capital. Desta vez, o objetivo, al\u00e9m de refor\u00e7ar a import\u00e2ncia das boas pr\u00e1ticas no tr\u00e2nsito para a redu\u00e7\u00e3o de acidentes, foi a conscientiza\u00e7\u00e3o dos condutores sobre os cuidados que devem ser adotados nos dias de chuva.<\/p>\n\n\n\n<p>A a\u00e7\u00e3o aconteceu na avenida Ministro Geraldo Barreto Sobral, no bairro Jardins, local de grande circula\u00e7\u00e3o de ve\u00edculos, em especial de motociclistas, foco da campanha do Maio Amarelo deste ano. Na ocasi\u00e3o, agentes de tr\u00e2nsito e integrantes da Coordenadoria de Educa\u00e7\u00e3o para o Tr\u00e2nsito (CET) da SMTT levaram m\u00fasica e informa\u00e7\u00e3o aos condutores.<\/p>\n\n\n\n<p>De acordo com a integrante da CET, Helo\u00edsa Rezende, em dias de chuva os condutores devem redobrar a aten\u00e7\u00e3o no tr\u00e2nsito. &#8220;Orientamos que os condutores reduzam a velocidade e tenham mais aten\u00e7\u00e3o porque nos dias de chuva a pista fica molhada e isso reduz a ader\u00eancia dificultando a frenagem, o que aumenta o risco de acidentes. Para os motociclistas, al\u00e9m disso, recomendamos que utilizem tamb\u00e9m os equipamentos de seguran\u00e7a, a roupa adequada e sapato fechado&#8221;, aponta.<\/p>\n\n\n\n<p>O motociclista Reginaldo Santos entende que esse tipo de a\u00e7\u00e3o \u00e9 importante para alertar os condutores. &#8220;Eu acho \u00f3timo as a\u00e7\u00f5es porque nos ensina a evitar os acidentes. Ando de moto e nunca me acidentei porque zelo pela minha integridade, mas as pessoas precisam ser mais prudentes e ter mais educa\u00e7\u00e3o no tr\u00e2nsito&#8221;, afirma.\u00a0<br>Confira a programa\u00e7\u00e3o das a\u00e7\u00f5es do Maio Amarelo:<\/p>\n\n\n\n<p>26\/05 &#8211; Quinta-feira9h e 15h &#8211; A\u00e7\u00e3o Educativa para alunas da EMEI Dom Jos\u00e9 Brand\u00e3o Castro<br>10h &#8211; Palestra Educativa na Unimed para condutores do Programa Motorista Legal<\/p>\n\n\n\n<p>27\/05 &#8211; Sexta-feira6h30 &#8211; A\u00e7\u00e3o Educativa para motociclistas na Av. Beira Mar pr\u00f3ximo a avenida Francisco Porto9h &#8211; A\u00e7\u00e3o Educativa no Centro Administrativo da Secretaria de Estado da Sa\u00fade16h30 &#8211; Palestra na avenida Major Jo\u00e3o Teles<\/p>\n\n\n\n<p>30\/05 &#8211; Segunda-feira6h30 &#8211; Blitz Educativa para Ciclistas na avenida Etelvino Alves\u00a015h \u00e0s 18h &#8211; A\u00e7\u00e3o Educativa para pedestres na pra\u00e7a Vereador Valois no bairro Santos Dumont<\/p>\n\n\n\n<p>31\/05 &#8211; Ter\u00e7a-feira9h \/ 15h &#8211; A\u00e7\u00e3o Educativa para estudantes da EMEI Jovino Pinto14h &#8211; Palestra educativa para Condutores do Programa Motorista Legal na Unimed<\/p>\n","protected":false},"excerpt":{"rendered":"<p>Dando continuidade \u00e0s a\u00e7\u00f5es do Maio Amarelo, a Superintend\u00eancia Municipal de Transportes e Tr\u00e2nsito (SMTT) de Aracaju realizou, nesta quarta-feira, 25, mais uma atividade educativa na capital. Desta vez, o objetivo, al\u00e9m de refor\u00e7ar a import\u00e2ncia das boas pr\u00e1ticas no tr\u00e2nsito para a redu\u00e7\u00e3o de acidentes, foi a conscientiza\u00e7\u00e3o dos condutores sobre os cuidados que [&hellip;]<\/p>\n","protected":false},"author":1,"featured_media":6312,"comment_status":"closed","ping_status":"closed","sticky":false,"template":"","format":"standard","meta":{"footnotes":""},"categories":[53,43],"tags":[],"class_list":["post-6311","post","type-post","status-publish","format-standard","has-post-thumbnail","hentry","category-destaques","category-sergipe"],"yoast_head":"<!-- This site is optimized with the Yoast SEO plugin v27.4 - https:\/\/yoast.com\/product\/yoast-seo-wordpress\/ -->\n<title>A\u00e7\u00e3o da SMTT orienta condutores sobre cuidados em dias de chuva - O Coerente<\/title>\n<meta name=\"robots\" content=\"index, follow, max-snippet:-1, max-image-preview:large, max-video-preview:-1\" \/>\n<link rel=\"canonical\" href=\"https:\/\/ocoerente.com.br\/se\/2022\/05\/26\/acao-da-smtt-orienta-condutores-sobre-cuidados-em-dias-de-chuva\/\" \/>\n<meta property=\"og:locale\" content=\"pt_BR\" \/>\n<meta property=\"og:type\" content=\"article\" \/>\n<meta property=\"og:title\" content=\"A\u00e7\u00e3o da SMTT orienta condutores sobre cuidados em dias de chuva - O Coerente\" \/>\n<meta property=\"og:description\" content=\"Dando continuidade \u00e0s a\u00e7\u00f5es do Maio Amarelo, a Superintend\u00eancia Municipal de Transportes e Tr\u00e2nsito (SMTT) de Aracaju realizou, nesta quarta-feira, 25, mais uma atividade educativa na capital. Desta vez, o objetivo, al\u00e9m de refor\u00e7ar a import\u00e2ncia das boas pr\u00e1ticas no tr\u00e2nsito para a redu\u00e7\u00e3o de acidentes, foi a conscientiza\u00e7\u00e3o dos condutores sobre os cuidados que [&hellip;]\" \/>\n<meta property=\"og:url\" content=\"https:\/\/ocoerente.com.br\/se\/2022\/05\/26\/acao-da-smtt-orienta-condutores-sobre-cuidados-em-dias-de-chuva\/\" \/>\n<meta property=\"og:site_name\" content=\"O Coerente\" \/>\n<meta property=\"article:published_time\" content=\"2022-05-26T09:34:43+00:00\" \/>\n<meta property=\"article:modified_time\" content=\"2022-05-26T09:34:44+00:00\" \/>\n<meta property=\"og:image\" content=\"https:\/\/ocoerente.com.br\/se\/wp-content\/uploads\/2022\/05\/smttooooo.jpg\" \/>\n\t<meta property=\"og:image:width\" content=\"1024\" \/>\n\t<meta property=\"og:image:height\" content=\"768\" \/>\n\t<meta property=\"og:image:type\" content=\"image\/jpeg\" \/>\n<meta name=\"author\" content=\"Reda\u00e7\u00e3o\" \/>\n<meta name=\"twitter:card\" content=\"summary_large_image\" \/>\n<meta name=\"twitter:label1\" content=\"Escrito por\" \/>\n\t<meta name=\"twitter:data1\" content=\"Reda\u00e7\u00e3o\" \/>\n\t<meta name=\"twitter:label2\" content=\"Est. tempo de leitura\" \/>\n\t<meta name=\"twitter:data2\" content=\"2 minutos\" \/>\n<script type=\"application\/ld+json\" class=\"yoast-schema-graph\">{\"@context\":\"https:\\\/\\\/schema.org\",\"@graph\":[{\"@type\":\"Article\",\"@id\":\"https:\\\/\\\/ocoerente.com.br\\\/se\\\/2022\\\/05\\\/26\\\/acao-da-smtt-orienta-condutores-sobre-cuidados-em-dias-de-chuva\\\/#article\",\"isPartOf\":{\"@id\":\"https:\\\/\\\/ocoerente.com.br\\\/se\\\/2022\\\/05\\\/26\\\/acao-da-smtt-orienta-condutores-sobre-cuidados-em-dias-de-chuva\\\/\"},\"author\":{\"name\":\"Reda\u00e7\u00e3o\",\"@id\":\"https:\\\/\\\/ocoerente.com.br\\\/se\\\/#\\\/schema\\\/person\\\/cc6bfd9fbca465e23543b0c963d8d037\"},\"headline\":\"A\u00e7\u00e3o da SMTT orienta condutores sobre cuidados em dias de chuva\",\"datePublished\":\"2022-05-26T09:34:43+00:00\",\"dateModified\":\"2022-05-26T09:34:44+00:00\",\"mainEntityOfPage\":{\"@id\":\"https:\\\/\\\/ocoerente.com.br\\\/se\\\/2022\\\/05\\\/26\\\/acao-da-smtt-orienta-condutores-sobre-cuidados-em-dias-de-chuva\\\/\"},\"wordCount\":426,\"publisher\":{\"@id\":\"https:\\\/\\\/ocoerente.com.br\\\/se\\\/#\\\/schema\\\/person\\\/cc6bfd9fbca465e23543b0c963d8d037\"},\"image\":{\"@id\":\"https:\\\/\\\/ocoerente.com.br\\\/se\\\/2022\\\/05\\\/26\\\/acao-da-smtt-orienta-condutores-sobre-cuidados-em-dias-de-chuva\\\/#primaryimage\"},\"thumbnailUrl\":\"https:\\\/\\\/ocoerente.com.br\\\/se\\\/wp-content\\\/uploads\\\/2022\\\/05\\\/smttooooo.jpg\",\"articleSection\":[\"Destaques\",\"Sergipe\"],\"inLanguage\":\"pt-BR\"},{\"@type\":\"WebPage\",\"@id\":\"https:\\\/\\\/ocoerente.com.br\\\/se\\\/2022\\\/05\\\/26\\\/acao-da-smtt-orienta-condutores-sobre-cuidados-em-dias-de-chuva\\\/\",\"url\":\"https:\\\/\\\/ocoerente.com.br\\\/se\\\/2022\\\/05\\\/26\\\/acao-da-smtt-orienta-condutores-sobre-cuidados-em-dias-de-chuva\\\/\",\"name\":\"A\u00e7\u00e3o da SMTT orienta condutores sobre cuidados em dias de chuva - O Coerente\",\"isPartOf\":{\"@id\":\"https:\\\/\\\/ocoerente.com.br\\\/se\\\/#website\"},\"primaryImageOfPage\":{\"@id\":\"https:\\\/\\\/ocoerente.com.br\\\/se\\\/2022\\\/05\\\/26\\\/acao-da-smtt-orienta-condutores-sobre-cuidados-em-dias-de-chuva\\\/#primaryimage\"},\"image\":{\"@id\":\"https:\\\/\\\/ocoerente.com.br\\\/se\\\/2022\\\/05\\\/26\\\/acao-da-smtt-orienta-condutores-sobre-cuidados-em-dias-de-chuva\\\/#primaryimage\"},\"thumbnailUrl\":\"https:\\\/\\\/ocoerente.com.br\\\/se\\\/wp-content\\\/uploads\\\/2022\\\/05\\\/smttooooo.jpg\",\"datePublished\":\"2022-05-26T09:34:43+00:00\",\"dateModified\":\"2022-05-26T09:34:44+00:00\",\"breadcrumb\":{\"@id\":\"https:\\\/\\\/ocoerente.com.br\\\/se\\\/2022\\\/05\\\/26\\\/acao-da-smtt-orienta-condutores-sobre-cuidados-em-dias-de-chuva\\\/#breadcrumb\"},\"inLanguage\":\"pt-BR\",\"potentialAction\":[{\"@type\":\"ReadAction\",\"target\":[\"https:\\\/\\\/ocoerente.com.br\\\/se\\\/2022\\\/05\\\/26\\\/acao-da-smtt-orienta-condutores-sobre-cuidados-em-dias-de-chuva\\\/\"]}]},{\"@type\":\"ImageObject\",\"inLanguage\":\"pt-BR\",\"@id\":\"https:\\\/\\\/ocoerente.com.br\\\/se\\\/2022\\\/05\\\/26\\\/acao-da-smtt-orienta-condutores-sobre-cuidados-em-dias-de-chuva\\\/#primaryimage\",\"url\":\"https:\\\/\\\/ocoerente.com.br\\\/se\\\/wp-content\\\/uploads\\\/2022\\\/05\\\/smttooooo.jpg\",\"contentUrl\":\"https:\\\/\\\/ocoerente.com.br\\\/se\\\/wp-content\\\/uploads\\\/2022\\\/05\\\/smttooooo.jpg\",\"width\":1024,\"height\":768},{\"@type\":\"BreadcrumbList\",\"@id\":\"https:\\\/\\\/ocoerente.com.br\\\/se\\\/2022\\\/05\\\/26\\\/acao-da-smtt-orienta-condutores-sobre-cuidados-em-dias-de-chuva\\\/#breadcrumb\",\"itemListElement\":[{\"@type\":\"ListItem\",\"position\":1,\"name\":\"In\u00edcio\",\"item\":\"https:\\\/\\\/ocoerente.com.br\\\/se\\\/\"},{\"@type\":\"ListItem\",\"position\":2,\"name\":\"A\u00e7\u00e3o da SMTT orienta condutores sobre cuidados em dias de chuva\"}]},{\"@type\":\"WebSite\",\"@id\":\"https:\\\/\\\/ocoerente.com.br\\\/se\\\/#website\",\"url\":\"https:\\\/\\\/ocoerente.com.br\\\/se\\\/\",\"name\":\"O Coerente\",\"description\":\"\",\"publisher\":{\"@id\":\"https:\\\/\\\/ocoerente.com.br\\\/se\\\/#\\\/schema\\\/person\\\/cc6bfd9fbca465e23543b0c963d8d037\"},\"potentialAction\":[{\"@type\":\"SearchAction\",\"target\":{\"@type\":\"EntryPoint\",\"urlTemplate\":\"https:\\\/\\\/ocoerente.com.br\\\/se\\\/?s={search_term_string}\"},\"query-input\":{\"@type\":\"PropertyValueSpecification\",\"valueRequired\":true,\"valueName\":\"search_term_string\"}}],\"inLanguage\":\"pt-BR\"},{\"@type\":[\"Person\",\"Organization\"],\"@id\":\"https:\\\/\\\/ocoerente.com.br\\\/se\\\/#\\\/schema\\\/person\\\/cc6bfd9fbca465e23543b0c963d8d037\",\"name\":\"Reda\u00e7\u00e3o\",\"image\":{\"@type\":\"ImageObject\",\"inLanguage\":\"pt-BR\",\"@id\":\"https:\\\/\\\/ocoerente.com.br\\\/se\\\/wp-content\\\/uploads\\\/2020\\\/01\\\/ocoerente-1.png\",\"url\":\"https:\\\/\\\/ocoerente.com.br\\\/se\\\/wp-content\\\/uploads\\\/2020\\\/01\\\/ocoerente-1.png\",\"contentUrl\":\"https:\\\/\\\/ocoerente.com.br\\\/se\\\/wp-content\\\/uploads\\\/2020\\\/01\\\/ocoerente-1.png\",\"width\":50,\"height\":50,\"caption\":\"Reda\u00e7\u00e3o\"},\"logo\":{\"@id\":\"https:\\\/\\\/ocoerente.com.br\\\/se\\\/wp-content\\\/uploads\\\/2020\\\/01\\\/ocoerente-1.png\"},\"url\":\"https:\\\/\\\/ocoerente.com.br\\\/se\\\/author\\\/vasticlsales\\\/\"}]}<\/script>\n<!-- \/ Yoast SEO plugin. -->","yoast_head_json":{"title":"A\u00e7\u00e3o da SMTT orienta condutores sobre cuidados em dias de chuva - O Coerente","robots":{"index":"index","follow":"follow","max-snippet":"max-snippet:-1","max-image-preview":"max-image-preview:large","max-video-preview":"max-video-preview:-1"},"canonical":"https:\/\/ocoerente.com.br\/se\/2022\/05\/26\/acao-da-smtt-orienta-condutores-sobre-cuidados-em-dias-de-chuva\/","og_locale":"pt_BR","og_type":"article","og_title":"A\u00e7\u00e3o da SMTT orienta condutores sobre cuidados em dias de chuva - O Coerente","og_description":"Dando continuidade \u00e0s a\u00e7\u00f5es do Maio Amarelo, a Superintend\u00eancia Municipal de Transportes e Tr\u00e2nsito (SMTT) de Aracaju realizou, nesta quarta-feira, 25, mais uma atividade educativa na capital. Desta vez, o objetivo, al\u00e9m de refor\u00e7ar a import\u00e2ncia das boas pr\u00e1ticas no tr\u00e2nsito para a redu\u00e7\u00e3o de acidentes, foi a conscientiza\u00e7\u00e3o dos condutores sobre os cuidados que [&hellip;]","og_url":"https:\/\/ocoerente.com.br\/se\/2022\/05\/26\/acao-da-smtt-orienta-condutores-sobre-cuidados-em-dias-de-chuva\/","og_site_name":"O Coerente","article_published_time":"2022-05-26T09:34:43+00:00","article_modified_time":"2022-05-26T09:34:44+00:00","og_image":[{"width":1024,"height":768,"url":"https:\/\/ocoerente.com.br\/se\/wp-content\/uploads\/2022\/05\/smttooooo.jpg","type":"image\/jpeg"}],"author":"Reda\u00e7\u00e3o","twitter_card":"summary_large_image","twitter_misc":{"Escrito por":"Reda\u00e7\u00e3o","Est. tempo de leitura":"2 minutos"},"schema":{"@context":"https:\/\/schema.org","@graph":[{"@type":"Article","@id":"https:\/\/ocoerente.com.br\/se\/2022\/05\/26\/acao-da-smtt-orienta-condutores-sobre-cuidados-em-dias-de-chuva\/#article","isPartOf":{"@id":"https:\/\/ocoerente.com.br\/se\/2022\/05\/26\/acao-da-smtt-orienta-condutores-sobre-cuidados-em-dias-de-chuva\/"},"author":{"name":"Reda\u00e7\u00e3o","@id":"https:\/\/ocoerente.com.br\/se\/#\/schema\/person\/cc6bfd9fbca465e23543b0c963d8d037"},"headline":"A\u00e7\u00e3o da SMTT orienta condutores sobre cuidados em dias de chuva","datePublished":"2022-05-26T09:34:43+00:00","dateModified":"2022-05-26T09:34:44+00:00","mainEntityOfPage":{"@id":"https:\/\/ocoerente.com.br\/se\/2022\/05\/26\/acao-da-smtt-orienta-condutores-sobre-cuidados-em-dias-de-chuva\/"},"wordCount":426,"publisher":{"@id":"https:\/\/ocoerente.com.br\/se\/#\/schema\/person\/cc6bfd9fbca465e23543b0c963d8d037"},"image":{"@id":"https:\/\/ocoerente.com.br\/se\/2022\/05\/26\/acao-da-smtt-orienta-condutores-sobre-cuidados-em-dias-de-chuva\/#primaryimage"},"thumbnailUrl":"https:\/\/ocoerente.com.br\/se\/wp-content\/uploads\/2022\/05\/smttooooo.jpg","articleSection":["Destaques","Sergipe"],"inLanguage":"pt-BR"},{"@type":"WebPage","@id":"https:\/\/ocoerente.com.br\/se\/2022\/05\/26\/acao-da-smtt-orienta-condutores-sobre-cuidados-em-dias-de-chuva\/","url":"https:\/\/ocoerente.com.br\/se\/2022\/05\/26\/acao-da-smtt-orienta-condutores-sobre-cuidados-em-dias-de-chuva\/","name":"A\u00e7\u00e3o da SMTT orienta condutores sobre cuidados em dias de chuva - O Coerente","isPartOf":{"@id":"https:\/\/ocoerente.com.br\/se\/#website"},"primaryImageOfPage":{"@id":"https:\/\/ocoerente.com.br\/se\/2022\/05\/26\/acao-da-smtt-orienta-condutores-sobre-cuidados-em-dias-de-chuva\/#primaryimage"},"image":{"@id":"https:\/\/ocoerente.com.br\/se\/2022\/05\/26\/acao-da-smtt-orienta-condutores-sobre-cuidados-em-dias-de-chuva\/#primaryimage"},"thumbnailUrl":"https:\/\/ocoerente.com.br\/se\/wp-content\/uploads\/2022\/05\/smttooooo.jpg","datePublished":"2022-05-26T09:34:43+00:00","dateModified":"2022-05-26T09:34:44+00:00","breadcrumb":{"@id":"https:\/\/ocoerente.com.br\/se\/2022\/05\/26\/acao-da-smtt-orienta-condutores-sobre-cuidados-em-dias-de-chuva\/#breadcrumb"},"inLanguage":"pt-BR","potentialAction":[{"@type":"ReadAction","target":["https:\/\/ocoerente.com.br\/se\/2022\/05\/26\/acao-da-smtt-orienta-condutores-sobre-cuidados-em-dias-de-chuva\/"]}]},{"@type":"ImageObject","inLanguage":"pt-BR","@id":"https:\/\/ocoerente.com.br\/se\/2022\/05\/26\/acao-da-smtt-orienta-condutores-sobre-cuidados-em-dias-de-chuva\/#primaryimage","url":"https:\/\/ocoerente.com.br\/se\/wp-content\/uploads\/2022\/05\/smttooooo.jpg","contentUrl":"https:\/\/ocoerente.com.br\/se\/wp-content\/uploads\/2022\/05\/smttooooo.jpg","width":1024,"height":768},{"@type":"BreadcrumbList","@id":"https:\/\/ocoerente.com.br\/se\/2022\/05\/26\/acao-da-smtt-orienta-condutores-sobre-cuidados-em-dias-de-chuva\/#breadcrumb","itemListElement":[{"@type":"ListItem","position":1,"name":"In\u00edcio","item":"https:\/\/ocoerente.com.br\/se\/"},{"@type":"ListItem","position":2,"name":"A\u00e7\u00e3o da SMTT orienta condutores sobre cuidados em dias de chuva"}]},{"@type":"WebSite","@id":"https:\/\/ocoerente.com.br\/se\/#website","url":"https:\/\/ocoerente.com.br\/se\/","name":"O Coerente","description":"","publisher":{"@id":"https:\/\/ocoerente.com.br\/se\/#\/schema\/person\/cc6bfd9fbca465e23543b0c963d8d037"},"potentialAction":[{"@type":"SearchAction","target":{"@type":"EntryPoint","urlTemplate":"https:\/\/ocoerente.com.br\/se\/?s={search_term_string}"},"query-input":{"@type":"PropertyValueSpecification","valueRequired":true,"valueName":"search_term_string"}}],"inLanguage":"pt-BR"},{"@type":["Person","Organization"],"@id":"https:\/\/ocoerente.com.br\/se\/#\/schema\/person\/cc6bfd9fbca465e23543b0c963d8d037","name":"Reda\u00e7\u00e3o","image":{"@type":"ImageObject","inLanguage":"pt-BR","@id":"https:\/\/ocoerente.com.br\/se\/wp-content\/uploads\/2020\/01\/ocoerente-1.png","url":"https:\/\/ocoerente.com.br\/se\/wp-content\/uploads\/2020\/01\/ocoerente-1.png","contentUrl":"https:\/\/ocoerente.com.br\/se\/wp-content\/uploads\/2020\/01\/ocoerente-1.png","width":50,"height":50,"caption":"Reda\u00e7\u00e3o"},"logo":{"@id":"https:\/\/ocoerente.com.br\/se\/wp-content\/uploads\/2020\/01\/ocoerente-1.png"},"url":"https:\/\/ocoerente.com.br\/se\/author\/vasticlsales\/"}]}},"_links":{"self":[{"href":"https:\/\/ocoerente.com.br\/se\/wp-json\/wp\/v2\/posts\/6311","targetHints":{"allow":["GET"]}}],"collection":[{"href":"https:\/\/ocoerente.com.br\/se\/wp-json\/wp\/v2\/posts"}],"about":[{"href":"https:\/\/ocoerente.com.br\/se\/wp-json\/wp\/v2\/types\/post"}],"author":[{"embeddable":true,"href":"https:\/\/ocoerente.com.br\/se\/wp-json\/wp\/v2\/users\/1"}],"replies":[{"embeddable":true,"href":"https:\/\/ocoerente.com.br\/se\/wp-json\/wp\/v2\/comments?post=6311"}],"version-history":[{"count":1,"href":"https:\/\/ocoerente.com.br\/se\/wp-json\/wp\/v2\/posts\/6311\/revisions"}],"predecessor-version":[{"id":6313,"href":"https:\/\/ocoerente.com.br\/se\/wp-json\/wp\/v2\/posts\/6311\/revisions\/6313"}],"wp:featuredmedia":[{"embeddable":true,"href":"https:\/\/ocoerente.com.br\/se\/wp-json\/wp\/v2\/media\/6312"}],"wp:attachment":[{"href":"https:\/\/ocoerente.com.br\/se\/wp-json\/wp\/v2\/media?parent=6311"}],"wp:term":[{"taxonomy":"category","embeddable":true,"href":"https:\/\/ocoerente.com.br\/se\/wp-json\/wp\/v2\/categories?post=6311"},{"taxonomy":"post_tag","embeddable":true,"href":"https:\/\/ocoerente.com.br\/se\/wp-json\/wp\/v2\/tags?post=6311"}],"curies":[{"name":"wp","href":"https:\/\/api.w.org\/{rel}","templated":true}]}}