{"id":6308,"date":"2022-05-26T06:33:01","date_gmt":"2022-05-26T09:33:01","guid":{"rendered":"https:\/\/ocoerente.com.br\/se\/?p=6308"},"modified":"2022-05-26T06:33:02","modified_gmt":"2022-05-26T09:33:02","slug":"comprovante-de-rendimentos-para-declaracao-de-ir-pode-ser-emitido-ate-dia-31","status":"publish","type":"post","link":"https:\/\/ocoerente.com.br\/se\/2022\/05\/26\/comprovante-de-rendimentos-para-declaracao-de-ir-pode-ser-emitido-ate-dia-31\/","title":{"rendered":"Comprovante de rendimentos para declara\u00e7\u00e3o de IR pode ser emitido at\u00e9 dia 31"},"content":{"rendered":"\n<p>Segue dispon\u00edvel at\u00e9 o dia 31 o demonstrativo com as informa\u00e7\u00f5es sobre os rendimentos pagos e de reten\u00e7\u00e3o de Imposto de Renda, referente ao exerc\u00edcio 2021, para fins de declara\u00e7\u00e3o junto \u00e0 Receita Federal. Servidores municipais e aposentados podem retir\u00e1-lo a partir da plataforma digital&nbsp;<a href=\"http:\/\/ajuinteligente.aracaju.se.gov.br\/#\/login\"><strong>AjuInteligente<\/strong><\/a>.<\/p>\n\n\n\n<p>De acordo com o secret\u00e1rio municipal do Planejamento, Or\u00e7amento e Gest\u00e3o (Seplog), Augusto F\u00e1bio Oliveira, a medida visa proporcionar maior conforto, praticidade e agilidade aos cidad\u00e3os, na obten\u00e7\u00e3o do documento. &#8220;Al\u00e9m de acesso f\u00e1cil e r\u00e1pido, o cidad\u00e3o n\u00e3o precisa sair do conforto da sua casa e se deslocar at\u00e9 o Centro Administrativo da Prefeitura para retirar o demonstrativo, bastando apenas utilizar o AjuInteligente para isso&#8221;, destaca.<\/p>\n\n\n\n<p>Para baixar o demonstrativo para fins de declara\u00e7\u00e3o do Imposto de Renda, basta seguir os seguintes passos: acessar o endere\u00e7o eletr\u00f4nico&nbsp;<a href=\"http:\/\/ajuinteligente.aracaju.se.gov.br\/\">ajuinteligente.aracaju.se.gov.br<\/a>; clicar em Declara\u00e7\u00e3o de Rendimentos &#8211; IRRF, no banner localizado no centro da p\u00e1gina inicial; digitar o n\u00famero da matr\u00edcula e a senha, para fazer login; selecionar a op\u00e7\u00e3o IRRF, no lado esquerdo da tela; selecionar o ano base 2021; e, por fim, clicar em \u2018Visualizar&#8217;, para gerar e baixar o documento.<\/p>\n\n\n\n<p>No primeiro acesso ao AjuInteligente, ao clicar em \u2018recadastrar senha&#8217;, \u00e9 poss\u00edvel criar a senha. J\u00e1 no caso de perda e\/ou esquecimento da senha de acesso a recupera\u00e7\u00e3o pode ser feita na op\u00e7\u00e3o &#8216;esqueci minha senha&#8217;, dispon\u00edvel na p\u00e1gina de login. Se, mesmo assim, o servidor n\u00e3o conseguir o acesso, pode entrar em contato com a Central de Atendimento pelos telefones (79) 4009-7851\/7852\/7960.\u00a0<\/p>\n\n\n\n<p>AAN<\/p>\n","protected":false},"excerpt":{"rendered":"<p>Segue dispon\u00edvel at\u00e9 o dia 31 o demonstrativo com as informa\u00e7\u00f5es sobre os rendimentos pagos e de reten\u00e7\u00e3o de Imposto de Renda, referente ao exerc\u00edcio 2021, para fins de declara\u00e7\u00e3o junto \u00e0 Receita Federal. Servidores municipais e aposentados podem retir\u00e1-lo a partir da plataforma digital&nbsp;AjuInteligente. De acordo com o secret\u00e1rio municipal do Planejamento, Or\u00e7amento e [&hellip;]<\/p>\n","protected":false},"author":1,"featured_media":6309,"comment_status":"closed","ping_status":"closed","sticky":false,"template":"","format":"standard","meta":{"footnotes":""},"categories":[53,55],"tags":[],"class_list":["post-6308","post","type-post","status-publish","format-standard","has-post-thumbnail","hentry","category-destaques","category-economia"],"yoast_head":"<!-- This site is optimized with the Yoast SEO plugin v27.4 - https:\/\/yoast.com\/product\/yoast-seo-wordpress\/ -->\n<title>Comprovante de rendimentos para declara\u00e7\u00e3o de IR pode ser emitido at\u00e9 dia 31 - O Coerente<\/title>\n<meta name=\"robots\" content=\"index, follow, max-snippet:-1, max-image-preview:large, max-video-preview:-1\" \/>\n<link rel=\"canonical\" href=\"https:\/\/ocoerente.com.br\/se\/2022\/05\/26\/comprovante-de-rendimentos-para-declaracao-de-ir-pode-ser-emitido-ate-dia-31\/\" \/>\n<meta property=\"og:locale\" content=\"pt_BR\" \/>\n<meta property=\"og:type\" content=\"article\" \/>\n<meta property=\"og:title\" content=\"Comprovante de rendimentos para declara\u00e7\u00e3o de IR pode ser emitido at\u00e9 dia 31 - O Coerente\" \/>\n<meta property=\"og:description\" content=\"Segue dispon\u00edvel at\u00e9 o dia 31 o demonstrativo com as informa\u00e7\u00f5es sobre os rendimentos pagos e de reten\u00e7\u00e3o de Imposto de Renda, referente ao exerc\u00edcio 2021, para fins de declara\u00e7\u00e3o junto \u00e0 Receita Federal. Servidores municipais e aposentados podem retir\u00e1-lo a partir da plataforma digital&nbsp;AjuInteligente. De acordo com o secret\u00e1rio municipal do Planejamento, Or\u00e7amento e [&hellip;]\" \/>\n<meta property=\"og:url\" content=\"https:\/\/ocoerente.com.br\/se\/2022\/05\/26\/comprovante-de-rendimentos-para-declaracao-de-ir-pode-ser-emitido-ate-dia-31\/\" \/>\n<meta property=\"og:site_name\" content=\"O Coerente\" \/>\n<meta property=\"article:published_time\" content=\"2022-05-26T09:33:01+00:00\" \/>\n<meta property=\"article:modified_time\" content=\"2022-05-26T09:33:02+00:00\" \/>\n<meta property=\"og:image\" content=\"https:\/\/ocoerente.com.br\/se\/wp-content\/uploads\/2022\/05\/comprovanteIR.jpg\" \/>\n\t<meta property=\"og:image:width\" content=\"1024\" \/>\n\t<meta property=\"og:image:height\" content=\"1024\" \/>\n\t<meta property=\"og:image:type\" content=\"image\/jpeg\" \/>\n<meta name=\"author\" content=\"Reda\u00e7\u00e3o\" \/>\n<meta name=\"twitter:card\" content=\"summary_large_image\" \/>\n<meta name=\"twitter:label1\" content=\"Escrito por\" \/>\n\t<meta name=\"twitter:data1\" content=\"Reda\u00e7\u00e3o\" \/>\n\t<meta name=\"twitter:label2\" content=\"Est. tempo de leitura\" \/>\n\t<meta name=\"twitter:data2\" content=\"2 minutos\" \/>\n<script type=\"application\/ld+json\" class=\"yoast-schema-graph\">{\"@context\":\"https:\\\/\\\/schema.org\",\"@graph\":[{\"@type\":\"Article\",\"@id\":\"https:\\\/\\\/ocoerente.com.br\\\/se\\\/2022\\\/05\\\/26\\\/comprovante-de-rendimentos-para-declaracao-de-ir-pode-ser-emitido-ate-dia-31\\\/#article\",\"isPartOf\":{\"@id\":\"https:\\\/\\\/ocoerente.com.br\\\/se\\\/2022\\\/05\\\/26\\\/comprovante-de-rendimentos-para-declaracao-de-ir-pode-ser-emitido-ate-dia-31\\\/\"},\"author\":{\"name\":\"Reda\u00e7\u00e3o\",\"@id\":\"https:\\\/\\\/ocoerente.com.br\\\/se\\\/#\\\/schema\\\/person\\\/cc6bfd9fbca465e23543b0c963d8d037\"},\"headline\":\"Comprovante de rendimentos para declara\u00e7\u00e3o de IR pode ser emitido at\u00e9 dia 31\",\"datePublished\":\"2022-05-26T09:33:01+00:00\",\"dateModified\":\"2022-05-26T09:33:02+00:00\",\"mainEntityOfPage\":{\"@id\":\"https:\\\/\\\/ocoerente.com.br\\\/se\\\/2022\\\/05\\\/26\\\/comprovante-de-rendimentos-para-declaracao-de-ir-pode-ser-emitido-ate-dia-31\\\/\"},\"wordCount\":296,\"publisher\":{\"@id\":\"https:\\\/\\\/ocoerente.com.br\\\/se\\\/#\\\/schema\\\/person\\\/cc6bfd9fbca465e23543b0c963d8d037\"},\"image\":{\"@id\":\"https:\\\/\\\/ocoerente.com.br\\\/se\\\/2022\\\/05\\\/26\\\/comprovante-de-rendimentos-para-declaracao-de-ir-pode-ser-emitido-ate-dia-31\\\/#primaryimage\"},\"thumbnailUrl\":\"https:\\\/\\\/ocoerente.com.br\\\/se\\\/wp-content\\\/uploads\\\/2022\\\/05\\\/comprovanteIR.jpg\",\"articleSection\":[\"Destaques\",\"Economia\"],\"inLanguage\":\"pt-BR\"},{\"@type\":\"WebPage\",\"@id\":\"https:\\\/\\\/ocoerente.com.br\\\/se\\\/2022\\\/05\\\/26\\\/comprovante-de-rendimentos-para-declaracao-de-ir-pode-ser-emitido-ate-dia-31\\\/\",\"url\":\"https:\\\/\\\/ocoerente.com.br\\\/se\\\/2022\\\/05\\\/26\\\/comprovante-de-rendimentos-para-declaracao-de-ir-pode-ser-emitido-ate-dia-31\\\/\",\"name\":\"Comprovante de rendimentos para declara\u00e7\u00e3o de IR pode ser emitido at\u00e9 dia 31 - O Coerente\",\"isPartOf\":{\"@id\":\"https:\\\/\\\/ocoerente.com.br\\\/se\\\/#website\"},\"primaryImageOfPage\":{\"@id\":\"https:\\\/\\\/ocoerente.com.br\\\/se\\\/2022\\\/05\\\/26\\\/comprovante-de-rendimentos-para-declaracao-de-ir-pode-ser-emitido-ate-dia-31\\\/#primaryimage\"},\"image\":{\"@id\":\"https:\\\/\\\/ocoerente.com.br\\\/se\\\/2022\\\/05\\\/26\\\/comprovante-de-rendimentos-para-declaracao-de-ir-pode-ser-emitido-ate-dia-31\\\/#primaryimage\"},\"thumbnailUrl\":\"https:\\\/\\\/ocoerente.com.br\\\/se\\\/wp-content\\\/uploads\\\/2022\\\/05\\\/comprovanteIR.jpg\",\"datePublished\":\"2022-05-26T09:33:01+00:00\",\"dateModified\":\"2022-05-26T09:33:02+00:00\",\"breadcrumb\":{\"@id\":\"https:\\\/\\\/ocoerente.com.br\\\/se\\\/2022\\\/05\\\/26\\\/comprovante-de-rendimentos-para-declaracao-de-ir-pode-ser-emitido-ate-dia-31\\\/#breadcrumb\"},\"inLanguage\":\"pt-BR\",\"potentialAction\":[{\"@type\":\"ReadAction\",\"target\":[\"https:\\\/\\\/ocoerente.com.br\\\/se\\\/2022\\\/05\\\/26\\\/comprovante-de-rendimentos-para-declaracao-de-ir-pode-ser-emitido-ate-dia-31\\\/\"]}]},{\"@type\":\"ImageObject\",\"inLanguage\":\"pt-BR\",\"@id\":\"https:\\\/\\\/ocoerente.com.br\\\/se\\\/2022\\\/05\\\/26\\\/comprovante-de-rendimentos-para-declaracao-de-ir-pode-ser-emitido-ate-dia-31\\\/#primaryimage\",\"url\":\"https:\\\/\\\/ocoerente.com.br\\\/se\\\/wp-content\\\/uploads\\\/2022\\\/05\\\/comprovanteIR.jpg\",\"contentUrl\":\"https:\\\/\\\/ocoerente.com.br\\\/se\\\/wp-content\\\/uploads\\\/2022\\\/05\\\/comprovanteIR.jpg\",\"width\":1024,\"height\":1024},{\"@type\":\"BreadcrumbList\",\"@id\":\"https:\\\/\\\/ocoerente.com.br\\\/se\\\/2022\\\/05\\\/26\\\/comprovante-de-rendimentos-para-declaracao-de-ir-pode-ser-emitido-ate-dia-31\\\/#breadcrumb\",\"itemListElement\":[{\"@type\":\"ListItem\",\"position\":1,\"name\":\"In\u00edcio\",\"item\":\"https:\\\/\\\/ocoerente.com.br\\\/se\\\/\"},{\"@type\":\"ListItem\",\"position\":2,\"name\":\"Comprovante de rendimentos para declara\u00e7\u00e3o de IR pode ser emitido at\u00e9 dia 31\"}]},{\"@type\":\"WebSite\",\"@id\":\"https:\\\/\\\/ocoerente.com.br\\\/se\\\/#website\",\"url\":\"https:\\\/\\\/ocoerente.com.br\\\/se\\\/\",\"name\":\"O Coerente\",\"description\":\"\",\"publisher\":{\"@id\":\"https:\\\/\\\/ocoerente.com.br\\\/se\\\/#\\\/schema\\\/person\\\/cc6bfd9fbca465e23543b0c963d8d037\"},\"potentialAction\":[{\"@type\":\"SearchAction\",\"target\":{\"@type\":\"EntryPoint\",\"urlTemplate\":\"https:\\\/\\\/ocoerente.com.br\\\/se\\\/?s={search_term_string}\"},\"query-input\":{\"@type\":\"PropertyValueSpecification\",\"valueRequired\":true,\"valueName\":\"search_term_string\"}}],\"inLanguage\":\"pt-BR\"},{\"@type\":[\"Person\",\"Organization\"],\"@id\":\"https:\\\/\\\/ocoerente.com.br\\\/se\\\/#\\\/schema\\\/person\\\/cc6bfd9fbca465e23543b0c963d8d037\",\"name\":\"Reda\u00e7\u00e3o\",\"image\":{\"@type\":\"ImageObject\",\"inLanguage\":\"pt-BR\",\"@id\":\"https:\\\/\\\/ocoerente.com.br\\\/se\\\/wp-content\\\/uploads\\\/2020\\\/01\\\/ocoerente-1.png\",\"url\":\"https:\\\/\\\/ocoerente.com.br\\\/se\\\/wp-content\\\/uploads\\\/2020\\\/01\\\/ocoerente-1.png\",\"contentUrl\":\"https:\\\/\\\/ocoerente.com.br\\\/se\\\/wp-content\\\/uploads\\\/2020\\\/01\\\/ocoerente-1.png\",\"width\":50,\"height\":50,\"caption\":\"Reda\u00e7\u00e3o\"},\"logo\":{\"@id\":\"https:\\\/\\\/ocoerente.com.br\\\/se\\\/wp-content\\\/uploads\\\/2020\\\/01\\\/ocoerente-1.png\"},\"url\":\"https:\\\/\\\/ocoerente.com.br\\\/se\\\/author\\\/vasticlsales\\\/\"}]}<\/script>\n<!-- \/ Yoast SEO plugin. -->","yoast_head_json":{"title":"Comprovante de rendimentos para declara\u00e7\u00e3o de IR pode ser emitido at\u00e9 dia 31 - O Coerente","robots":{"index":"index","follow":"follow","max-snippet":"max-snippet:-1","max-image-preview":"max-image-preview:large","max-video-preview":"max-video-preview:-1"},"canonical":"https:\/\/ocoerente.com.br\/se\/2022\/05\/26\/comprovante-de-rendimentos-para-declaracao-de-ir-pode-ser-emitido-ate-dia-31\/","og_locale":"pt_BR","og_type":"article","og_title":"Comprovante de rendimentos para declara\u00e7\u00e3o de IR pode ser emitido at\u00e9 dia 31 - O Coerente","og_description":"Segue dispon\u00edvel at\u00e9 o dia 31 o demonstrativo com as informa\u00e7\u00f5es sobre os rendimentos pagos e de reten\u00e7\u00e3o de Imposto de Renda, referente ao exerc\u00edcio 2021, para fins de declara\u00e7\u00e3o junto \u00e0 Receita Federal. Servidores municipais e aposentados podem retir\u00e1-lo a partir da plataforma digital&nbsp;AjuInteligente. De acordo com o secret\u00e1rio municipal do Planejamento, Or\u00e7amento e [&hellip;]","og_url":"https:\/\/ocoerente.com.br\/se\/2022\/05\/26\/comprovante-de-rendimentos-para-declaracao-de-ir-pode-ser-emitido-ate-dia-31\/","og_site_name":"O Coerente","article_published_time":"2022-05-26T09:33:01+00:00","article_modified_time":"2022-05-26T09:33:02+00:00","og_image":[{"width":1024,"height":1024,"url":"https:\/\/ocoerente.com.br\/se\/wp-content\/uploads\/2022\/05\/comprovanteIR.jpg","type":"image\/jpeg"}],"author":"Reda\u00e7\u00e3o","twitter_card":"summary_large_image","twitter_misc":{"Escrito por":"Reda\u00e7\u00e3o","Est. tempo de leitura":"2 minutos"},"schema":{"@context":"https:\/\/schema.org","@graph":[{"@type":"Article","@id":"https:\/\/ocoerente.com.br\/se\/2022\/05\/26\/comprovante-de-rendimentos-para-declaracao-de-ir-pode-ser-emitido-ate-dia-31\/#article","isPartOf":{"@id":"https:\/\/ocoerente.com.br\/se\/2022\/05\/26\/comprovante-de-rendimentos-para-declaracao-de-ir-pode-ser-emitido-ate-dia-31\/"},"author":{"name":"Reda\u00e7\u00e3o","@id":"https:\/\/ocoerente.com.br\/se\/#\/schema\/person\/cc6bfd9fbca465e23543b0c963d8d037"},"headline":"Comprovante de rendimentos para declara\u00e7\u00e3o de IR pode ser emitido at\u00e9 dia 31","datePublished":"2022-05-26T09:33:01+00:00","dateModified":"2022-05-26T09:33:02+00:00","mainEntityOfPage":{"@id":"https:\/\/ocoerente.com.br\/se\/2022\/05\/26\/comprovante-de-rendimentos-para-declaracao-de-ir-pode-ser-emitido-ate-dia-31\/"},"wordCount":296,"publisher":{"@id":"https:\/\/ocoerente.com.br\/se\/#\/schema\/person\/cc6bfd9fbca465e23543b0c963d8d037"},"image":{"@id":"https:\/\/ocoerente.com.br\/se\/2022\/05\/26\/comprovante-de-rendimentos-para-declaracao-de-ir-pode-ser-emitido-ate-dia-31\/#primaryimage"},"thumbnailUrl":"https:\/\/ocoerente.com.br\/se\/wp-content\/uploads\/2022\/05\/comprovanteIR.jpg","articleSection":["Destaques","Economia"],"inLanguage":"pt-BR"},{"@type":"WebPage","@id":"https:\/\/ocoerente.com.br\/se\/2022\/05\/26\/comprovante-de-rendimentos-para-declaracao-de-ir-pode-ser-emitido-ate-dia-31\/","url":"https:\/\/ocoerente.com.br\/se\/2022\/05\/26\/comprovante-de-rendimentos-para-declaracao-de-ir-pode-ser-emitido-ate-dia-31\/","name":"Comprovante de rendimentos para declara\u00e7\u00e3o de IR pode ser emitido at\u00e9 dia 31 - O Coerente","isPartOf":{"@id":"https:\/\/ocoerente.com.br\/se\/#website"},"primaryImageOfPage":{"@id":"https:\/\/ocoerente.com.br\/se\/2022\/05\/26\/comprovante-de-rendimentos-para-declaracao-de-ir-pode-ser-emitido-ate-dia-31\/#primaryimage"},"image":{"@id":"https:\/\/ocoerente.com.br\/se\/2022\/05\/26\/comprovante-de-rendimentos-para-declaracao-de-ir-pode-ser-emitido-ate-dia-31\/#primaryimage"},"thumbnailUrl":"https:\/\/ocoerente.com.br\/se\/wp-content\/uploads\/2022\/05\/comprovanteIR.jpg","datePublished":"2022-05-26T09:33:01+00:00","dateModified":"2022-05-26T09:33:02+00:00","breadcrumb":{"@id":"https:\/\/ocoerente.com.br\/se\/2022\/05\/26\/comprovante-de-rendimentos-para-declaracao-de-ir-pode-ser-emitido-ate-dia-31\/#breadcrumb"},"inLanguage":"pt-BR","potentialAction":[{"@type":"ReadAction","target":["https:\/\/ocoerente.com.br\/se\/2022\/05\/26\/comprovante-de-rendimentos-para-declaracao-de-ir-pode-ser-emitido-ate-dia-31\/"]}]},{"@type":"ImageObject","inLanguage":"pt-BR","@id":"https:\/\/ocoerente.com.br\/se\/2022\/05\/26\/comprovante-de-rendimentos-para-declaracao-de-ir-pode-ser-emitido-ate-dia-31\/#primaryimage","url":"https:\/\/ocoerente.com.br\/se\/wp-content\/uploads\/2022\/05\/comprovanteIR.jpg","contentUrl":"https:\/\/ocoerente.com.br\/se\/wp-content\/uploads\/2022\/05\/comprovanteIR.jpg","width":1024,"height":1024},{"@type":"BreadcrumbList","@id":"https:\/\/ocoerente.com.br\/se\/2022\/05\/26\/comprovante-de-rendimentos-para-declaracao-de-ir-pode-ser-emitido-ate-dia-31\/#breadcrumb","itemListElement":[{"@type":"ListItem","position":1,"name":"In\u00edcio","item":"https:\/\/ocoerente.com.br\/se\/"},{"@type":"ListItem","position":2,"name":"Comprovante de rendimentos para declara\u00e7\u00e3o de IR pode ser emitido at\u00e9 dia 31"}]},{"@type":"WebSite","@id":"https:\/\/ocoerente.com.br\/se\/#website","url":"https:\/\/ocoerente.com.br\/se\/","name":"O Coerente","description":"","publisher":{"@id":"https:\/\/ocoerente.com.br\/se\/#\/schema\/person\/cc6bfd9fbca465e23543b0c963d8d037"},"potentialAction":[{"@type":"SearchAction","target":{"@type":"EntryPoint","urlTemplate":"https:\/\/ocoerente.com.br\/se\/?s={search_term_string}"},"query-input":{"@type":"PropertyValueSpecification","valueRequired":true,"valueName":"search_term_string"}}],"inLanguage":"pt-BR"},{"@type":["Person","Organization"],"@id":"https:\/\/ocoerente.com.br\/se\/#\/schema\/person\/cc6bfd9fbca465e23543b0c963d8d037","name":"Reda\u00e7\u00e3o","image":{"@type":"ImageObject","inLanguage":"pt-BR","@id":"https:\/\/ocoerente.com.br\/se\/wp-content\/uploads\/2020\/01\/ocoerente-1.png","url":"https:\/\/ocoerente.com.br\/se\/wp-content\/uploads\/2020\/01\/ocoerente-1.png","contentUrl":"https:\/\/ocoerente.com.br\/se\/wp-content\/uploads\/2020\/01\/ocoerente-1.png","width":50,"height":50,"caption":"Reda\u00e7\u00e3o"},"logo":{"@id":"https:\/\/ocoerente.com.br\/se\/wp-content\/uploads\/2020\/01\/ocoerente-1.png"},"url":"https:\/\/ocoerente.com.br\/se\/author\/vasticlsales\/"}]}},"_links":{"self":[{"href":"https:\/\/ocoerente.com.br\/se\/wp-json\/wp\/v2\/posts\/6308","targetHints":{"allow":["GET"]}}],"collection":[{"href":"https:\/\/ocoerente.com.br\/se\/wp-json\/wp\/v2\/posts"}],"about":[{"href":"https:\/\/ocoerente.com.br\/se\/wp-json\/wp\/v2\/types\/post"}],"author":[{"embeddable":true,"href":"https:\/\/ocoerente.com.br\/se\/wp-json\/wp\/v2\/users\/1"}],"replies":[{"embeddable":true,"href":"https:\/\/ocoerente.com.br\/se\/wp-json\/wp\/v2\/comments?post=6308"}],"version-history":[{"count":1,"href":"https:\/\/ocoerente.com.br\/se\/wp-json\/wp\/v2\/posts\/6308\/revisions"}],"predecessor-version":[{"id":6310,"href":"https:\/\/ocoerente.com.br\/se\/wp-json\/wp\/v2\/posts\/6308\/revisions\/6310"}],"wp:featuredmedia":[{"embeddable":true,"href":"https:\/\/ocoerente.com.br\/se\/wp-json\/wp\/v2\/media\/6309"}],"wp:attachment":[{"href":"https:\/\/ocoerente.com.br\/se\/wp-json\/wp\/v2\/media?parent=6308"}],"wp:term":[{"taxonomy":"category","embeddable":true,"href":"https:\/\/ocoerente.com.br\/se\/wp-json\/wp\/v2\/categories?post=6308"},{"taxonomy":"post_tag","embeddable":true,"href":"https:\/\/ocoerente.com.br\/se\/wp-json\/wp\/v2\/tags?post=6308"}],"curies":[{"name":"wp","href":"https:\/\/api.w.org\/{rel}","templated":true}]}}