{"id":6300,"date":"2022-05-24T22:00:42","date_gmt":"2022-05-25T01:00:42","guid":{"rendered":"https:\/\/ocoerente.com.br\/se\/?p=6300"},"modified":"2022-05-24T22:00:43","modified_gmt":"2022-05-25T01:00:43","slug":"prefeito-edvaldo-entra-de-ferias-por-14-dias-vice-presidente-da-camara-assume-a-gestao-da-cidade","status":"publish","type":"post","link":"https:\/\/ocoerente.com.br\/se\/2022\/05\/24\/prefeito-edvaldo-entra-de-ferias-por-14-dias-vice-presidente-da-camara-assume-a-gestao-da-cidade\/","title":{"rendered":"Prefeito Edvaldo entra de f\u00e9rias por 14 dias. Vice-presidente da C\u00e2mara assume a gest\u00e3o da cidade"},"content":{"rendered":"\n<p>O prefeito Edvaldo Nogueira transmitiu o cargo, nesta ter\u00e7a-feira, 24, em ato realizado em seu gabinete, ao vice-presidente da C\u00e2mara Municipal de Aracaju, vereador Vinicius Porto. O chefe do Executivo Municipal entrar\u00e1 de f\u00e9rias e se ausentar\u00e1 da cidade pelo per\u00edodo de 14 dias. Vinicius Porto assume a gest\u00e3o do munic\u00edpio, uma vez que a vice-prefeita Katarina Feitoza e o presidente do parlamento, vereador Nitinho Vitale, que seriam os substitutos imediatos do prefeito, tamb\u00e9m n\u00e3o estar\u00e3o na capital sergipana no mesmo per\u00edodo.<\/p>\n\n\n\n<p>&#8220;Fico muito feliz de transmitir o cargo ao vice-presidente da C\u00e2mara, vereador Vinicius Porto, por uma coincid\u00eancia de fatores. Me ausentarei por esses dias, para recarregar as energias, mas fa\u00e7o isso com tranquilidade, dada a for\u00e7a, talento, energia, intelig\u00eancia e dedica\u00e7\u00e3o de Vinicius, que tem sido um grande amigo, al\u00e9m de um vereador leal, que tem feito gestos muito importantes em favor da nossa cidade. \u00c9 um reconhecimento a este vereador que tem quatro mandatos, foi presidente da C\u00e2mara e tem hist\u00f3ria com a cidade&#8221;, destacou Edvaldo.<\/p>\n\n\n\n<p>O gestor ressaltou ainda que se afastar\u00e1 do cargo com &#8220;a certeza de que Vinicius Porto &#8220;dar\u00e1 continuidade ao trabalho com muita compet\u00eancia&#8221;. &#8220;Ele estar\u00e1 muito bem acompanhado de uma equipe competente e que tem como base um Planejamento Estrat\u00e9gico extremamente alinhado. Portanto, tenho certeza de que, juntos, eles enfrentar\u00e3o as quest\u00f5es que forem necess\u00e1rias. Descansarei aqui mesmo no pa\u00eds, mas, como disse, \u00e9 um descanso necess\u00e1rio para que eu possa trabalhar, cada vez mais, por Aracaju&#8221;, afirmou.<\/p>\n\n\n\n<p>Ao assumir o cargo, Vinicius Porto agradeceu ao prefeito pela confian\u00e7a. &#8220;\u00c9 uma grande alegria e considero como um momento muito importante da minha vida. Esta hist\u00f3ria come\u00e7ou em 2017, integro o grupo do prefeito e acredito neste projeto porque vejo a cidade transformada. Ent\u00e3o, agrade\u00e7o a confian\u00e7a do prefeito Edvaldo e compartilho esta responsabilidade com a nossa bancada&#8221;, expressou o prefeito em exerc\u00edcio. &#8220;Vamos dar continuidade ao trabalho, mantendo o mesmo ritmo que o prefeito Edvaldo mant\u00e9m&#8221;, refor\u00e7ou.<\/p>\n\n\n\n<p>Acompanharam o ato o presidente em exerc\u00edcio da C\u00e2mara Municipal de Aracaju, vereador Fabiano Oliveira, os vereadores Anderson de Tuca, Sargento Byron, F\u00e1bio Meireles, Ant\u00f4nio Bittencourt, Pastor Eduardo Lima, Breno Garibalde, Joaquim do Janelinha, C\u00edcero do Santa Maria e Binho pelo Social, al\u00e9m de secret\u00e1rios municipais e familiares de Vinicius Porto.<\/p>\n\n\n\n<p>AAN<\/p>\n","protected":false},"excerpt":{"rendered":"<p>O prefeito Edvaldo Nogueira transmitiu o cargo, nesta ter\u00e7a-feira, 24, em ato realizado em seu gabinete, ao vice-presidente da C\u00e2mara Municipal de Aracaju, vereador Vinicius Porto. O chefe do Executivo Municipal entrar\u00e1 de f\u00e9rias e se ausentar\u00e1 da cidade pelo per\u00edodo de 14 dias. Vinicius Porto assume a gest\u00e3o do munic\u00edpio, uma vez que a [&hellip;]<\/p>\n","protected":false},"author":1,"featured_media":6301,"comment_status":"closed","ping_status":"closed","sticky":false,"template":"","format":"standard","meta":{"footnotes":""},"categories":[53,44],"tags":[],"class_list":["post-6300","post","type-post","status-publish","format-standard","has-post-thumbnail","hentry","category-destaques","category-politica"],"yoast_head":"<!-- This site is optimized with the Yoast SEO plugin v27.4 - https:\/\/yoast.com\/product\/yoast-seo-wordpress\/ -->\n<title>Prefeito Edvaldo entra de f\u00e9rias por 14 dias. Vice-presidente da C\u00e2mara assume a gest\u00e3o da cidade - O Coerente<\/title>\n<meta name=\"robots\" content=\"index, follow, max-snippet:-1, max-image-preview:large, max-video-preview:-1\" \/>\n<link rel=\"canonical\" href=\"https:\/\/ocoerente.com.br\/se\/2022\/05\/24\/prefeito-edvaldo-entra-de-ferias-por-14-dias-vice-presidente-da-camara-assume-a-gestao-da-cidade\/\" \/>\n<meta property=\"og:locale\" content=\"pt_BR\" \/>\n<meta property=\"og:type\" content=\"article\" \/>\n<meta property=\"og:title\" content=\"Prefeito Edvaldo entra de f\u00e9rias por 14 dias. Vice-presidente da C\u00e2mara assume a gest\u00e3o da cidade - O Coerente\" \/>\n<meta property=\"og:description\" content=\"O prefeito Edvaldo Nogueira transmitiu o cargo, nesta ter\u00e7a-feira, 24, em ato realizado em seu gabinete, ao vice-presidente da C\u00e2mara Municipal de Aracaju, vereador Vinicius Porto. O chefe do Executivo Municipal entrar\u00e1 de f\u00e9rias e se ausentar\u00e1 da cidade pelo per\u00edodo de 14 dias. Vinicius Porto assume a gest\u00e3o do munic\u00edpio, uma vez que a [&hellip;]\" \/>\n<meta property=\"og:url\" content=\"https:\/\/ocoerente.com.br\/se\/2022\/05\/24\/prefeito-edvaldo-entra-de-ferias-por-14-dias-vice-presidente-da-camara-assume-a-gestao-da-cidade\/\" \/>\n<meta property=\"og:site_name\" content=\"O Coerente\" \/>\n<meta property=\"article:published_time\" content=\"2022-05-25T01:00:42+00:00\" \/>\n<meta property=\"article:modified_time\" content=\"2022-05-25T01:00:43+00:00\" \/>\n<meta property=\"og:image\" content=\"https:\/\/ocoerente.com.br\/se\/wp-content\/uploads\/2022\/05\/ferias-edv.jpg\" \/>\n\t<meta property=\"og:image:width\" content=\"1024\" \/>\n\t<meta property=\"og:image:height\" content=\"683\" \/>\n\t<meta property=\"og:image:type\" content=\"image\/jpeg\" \/>\n<meta name=\"author\" content=\"Reda\u00e7\u00e3o\" \/>\n<meta name=\"twitter:card\" content=\"summary_large_image\" \/>\n<meta name=\"twitter:label1\" content=\"Escrito por\" \/>\n\t<meta name=\"twitter:data1\" content=\"Reda\u00e7\u00e3o\" \/>\n\t<meta name=\"twitter:label2\" content=\"Est. tempo de leitura\" \/>\n\t<meta name=\"twitter:data2\" content=\"3 minutos\" \/>\n<script type=\"application\/ld+json\" class=\"yoast-schema-graph\">{\"@context\":\"https:\\\/\\\/schema.org\",\"@graph\":[{\"@type\":\"Article\",\"@id\":\"https:\\\/\\\/ocoerente.com.br\\\/se\\\/2022\\\/05\\\/24\\\/prefeito-edvaldo-entra-de-ferias-por-14-dias-vice-presidente-da-camara-assume-a-gestao-da-cidade\\\/#article\",\"isPartOf\":{\"@id\":\"https:\\\/\\\/ocoerente.com.br\\\/se\\\/2022\\\/05\\\/24\\\/prefeito-edvaldo-entra-de-ferias-por-14-dias-vice-presidente-da-camara-assume-a-gestao-da-cidade\\\/\"},\"author\":{\"name\":\"Reda\u00e7\u00e3o\",\"@id\":\"https:\\\/\\\/ocoerente.com.br\\\/se\\\/#\\\/schema\\\/person\\\/cc6bfd9fbca465e23543b0c963d8d037\"},\"headline\":\"Prefeito Edvaldo entra de f\u00e9rias por 14 dias. Vice-presidente da C\u00e2mara assume a gest\u00e3o da cidade\",\"datePublished\":\"2022-05-25T01:00:42+00:00\",\"dateModified\":\"2022-05-25T01:00:43+00:00\",\"mainEntityOfPage\":{\"@id\":\"https:\\\/\\\/ocoerente.com.br\\\/se\\\/2022\\\/05\\\/24\\\/prefeito-edvaldo-entra-de-ferias-por-14-dias-vice-presidente-da-camara-assume-a-gestao-da-cidade\\\/\"},\"wordCount\":432,\"publisher\":{\"@id\":\"https:\\\/\\\/ocoerente.com.br\\\/se\\\/#\\\/schema\\\/person\\\/cc6bfd9fbca465e23543b0c963d8d037\"},\"image\":{\"@id\":\"https:\\\/\\\/ocoerente.com.br\\\/se\\\/2022\\\/05\\\/24\\\/prefeito-edvaldo-entra-de-ferias-por-14-dias-vice-presidente-da-camara-assume-a-gestao-da-cidade\\\/#primaryimage\"},\"thumbnailUrl\":\"https:\\\/\\\/ocoerente.com.br\\\/se\\\/wp-content\\\/uploads\\\/2022\\\/05\\\/ferias-edv.jpg\",\"articleSection\":[\"Destaques\",\"Pol\u00edtica\"],\"inLanguage\":\"pt-BR\"},{\"@type\":\"WebPage\",\"@id\":\"https:\\\/\\\/ocoerente.com.br\\\/se\\\/2022\\\/05\\\/24\\\/prefeito-edvaldo-entra-de-ferias-por-14-dias-vice-presidente-da-camara-assume-a-gestao-da-cidade\\\/\",\"url\":\"https:\\\/\\\/ocoerente.com.br\\\/se\\\/2022\\\/05\\\/24\\\/prefeito-edvaldo-entra-de-ferias-por-14-dias-vice-presidente-da-camara-assume-a-gestao-da-cidade\\\/\",\"name\":\"Prefeito Edvaldo entra de f\u00e9rias por 14 dias. Vice-presidente da C\u00e2mara assume a gest\u00e3o da cidade - O Coerente\",\"isPartOf\":{\"@id\":\"https:\\\/\\\/ocoerente.com.br\\\/se\\\/#website\"},\"primaryImageOfPage\":{\"@id\":\"https:\\\/\\\/ocoerente.com.br\\\/se\\\/2022\\\/05\\\/24\\\/prefeito-edvaldo-entra-de-ferias-por-14-dias-vice-presidente-da-camara-assume-a-gestao-da-cidade\\\/#primaryimage\"},\"image\":{\"@id\":\"https:\\\/\\\/ocoerente.com.br\\\/se\\\/2022\\\/05\\\/24\\\/prefeito-edvaldo-entra-de-ferias-por-14-dias-vice-presidente-da-camara-assume-a-gestao-da-cidade\\\/#primaryimage\"},\"thumbnailUrl\":\"https:\\\/\\\/ocoerente.com.br\\\/se\\\/wp-content\\\/uploads\\\/2022\\\/05\\\/ferias-edv.jpg\",\"datePublished\":\"2022-05-25T01:00:42+00:00\",\"dateModified\":\"2022-05-25T01:00:43+00:00\",\"breadcrumb\":{\"@id\":\"https:\\\/\\\/ocoerente.com.br\\\/se\\\/2022\\\/05\\\/24\\\/prefeito-edvaldo-entra-de-ferias-por-14-dias-vice-presidente-da-camara-assume-a-gestao-da-cidade\\\/#breadcrumb\"},\"inLanguage\":\"pt-BR\",\"potentialAction\":[{\"@type\":\"ReadAction\",\"target\":[\"https:\\\/\\\/ocoerente.com.br\\\/se\\\/2022\\\/05\\\/24\\\/prefeito-edvaldo-entra-de-ferias-por-14-dias-vice-presidente-da-camara-assume-a-gestao-da-cidade\\\/\"]}]},{\"@type\":\"ImageObject\",\"inLanguage\":\"pt-BR\",\"@id\":\"https:\\\/\\\/ocoerente.com.br\\\/se\\\/2022\\\/05\\\/24\\\/prefeito-edvaldo-entra-de-ferias-por-14-dias-vice-presidente-da-camara-assume-a-gestao-da-cidade\\\/#primaryimage\",\"url\":\"https:\\\/\\\/ocoerente.com.br\\\/se\\\/wp-content\\\/uploads\\\/2022\\\/05\\\/ferias-edv.jpg\",\"contentUrl\":\"https:\\\/\\\/ocoerente.com.br\\\/se\\\/wp-content\\\/uploads\\\/2022\\\/05\\\/ferias-edv.jpg\",\"width\":1024,\"height\":683,\"caption\":\"Fotos: Ana L\u00edcia Menezes\\\/PMA\"},{\"@type\":\"BreadcrumbList\",\"@id\":\"https:\\\/\\\/ocoerente.com.br\\\/se\\\/2022\\\/05\\\/24\\\/prefeito-edvaldo-entra-de-ferias-por-14-dias-vice-presidente-da-camara-assume-a-gestao-da-cidade\\\/#breadcrumb\",\"itemListElement\":[{\"@type\":\"ListItem\",\"position\":1,\"name\":\"In\u00edcio\",\"item\":\"https:\\\/\\\/ocoerente.com.br\\\/se\\\/\"},{\"@type\":\"ListItem\",\"position\":2,\"name\":\"Prefeito Edvaldo entra de f\u00e9rias por 14 dias. Vice-presidente da C\u00e2mara assume a gest\u00e3o da cidade\"}]},{\"@type\":\"WebSite\",\"@id\":\"https:\\\/\\\/ocoerente.com.br\\\/se\\\/#website\",\"url\":\"https:\\\/\\\/ocoerente.com.br\\\/se\\\/\",\"name\":\"O Coerente\",\"description\":\"\",\"publisher\":{\"@id\":\"https:\\\/\\\/ocoerente.com.br\\\/se\\\/#\\\/schema\\\/person\\\/cc6bfd9fbca465e23543b0c963d8d037\"},\"potentialAction\":[{\"@type\":\"SearchAction\",\"target\":{\"@type\":\"EntryPoint\",\"urlTemplate\":\"https:\\\/\\\/ocoerente.com.br\\\/se\\\/?s={search_term_string}\"},\"query-input\":{\"@type\":\"PropertyValueSpecification\",\"valueRequired\":true,\"valueName\":\"search_term_string\"}}],\"inLanguage\":\"pt-BR\"},{\"@type\":[\"Person\",\"Organization\"],\"@id\":\"https:\\\/\\\/ocoerente.com.br\\\/se\\\/#\\\/schema\\\/person\\\/cc6bfd9fbca465e23543b0c963d8d037\",\"name\":\"Reda\u00e7\u00e3o\",\"image\":{\"@type\":\"ImageObject\",\"inLanguage\":\"pt-BR\",\"@id\":\"https:\\\/\\\/ocoerente.com.br\\\/se\\\/wp-content\\\/uploads\\\/2020\\\/01\\\/ocoerente-1.png\",\"url\":\"https:\\\/\\\/ocoerente.com.br\\\/se\\\/wp-content\\\/uploads\\\/2020\\\/01\\\/ocoerente-1.png\",\"contentUrl\":\"https:\\\/\\\/ocoerente.com.br\\\/se\\\/wp-content\\\/uploads\\\/2020\\\/01\\\/ocoerente-1.png\",\"width\":50,\"height\":50,\"caption\":\"Reda\u00e7\u00e3o\"},\"logo\":{\"@id\":\"https:\\\/\\\/ocoerente.com.br\\\/se\\\/wp-content\\\/uploads\\\/2020\\\/01\\\/ocoerente-1.png\"},\"url\":\"https:\\\/\\\/ocoerente.com.br\\\/se\\\/author\\\/vasticlsales\\\/\"}]}<\/script>\n<!-- \/ Yoast SEO plugin. -->","yoast_head_json":{"title":"Prefeito Edvaldo entra de f\u00e9rias por 14 dias. Vice-presidente da C\u00e2mara assume a gest\u00e3o da cidade - O Coerente","robots":{"index":"index","follow":"follow","max-snippet":"max-snippet:-1","max-image-preview":"max-image-preview:large","max-video-preview":"max-video-preview:-1"},"canonical":"https:\/\/ocoerente.com.br\/se\/2022\/05\/24\/prefeito-edvaldo-entra-de-ferias-por-14-dias-vice-presidente-da-camara-assume-a-gestao-da-cidade\/","og_locale":"pt_BR","og_type":"article","og_title":"Prefeito Edvaldo entra de f\u00e9rias por 14 dias. Vice-presidente da C\u00e2mara assume a gest\u00e3o da cidade - O Coerente","og_description":"O prefeito Edvaldo Nogueira transmitiu o cargo, nesta ter\u00e7a-feira, 24, em ato realizado em seu gabinete, ao vice-presidente da C\u00e2mara Municipal de Aracaju, vereador Vinicius Porto. O chefe do Executivo Municipal entrar\u00e1 de f\u00e9rias e se ausentar\u00e1 da cidade pelo per\u00edodo de 14 dias. Vinicius Porto assume a gest\u00e3o do munic\u00edpio, uma vez que a [&hellip;]","og_url":"https:\/\/ocoerente.com.br\/se\/2022\/05\/24\/prefeito-edvaldo-entra-de-ferias-por-14-dias-vice-presidente-da-camara-assume-a-gestao-da-cidade\/","og_site_name":"O Coerente","article_published_time":"2022-05-25T01:00:42+00:00","article_modified_time":"2022-05-25T01:00:43+00:00","og_image":[{"width":1024,"height":683,"url":"https:\/\/ocoerente.com.br\/se\/wp-content\/uploads\/2022\/05\/ferias-edv.jpg","type":"image\/jpeg"}],"author":"Reda\u00e7\u00e3o","twitter_card":"summary_large_image","twitter_misc":{"Escrito por":"Reda\u00e7\u00e3o","Est. tempo de leitura":"3 minutos"},"schema":{"@context":"https:\/\/schema.org","@graph":[{"@type":"Article","@id":"https:\/\/ocoerente.com.br\/se\/2022\/05\/24\/prefeito-edvaldo-entra-de-ferias-por-14-dias-vice-presidente-da-camara-assume-a-gestao-da-cidade\/#article","isPartOf":{"@id":"https:\/\/ocoerente.com.br\/se\/2022\/05\/24\/prefeito-edvaldo-entra-de-ferias-por-14-dias-vice-presidente-da-camara-assume-a-gestao-da-cidade\/"},"author":{"name":"Reda\u00e7\u00e3o","@id":"https:\/\/ocoerente.com.br\/se\/#\/schema\/person\/cc6bfd9fbca465e23543b0c963d8d037"},"headline":"Prefeito Edvaldo entra de f\u00e9rias por 14 dias. Vice-presidente da C\u00e2mara assume a gest\u00e3o da cidade","datePublished":"2022-05-25T01:00:42+00:00","dateModified":"2022-05-25T01:00:43+00:00","mainEntityOfPage":{"@id":"https:\/\/ocoerente.com.br\/se\/2022\/05\/24\/prefeito-edvaldo-entra-de-ferias-por-14-dias-vice-presidente-da-camara-assume-a-gestao-da-cidade\/"},"wordCount":432,"publisher":{"@id":"https:\/\/ocoerente.com.br\/se\/#\/schema\/person\/cc6bfd9fbca465e23543b0c963d8d037"},"image":{"@id":"https:\/\/ocoerente.com.br\/se\/2022\/05\/24\/prefeito-edvaldo-entra-de-ferias-por-14-dias-vice-presidente-da-camara-assume-a-gestao-da-cidade\/#primaryimage"},"thumbnailUrl":"https:\/\/ocoerente.com.br\/se\/wp-content\/uploads\/2022\/05\/ferias-edv.jpg","articleSection":["Destaques","Pol\u00edtica"],"inLanguage":"pt-BR"},{"@type":"WebPage","@id":"https:\/\/ocoerente.com.br\/se\/2022\/05\/24\/prefeito-edvaldo-entra-de-ferias-por-14-dias-vice-presidente-da-camara-assume-a-gestao-da-cidade\/","url":"https:\/\/ocoerente.com.br\/se\/2022\/05\/24\/prefeito-edvaldo-entra-de-ferias-por-14-dias-vice-presidente-da-camara-assume-a-gestao-da-cidade\/","name":"Prefeito Edvaldo entra de f\u00e9rias por 14 dias. Vice-presidente da C\u00e2mara assume a gest\u00e3o da cidade - O Coerente","isPartOf":{"@id":"https:\/\/ocoerente.com.br\/se\/#website"},"primaryImageOfPage":{"@id":"https:\/\/ocoerente.com.br\/se\/2022\/05\/24\/prefeito-edvaldo-entra-de-ferias-por-14-dias-vice-presidente-da-camara-assume-a-gestao-da-cidade\/#primaryimage"},"image":{"@id":"https:\/\/ocoerente.com.br\/se\/2022\/05\/24\/prefeito-edvaldo-entra-de-ferias-por-14-dias-vice-presidente-da-camara-assume-a-gestao-da-cidade\/#primaryimage"},"thumbnailUrl":"https:\/\/ocoerente.com.br\/se\/wp-content\/uploads\/2022\/05\/ferias-edv.jpg","datePublished":"2022-05-25T01:00:42+00:00","dateModified":"2022-05-25T01:00:43+00:00","breadcrumb":{"@id":"https:\/\/ocoerente.com.br\/se\/2022\/05\/24\/prefeito-edvaldo-entra-de-ferias-por-14-dias-vice-presidente-da-camara-assume-a-gestao-da-cidade\/#breadcrumb"},"inLanguage":"pt-BR","potentialAction":[{"@type":"ReadAction","target":["https:\/\/ocoerente.com.br\/se\/2022\/05\/24\/prefeito-edvaldo-entra-de-ferias-por-14-dias-vice-presidente-da-camara-assume-a-gestao-da-cidade\/"]}]},{"@type":"ImageObject","inLanguage":"pt-BR","@id":"https:\/\/ocoerente.com.br\/se\/2022\/05\/24\/prefeito-edvaldo-entra-de-ferias-por-14-dias-vice-presidente-da-camara-assume-a-gestao-da-cidade\/#primaryimage","url":"https:\/\/ocoerente.com.br\/se\/wp-content\/uploads\/2022\/05\/ferias-edv.jpg","contentUrl":"https:\/\/ocoerente.com.br\/se\/wp-content\/uploads\/2022\/05\/ferias-edv.jpg","width":1024,"height":683,"caption":"Fotos: Ana L\u00edcia Menezes\/PMA"},{"@type":"BreadcrumbList","@id":"https:\/\/ocoerente.com.br\/se\/2022\/05\/24\/prefeito-edvaldo-entra-de-ferias-por-14-dias-vice-presidente-da-camara-assume-a-gestao-da-cidade\/#breadcrumb","itemListElement":[{"@type":"ListItem","position":1,"name":"In\u00edcio","item":"https:\/\/ocoerente.com.br\/se\/"},{"@type":"ListItem","position":2,"name":"Prefeito Edvaldo entra de f\u00e9rias por 14 dias. Vice-presidente da C\u00e2mara assume a gest\u00e3o da cidade"}]},{"@type":"WebSite","@id":"https:\/\/ocoerente.com.br\/se\/#website","url":"https:\/\/ocoerente.com.br\/se\/","name":"O Coerente","description":"","publisher":{"@id":"https:\/\/ocoerente.com.br\/se\/#\/schema\/person\/cc6bfd9fbca465e23543b0c963d8d037"},"potentialAction":[{"@type":"SearchAction","target":{"@type":"EntryPoint","urlTemplate":"https:\/\/ocoerente.com.br\/se\/?s={search_term_string}"},"query-input":{"@type":"PropertyValueSpecification","valueRequired":true,"valueName":"search_term_string"}}],"inLanguage":"pt-BR"},{"@type":["Person","Organization"],"@id":"https:\/\/ocoerente.com.br\/se\/#\/schema\/person\/cc6bfd9fbca465e23543b0c963d8d037","name":"Reda\u00e7\u00e3o","image":{"@type":"ImageObject","inLanguage":"pt-BR","@id":"https:\/\/ocoerente.com.br\/se\/wp-content\/uploads\/2020\/01\/ocoerente-1.png","url":"https:\/\/ocoerente.com.br\/se\/wp-content\/uploads\/2020\/01\/ocoerente-1.png","contentUrl":"https:\/\/ocoerente.com.br\/se\/wp-content\/uploads\/2020\/01\/ocoerente-1.png","width":50,"height":50,"caption":"Reda\u00e7\u00e3o"},"logo":{"@id":"https:\/\/ocoerente.com.br\/se\/wp-content\/uploads\/2020\/01\/ocoerente-1.png"},"url":"https:\/\/ocoerente.com.br\/se\/author\/vasticlsales\/"}]}},"_links":{"self":[{"href":"https:\/\/ocoerente.com.br\/se\/wp-json\/wp\/v2\/posts\/6300","targetHints":{"allow":["GET"]}}],"collection":[{"href":"https:\/\/ocoerente.com.br\/se\/wp-json\/wp\/v2\/posts"}],"about":[{"href":"https:\/\/ocoerente.com.br\/se\/wp-json\/wp\/v2\/types\/post"}],"author":[{"embeddable":true,"href":"https:\/\/ocoerente.com.br\/se\/wp-json\/wp\/v2\/users\/1"}],"replies":[{"embeddable":true,"href":"https:\/\/ocoerente.com.br\/se\/wp-json\/wp\/v2\/comments?post=6300"}],"version-history":[{"count":1,"href":"https:\/\/ocoerente.com.br\/se\/wp-json\/wp\/v2\/posts\/6300\/revisions"}],"predecessor-version":[{"id":6302,"href":"https:\/\/ocoerente.com.br\/se\/wp-json\/wp\/v2\/posts\/6300\/revisions\/6302"}],"wp:featuredmedia":[{"embeddable":true,"href":"https:\/\/ocoerente.com.br\/se\/wp-json\/wp\/v2\/media\/6301"}],"wp:attachment":[{"href":"https:\/\/ocoerente.com.br\/se\/wp-json\/wp\/v2\/media?parent=6300"}],"wp:term":[{"taxonomy":"category","embeddable":true,"href":"https:\/\/ocoerente.com.br\/se\/wp-json\/wp\/v2\/categories?post=6300"},{"taxonomy":"post_tag","embeddable":true,"href":"https:\/\/ocoerente.com.br\/se\/wp-json\/wp\/v2\/tags?post=6300"}],"curies":[{"name":"wp","href":"https:\/\/api.w.org\/{rel}","templated":true}]}}