{"id":6297,"date":"2022-05-24T21:58:42","date_gmt":"2022-05-25T00:58:42","guid":{"rendered":"https:\/\/ocoerente.com.br\/se\/?p=6297"},"modified":"2022-05-24T21:58:43","modified_gmt":"2022-05-25T00:58:43","slug":"fabio-mitidieri-eu-quero-ser-o-governador-que-gere-renda-e-emprego-pros-sergipanos","status":"publish","type":"post","link":"https:\/\/ocoerente.com.br\/se\/2022\/05\/24\/fabio-mitidieri-eu-quero-ser-o-governador-que-gere-renda-e-emprego-pros-sergipanos\/","title":{"rendered":"F\u00e1bio Mitidieri: \u201cEu quero ser o governador que gere renda e emprego pros sergipanos\u201d"},"content":{"rendered":"\n<p>Os mais cr\u00edticos e os advers\u00e1rios dir\u00e3o: foi a for\u00e7a do Governo, foi o poder da m\u00e1quina p\u00fablica. Seja qual for a causa motriz, o lan\u00e7amento da pr\u00e9-candidatura de F\u00e1bio Mitidieri, PSD, ao Governo do Estado de Sergipe na tarde-noite desta segunda-feira, 23, foi um evento mai\u00fasculo.<\/p>\n\n\n\n<p>Mai\u00fasculo e retumbante. Maior at\u00e9 mesmo do que o entusiasmo do pr\u00f3prio pr\u00e9-candidato F\u00e1bio Mitidieri. Naquele evento havia representa\u00e7\u00e3o de Sergipe inteiro, o que emprestou uma tamanha for\u00e7a ao ato ao ponto de ele ser associado a grandes momentos de conven\u00e7\u00f5es sergipanas &#8211; n\u00e3o somente de lan\u00e7amento de pr\u00e9-candidaturas &#8211; desde o instante em que prevaleceu o retorno das elei\u00e7\u00f5es diretas para governadores l\u00e1 em 1982 at\u00e9 agora.<\/p>\n\n\n\n<p>N\u00e3o h\u00e1 como se negar que o lan\u00e7amento dessa pr\u00e9-candidatura no Iate Clube de Aracaju tenha sido um ato grandioso em volume de gente, em participa\u00e7\u00e3o de lideran\u00e7as pol\u00edticas, em adensamento de entusiasmo de aliados e na firma\u00e7\u00e3o do projeto nacional do PSD, cujo presidente Gilberto Kassab hipotecou pessoalmente refor\u00e7o e ainda fustigou durante sua passagem por Sergipe o PT a trazer Rog\u00e9rio Carvalho para uma alian\u00e7a, o que geraria, se se materializasse, uma altera\u00e7\u00e3o enorme de rotas em pactua\u00e7\u00f5es j\u00e1 estabelecidas.<\/p>\n\n\n\n<p>Mas, a menos que ele n\u00e3o esteja falando a verdade, que esteja sofismando, o ato foi \u00fatil, sobretudo, como um dissipador de eventuais d\u00favidas que pairam &#8211; ou pairavam &#8211; em torno do comportamento do prefeito de Aracaju, Edvaldo Nogueira, PDT, frente \u00e0 candidatura do PSD, para quem ele perdeu a batalha na fase das pr\u00e9-candidaturas entre os governistas.<\/p>\n\n\n\n<p>Nesta tarde-noite de segunda-feira, Edvaldo Nogueira produziu conte\u00fados fortes. Conte\u00fados selantes do futuro da elei\u00e7\u00e3o. D\u00e9cimo primeiro orador de uma solenidade que deu voz a 13 pessoas e que durou cerca 1h30, Edvaldo colocou abaixo a expectativa que alguns ainda nutriam de que ele faria corpo mole para subscrever o projeto dos governistas que n\u00e3o lhe teve como candidato.<\/p>\n\n\n\n<p>Edvaldo dissolveu essa expectativa e pareceu t\u00e3o convincente no apoio a F\u00e1bio quanto o empenho que o governador Belivaldo Chagas, PSD, deixou patente em favor do seu pr\u00e9-candidato. \u201cF\u00e1bio Mitidieri ser\u00e1 o nosso governador\u201d, prescreveu Belivaldo, o pen\u00faltimo orador da noite &#8211; depois dele s\u00f3 falou o pr\u00f3prio F\u00e1bio.<\/p>\n\n\n\n<p>Depois de fazer uma breve presta\u00e7\u00e3o de contas de como recebeu o Estado financeiramente em 2016, e do como estar\u00e1 repassando em janeiro de 2023 tamb\u00e9m no contexto de obras, Belivaldo previu que F\u00e1bio ser\u00e1 ao melhor gestor sergipano. \u201cO Estado est\u00e1 redondinho, redondinho. Organizado. E \u00e9 por isso mesmo eu digo sem medo de errar: F\u00e1bio vai ser o melhor governador da hist\u00f3ria de Sergipe, porque vou deixar o Estado em condi\u00e7\u00f5es para ele trabalhar, para governar e realizar mais obras do que eu consegui fazer\u201d, afirmou.<\/p>\n\n\n\n<p>A fala de Belivaldo Chagas foi importante no contexto do evento, mas n\u00e3o novidadeira. Ele tem repetido isso em entrevistas e outros atos pol\u00edticos. A exterioriza\u00e7\u00e3o feita por Edvaldo Nogueira do seu alinhamento a F\u00e1bio impactou mais. O prefeito varreu do horizonte qualquer tipo de d\u00favidas sobre qual seria o papel dele nessa sucess\u00e3o.<\/p>\n\n\n\n<p>\u201cQuando foi escolhido o nome de F\u00e1bio, muita gente ficou com tititi, com mimimi e com blablabl\u00e1, dizendo assim: \u201cEdvaldo Nogueira n\u00e3o vai estar no palanque de F\u00e1bio Mitidieri\u201d. E eu vim aqui, estou no seu palanque, porque n\u00f3s vamos ficar juntos ajudar o Estado de Sergipe a avan\u00e7ar cada vez mais. N\u00f3s precisamos eleger F\u00e1bio, porque o Estado n\u00e3o pode voltar atr\u00e1s, porque n\u00f3s precisamos pensar no desenvolvimento e no progresso. N\u00f3s n\u00e3o podemos retroceder\u201d, bradou o prefeito.<\/p>\n\n\n\n<p>\u201cComo diria o fil\u00f3sofo, toda caminhada come\u00e7a com o primeiro passo, e aqui hoje n\u00f3s estamos dando o primeiro passo para que a gente leve em outubro F\u00e1bio Mitidieri ao Governo do Estado de Sergipe. Aqui est\u00e3o os pol\u00edticos com os quais estamos juntos h\u00e1 mais de 30 anos no mesmo lugar e do mesmo lado. Aqui est\u00e3o os pol\u00edticos que trabalharam e trabalham diuturnamente para melhorar a vida do nosso povo. Aqui est\u00e3o os pol\u00edticos que nunca se vergaram, sempre em defesa do desenvolvimento e do progresso e da melhoria de vida para a popula\u00e7\u00e3o sergipana\u201d, refor\u00e7ou Edvaldo.<\/p>\n\n\n\n<p>E reiterou: \u201cAchavam, pensavam ou tramavam que n\u00f3s ir\u00edamos nos dividir. Ningu\u00e9m nos divide. N\u00f3s estamos juntos e vamos juntos para vencer. Estamos juntos para ganhar. Eu tenho certeza do compromisso de F\u00e1bio Mitidieri com o progresso, com o desenvolvimento e com a melhoria da qualidade de vida do povo de Sergipe\u201d, disse Nogueira.<\/p>\n\n\n\n<p>\u201cF\u00e1bio Mitidieri vai continuar o trabalho de Belivaldo, que j\u00e1 melhorou o progresso e o desenvolvimento de Sergipe. Que construiu estradas, que est\u00e1 fazendo em Aracaju uma orla de 16 km e que melhorou a vida das pessoas. Belivaldo est\u00e1 sendo um governador que colocou as finan\u00e7as do Estado em dia e por isso mesmo \u00e9 que n\u00f3s precisamos e eleger o sucessor para dar continuidade ao seu trabalho. F\u00e1bio Mitidieri n\u00e3o vai apenas dar continuidade. Vai melhorar, vai fazer mais. Vai desenvolver mais o Estado de Sergipe pela sua compet\u00eancia, pela sua capacidade. Pelo seu destemor e pelo seu compromisso com o povo de Sergipe\u201d, disse o prefeito aracajuano.<\/p>\n\n\n\n<p>\u201cEu muito fiz por Aracaju, que \u00e9 hoje outra cidade. Pagamos em dia, fazemos obras, cuidamos da vida do nosso povo e por isso mesmo \u00e9 que no in\u00edcio as pesquisas me colocavam em primeiro lugar. Tem muita conversando e n\u00e3o mostra o que faz. Tem muita gente verberando e n\u00e3o diz o que veio fazer. Mas F\u00e1bio n\u00f3s conhecemos: \u00e9 jovem e tem compromisso\u201d, disse Edvaldo. Ele lembrou que at\u00e9 julho ser\u00e1 resolvida a indica\u00e7\u00e3o do nome que ocupar\u00e1 a vaga de vice na chapa.<\/p>\n\n\n\n<p>\u201cMeu compromisso \u00e9 continuar trabalhando para melhorar a vida do povo de Aracaju e colaborar com F\u00e1bio para melhorar a vida do povo de todo o Estado de Sergipe. Precisamos estar juntos para derrotar o atraso e aqueles que nunca fizeram nada\u201d, insistiu Edvaldo. F\u00e1bio sentiu o peso da fala. \u201cEu quero dizer a voc\u00eas que se fosse Edvaldo Nogueira aqui no meu lugar hoje, ele seria o meu candidato. N\u00f3s estamos aqui hoje para mostrar que juntos, com o apoio de voc\u00eas, somos imbat\u00edveis\u201d, disse em tom de agradecimento.<\/p>\n\n\n\n<p>Sem citar nominalmente ningu\u00e9m, Belivaldo Chagas trouxe \u00e0 cena uma cr\u00edtica que pode se encaixar no pr\u00e9-candidato Valmir de Francisquinho, PL. \u201cTem um sujeito a\u00ed metido a salvador da p\u00e1tria. Viol\u00e3o de boca, todo mundo toca. Agora, governar n\u00e3o \u00e9 pra todo mundo n\u00e3o. Se governa \u00e9 com a caneta, n\u00e3o \u00e9 com a varinha de cond\u00e3o. Sergipe n\u00e3o quer saber de falso profeta, de mentiroso, de enganador. Vai ter candidato fake, candidato de mentira. Mas n\u00f3s vamos ficar todos atentos, porque a partir de hoje a campanha come\u00e7ou e \u00e9 F\u00e1bio o nosso governador\u201d, disse ele. \u201cSai da frente, que Mitidieri chegou\u201d, completou, com voz rascante, ao modo de um narrador de rodeio.<\/p>\n\n\n\n<p>Belivaldo disse que n\u00e3o foi f\u00e1cil governar em tempo de pandemia e nem colocar as finan\u00e7as em dia. \u201cHoje \u00e9 um dia de muita responsabilidade. Hoje podemos dizer que \u00e9 o dia em que come\u00e7a oficialmente a pr\u00e9-campanha que vai levar F\u00e1bio Mitidieri ao Governo do Estado. E tenho certeza que, depois de ter colocado as finan\u00e7as do Estado em dia, quem vai ter capacidade de continuar fazendo isso \u00e9 F\u00e1bio Mitidieri. Esse sim, tem compromissos e responsabilidade\u201d, disse.<\/p>\n\n\n\n<p>Como \u00faltimo orador da noite, F\u00e1bio Mitidieri falou durante cerca de 14 minutos. Mas o discurso dele \u00e9 t\u00edmido. Desconexo, e regido por um anticl\u00edmax. O entorno pol\u00edtico dele se revela bom, com grandes apoiadores e uma escala de forte comprometimento. Mas parece lhe faltar treino ou tino para dizer o que pensa.<\/p>\n\n\n\n<p>\u201cEu quero ser o governador do emprego. O governador que gere renda e emprego pros sergipanos, e para isso eu tenho rodado as oito regi\u00f5es do nosso Estado. Eu tenho conversado com quem gera empregos, do grande ao pequeno. Todos eles t\u00eam suas demandas\u201d, disse ele, num dos momentos mais afirmativos.<\/p>\n\n\n\n<p>\u201cA minha obriga\u00e7\u00e3o ser\u00e1 a de trabalhar por todo o Estado de Sergipe. Eu n\u00e3o serei o governador de uma cidade. Serei o governador do Estado, porque eu conhe\u00e7o Sergipe por inteiro e todas as suas necessidades. Nosso governo ser\u00e1 de todos e para todos. Ser\u00e1 de Sergipe e dos sergipanos\u201d, afirmou.<\/p>\n\n\n\n<p>\u201cN\u00f3s temos um compromisso muito forte com o social. A fome e a mis\u00e9ria voltaram a ser uma realidade no nosso pa\u00eds. E o nosso compromissos \u00e9 de combater a fome e avan\u00e7ar nos programas sociais. N\u00f3s vamos construir essa campanha falando bem das nossas a\u00e7\u00f5es, e falando de tudo o que n\u00f3s podemos avan\u00e7ar. Para que a gente construa um Estado que seja cada vez mais forte e pujante. De todos\u201d, disse ele.<\/p>\n\n\n\n<p>O evento em si foi aberto com uma fala de Gilberto Kassab, seguida da do l\u00edder do PSD na C\u00e2mara dos Deputados, o baiano Antonio Brito, passou pelo pai do pr\u00e9-candidato, ex-deputado estadual Luiz Mitidieri, pelo prefeito de Areia Branca, Alan de Agripino, a prefeita de Capela, Silvany Manlak, o deputado e presidente estadual do PSD, Jeferson Andrade, o deputado federal Gustinho Ribeiro, o deputado federal La\u00e9rcio Oliveira, o ex-deputado federal Andr\u00e9 Moura, o ex-governador Jackson Barreto, Edvaldo, Belivaldo e F\u00e1bio Mitidieri. A movimenta\u00e7\u00e3o no Iate foi t\u00e3o intensa que houve necessidade de fechar a avenida em frente para o tr\u00e2nsito.<\/p>\n\n\n\n<p>jlpolitica<\/p>\n","protected":false},"excerpt":{"rendered":"<p>Os mais cr\u00edticos e os advers\u00e1rios dir\u00e3o: foi a for\u00e7a do Governo, foi o poder da m\u00e1quina p\u00fablica. Seja qual for a causa motriz, o lan\u00e7amento da pr\u00e9-candidatura de F\u00e1bio Mitidieri, PSD, ao Governo do Estado de Sergipe na tarde-noite desta segunda-feira, 23, foi um evento mai\u00fasculo. Mai\u00fasculo e retumbante. Maior at\u00e9 mesmo do que [&hellip;]<\/p>\n","protected":false},"author":1,"featured_media":6298,"comment_status":"closed","ping_status":"closed","sticky":false,"template":"","format":"standard","meta":{"footnotes":""},"categories":[53,44],"tags":[],"class_list":["post-6297","post","type-post","status-publish","format-standard","has-post-thumbnail","hentry","category-destaques","category-politica"],"yoast_head":"<!-- This site is optimized with the Yoast SEO plugin v27.4 - https:\/\/yoast.com\/product\/yoast-seo-wordpress\/ -->\n<title>F\u00e1bio Mitidieri: \u201cEu quero ser o governador que gere renda e emprego pros sergipanos\u201d - O Coerente<\/title>\n<meta name=\"robots\" content=\"index, follow, max-snippet:-1, max-image-preview:large, max-video-preview:-1\" \/>\n<link rel=\"canonical\" href=\"https:\/\/ocoerente.com.br\/se\/2022\/05\/24\/fabio-mitidieri-eu-quero-ser-o-governador-que-gere-renda-e-emprego-pros-sergipanos\/\" \/>\n<meta property=\"og:locale\" content=\"pt_BR\" \/>\n<meta property=\"og:type\" content=\"article\" \/>\n<meta property=\"og:title\" content=\"F\u00e1bio Mitidieri: \u201cEu quero ser o governador que gere renda e emprego pros sergipanos\u201d - O Coerente\" \/>\n<meta property=\"og:description\" content=\"Os mais cr\u00edticos e os advers\u00e1rios dir\u00e3o: foi a for\u00e7a do Governo, foi o poder da m\u00e1quina p\u00fablica. Seja qual for a causa motriz, o lan\u00e7amento da pr\u00e9-candidatura de F\u00e1bio Mitidieri, PSD, ao Governo do Estado de Sergipe na tarde-noite desta segunda-feira, 23, foi um evento mai\u00fasculo. Mai\u00fasculo e retumbante. Maior at\u00e9 mesmo do que [&hellip;]\" \/>\n<meta property=\"og:url\" content=\"https:\/\/ocoerente.com.br\/se\/2022\/05\/24\/fabio-mitidieri-eu-quero-ser-o-governador-que-gere-renda-e-emprego-pros-sergipanos\/\" \/>\n<meta property=\"og:site_name\" content=\"O Coerente\" \/>\n<meta property=\"article:published_time\" content=\"2022-05-25T00:58:42+00:00\" \/>\n<meta property=\"article:modified_time\" content=\"2022-05-25T00:58:43+00:00\" \/>\n<meta property=\"og:image\" content=\"https:\/\/ocoerente.com.br\/se\/wp-content\/uploads\/2022\/05\/edvmit.jpg\" \/>\n\t<meta property=\"og:image:width\" content=\"665\" \/>\n\t<meta property=\"og:image:height\" content=\"433\" \/>\n\t<meta property=\"og:image:type\" content=\"image\/jpeg\" \/>\n<meta name=\"author\" content=\"Reda\u00e7\u00e3o\" \/>\n<meta name=\"twitter:card\" content=\"summary_large_image\" \/>\n<meta name=\"twitter:label1\" content=\"Escrito por\" \/>\n\t<meta name=\"twitter:data1\" content=\"Reda\u00e7\u00e3o\" \/>\n\t<meta name=\"twitter:label2\" content=\"Est. tempo de leitura\" \/>\n\t<meta name=\"twitter:data2\" content=\"9 minutos\" \/>\n<script type=\"application\/ld+json\" class=\"yoast-schema-graph\">{\"@context\":\"https:\\\/\\\/schema.org\",\"@graph\":[{\"@type\":\"Article\",\"@id\":\"https:\\\/\\\/ocoerente.com.br\\\/se\\\/2022\\\/05\\\/24\\\/fabio-mitidieri-eu-quero-ser-o-governador-que-gere-renda-e-emprego-pros-sergipanos\\\/#article\",\"isPartOf\":{\"@id\":\"https:\\\/\\\/ocoerente.com.br\\\/se\\\/2022\\\/05\\\/24\\\/fabio-mitidieri-eu-quero-ser-o-governador-que-gere-renda-e-emprego-pros-sergipanos\\\/\"},\"author\":{\"name\":\"Reda\u00e7\u00e3o\",\"@id\":\"https:\\\/\\\/ocoerente.com.br\\\/se\\\/#\\\/schema\\\/person\\\/cc6bfd9fbca465e23543b0c963d8d037\"},\"headline\":\"F\u00e1bio Mitidieri: \u201cEu quero ser o governador que gere renda e emprego pros sergipanos\u201d\",\"datePublished\":\"2022-05-25T00:58:42+00:00\",\"dateModified\":\"2022-05-25T00:58:43+00:00\",\"mainEntityOfPage\":{\"@id\":\"https:\\\/\\\/ocoerente.com.br\\\/se\\\/2022\\\/05\\\/24\\\/fabio-mitidieri-eu-quero-ser-o-governador-que-gere-renda-e-emprego-pros-sergipanos\\\/\"},\"wordCount\":1692,\"publisher\":{\"@id\":\"https:\\\/\\\/ocoerente.com.br\\\/se\\\/#\\\/schema\\\/person\\\/cc6bfd9fbca465e23543b0c963d8d037\"},\"image\":{\"@id\":\"https:\\\/\\\/ocoerente.com.br\\\/se\\\/2022\\\/05\\\/24\\\/fabio-mitidieri-eu-quero-ser-o-governador-que-gere-renda-e-emprego-pros-sergipanos\\\/#primaryimage\"},\"thumbnailUrl\":\"https:\\\/\\\/ocoerente.com.br\\\/se\\\/wp-content\\\/uploads\\\/2022\\\/05\\\/edvmit.jpg\",\"articleSection\":[\"Destaques\",\"Pol\u00edtica\"],\"inLanguage\":\"pt-BR\"},{\"@type\":\"WebPage\",\"@id\":\"https:\\\/\\\/ocoerente.com.br\\\/se\\\/2022\\\/05\\\/24\\\/fabio-mitidieri-eu-quero-ser-o-governador-que-gere-renda-e-emprego-pros-sergipanos\\\/\",\"url\":\"https:\\\/\\\/ocoerente.com.br\\\/se\\\/2022\\\/05\\\/24\\\/fabio-mitidieri-eu-quero-ser-o-governador-que-gere-renda-e-emprego-pros-sergipanos\\\/\",\"name\":\"F\u00e1bio Mitidieri: \u201cEu quero ser o governador que gere renda e emprego pros sergipanos\u201d - O Coerente\",\"isPartOf\":{\"@id\":\"https:\\\/\\\/ocoerente.com.br\\\/se\\\/#website\"},\"primaryImageOfPage\":{\"@id\":\"https:\\\/\\\/ocoerente.com.br\\\/se\\\/2022\\\/05\\\/24\\\/fabio-mitidieri-eu-quero-ser-o-governador-que-gere-renda-e-emprego-pros-sergipanos\\\/#primaryimage\"},\"image\":{\"@id\":\"https:\\\/\\\/ocoerente.com.br\\\/se\\\/2022\\\/05\\\/24\\\/fabio-mitidieri-eu-quero-ser-o-governador-que-gere-renda-e-emprego-pros-sergipanos\\\/#primaryimage\"},\"thumbnailUrl\":\"https:\\\/\\\/ocoerente.com.br\\\/se\\\/wp-content\\\/uploads\\\/2022\\\/05\\\/edvmit.jpg\",\"datePublished\":\"2022-05-25T00:58:42+00:00\",\"dateModified\":\"2022-05-25T00:58:43+00:00\",\"breadcrumb\":{\"@id\":\"https:\\\/\\\/ocoerente.com.br\\\/se\\\/2022\\\/05\\\/24\\\/fabio-mitidieri-eu-quero-ser-o-governador-que-gere-renda-e-emprego-pros-sergipanos\\\/#breadcrumb\"},\"inLanguage\":\"pt-BR\",\"potentialAction\":[{\"@type\":\"ReadAction\",\"target\":[\"https:\\\/\\\/ocoerente.com.br\\\/se\\\/2022\\\/05\\\/24\\\/fabio-mitidieri-eu-quero-ser-o-governador-que-gere-renda-e-emprego-pros-sergipanos\\\/\"]}]},{\"@type\":\"ImageObject\",\"inLanguage\":\"pt-BR\",\"@id\":\"https:\\\/\\\/ocoerente.com.br\\\/se\\\/2022\\\/05\\\/24\\\/fabio-mitidieri-eu-quero-ser-o-governador-que-gere-renda-e-emprego-pros-sergipanos\\\/#primaryimage\",\"url\":\"https:\\\/\\\/ocoerente.com.br\\\/se\\\/wp-content\\\/uploads\\\/2022\\\/05\\\/edvmit.jpg\",\"contentUrl\":\"https:\\\/\\\/ocoerente.com.br\\\/se\\\/wp-content\\\/uploads\\\/2022\\\/05\\\/edvmit.jpg\",\"width\":665,\"height\":433},{\"@type\":\"BreadcrumbList\",\"@id\":\"https:\\\/\\\/ocoerente.com.br\\\/se\\\/2022\\\/05\\\/24\\\/fabio-mitidieri-eu-quero-ser-o-governador-que-gere-renda-e-emprego-pros-sergipanos\\\/#breadcrumb\",\"itemListElement\":[{\"@type\":\"ListItem\",\"position\":1,\"name\":\"In\u00edcio\",\"item\":\"https:\\\/\\\/ocoerente.com.br\\\/se\\\/\"},{\"@type\":\"ListItem\",\"position\":2,\"name\":\"F\u00e1bio Mitidieri: \u201cEu quero ser o governador que gere renda e emprego pros sergipanos\u201d\"}]},{\"@type\":\"WebSite\",\"@id\":\"https:\\\/\\\/ocoerente.com.br\\\/se\\\/#website\",\"url\":\"https:\\\/\\\/ocoerente.com.br\\\/se\\\/\",\"name\":\"O Coerente\",\"description\":\"\",\"publisher\":{\"@id\":\"https:\\\/\\\/ocoerente.com.br\\\/se\\\/#\\\/schema\\\/person\\\/cc6bfd9fbca465e23543b0c963d8d037\"},\"potentialAction\":[{\"@type\":\"SearchAction\",\"target\":{\"@type\":\"EntryPoint\",\"urlTemplate\":\"https:\\\/\\\/ocoerente.com.br\\\/se\\\/?s={search_term_string}\"},\"query-input\":{\"@type\":\"PropertyValueSpecification\",\"valueRequired\":true,\"valueName\":\"search_term_string\"}}],\"inLanguage\":\"pt-BR\"},{\"@type\":[\"Person\",\"Organization\"],\"@id\":\"https:\\\/\\\/ocoerente.com.br\\\/se\\\/#\\\/schema\\\/person\\\/cc6bfd9fbca465e23543b0c963d8d037\",\"name\":\"Reda\u00e7\u00e3o\",\"image\":{\"@type\":\"ImageObject\",\"inLanguage\":\"pt-BR\",\"@id\":\"https:\\\/\\\/ocoerente.com.br\\\/se\\\/wp-content\\\/uploads\\\/2020\\\/01\\\/ocoerente-1.png\",\"url\":\"https:\\\/\\\/ocoerente.com.br\\\/se\\\/wp-content\\\/uploads\\\/2020\\\/01\\\/ocoerente-1.png\",\"contentUrl\":\"https:\\\/\\\/ocoerente.com.br\\\/se\\\/wp-content\\\/uploads\\\/2020\\\/01\\\/ocoerente-1.png\",\"width\":50,\"height\":50,\"caption\":\"Reda\u00e7\u00e3o\"},\"logo\":{\"@id\":\"https:\\\/\\\/ocoerente.com.br\\\/se\\\/wp-content\\\/uploads\\\/2020\\\/01\\\/ocoerente-1.png\"},\"url\":\"https:\\\/\\\/ocoerente.com.br\\\/se\\\/author\\\/vasticlsales\\\/\"}]}<\/script>\n<!-- \/ Yoast SEO plugin. -->","yoast_head_json":{"title":"F\u00e1bio Mitidieri: \u201cEu quero ser o governador que gere renda e emprego pros sergipanos\u201d - O Coerente","robots":{"index":"index","follow":"follow","max-snippet":"max-snippet:-1","max-image-preview":"max-image-preview:large","max-video-preview":"max-video-preview:-1"},"canonical":"https:\/\/ocoerente.com.br\/se\/2022\/05\/24\/fabio-mitidieri-eu-quero-ser-o-governador-que-gere-renda-e-emprego-pros-sergipanos\/","og_locale":"pt_BR","og_type":"article","og_title":"F\u00e1bio Mitidieri: \u201cEu quero ser o governador que gere renda e emprego pros sergipanos\u201d - O Coerente","og_description":"Os mais cr\u00edticos e os advers\u00e1rios dir\u00e3o: foi a for\u00e7a do Governo, foi o poder da m\u00e1quina p\u00fablica. Seja qual for a causa motriz, o lan\u00e7amento da pr\u00e9-candidatura de F\u00e1bio Mitidieri, PSD, ao Governo do Estado de Sergipe na tarde-noite desta segunda-feira, 23, foi um evento mai\u00fasculo. Mai\u00fasculo e retumbante. Maior at\u00e9 mesmo do que [&hellip;]","og_url":"https:\/\/ocoerente.com.br\/se\/2022\/05\/24\/fabio-mitidieri-eu-quero-ser-o-governador-que-gere-renda-e-emprego-pros-sergipanos\/","og_site_name":"O Coerente","article_published_time":"2022-05-25T00:58:42+00:00","article_modified_time":"2022-05-25T00:58:43+00:00","og_image":[{"width":665,"height":433,"url":"https:\/\/ocoerente.com.br\/se\/wp-content\/uploads\/2022\/05\/edvmit.jpg","type":"image\/jpeg"}],"author":"Reda\u00e7\u00e3o","twitter_card":"summary_large_image","twitter_misc":{"Escrito por":"Reda\u00e7\u00e3o","Est. tempo de leitura":"9 minutos"},"schema":{"@context":"https:\/\/schema.org","@graph":[{"@type":"Article","@id":"https:\/\/ocoerente.com.br\/se\/2022\/05\/24\/fabio-mitidieri-eu-quero-ser-o-governador-que-gere-renda-e-emprego-pros-sergipanos\/#article","isPartOf":{"@id":"https:\/\/ocoerente.com.br\/se\/2022\/05\/24\/fabio-mitidieri-eu-quero-ser-o-governador-que-gere-renda-e-emprego-pros-sergipanos\/"},"author":{"name":"Reda\u00e7\u00e3o","@id":"https:\/\/ocoerente.com.br\/se\/#\/schema\/person\/cc6bfd9fbca465e23543b0c963d8d037"},"headline":"F\u00e1bio Mitidieri: \u201cEu quero ser o governador que gere renda e emprego pros sergipanos\u201d","datePublished":"2022-05-25T00:58:42+00:00","dateModified":"2022-05-25T00:58:43+00:00","mainEntityOfPage":{"@id":"https:\/\/ocoerente.com.br\/se\/2022\/05\/24\/fabio-mitidieri-eu-quero-ser-o-governador-que-gere-renda-e-emprego-pros-sergipanos\/"},"wordCount":1692,"publisher":{"@id":"https:\/\/ocoerente.com.br\/se\/#\/schema\/person\/cc6bfd9fbca465e23543b0c963d8d037"},"image":{"@id":"https:\/\/ocoerente.com.br\/se\/2022\/05\/24\/fabio-mitidieri-eu-quero-ser-o-governador-que-gere-renda-e-emprego-pros-sergipanos\/#primaryimage"},"thumbnailUrl":"https:\/\/ocoerente.com.br\/se\/wp-content\/uploads\/2022\/05\/edvmit.jpg","articleSection":["Destaques","Pol\u00edtica"],"inLanguage":"pt-BR"},{"@type":"WebPage","@id":"https:\/\/ocoerente.com.br\/se\/2022\/05\/24\/fabio-mitidieri-eu-quero-ser-o-governador-que-gere-renda-e-emprego-pros-sergipanos\/","url":"https:\/\/ocoerente.com.br\/se\/2022\/05\/24\/fabio-mitidieri-eu-quero-ser-o-governador-que-gere-renda-e-emprego-pros-sergipanos\/","name":"F\u00e1bio Mitidieri: \u201cEu quero ser o governador que gere renda e emprego pros sergipanos\u201d - O Coerente","isPartOf":{"@id":"https:\/\/ocoerente.com.br\/se\/#website"},"primaryImageOfPage":{"@id":"https:\/\/ocoerente.com.br\/se\/2022\/05\/24\/fabio-mitidieri-eu-quero-ser-o-governador-que-gere-renda-e-emprego-pros-sergipanos\/#primaryimage"},"image":{"@id":"https:\/\/ocoerente.com.br\/se\/2022\/05\/24\/fabio-mitidieri-eu-quero-ser-o-governador-que-gere-renda-e-emprego-pros-sergipanos\/#primaryimage"},"thumbnailUrl":"https:\/\/ocoerente.com.br\/se\/wp-content\/uploads\/2022\/05\/edvmit.jpg","datePublished":"2022-05-25T00:58:42+00:00","dateModified":"2022-05-25T00:58:43+00:00","breadcrumb":{"@id":"https:\/\/ocoerente.com.br\/se\/2022\/05\/24\/fabio-mitidieri-eu-quero-ser-o-governador-que-gere-renda-e-emprego-pros-sergipanos\/#breadcrumb"},"inLanguage":"pt-BR","potentialAction":[{"@type":"ReadAction","target":["https:\/\/ocoerente.com.br\/se\/2022\/05\/24\/fabio-mitidieri-eu-quero-ser-o-governador-que-gere-renda-e-emprego-pros-sergipanos\/"]}]},{"@type":"ImageObject","inLanguage":"pt-BR","@id":"https:\/\/ocoerente.com.br\/se\/2022\/05\/24\/fabio-mitidieri-eu-quero-ser-o-governador-que-gere-renda-e-emprego-pros-sergipanos\/#primaryimage","url":"https:\/\/ocoerente.com.br\/se\/wp-content\/uploads\/2022\/05\/edvmit.jpg","contentUrl":"https:\/\/ocoerente.com.br\/se\/wp-content\/uploads\/2022\/05\/edvmit.jpg","width":665,"height":433},{"@type":"BreadcrumbList","@id":"https:\/\/ocoerente.com.br\/se\/2022\/05\/24\/fabio-mitidieri-eu-quero-ser-o-governador-que-gere-renda-e-emprego-pros-sergipanos\/#breadcrumb","itemListElement":[{"@type":"ListItem","position":1,"name":"In\u00edcio","item":"https:\/\/ocoerente.com.br\/se\/"},{"@type":"ListItem","position":2,"name":"F\u00e1bio Mitidieri: \u201cEu quero ser o governador que gere renda e emprego pros sergipanos\u201d"}]},{"@type":"WebSite","@id":"https:\/\/ocoerente.com.br\/se\/#website","url":"https:\/\/ocoerente.com.br\/se\/","name":"O Coerente","description":"","publisher":{"@id":"https:\/\/ocoerente.com.br\/se\/#\/schema\/person\/cc6bfd9fbca465e23543b0c963d8d037"},"potentialAction":[{"@type":"SearchAction","target":{"@type":"EntryPoint","urlTemplate":"https:\/\/ocoerente.com.br\/se\/?s={search_term_string}"},"query-input":{"@type":"PropertyValueSpecification","valueRequired":true,"valueName":"search_term_string"}}],"inLanguage":"pt-BR"},{"@type":["Person","Organization"],"@id":"https:\/\/ocoerente.com.br\/se\/#\/schema\/person\/cc6bfd9fbca465e23543b0c963d8d037","name":"Reda\u00e7\u00e3o","image":{"@type":"ImageObject","inLanguage":"pt-BR","@id":"https:\/\/ocoerente.com.br\/se\/wp-content\/uploads\/2020\/01\/ocoerente-1.png","url":"https:\/\/ocoerente.com.br\/se\/wp-content\/uploads\/2020\/01\/ocoerente-1.png","contentUrl":"https:\/\/ocoerente.com.br\/se\/wp-content\/uploads\/2020\/01\/ocoerente-1.png","width":50,"height":50,"caption":"Reda\u00e7\u00e3o"},"logo":{"@id":"https:\/\/ocoerente.com.br\/se\/wp-content\/uploads\/2020\/01\/ocoerente-1.png"},"url":"https:\/\/ocoerente.com.br\/se\/author\/vasticlsales\/"}]}},"_links":{"self":[{"href":"https:\/\/ocoerente.com.br\/se\/wp-json\/wp\/v2\/posts\/6297","targetHints":{"allow":["GET"]}}],"collection":[{"href":"https:\/\/ocoerente.com.br\/se\/wp-json\/wp\/v2\/posts"}],"about":[{"href":"https:\/\/ocoerente.com.br\/se\/wp-json\/wp\/v2\/types\/post"}],"author":[{"embeddable":true,"href":"https:\/\/ocoerente.com.br\/se\/wp-json\/wp\/v2\/users\/1"}],"replies":[{"embeddable":true,"href":"https:\/\/ocoerente.com.br\/se\/wp-json\/wp\/v2\/comments?post=6297"}],"version-history":[{"count":1,"href":"https:\/\/ocoerente.com.br\/se\/wp-json\/wp\/v2\/posts\/6297\/revisions"}],"predecessor-version":[{"id":6299,"href":"https:\/\/ocoerente.com.br\/se\/wp-json\/wp\/v2\/posts\/6297\/revisions\/6299"}],"wp:featuredmedia":[{"embeddable":true,"href":"https:\/\/ocoerente.com.br\/se\/wp-json\/wp\/v2\/media\/6298"}],"wp:attachment":[{"href":"https:\/\/ocoerente.com.br\/se\/wp-json\/wp\/v2\/media?parent=6297"}],"wp:term":[{"taxonomy":"category","embeddable":true,"href":"https:\/\/ocoerente.com.br\/se\/wp-json\/wp\/v2\/categories?post=6297"},{"taxonomy":"post_tag","embeddable":true,"href":"https:\/\/ocoerente.com.br\/se\/wp-json\/wp\/v2\/tags?post=6297"}],"curies":[{"name":"wp","href":"https:\/\/api.w.org\/{rel}","templated":true}]}}