{"id":6294,"date":"2022-05-23T02:44:50","date_gmt":"2022-05-23T05:44:50","guid":{"rendered":"https:\/\/ocoerente.com.br\/se\/?p=6294"},"modified":"2022-05-23T02:44:51","modified_gmt":"2022-05-23T05:44:51","slug":"evento-sergipe-gasfertil-movimentara-cadeia-produtiva-do-estado","status":"publish","type":"post","link":"https:\/\/ocoerente.com.br\/se\/2022\/05\/23\/evento-sergipe-gasfertil-movimentara-cadeia-produtiva-do-estado\/","title":{"rendered":"Evento Sergipe Gasf\u00e9rtil movimentar\u00e1 cadeia produtiva do estado"},"content":{"rendered":"\n<p>Ser\u00e1 realizado na pr\u00f3xima segunda-feira (23), no Hotel Sesc Atalaia, o Sergipe Gasf\u00e9rtil, evento direcionado para a cadeia produtiva do \u00f3leo e g\u00e1s e fertilizantes de Sergipe, que contar\u00e1 com a participa\u00e7\u00e3o de diversas personalidades do segmento em n\u00edvel nacional e internacional.<\/p>\n\n\n\n<p>O evento contar\u00e1 com uma apresenta\u00e7\u00e3o da Machado &amp; Meyer Advogados, a respeito de estudo sobre royalties e receitas decorrentes da atividade explorat\u00f3ria de \u00f3leo e g\u00e1s no estado, que foi desenvolvido com apoio da Federa\u00e7\u00e3o do Com\u00e9rcio, por meio do Instituto Fecom\u00e9rcio de Pesquisa e Desenvolvimento, e do Governo de Sergipe, atrav\u00e9s da Secretaria de Estado do Desenvolvimento Econ\u00f4mico, Ci\u00eancia e Tecnologia (Sedetec). Al\u00e9m disso, haver\u00e1 ainda apresenta\u00e7\u00e3o da Mastersenso Consultoria, que apresentar\u00e1 o projeto do Polo de Fertilizantes de Sergipe.<\/p>\n\n\n\n<p>De acordo com o presidente do Sistema Fecom\u00e9rcio\/Sesc\/Senac, La\u00e9rcio Oliveira, o evento ser\u00e1 importante para o melhor entendimento de como o estado ser\u00e1 beneficiado com as receitas arrecadadas com a cadeia produtiva do \u00f3leo e g\u00e1s e inicia um projeto importante para o desenvolvimento econ\u00f4mico sergipano, por meio do Polo de Fertilizantes de Sergipe.<\/p>\n\n\n\n<p>\u201cSergipe \u00e9 o estado com maior capacidade no Brasil de explora\u00e7\u00e3o do g\u00e1s natural e isso come\u00e7a a ganhar corpo, com um ano de vig\u00eancia da Lei do G\u00e1s, da qual fui relator, e as empresas do segmento passaram a olhar com bons olhos para Sergipe, vendo as potencialidades de expans\u00e3o da atividade econ\u00f4mica dessa cadeia produtiva que vai gerar milhares de empregos para os sergipanos. E tamb\u00e9m damos o pontap\u00e9 inicial no projeto do Polo de Fertilizantes do estado, pois Sergipe \u00e9 um potencial produtor de fertilizantes e se trabalharmos isso com celeridade e destreza, sairemos na frente em todo o pa\u00eds, j\u00e1 que reunimos todas as capacidades produtivas em nosso estado. S\u00e3o a\u00e7\u00f5es como essa que nos levar\u00e3o \u00e0 vanguarda do setor produtivo brasileiro e internacional, diminuindo a depend\u00eancia de fertilizantes importados, fortalecendo o agroneg\u00f3cio e todas as atividades relacionadas\u201d, disse La\u00e9rcio.<\/p>\n\n\n\n<p>O evento acontecer\u00e1 na segunda-feira, com in\u00edcio \u00e0s 09h, e contar\u00e1 com a participa\u00e7\u00e3o de representantes de grandes empresas do mercado internacional, como a Mosaic, Unigel, New Fortress Energy, EBrasil e Celse. No evento, ser\u00e3o entregues tanto o estudo sobre royalties, como o projeto do Polo de Fertilizantes.<\/p>\n\n\n\n<p>fecomercio-se<\/p>\n","protected":false},"excerpt":{"rendered":"<p>Ser\u00e1 realizado na pr\u00f3xima segunda-feira (23), no Hotel Sesc Atalaia, o Sergipe Gasf\u00e9rtil, evento direcionado para a cadeia produtiva do \u00f3leo e g\u00e1s e fertilizantes de Sergipe, que contar\u00e1 com a participa\u00e7\u00e3o de diversas personalidades do segmento em n\u00edvel nacional e internacional. O evento contar\u00e1 com uma apresenta\u00e7\u00e3o da Machado &amp; Meyer Advogados, a respeito [&hellip;]<\/p>\n","protected":false},"author":1,"featured_media":6295,"comment_status":"closed","ping_status":"closed","sticky":false,"template":"","format":"standard","meta":{"footnotes":""},"categories":[53,43],"tags":[],"class_list":["post-6294","post","type-post","status-publish","format-standard","has-post-thumbnail","hentry","category-destaques","category-sergipe"],"yoast_head":"<!-- This site is optimized with the Yoast SEO plugin v27.4 - https:\/\/yoast.com\/product\/yoast-seo-wordpress\/ -->\n<title>Evento Sergipe Gasf\u00e9rtil movimentar\u00e1 cadeia produtiva do estado - O Coerente<\/title>\n<meta name=\"robots\" content=\"index, follow, max-snippet:-1, max-image-preview:large, max-video-preview:-1\" \/>\n<link rel=\"canonical\" href=\"https:\/\/ocoerente.com.br\/se\/2022\/05\/23\/evento-sergipe-gasfertil-movimentara-cadeia-produtiva-do-estado\/\" \/>\n<meta property=\"og:locale\" content=\"pt_BR\" \/>\n<meta property=\"og:type\" content=\"article\" \/>\n<meta property=\"og:title\" content=\"Evento Sergipe Gasf\u00e9rtil movimentar\u00e1 cadeia produtiva do estado - O Coerente\" \/>\n<meta property=\"og:description\" content=\"Ser\u00e1 realizado na pr\u00f3xima segunda-feira (23), no Hotel Sesc Atalaia, o Sergipe Gasf\u00e9rtil, evento direcionado para a cadeia produtiva do \u00f3leo e g\u00e1s e fertilizantes de Sergipe, que contar\u00e1 com a participa\u00e7\u00e3o de diversas personalidades do segmento em n\u00edvel nacional e internacional. O evento contar\u00e1 com uma apresenta\u00e7\u00e3o da Machado &amp; Meyer Advogados, a respeito [&hellip;]\" \/>\n<meta property=\"og:url\" content=\"https:\/\/ocoerente.com.br\/se\/2022\/05\/23\/evento-sergipe-gasfertil-movimentara-cadeia-produtiva-do-estado\/\" \/>\n<meta property=\"og:site_name\" content=\"O Coerente\" \/>\n<meta property=\"article:published_time\" content=\"2022-05-23T05:44:50+00:00\" \/>\n<meta property=\"article:modified_time\" content=\"2022-05-23T05:44:51+00:00\" \/>\n<meta property=\"og:image\" content=\"https:\/\/ocoerente.com.br\/se\/wp-content\/uploads\/2022\/05\/SergipeGasFertil_.jpg\" \/>\n\t<meta property=\"og:image:width\" content=\"1024\" \/>\n\t<meta property=\"og:image:height\" content=\"722\" \/>\n\t<meta property=\"og:image:type\" content=\"image\/jpeg\" \/>\n<meta name=\"author\" content=\"Reda\u00e7\u00e3o\" \/>\n<meta name=\"twitter:card\" content=\"summary_large_image\" \/>\n<meta name=\"twitter:label1\" content=\"Escrito por\" \/>\n\t<meta name=\"twitter:data1\" content=\"Reda\u00e7\u00e3o\" \/>\n\t<meta name=\"twitter:label2\" content=\"Est. tempo de leitura\" \/>\n\t<meta name=\"twitter:data2\" content=\"3 minutos\" \/>\n<script type=\"application\/ld+json\" class=\"yoast-schema-graph\">{\"@context\":\"https:\\\/\\\/schema.org\",\"@graph\":[{\"@type\":\"Article\",\"@id\":\"https:\\\/\\\/ocoerente.com.br\\\/se\\\/2022\\\/05\\\/23\\\/evento-sergipe-gasfertil-movimentara-cadeia-produtiva-do-estado\\\/#article\",\"isPartOf\":{\"@id\":\"https:\\\/\\\/ocoerente.com.br\\\/se\\\/2022\\\/05\\\/23\\\/evento-sergipe-gasfertil-movimentara-cadeia-produtiva-do-estado\\\/\"},\"author\":{\"name\":\"Reda\u00e7\u00e3o\",\"@id\":\"https:\\\/\\\/ocoerente.com.br\\\/se\\\/#\\\/schema\\\/person\\\/cc6bfd9fbca465e23543b0c963d8d037\"},\"headline\":\"Evento Sergipe Gasf\u00e9rtil movimentar\u00e1 cadeia produtiva do estado\",\"datePublished\":\"2022-05-23T05:44:50+00:00\",\"dateModified\":\"2022-05-23T05:44:51+00:00\",\"mainEntityOfPage\":{\"@id\":\"https:\\\/\\\/ocoerente.com.br\\\/se\\\/2022\\\/05\\\/23\\\/evento-sergipe-gasfertil-movimentara-cadeia-produtiva-do-estado\\\/\"},\"wordCount\":416,\"publisher\":{\"@id\":\"https:\\\/\\\/ocoerente.com.br\\\/se\\\/#\\\/schema\\\/person\\\/cc6bfd9fbca465e23543b0c963d8d037\"},\"image\":{\"@id\":\"https:\\\/\\\/ocoerente.com.br\\\/se\\\/2022\\\/05\\\/23\\\/evento-sergipe-gasfertil-movimentara-cadeia-produtiva-do-estado\\\/#primaryimage\"},\"thumbnailUrl\":\"https:\\\/\\\/ocoerente.com.br\\\/se\\\/wp-content\\\/uploads\\\/2022\\\/05\\\/SergipeGasFertil_.jpg\",\"articleSection\":[\"Destaques\",\"Sergipe\"],\"inLanguage\":\"pt-BR\"},{\"@type\":\"WebPage\",\"@id\":\"https:\\\/\\\/ocoerente.com.br\\\/se\\\/2022\\\/05\\\/23\\\/evento-sergipe-gasfertil-movimentara-cadeia-produtiva-do-estado\\\/\",\"url\":\"https:\\\/\\\/ocoerente.com.br\\\/se\\\/2022\\\/05\\\/23\\\/evento-sergipe-gasfertil-movimentara-cadeia-produtiva-do-estado\\\/\",\"name\":\"Evento Sergipe Gasf\u00e9rtil movimentar\u00e1 cadeia produtiva do estado - O Coerente\",\"isPartOf\":{\"@id\":\"https:\\\/\\\/ocoerente.com.br\\\/se\\\/#website\"},\"primaryImageOfPage\":{\"@id\":\"https:\\\/\\\/ocoerente.com.br\\\/se\\\/2022\\\/05\\\/23\\\/evento-sergipe-gasfertil-movimentara-cadeia-produtiva-do-estado\\\/#primaryimage\"},\"image\":{\"@id\":\"https:\\\/\\\/ocoerente.com.br\\\/se\\\/2022\\\/05\\\/23\\\/evento-sergipe-gasfertil-movimentara-cadeia-produtiva-do-estado\\\/#primaryimage\"},\"thumbnailUrl\":\"https:\\\/\\\/ocoerente.com.br\\\/se\\\/wp-content\\\/uploads\\\/2022\\\/05\\\/SergipeGasFertil_.jpg\",\"datePublished\":\"2022-05-23T05:44:50+00:00\",\"dateModified\":\"2022-05-23T05:44:51+00:00\",\"breadcrumb\":{\"@id\":\"https:\\\/\\\/ocoerente.com.br\\\/se\\\/2022\\\/05\\\/23\\\/evento-sergipe-gasfertil-movimentara-cadeia-produtiva-do-estado\\\/#breadcrumb\"},\"inLanguage\":\"pt-BR\",\"potentialAction\":[{\"@type\":\"ReadAction\",\"target\":[\"https:\\\/\\\/ocoerente.com.br\\\/se\\\/2022\\\/05\\\/23\\\/evento-sergipe-gasfertil-movimentara-cadeia-produtiva-do-estado\\\/\"]}]},{\"@type\":\"ImageObject\",\"inLanguage\":\"pt-BR\",\"@id\":\"https:\\\/\\\/ocoerente.com.br\\\/se\\\/2022\\\/05\\\/23\\\/evento-sergipe-gasfertil-movimentara-cadeia-produtiva-do-estado\\\/#primaryimage\",\"url\":\"https:\\\/\\\/ocoerente.com.br\\\/se\\\/wp-content\\\/uploads\\\/2022\\\/05\\\/SergipeGasFertil_.jpg\",\"contentUrl\":\"https:\\\/\\\/ocoerente.com.br\\\/se\\\/wp-content\\\/uploads\\\/2022\\\/05\\\/SergipeGasFertil_.jpg\",\"width\":1024,\"height\":722},{\"@type\":\"BreadcrumbList\",\"@id\":\"https:\\\/\\\/ocoerente.com.br\\\/se\\\/2022\\\/05\\\/23\\\/evento-sergipe-gasfertil-movimentara-cadeia-produtiva-do-estado\\\/#breadcrumb\",\"itemListElement\":[{\"@type\":\"ListItem\",\"position\":1,\"name\":\"In\u00edcio\",\"item\":\"https:\\\/\\\/ocoerente.com.br\\\/se\\\/\"},{\"@type\":\"ListItem\",\"position\":2,\"name\":\"Evento Sergipe Gasf\u00e9rtil movimentar\u00e1 cadeia produtiva do estado\"}]},{\"@type\":\"WebSite\",\"@id\":\"https:\\\/\\\/ocoerente.com.br\\\/se\\\/#website\",\"url\":\"https:\\\/\\\/ocoerente.com.br\\\/se\\\/\",\"name\":\"O Coerente\",\"description\":\"\",\"publisher\":{\"@id\":\"https:\\\/\\\/ocoerente.com.br\\\/se\\\/#\\\/schema\\\/person\\\/cc6bfd9fbca465e23543b0c963d8d037\"},\"potentialAction\":[{\"@type\":\"SearchAction\",\"target\":{\"@type\":\"EntryPoint\",\"urlTemplate\":\"https:\\\/\\\/ocoerente.com.br\\\/se\\\/?s={search_term_string}\"},\"query-input\":{\"@type\":\"PropertyValueSpecification\",\"valueRequired\":true,\"valueName\":\"search_term_string\"}}],\"inLanguage\":\"pt-BR\"},{\"@type\":[\"Person\",\"Organization\"],\"@id\":\"https:\\\/\\\/ocoerente.com.br\\\/se\\\/#\\\/schema\\\/person\\\/cc6bfd9fbca465e23543b0c963d8d037\",\"name\":\"Reda\u00e7\u00e3o\",\"image\":{\"@type\":\"ImageObject\",\"inLanguage\":\"pt-BR\",\"@id\":\"https:\\\/\\\/ocoerente.com.br\\\/se\\\/wp-content\\\/uploads\\\/2020\\\/01\\\/ocoerente-1.png\",\"url\":\"https:\\\/\\\/ocoerente.com.br\\\/se\\\/wp-content\\\/uploads\\\/2020\\\/01\\\/ocoerente-1.png\",\"contentUrl\":\"https:\\\/\\\/ocoerente.com.br\\\/se\\\/wp-content\\\/uploads\\\/2020\\\/01\\\/ocoerente-1.png\",\"width\":50,\"height\":50,\"caption\":\"Reda\u00e7\u00e3o\"},\"logo\":{\"@id\":\"https:\\\/\\\/ocoerente.com.br\\\/se\\\/wp-content\\\/uploads\\\/2020\\\/01\\\/ocoerente-1.png\"},\"url\":\"https:\\\/\\\/ocoerente.com.br\\\/se\\\/author\\\/vasticlsales\\\/\"}]}<\/script>\n<!-- \/ Yoast SEO plugin. -->","yoast_head_json":{"title":"Evento Sergipe Gasf\u00e9rtil movimentar\u00e1 cadeia produtiva do estado - O Coerente","robots":{"index":"index","follow":"follow","max-snippet":"max-snippet:-1","max-image-preview":"max-image-preview:large","max-video-preview":"max-video-preview:-1"},"canonical":"https:\/\/ocoerente.com.br\/se\/2022\/05\/23\/evento-sergipe-gasfertil-movimentara-cadeia-produtiva-do-estado\/","og_locale":"pt_BR","og_type":"article","og_title":"Evento Sergipe Gasf\u00e9rtil movimentar\u00e1 cadeia produtiva do estado - O Coerente","og_description":"Ser\u00e1 realizado na pr\u00f3xima segunda-feira (23), no Hotel Sesc Atalaia, o Sergipe Gasf\u00e9rtil, evento direcionado para a cadeia produtiva do \u00f3leo e g\u00e1s e fertilizantes de Sergipe, que contar\u00e1 com a participa\u00e7\u00e3o de diversas personalidades do segmento em n\u00edvel nacional e internacional. O evento contar\u00e1 com uma apresenta\u00e7\u00e3o da Machado &amp; Meyer Advogados, a respeito [&hellip;]","og_url":"https:\/\/ocoerente.com.br\/se\/2022\/05\/23\/evento-sergipe-gasfertil-movimentara-cadeia-produtiva-do-estado\/","og_site_name":"O Coerente","article_published_time":"2022-05-23T05:44:50+00:00","article_modified_time":"2022-05-23T05:44:51+00:00","og_image":[{"width":1024,"height":722,"url":"https:\/\/ocoerente.com.br\/se\/wp-content\/uploads\/2022\/05\/SergipeGasFertil_.jpg","type":"image\/jpeg"}],"author":"Reda\u00e7\u00e3o","twitter_card":"summary_large_image","twitter_misc":{"Escrito por":"Reda\u00e7\u00e3o","Est. tempo de leitura":"3 minutos"},"schema":{"@context":"https:\/\/schema.org","@graph":[{"@type":"Article","@id":"https:\/\/ocoerente.com.br\/se\/2022\/05\/23\/evento-sergipe-gasfertil-movimentara-cadeia-produtiva-do-estado\/#article","isPartOf":{"@id":"https:\/\/ocoerente.com.br\/se\/2022\/05\/23\/evento-sergipe-gasfertil-movimentara-cadeia-produtiva-do-estado\/"},"author":{"name":"Reda\u00e7\u00e3o","@id":"https:\/\/ocoerente.com.br\/se\/#\/schema\/person\/cc6bfd9fbca465e23543b0c963d8d037"},"headline":"Evento Sergipe Gasf\u00e9rtil movimentar\u00e1 cadeia produtiva do estado","datePublished":"2022-05-23T05:44:50+00:00","dateModified":"2022-05-23T05:44:51+00:00","mainEntityOfPage":{"@id":"https:\/\/ocoerente.com.br\/se\/2022\/05\/23\/evento-sergipe-gasfertil-movimentara-cadeia-produtiva-do-estado\/"},"wordCount":416,"publisher":{"@id":"https:\/\/ocoerente.com.br\/se\/#\/schema\/person\/cc6bfd9fbca465e23543b0c963d8d037"},"image":{"@id":"https:\/\/ocoerente.com.br\/se\/2022\/05\/23\/evento-sergipe-gasfertil-movimentara-cadeia-produtiva-do-estado\/#primaryimage"},"thumbnailUrl":"https:\/\/ocoerente.com.br\/se\/wp-content\/uploads\/2022\/05\/SergipeGasFertil_.jpg","articleSection":["Destaques","Sergipe"],"inLanguage":"pt-BR"},{"@type":"WebPage","@id":"https:\/\/ocoerente.com.br\/se\/2022\/05\/23\/evento-sergipe-gasfertil-movimentara-cadeia-produtiva-do-estado\/","url":"https:\/\/ocoerente.com.br\/se\/2022\/05\/23\/evento-sergipe-gasfertil-movimentara-cadeia-produtiva-do-estado\/","name":"Evento Sergipe Gasf\u00e9rtil movimentar\u00e1 cadeia produtiva do estado - O Coerente","isPartOf":{"@id":"https:\/\/ocoerente.com.br\/se\/#website"},"primaryImageOfPage":{"@id":"https:\/\/ocoerente.com.br\/se\/2022\/05\/23\/evento-sergipe-gasfertil-movimentara-cadeia-produtiva-do-estado\/#primaryimage"},"image":{"@id":"https:\/\/ocoerente.com.br\/se\/2022\/05\/23\/evento-sergipe-gasfertil-movimentara-cadeia-produtiva-do-estado\/#primaryimage"},"thumbnailUrl":"https:\/\/ocoerente.com.br\/se\/wp-content\/uploads\/2022\/05\/SergipeGasFertil_.jpg","datePublished":"2022-05-23T05:44:50+00:00","dateModified":"2022-05-23T05:44:51+00:00","breadcrumb":{"@id":"https:\/\/ocoerente.com.br\/se\/2022\/05\/23\/evento-sergipe-gasfertil-movimentara-cadeia-produtiva-do-estado\/#breadcrumb"},"inLanguage":"pt-BR","potentialAction":[{"@type":"ReadAction","target":["https:\/\/ocoerente.com.br\/se\/2022\/05\/23\/evento-sergipe-gasfertil-movimentara-cadeia-produtiva-do-estado\/"]}]},{"@type":"ImageObject","inLanguage":"pt-BR","@id":"https:\/\/ocoerente.com.br\/se\/2022\/05\/23\/evento-sergipe-gasfertil-movimentara-cadeia-produtiva-do-estado\/#primaryimage","url":"https:\/\/ocoerente.com.br\/se\/wp-content\/uploads\/2022\/05\/SergipeGasFertil_.jpg","contentUrl":"https:\/\/ocoerente.com.br\/se\/wp-content\/uploads\/2022\/05\/SergipeGasFertil_.jpg","width":1024,"height":722},{"@type":"BreadcrumbList","@id":"https:\/\/ocoerente.com.br\/se\/2022\/05\/23\/evento-sergipe-gasfertil-movimentara-cadeia-produtiva-do-estado\/#breadcrumb","itemListElement":[{"@type":"ListItem","position":1,"name":"In\u00edcio","item":"https:\/\/ocoerente.com.br\/se\/"},{"@type":"ListItem","position":2,"name":"Evento Sergipe Gasf\u00e9rtil movimentar\u00e1 cadeia produtiva do estado"}]},{"@type":"WebSite","@id":"https:\/\/ocoerente.com.br\/se\/#website","url":"https:\/\/ocoerente.com.br\/se\/","name":"O Coerente","description":"","publisher":{"@id":"https:\/\/ocoerente.com.br\/se\/#\/schema\/person\/cc6bfd9fbca465e23543b0c963d8d037"},"potentialAction":[{"@type":"SearchAction","target":{"@type":"EntryPoint","urlTemplate":"https:\/\/ocoerente.com.br\/se\/?s={search_term_string}"},"query-input":{"@type":"PropertyValueSpecification","valueRequired":true,"valueName":"search_term_string"}}],"inLanguage":"pt-BR"},{"@type":["Person","Organization"],"@id":"https:\/\/ocoerente.com.br\/se\/#\/schema\/person\/cc6bfd9fbca465e23543b0c963d8d037","name":"Reda\u00e7\u00e3o","image":{"@type":"ImageObject","inLanguage":"pt-BR","@id":"https:\/\/ocoerente.com.br\/se\/wp-content\/uploads\/2020\/01\/ocoerente-1.png","url":"https:\/\/ocoerente.com.br\/se\/wp-content\/uploads\/2020\/01\/ocoerente-1.png","contentUrl":"https:\/\/ocoerente.com.br\/se\/wp-content\/uploads\/2020\/01\/ocoerente-1.png","width":50,"height":50,"caption":"Reda\u00e7\u00e3o"},"logo":{"@id":"https:\/\/ocoerente.com.br\/se\/wp-content\/uploads\/2020\/01\/ocoerente-1.png"},"url":"https:\/\/ocoerente.com.br\/se\/author\/vasticlsales\/"}]}},"_links":{"self":[{"href":"https:\/\/ocoerente.com.br\/se\/wp-json\/wp\/v2\/posts\/6294","targetHints":{"allow":["GET"]}}],"collection":[{"href":"https:\/\/ocoerente.com.br\/se\/wp-json\/wp\/v2\/posts"}],"about":[{"href":"https:\/\/ocoerente.com.br\/se\/wp-json\/wp\/v2\/types\/post"}],"author":[{"embeddable":true,"href":"https:\/\/ocoerente.com.br\/se\/wp-json\/wp\/v2\/users\/1"}],"replies":[{"embeddable":true,"href":"https:\/\/ocoerente.com.br\/se\/wp-json\/wp\/v2\/comments?post=6294"}],"version-history":[{"count":1,"href":"https:\/\/ocoerente.com.br\/se\/wp-json\/wp\/v2\/posts\/6294\/revisions"}],"predecessor-version":[{"id":6296,"href":"https:\/\/ocoerente.com.br\/se\/wp-json\/wp\/v2\/posts\/6294\/revisions\/6296"}],"wp:featuredmedia":[{"embeddable":true,"href":"https:\/\/ocoerente.com.br\/se\/wp-json\/wp\/v2\/media\/6295"}],"wp:attachment":[{"href":"https:\/\/ocoerente.com.br\/se\/wp-json\/wp\/v2\/media?parent=6294"}],"wp:term":[{"taxonomy":"category","embeddable":true,"href":"https:\/\/ocoerente.com.br\/se\/wp-json\/wp\/v2\/categories?post=6294"},{"taxonomy":"post_tag","embeddable":true,"href":"https:\/\/ocoerente.com.br\/se\/wp-json\/wp\/v2\/tags?post=6294"}],"curies":[{"name":"wp","href":"https:\/\/api.w.org\/{rel}","templated":true}]}}