{"id":6282,"date":"2022-05-21T00:56:54","date_gmt":"2022-05-21T03:56:54","guid":{"rendered":"https:\/\/ocoerente.com.br\/se\/?p=6282"},"modified":"2022-05-21T00:56:55","modified_gmt":"2022-05-21T03:56:55","slug":"prefeitura-atua-proativamente-para-atender-ocorrencias-procedentes-da-chuva","status":"publish","type":"post","link":"https:\/\/ocoerente.com.br\/se\/2022\/05\/21\/prefeitura-atua-proativamente-para-atender-ocorrencias-procedentes-da-chuva\/","title":{"rendered":"Prefeitura atua proativamente para atender ocorr\u00eancias procedentes da chuva"},"content":{"rendered":"\n<p>Nas \u00faltimas horas, confirmou-se a previs\u00e3o de que uma frente fria chegaria \u00e0 capital trazendo chuvas intensas, de maneira que a Prefeitura de Aracaju, por meio da integra\u00e7\u00e3o de equipes, tem atuado proativamente, desde a madrugada desta sexta-feira, 20, a fim de mitigar poss\u00edveis transtornos. At\u00e9 o momento, 11 ocorr\u00eancias foram registradas, sem gravidade, e j\u00e1 atendidas pelas pastas competentes.<\/p>\n\n\n\n<p>Das ocorr\u00eancias, quatro dizem respeito a risco de desabamento: uma registrada no Jap\u00e3ozinho, onde foi preciso realizar uma interdi\u00e7\u00e3o total da resid\u00eancia e realoca\u00e7\u00e3o em seguran\u00e7a dos moradores, uma na Getimana, relacionada a um muro avariado, e outras duas no Jabotiana, com uma interdi\u00e7\u00e3o parcial e um registro de infiltra\u00e7\u00f5es em um apartamento. Todo o processo foi feito pelos t\u00e9cnicos da Defesa Civil e acompanhado pela Secretaria Municipal da Assist\u00eancia Social.<\/p>\n\n\n\n<p>Outras quatro foram alagamentos em vias, no Jabotiana, Jardins, Bugio e Santa Maria, para onde foram mandadas equipes da Empresa Municipal de Obras e Urbaniza\u00e7\u00e3o (Emurb) para realizar a desobstru\u00e7\u00e3o das bocas de lobo e conseguir o escoamento da \u00e1gua acumulada.\u00a0<\/p>\n\n\n\n<p>Por fim, no Olaria, a administra\u00e7\u00e3o municipal foi acionada acerca da possibilidade de desabamento de uma \u00e1rvore. Assim, uma equipe da Empresa Municipal de Servi\u00e7os Urbanos (Emsurb), foi ao local garantir a supress\u00e3o da esp\u00e9cie e evitar qualquer possibilidade de acidente.<\/p>\n\n\n\n<p>\u201cTodo esse engajamento da Prefeitura diminui os impactos dessas chuvas. Nossas equipes est\u00e3o nas ruas desde antes da chuva come\u00e7ar, fazendo monitoramento, atuando proativamente para que tenhamos um tempo de resposta e recupera\u00e7\u00e3o pequeno. Assim, apesar dos 60 mil\u00edmetros em 12 horas, a situa\u00e7\u00e3o \u00e9 tranquila\u201d, explica o secret\u00e1rio da Defesa Social e da Cidadania, tenente-coronel Silvio Prado.<\/p>\n\n\n\n<p>Com a previs\u00e3o de que a chuva continue at\u00e9 as 7h deste s\u00e1bado, 21, a Prefeitura continuar\u00e1 atenta para prestar todo o aux\u00edlio necess\u00e1rio \u00e0 popula\u00e7\u00e3o aracajuana. Em caso de emerg\u00eancia, \u00e9 poss\u00edvel acionar a Defesa Civil atrav\u00e9s do servi\u00e7o 199, que funciona 24h.<\/p>\n\n\n\n<p><strong>Alerta<\/strong><\/p>\n\n\n\n<p>Como um m\u00e9todo de preven\u00e7\u00e3o, a Prefeitura mant\u00e9m a popula\u00e7\u00e3o informada sobre a previs\u00e3o de chuva intensa na capital, por meio do Servi\u00e7o de Alerta por SMS 40199, que funciona h\u00e1 quatro anos e j\u00e1 possui mais de 51 mil contatos telef\u00f4nicos cadastrados. O sistema possibilita que a popula\u00e7\u00e3o receba, de maneira antecipada, informa\u00e7\u00f5es sobre as condi\u00e7\u00f5es clim\u00e1ticas bem como alertas sobre os fen\u00f4menos que precisam de uma maior aten\u00e7\u00e3o.<\/p>\n\n\n\n<p>Para realizar o cadastro, basta enviar uma mensagem via SMS para o n\u00famero 40199 e colocar no campo da mensagem o CEP do local sobre o qual deseja receber informa\u00e7\u00f5es. A mesma pessoa pode cadastrar mais de um CEP, caso tenha interesse.<\/p>\n\n\n\n<p>AAN<\/p>\n","protected":false},"excerpt":{"rendered":"<p>Nas \u00faltimas horas, confirmou-se a previs\u00e3o de que uma frente fria chegaria \u00e0 capital trazendo chuvas intensas, de maneira que a Prefeitura de Aracaju, por meio da integra\u00e7\u00e3o de equipes, tem atuado proativamente, desde a madrugada desta sexta-feira, 20, a fim de mitigar poss\u00edveis transtornos. At\u00e9 o momento, 11 ocorr\u00eancias foram registradas, sem gravidade, e [&hellip;]<\/p>\n","protected":false},"author":1,"featured_media":6283,"comment_status":"closed","ping_status":"closed","sticky":false,"template":"","format":"standard","meta":{"footnotes":""},"categories":[53,43],"tags":[],"class_list":["post-6282","post","type-post","status-publish","format-standard","has-post-thumbnail","hentry","category-destaques","category-sergipe"],"yoast_head":"<!-- This site is optimized with the Yoast SEO plugin v27.4 - https:\/\/yoast.com\/product\/yoast-seo-wordpress\/ -->\n<title>Prefeitura atua proativamente para atender ocorr\u00eancias procedentes da chuva - O Coerente<\/title>\n<meta name=\"robots\" content=\"index, follow, max-snippet:-1, max-image-preview:large, max-video-preview:-1\" \/>\n<link rel=\"canonical\" href=\"https:\/\/ocoerente.com.br\/se\/2022\/05\/21\/prefeitura-atua-proativamente-para-atender-ocorrencias-procedentes-da-chuva\/\" \/>\n<meta property=\"og:locale\" content=\"pt_BR\" \/>\n<meta property=\"og:type\" content=\"article\" \/>\n<meta property=\"og:title\" content=\"Prefeitura atua proativamente para atender ocorr\u00eancias procedentes da chuva - O Coerente\" \/>\n<meta property=\"og:description\" content=\"Nas \u00faltimas horas, confirmou-se a previs\u00e3o de que uma frente fria chegaria \u00e0 capital trazendo chuvas intensas, de maneira que a Prefeitura de Aracaju, por meio da integra\u00e7\u00e3o de equipes, tem atuado proativamente, desde a madrugada desta sexta-feira, 20, a fim de mitigar poss\u00edveis transtornos. At\u00e9 o momento, 11 ocorr\u00eancias foram registradas, sem gravidade, e [&hellip;]\" \/>\n<meta property=\"og:url\" content=\"https:\/\/ocoerente.com.br\/se\/2022\/05\/21\/prefeitura-atua-proativamente-para-atender-ocorrencias-procedentes-da-chuva\/\" \/>\n<meta property=\"og:site_name\" content=\"O Coerente\" \/>\n<meta property=\"article:published_time\" content=\"2022-05-21T03:56:54+00:00\" \/>\n<meta property=\"article:modified_time\" content=\"2022-05-21T03:56:55+00:00\" \/>\n<meta property=\"og:image\" content=\"https:\/\/ocoerente.com.br\/se\/wp-content\/uploads\/2022\/05\/chuvaoroc.jpg\" \/>\n\t<meta property=\"og:image:width\" content=\"1024\" \/>\n\t<meta property=\"og:image:height\" content=\"683\" \/>\n\t<meta property=\"og:image:type\" content=\"image\/jpeg\" \/>\n<meta name=\"author\" content=\"Reda\u00e7\u00e3o\" \/>\n<meta name=\"twitter:card\" content=\"summary_large_image\" \/>\n<meta name=\"twitter:label1\" content=\"Escrito por\" \/>\n\t<meta name=\"twitter:data1\" content=\"Reda\u00e7\u00e3o\" \/>\n\t<meta name=\"twitter:label2\" content=\"Est. tempo de leitura\" \/>\n\t<meta name=\"twitter:data2\" content=\"3 minutos\" \/>\n<script type=\"application\/ld+json\" class=\"yoast-schema-graph\">{\"@context\":\"https:\\\/\\\/schema.org\",\"@graph\":[{\"@type\":\"Article\",\"@id\":\"https:\\\/\\\/ocoerente.com.br\\\/se\\\/2022\\\/05\\\/21\\\/prefeitura-atua-proativamente-para-atender-ocorrencias-procedentes-da-chuva\\\/#article\",\"isPartOf\":{\"@id\":\"https:\\\/\\\/ocoerente.com.br\\\/se\\\/2022\\\/05\\\/21\\\/prefeitura-atua-proativamente-para-atender-ocorrencias-procedentes-da-chuva\\\/\"},\"author\":{\"name\":\"Reda\u00e7\u00e3o\",\"@id\":\"https:\\\/\\\/ocoerente.com.br\\\/se\\\/#\\\/schema\\\/person\\\/cc6bfd9fbca465e23543b0c963d8d037\"},\"headline\":\"Prefeitura atua proativamente para atender ocorr\u00eancias procedentes da chuva\",\"datePublished\":\"2022-05-21T03:56:54+00:00\",\"dateModified\":\"2022-05-21T03:56:55+00:00\",\"mainEntityOfPage\":{\"@id\":\"https:\\\/\\\/ocoerente.com.br\\\/se\\\/2022\\\/05\\\/21\\\/prefeitura-atua-proativamente-para-atender-ocorrencias-procedentes-da-chuva\\\/\"},\"wordCount\":476,\"publisher\":{\"@id\":\"https:\\\/\\\/ocoerente.com.br\\\/se\\\/#\\\/schema\\\/person\\\/cc6bfd9fbca465e23543b0c963d8d037\"},\"image\":{\"@id\":\"https:\\\/\\\/ocoerente.com.br\\\/se\\\/2022\\\/05\\\/21\\\/prefeitura-atua-proativamente-para-atender-ocorrencias-procedentes-da-chuva\\\/#primaryimage\"},\"thumbnailUrl\":\"https:\\\/\\\/ocoerente.com.br\\\/se\\\/wp-content\\\/uploads\\\/2022\\\/05\\\/chuvaoroc.jpg\",\"articleSection\":[\"Destaques\",\"Sergipe\"],\"inLanguage\":\"pt-BR\"},{\"@type\":\"WebPage\",\"@id\":\"https:\\\/\\\/ocoerente.com.br\\\/se\\\/2022\\\/05\\\/21\\\/prefeitura-atua-proativamente-para-atender-ocorrencias-procedentes-da-chuva\\\/\",\"url\":\"https:\\\/\\\/ocoerente.com.br\\\/se\\\/2022\\\/05\\\/21\\\/prefeitura-atua-proativamente-para-atender-ocorrencias-procedentes-da-chuva\\\/\",\"name\":\"Prefeitura atua proativamente para atender ocorr\u00eancias procedentes da chuva - O Coerente\",\"isPartOf\":{\"@id\":\"https:\\\/\\\/ocoerente.com.br\\\/se\\\/#website\"},\"primaryImageOfPage\":{\"@id\":\"https:\\\/\\\/ocoerente.com.br\\\/se\\\/2022\\\/05\\\/21\\\/prefeitura-atua-proativamente-para-atender-ocorrencias-procedentes-da-chuva\\\/#primaryimage\"},\"image\":{\"@id\":\"https:\\\/\\\/ocoerente.com.br\\\/se\\\/2022\\\/05\\\/21\\\/prefeitura-atua-proativamente-para-atender-ocorrencias-procedentes-da-chuva\\\/#primaryimage\"},\"thumbnailUrl\":\"https:\\\/\\\/ocoerente.com.br\\\/se\\\/wp-content\\\/uploads\\\/2022\\\/05\\\/chuvaoroc.jpg\",\"datePublished\":\"2022-05-21T03:56:54+00:00\",\"dateModified\":\"2022-05-21T03:56:55+00:00\",\"breadcrumb\":{\"@id\":\"https:\\\/\\\/ocoerente.com.br\\\/se\\\/2022\\\/05\\\/21\\\/prefeitura-atua-proativamente-para-atender-ocorrencias-procedentes-da-chuva\\\/#breadcrumb\"},\"inLanguage\":\"pt-BR\",\"potentialAction\":[{\"@type\":\"ReadAction\",\"target\":[\"https:\\\/\\\/ocoerente.com.br\\\/se\\\/2022\\\/05\\\/21\\\/prefeitura-atua-proativamente-para-atender-ocorrencias-procedentes-da-chuva\\\/\"]}]},{\"@type\":\"ImageObject\",\"inLanguage\":\"pt-BR\",\"@id\":\"https:\\\/\\\/ocoerente.com.br\\\/se\\\/2022\\\/05\\\/21\\\/prefeitura-atua-proativamente-para-atender-ocorrencias-procedentes-da-chuva\\\/#primaryimage\",\"url\":\"https:\\\/\\\/ocoerente.com.br\\\/se\\\/wp-content\\\/uploads\\\/2022\\\/05\\\/chuvaoroc.jpg\",\"contentUrl\":\"https:\\\/\\\/ocoerente.com.br\\\/se\\\/wp-content\\\/uploads\\\/2022\\\/05\\\/chuvaoroc.jpg\",\"width\":1024,\"height\":683,\"caption\":\"Fotos: Marcelle Cristinne\"},{\"@type\":\"BreadcrumbList\",\"@id\":\"https:\\\/\\\/ocoerente.com.br\\\/se\\\/2022\\\/05\\\/21\\\/prefeitura-atua-proativamente-para-atender-ocorrencias-procedentes-da-chuva\\\/#breadcrumb\",\"itemListElement\":[{\"@type\":\"ListItem\",\"position\":1,\"name\":\"In\u00edcio\",\"item\":\"https:\\\/\\\/ocoerente.com.br\\\/se\\\/\"},{\"@type\":\"ListItem\",\"position\":2,\"name\":\"Prefeitura atua proativamente para atender ocorr\u00eancias procedentes da chuva\"}]},{\"@type\":\"WebSite\",\"@id\":\"https:\\\/\\\/ocoerente.com.br\\\/se\\\/#website\",\"url\":\"https:\\\/\\\/ocoerente.com.br\\\/se\\\/\",\"name\":\"O Coerente\",\"description\":\"\",\"publisher\":{\"@id\":\"https:\\\/\\\/ocoerente.com.br\\\/se\\\/#\\\/schema\\\/person\\\/cc6bfd9fbca465e23543b0c963d8d037\"},\"potentialAction\":[{\"@type\":\"SearchAction\",\"target\":{\"@type\":\"EntryPoint\",\"urlTemplate\":\"https:\\\/\\\/ocoerente.com.br\\\/se\\\/?s={search_term_string}\"},\"query-input\":{\"@type\":\"PropertyValueSpecification\",\"valueRequired\":true,\"valueName\":\"search_term_string\"}}],\"inLanguage\":\"pt-BR\"},{\"@type\":[\"Person\",\"Organization\"],\"@id\":\"https:\\\/\\\/ocoerente.com.br\\\/se\\\/#\\\/schema\\\/person\\\/cc6bfd9fbca465e23543b0c963d8d037\",\"name\":\"Reda\u00e7\u00e3o\",\"image\":{\"@type\":\"ImageObject\",\"inLanguage\":\"pt-BR\",\"@id\":\"https:\\\/\\\/ocoerente.com.br\\\/se\\\/wp-content\\\/uploads\\\/2020\\\/01\\\/ocoerente-1.png\",\"url\":\"https:\\\/\\\/ocoerente.com.br\\\/se\\\/wp-content\\\/uploads\\\/2020\\\/01\\\/ocoerente-1.png\",\"contentUrl\":\"https:\\\/\\\/ocoerente.com.br\\\/se\\\/wp-content\\\/uploads\\\/2020\\\/01\\\/ocoerente-1.png\",\"width\":50,\"height\":50,\"caption\":\"Reda\u00e7\u00e3o\"},\"logo\":{\"@id\":\"https:\\\/\\\/ocoerente.com.br\\\/se\\\/wp-content\\\/uploads\\\/2020\\\/01\\\/ocoerente-1.png\"},\"url\":\"https:\\\/\\\/ocoerente.com.br\\\/se\\\/author\\\/vasticlsales\\\/\"}]}<\/script>\n<!-- \/ Yoast SEO plugin. -->","yoast_head_json":{"title":"Prefeitura atua proativamente para atender ocorr\u00eancias procedentes da chuva - O Coerente","robots":{"index":"index","follow":"follow","max-snippet":"max-snippet:-1","max-image-preview":"max-image-preview:large","max-video-preview":"max-video-preview:-1"},"canonical":"https:\/\/ocoerente.com.br\/se\/2022\/05\/21\/prefeitura-atua-proativamente-para-atender-ocorrencias-procedentes-da-chuva\/","og_locale":"pt_BR","og_type":"article","og_title":"Prefeitura atua proativamente para atender ocorr\u00eancias procedentes da chuva - O Coerente","og_description":"Nas \u00faltimas horas, confirmou-se a previs\u00e3o de que uma frente fria chegaria \u00e0 capital trazendo chuvas intensas, de maneira que a Prefeitura de Aracaju, por meio da integra\u00e7\u00e3o de equipes, tem atuado proativamente, desde a madrugada desta sexta-feira, 20, a fim de mitigar poss\u00edveis transtornos. At\u00e9 o momento, 11 ocorr\u00eancias foram registradas, sem gravidade, e [&hellip;]","og_url":"https:\/\/ocoerente.com.br\/se\/2022\/05\/21\/prefeitura-atua-proativamente-para-atender-ocorrencias-procedentes-da-chuva\/","og_site_name":"O Coerente","article_published_time":"2022-05-21T03:56:54+00:00","article_modified_time":"2022-05-21T03:56:55+00:00","og_image":[{"width":1024,"height":683,"url":"https:\/\/ocoerente.com.br\/se\/wp-content\/uploads\/2022\/05\/chuvaoroc.jpg","type":"image\/jpeg"}],"author":"Reda\u00e7\u00e3o","twitter_card":"summary_large_image","twitter_misc":{"Escrito por":"Reda\u00e7\u00e3o","Est. tempo de leitura":"3 minutos"},"schema":{"@context":"https:\/\/schema.org","@graph":[{"@type":"Article","@id":"https:\/\/ocoerente.com.br\/se\/2022\/05\/21\/prefeitura-atua-proativamente-para-atender-ocorrencias-procedentes-da-chuva\/#article","isPartOf":{"@id":"https:\/\/ocoerente.com.br\/se\/2022\/05\/21\/prefeitura-atua-proativamente-para-atender-ocorrencias-procedentes-da-chuva\/"},"author":{"name":"Reda\u00e7\u00e3o","@id":"https:\/\/ocoerente.com.br\/se\/#\/schema\/person\/cc6bfd9fbca465e23543b0c963d8d037"},"headline":"Prefeitura atua proativamente para atender ocorr\u00eancias procedentes da chuva","datePublished":"2022-05-21T03:56:54+00:00","dateModified":"2022-05-21T03:56:55+00:00","mainEntityOfPage":{"@id":"https:\/\/ocoerente.com.br\/se\/2022\/05\/21\/prefeitura-atua-proativamente-para-atender-ocorrencias-procedentes-da-chuva\/"},"wordCount":476,"publisher":{"@id":"https:\/\/ocoerente.com.br\/se\/#\/schema\/person\/cc6bfd9fbca465e23543b0c963d8d037"},"image":{"@id":"https:\/\/ocoerente.com.br\/se\/2022\/05\/21\/prefeitura-atua-proativamente-para-atender-ocorrencias-procedentes-da-chuva\/#primaryimage"},"thumbnailUrl":"https:\/\/ocoerente.com.br\/se\/wp-content\/uploads\/2022\/05\/chuvaoroc.jpg","articleSection":["Destaques","Sergipe"],"inLanguage":"pt-BR"},{"@type":"WebPage","@id":"https:\/\/ocoerente.com.br\/se\/2022\/05\/21\/prefeitura-atua-proativamente-para-atender-ocorrencias-procedentes-da-chuva\/","url":"https:\/\/ocoerente.com.br\/se\/2022\/05\/21\/prefeitura-atua-proativamente-para-atender-ocorrencias-procedentes-da-chuva\/","name":"Prefeitura atua proativamente para atender ocorr\u00eancias procedentes da chuva - O Coerente","isPartOf":{"@id":"https:\/\/ocoerente.com.br\/se\/#website"},"primaryImageOfPage":{"@id":"https:\/\/ocoerente.com.br\/se\/2022\/05\/21\/prefeitura-atua-proativamente-para-atender-ocorrencias-procedentes-da-chuva\/#primaryimage"},"image":{"@id":"https:\/\/ocoerente.com.br\/se\/2022\/05\/21\/prefeitura-atua-proativamente-para-atender-ocorrencias-procedentes-da-chuva\/#primaryimage"},"thumbnailUrl":"https:\/\/ocoerente.com.br\/se\/wp-content\/uploads\/2022\/05\/chuvaoroc.jpg","datePublished":"2022-05-21T03:56:54+00:00","dateModified":"2022-05-21T03:56:55+00:00","breadcrumb":{"@id":"https:\/\/ocoerente.com.br\/se\/2022\/05\/21\/prefeitura-atua-proativamente-para-atender-ocorrencias-procedentes-da-chuva\/#breadcrumb"},"inLanguage":"pt-BR","potentialAction":[{"@type":"ReadAction","target":["https:\/\/ocoerente.com.br\/se\/2022\/05\/21\/prefeitura-atua-proativamente-para-atender-ocorrencias-procedentes-da-chuva\/"]}]},{"@type":"ImageObject","inLanguage":"pt-BR","@id":"https:\/\/ocoerente.com.br\/se\/2022\/05\/21\/prefeitura-atua-proativamente-para-atender-ocorrencias-procedentes-da-chuva\/#primaryimage","url":"https:\/\/ocoerente.com.br\/se\/wp-content\/uploads\/2022\/05\/chuvaoroc.jpg","contentUrl":"https:\/\/ocoerente.com.br\/se\/wp-content\/uploads\/2022\/05\/chuvaoroc.jpg","width":1024,"height":683,"caption":"Fotos: Marcelle Cristinne"},{"@type":"BreadcrumbList","@id":"https:\/\/ocoerente.com.br\/se\/2022\/05\/21\/prefeitura-atua-proativamente-para-atender-ocorrencias-procedentes-da-chuva\/#breadcrumb","itemListElement":[{"@type":"ListItem","position":1,"name":"In\u00edcio","item":"https:\/\/ocoerente.com.br\/se\/"},{"@type":"ListItem","position":2,"name":"Prefeitura atua proativamente para atender ocorr\u00eancias procedentes da chuva"}]},{"@type":"WebSite","@id":"https:\/\/ocoerente.com.br\/se\/#website","url":"https:\/\/ocoerente.com.br\/se\/","name":"O Coerente","description":"","publisher":{"@id":"https:\/\/ocoerente.com.br\/se\/#\/schema\/person\/cc6bfd9fbca465e23543b0c963d8d037"},"potentialAction":[{"@type":"SearchAction","target":{"@type":"EntryPoint","urlTemplate":"https:\/\/ocoerente.com.br\/se\/?s={search_term_string}"},"query-input":{"@type":"PropertyValueSpecification","valueRequired":true,"valueName":"search_term_string"}}],"inLanguage":"pt-BR"},{"@type":["Person","Organization"],"@id":"https:\/\/ocoerente.com.br\/se\/#\/schema\/person\/cc6bfd9fbca465e23543b0c963d8d037","name":"Reda\u00e7\u00e3o","image":{"@type":"ImageObject","inLanguage":"pt-BR","@id":"https:\/\/ocoerente.com.br\/se\/wp-content\/uploads\/2020\/01\/ocoerente-1.png","url":"https:\/\/ocoerente.com.br\/se\/wp-content\/uploads\/2020\/01\/ocoerente-1.png","contentUrl":"https:\/\/ocoerente.com.br\/se\/wp-content\/uploads\/2020\/01\/ocoerente-1.png","width":50,"height":50,"caption":"Reda\u00e7\u00e3o"},"logo":{"@id":"https:\/\/ocoerente.com.br\/se\/wp-content\/uploads\/2020\/01\/ocoerente-1.png"},"url":"https:\/\/ocoerente.com.br\/se\/author\/vasticlsales\/"}]}},"_links":{"self":[{"href":"https:\/\/ocoerente.com.br\/se\/wp-json\/wp\/v2\/posts\/6282","targetHints":{"allow":["GET"]}}],"collection":[{"href":"https:\/\/ocoerente.com.br\/se\/wp-json\/wp\/v2\/posts"}],"about":[{"href":"https:\/\/ocoerente.com.br\/se\/wp-json\/wp\/v2\/types\/post"}],"author":[{"embeddable":true,"href":"https:\/\/ocoerente.com.br\/se\/wp-json\/wp\/v2\/users\/1"}],"replies":[{"embeddable":true,"href":"https:\/\/ocoerente.com.br\/se\/wp-json\/wp\/v2\/comments?post=6282"}],"version-history":[{"count":1,"href":"https:\/\/ocoerente.com.br\/se\/wp-json\/wp\/v2\/posts\/6282\/revisions"}],"predecessor-version":[{"id":6284,"href":"https:\/\/ocoerente.com.br\/se\/wp-json\/wp\/v2\/posts\/6282\/revisions\/6284"}],"wp:featuredmedia":[{"embeddable":true,"href":"https:\/\/ocoerente.com.br\/se\/wp-json\/wp\/v2\/media\/6283"}],"wp:attachment":[{"href":"https:\/\/ocoerente.com.br\/se\/wp-json\/wp\/v2\/media?parent=6282"}],"wp:term":[{"taxonomy":"category","embeddable":true,"href":"https:\/\/ocoerente.com.br\/se\/wp-json\/wp\/v2\/categories?post=6282"},{"taxonomy":"post_tag","embeddable":true,"href":"https:\/\/ocoerente.com.br\/se\/wp-json\/wp\/v2\/tags?post=6282"}],"curies":[{"name":"wp","href":"https:\/\/api.w.org\/{rel}","templated":true}]}}