{"id":6276,"date":"2022-05-21T00:53:20","date_gmt":"2022-05-21T03:53:20","guid":{"rendered":"https:\/\/ocoerente.com.br\/se\/?p=6276"},"modified":"2022-05-21T00:53:20","modified_gmt":"2022-05-21T03:53:20","slug":"prefeitura-orienta-populacao-sobre-descarte-correto-de-residuos-solidos","status":"publish","type":"post","link":"https:\/\/ocoerente.com.br\/se\/2022\/05\/21\/prefeitura-orienta-populacao-sobre-descarte-correto-de-residuos-solidos\/","title":{"rendered":"Prefeitura orienta popula\u00e7\u00e3o sobre descarte correto de res\u00edduos s\u00f3lidos"},"content":{"rendered":"\n<p>Um dos principais objetivos da Prefeitura de Aracaju \u00e9 tornar a capital cada vez mais sustent\u00e1vel, consequentemente, garantir um futuro mais digno para as pr\u00f3ximas gera\u00e7\u00f5es. Neste sentido, \u00e9 importante que a popula\u00e7\u00e3o esteja engajada, juntamente com a gest\u00e3o municipal, sobretudo no que diz respeito \u00e0 diminui\u00e7\u00e3o de res\u00edduos s\u00f3lidos descartados de forma incorreta na cidade.<\/p>\n\n\n\n<p>Segundo o secret\u00e1rio municipal do Meio Ambiente, Alan Lemos, em 2021, foram registrados 846 casos de descarte irregular de res\u00edduos, n\u00famero superior ao registrado no ano de 2020, quando foram computados 544 casos.\u00a0<\/p>\n\n\n\n<p>\u201c\u00c9 esse tipo de comportamento que a gente precisa coibir, quer seja pela educa\u00e7\u00e3o ambiental, quando for o caso, quer seja com os instrumentos de autua\u00e7\u00e3o\u201d, pontua o secret\u00e1rio.<br>Alan Lemos explica que Aracaju \u00e9 cercada por rios e cursos d\u2019\u00e1gua e esses descartes irregulares acabam, de uma forma ou de outra, chegando a esses locais.\u00a0<\/p>\n\n\n\n<p>\u201cImagine que parte dessas \u00e1guas s\u00e3o consumidas pelas pessoas e quanto maior for a quantidade de res\u00edduos, maior o custo de tratamento, que \u00e9 compartilhado por toda a sociedade. Al\u00e9m disso, h\u00e1 preju\u00edzos tamb\u00e9m para a fauna e flora. Ent\u00e3o, estamos falando de um conjunto de danos, tanto ambientais quanto de sa\u00fade p\u00fablica\u201d, frisa o gestor.\u00a0<\/p>\n\n\n\n<p><strong>Servi\u00e7os<\/strong><\/p>\n\n\n\n<p>Para que o descarte dos res\u00edduos seja realizado corretamente, a Empresa Municipal de Servi\u00e7os Urbanos (Emsurb) disponibiliza servi\u00e7os nos bairros da capital, tais como as Esta\u00e7\u00f5es de Entrega Volunt\u00e1ria de Res\u00edduos S\u00f3lidos (Ecopontos), onde os cidad\u00e3os podem descartar, de forma adequada, res\u00edduos como vidro, papel\u00e3o, ferro e res\u00edduos da constru\u00e7\u00e3o civil; o cata-treco, que recolhe materiais que n\u00e3o t\u00eam mais serventia, ocupam espa\u00e7o, acumulam sujeira nos quintais dos cidad\u00e3os; a limpeza regular, que atua cotidianamente para assegurar a efic\u00e1cia da rede de drenagem pluvial do munic\u00edpio, principalmente nos canais que cortam a capital sergipana.\u00a0<\/p>\n\n\n\n<p>De acordo com Alan Lemos, \u201cAracaju possui um sistema de coleta de res\u00edduos espetacular, um dos melhores do Brasil\u201d. N\u00e3o h\u00e1 raz\u00e3o, do ponto de vista l\u00f3gico, para que as pessoas insistam no comportamento que atenta contra a sa\u00fade, a flora, fauna, tendo em vista todas as a\u00e7\u00f5es da Sema\u201d.\u00a0<\/p>\n\n\n\n<p><strong>Crime ambiental<\/strong><\/p>\n\n\n\n<p>De acordo com a lei municipal n\u00ba 4.452\/2013, a pr\u00e1tica de descarte irregular de res\u00edduos \u00e9 considerada crime ambiental. Atos deste tipo podem ser denunciados \u00e0 Sema, por meio do n\u00famero 3225-4173, pelo WhatsApp 79 998135-6961; ou por meio da plataforma digital AjuInteligente. A puni\u00e7\u00e3o para quem descartar irregularmente res\u00edduos s\u00f3lidos \u00e9 auto de infra\u00e7\u00e3o, com multa que varia entre R$1 mil e R$1 milh\u00e3o.<\/p>\n\n\n\n<p>De acordo com Alan Lemos, a a\u00e7\u00e3o da Sema \u00e9 de controle, ao fazer o monitoramento e receber as den\u00fancias de descarte irregular de res\u00edduos. A atua\u00e7\u00e3o pode ser proativa, ao verificar as ocorr\u00eancias, ou mediante provoca\u00e7\u00e3o, que ocorre essencialmente via AjuInteligente. \u201cN\u00f3s designamos uma equipe de controle para primeiramente identificar a ocorr\u00eancia e depois, se poss\u00edvel, o autor\u201d completa o secret\u00e1rio.<\/p>\n\n\n\n<p>AAN<\/p>\n","protected":false},"excerpt":{"rendered":"<p>Um dos principais objetivos da Prefeitura de Aracaju \u00e9 tornar a capital cada vez mais sustent\u00e1vel, consequentemente, garantir um futuro mais digno para as pr\u00f3ximas gera\u00e7\u00f5es. Neste sentido, \u00e9 importante que a popula\u00e7\u00e3o esteja engajada, juntamente com a gest\u00e3o municipal, sobretudo no que diz respeito \u00e0 diminui\u00e7\u00e3o de res\u00edduos s\u00f3lidos descartados de forma incorreta na [&hellip;]<\/p>\n","protected":false},"author":1,"featured_media":6277,"comment_status":"closed","ping_status":"closed","sticky":false,"template":"","format":"standard","meta":{"footnotes":""},"categories":[53,43],"tags":[],"class_list":["post-6276","post","type-post","status-publish","format-standard","has-post-thumbnail","hentry","category-destaques","category-sergipe"],"yoast_head":"<!-- This site is optimized with the Yoast SEO plugin v27.4 - https:\/\/yoast.com\/product\/yoast-seo-wordpress\/ -->\n<title>Prefeitura orienta popula\u00e7\u00e3o sobre descarte correto de res\u00edduos s\u00f3lidos - O Coerente<\/title>\n<meta name=\"robots\" content=\"index, follow, max-snippet:-1, max-image-preview:large, max-video-preview:-1\" \/>\n<link rel=\"canonical\" href=\"https:\/\/ocoerente.com.br\/se\/2022\/05\/21\/prefeitura-orienta-populacao-sobre-descarte-correto-de-residuos-solidos\/\" \/>\n<meta property=\"og:locale\" content=\"pt_BR\" \/>\n<meta property=\"og:type\" content=\"article\" \/>\n<meta property=\"og:title\" content=\"Prefeitura orienta popula\u00e7\u00e3o sobre descarte correto de res\u00edduos s\u00f3lidos - O Coerente\" \/>\n<meta property=\"og:description\" content=\"Um dos principais objetivos da Prefeitura de Aracaju \u00e9 tornar a capital cada vez mais sustent\u00e1vel, consequentemente, garantir um futuro mais digno para as pr\u00f3ximas gera\u00e7\u00f5es. Neste sentido, \u00e9 importante que a popula\u00e7\u00e3o esteja engajada, juntamente com a gest\u00e3o municipal, sobretudo no que diz respeito \u00e0 diminui\u00e7\u00e3o de res\u00edduos s\u00f3lidos descartados de forma incorreta na [&hellip;]\" \/>\n<meta property=\"og:url\" content=\"https:\/\/ocoerente.com.br\/se\/2022\/05\/21\/prefeitura-orienta-populacao-sobre-descarte-correto-de-residuos-solidos\/\" \/>\n<meta property=\"og:site_name\" content=\"O Coerente\" \/>\n<meta property=\"article:published_time\" content=\"2022-05-21T03:53:20+00:00\" \/>\n<meta property=\"og:image\" content=\"https:\/\/ocoerente.com.br\/se\/wp-content\/uploads\/2022\/05\/preferesiduos.jpg\" \/>\n\t<meta property=\"og:image:width\" content=\"1024\" \/>\n\t<meta property=\"og:image:height\" content=\"682\" \/>\n\t<meta property=\"og:image:type\" content=\"image\/jpeg\" \/>\n<meta name=\"author\" content=\"Reda\u00e7\u00e3o\" \/>\n<meta name=\"twitter:card\" content=\"summary_large_image\" \/>\n<meta name=\"twitter:label1\" content=\"Escrito por\" \/>\n\t<meta name=\"twitter:data1\" content=\"Reda\u00e7\u00e3o\" \/>\n\t<meta name=\"twitter:label2\" content=\"Est. tempo de leitura\" \/>\n\t<meta name=\"twitter:data2\" content=\"3 minutos\" \/>\n<script type=\"application\/ld+json\" class=\"yoast-schema-graph\">{\"@context\":\"https:\\\/\\\/schema.org\",\"@graph\":[{\"@type\":\"Article\",\"@id\":\"https:\\\/\\\/ocoerente.com.br\\\/se\\\/2022\\\/05\\\/21\\\/prefeitura-orienta-populacao-sobre-descarte-correto-de-residuos-solidos\\\/#article\",\"isPartOf\":{\"@id\":\"https:\\\/\\\/ocoerente.com.br\\\/se\\\/2022\\\/05\\\/21\\\/prefeitura-orienta-populacao-sobre-descarte-correto-de-residuos-solidos\\\/\"},\"author\":{\"name\":\"Reda\u00e7\u00e3o\",\"@id\":\"https:\\\/\\\/ocoerente.com.br\\\/se\\\/#\\\/schema\\\/person\\\/cc6bfd9fbca465e23543b0c963d8d037\"},\"headline\":\"Prefeitura orienta popula\u00e7\u00e3o sobre descarte correto de res\u00edduos s\u00f3lidos\",\"datePublished\":\"2022-05-21T03:53:20+00:00\",\"mainEntityOfPage\":{\"@id\":\"https:\\\/\\\/ocoerente.com.br\\\/se\\\/2022\\\/05\\\/21\\\/prefeitura-orienta-populacao-sobre-descarte-correto-de-residuos-solidos\\\/\"},\"wordCount\":538,\"publisher\":{\"@id\":\"https:\\\/\\\/ocoerente.com.br\\\/se\\\/#\\\/schema\\\/person\\\/cc6bfd9fbca465e23543b0c963d8d037\"},\"image\":{\"@id\":\"https:\\\/\\\/ocoerente.com.br\\\/se\\\/2022\\\/05\\\/21\\\/prefeitura-orienta-populacao-sobre-descarte-correto-de-residuos-solidos\\\/#primaryimage\"},\"thumbnailUrl\":\"https:\\\/\\\/ocoerente.com.br\\\/se\\\/wp-content\\\/uploads\\\/2022\\\/05\\\/preferesiduos.jpg\",\"articleSection\":[\"Destaques\",\"Sergipe\"],\"inLanguage\":\"pt-BR\"},{\"@type\":\"WebPage\",\"@id\":\"https:\\\/\\\/ocoerente.com.br\\\/se\\\/2022\\\/05\\\/21\\\/prefeitura-orienta-populacao-sobre-descarte-correto-de-residuos-solidos\\\/\",\"url\":\"https:\\\/\\\/ocoerente.com.br\\\/se\\\/2022\\\/05\\\/21\\\/prefeitura-orienta-populacao-sobre-descarte-correto-de-residuos-solidos\\\/\",\"name\":\"Prefeitura orienta popula\u00e7\u00e3o sobre descarte correto de res\u00edduos s\u00f3lidos - O Coerente\",\"isPartOf\":{\"@id\":\"https:\\\/\\\/ocoerente.com.br\\\/se\\\/#website\"},\"primaryImageOfPage\":{\"@id\":\"https:\\\/\\\/ocoerente.com.br\\\/se\\\/2022\\\/05\\\/21\\\/prefeitura-orienta-populacao-sobre-descarte-correto-de-residuos-solidos\\\/#primaryimage\"},\"image\":{\"@id\":\"https:\\\/\\\/ocoerente.com.br\\\/se\\\/2022\\\/05\\\/21\\\/prefeitura-orienta-populacao-sobre-descarte-correto-de-residuos-solidos\\\/#primaryimage\"},\"thumbnailUrl\":\"https:\\\/\\\/ocoerente.com.br\\\/se\\\/wp-content\\\/uploads\\\/2022\\\/05\\\/preferesiduos.jpg\",\"datePublished\":\"2022-05-21T03:53:20+00:00\",\"breadcrumb\":{\"@id\":\"https:\\\/\\\/ocoerente.com.br\\\/se\\\/2022\\\/05\\\/21\\\/prefeitura-orienta-populacao-sobre-descarte-correto-de-residuos-solidos\\\/#breadcrumb\"},\"inLanguage\":\"pt-BR\",\"potentialAction\":[{\"@type\":\"ReadAction\",\"target\":[\"https:\\\/\\\/ocoerente.com.br\\\/se\\\/2022\\\/05\\\/21\\\/prefeitura-orienta-populacao-sobre-descarte-correto-de-residuos-solidos\\\/\"]}]},{\"@type\":\"ImageObject\",\"inLanguage\":\"pt-BR\",\"@id\":\"https:\\\/\\\/ocoerente.com.br\\\/se\\\/2022\\\/05\\\/21\\\/prefeitura-orienta-populacao-sobre-descarte-correto-de-residuos-solidos\\\/#primaryimage\",\"url\":\"https:\\\/\\\/ocoerente.com.br\\\/se\\\/wp-content\\\/uploads\\\/2022\\\/05\\\/preferesiduos.jpg\",\"contentUrl\":\"https:\\\/\\\/ocoerente.com.br\\\/se\\\/wp-content\\\/uploads\\\/2022\\\/05\\\/preferesiduos.jpg\",\"width\":1024,\"height\":682,\"caption\":\"Foto: Andr\u00e9 Moreira\"},{\"@type\":\"BreadcrumbList\",\"@id\":\"https:\\\/\\\/ocoerente.com.br\\\/se\\\/2022\\\/05\\\/21\\\/prefeitura-orienta-populacao-sobre-descarte-correto-de-residuos-solidos\\\/#breadcrumb\",\"itemListElement\":[{\"@type\":\"ListItem\",\"position\":1,\"name\":\"In\u00edcio\",\"item\":\"https:\\\/\\\/ocoerente.com.br\\\/se\\\/\"},{\"@type\":\"ListItem\",\"position\":2,\"name\":\"Prefeitura orienta popula\u00e7\u00e3o sobre descarte correto de res\u00edduos s\u00f3lidos\"}]},{\"@type\":\"WebSite\",\"@id\":\"https:\\\/\\\/ocoerente.com.br\\\/se\\\/#website\",\"url\":\"https:\\\/\\\/ocoerente.com.br\\\/se\\\/\",\"name\":\"O Coerente\",\"description\":\"\",\"publisher\":{\"@id\":\"https:\\\/\\\/ocoerente.com.br\\\/se\\\/#\\\/schema\\\/person\\\/cc6bfd9fbca465e23543b0c963d8d037\"},\"potentialAction\":[{\"@type\":\"SearchAction\",\"target\":{\"@type\":\"EntryPoint\",\"urlTemplate\":\"https:\\\/\\\/ocoerente.com.br\\\/se\\\/?s={search_term_string}\"},\"query-input\":{\"@type\":\"PropertyValueSpecification\",\"valueRequired\":true,\"valueName\":\"search_term_string\"}}],\"inLanguage\":\"pt-BR\"},{\"@type\":[\"Person\",\"Organization\"],\"@id\":\"https:\\\/\\\/ocoerente.com.br\\\/se\\\/#\\\/schema\\\/person\\\/cc6bfd9fbca465e23543b0c963d8d037\",\"name\":\"Reda\u00e7\u00e3o\",\"image\":{\"@type\":\"ImageObject\",\"inLanguage\":\"pt-BR\",\"@id\":\"https:\\\/\\\/ocoerente.com.br\\\/se\\\/wp-content\\\/uploads\\\/2020\\\/01\\\/ocoerente-1.png\",\"url\":\"https:\\\/\\\/ocoerente.com.br\\\/se\\\/wp-content\\\/uploads\\\/2020\\\/01\\\/ocoerente-1.png\",\"contentUrl\":\"https:\\\/\\\/ocoerente.com.br\\\/se\\\/wp-content\\\/uploads\\\/2020\\\/01\\\/ocoerente-1.png\",\"width\":50,\"height\":50,\"caption\":\"Reda\u00e7\u00e3o\"},\"logo\":{\"@id\":\"https:\\\/\\\/ocoerente.com.br\\\/se\\\/wp-content\\\/uploads\\\/2020\\\/01\\\/ocoerente-1.png\"},\"url\":\"https:\\\/\\\/ocoerente.com.br\\\/se\\\/author\\\/vasticlsales\\\/\"}]}<\/script>\n<!-- \/ Yoast SEO plugin. -->","yoast_head_json":{"title":"Prefeitura orienta popula\u00e7\u00e3o sobre descarte correto de res\u00edduos s\u00f3lidos - O Coerente","robots":{"index":"index","follow":"follow","max-snippet":"max-snippet:-1","max-image-preview":"max-image-preview:large","max-video-preview":"max-video-preview:-1"},"canonical":"https:\/\/ocoerente.com.br\/se\/2022\/05\/21\/prefeitura-orienta-populacao-sobre-descarte-correto-de-residuos-solidos\/","og_locale":"pt_BR","og_type":"article","og_title":"Prefeitura orienta popula\u00e7\u00e3o sobre descarte correto de res\u00edduos s\u00f3lidos - O Coerente","og_description":"Um dos principais objetivos da Prefeitura de Aracaju \u00e9 tornar a capital cada vez mais sustent\u00e1vel, consequentemente, garantir um futuro mais digno para as pr\u00f3ximas gera\u00e7\u00f5es. Neste sentido, \u00e9 importante que a popula\u00e7\u00e3o esteja engajada, juntamente com a gest\u00e3o municipal, sobretudo no que diz respeito \u00e0 diminui\u00e7\u00e3o de res\u00edduos s\u00f3lidos descartados de forma incorreta na [&hellip;]","og_url":"https:\/\/ocoerente.com.br\/se\/2022\/05\/21\/prefeitura-orienta-populacao-sobre-descarte-correto-de-residuos-solidos\/","og_site_name":"O Coerente","article_published_time":"2022-05-21T03:53:20+00:00","og_image":[{"width":1024,"height":682,"url":"https:\/\/ocoerente.com.br\/se\/wp-content\/uploads\/2022\/05\/preferesiduos.jpg","type":"image\/jpeg"}],"author":"Reda\u00e7\u00e3o","twitter_card":"summary_large_image","twitter_misc":{"Escrito por":"Reda\u00e7\u00e3o","Est. tempo de leitura":"3 minutos"},"schema":{"@context":"https:\/\/schema.org","@graph":[{"@type":"Article","@id":"https:\/\/ocoerente.com.br\/se\/2022\/05\/21\/prefeitura-orienta-populacao-sobre-descarte-correto-de-residuos-solidos\/#article","isPartOf":{"@id":"https:\/\/ocoerente.com.br\/se\/2022\/05\/21\/prefeitura-orienta-populacao-sobre-descarte-correto-de-residuos-solidos\/"},"author":{"name":"Reda\u00e7\u00e3o","@id":"https:\/\/ocoerente.com.br\/se\/#\/schema\/person\/cc6bfd9fbca465e23543b0c963d8d037"},"headline":"Prefeitura orienta popula\u00e7\u00e3o sobre descarte correto de res\u00edduos s\u00f3lidos","datePublished":"2022-05-21T03:53:20+00:00","mainEntityOfPage":{"@id":"https:\/\/ocoerente.com.br\/se\/2022\/05\/21\/prefeitura-orienta-populacao-sobre-descarte-correto-de-residuos-solidos\/"},"wordCount":538,"publisher":{"@id":"https:\/\/ocoerente.com.br\/se\/#\/schema\/person\/cc6bfd9fbca465e23543b0c963d8d037"},"image":{"@id":"https:\/\/ocoerente.com.br\/se\/2022\/05\/21\/prefeitura-orienta-populacao-sobre-descarte-correto-de-residuos-solidos\/#primaryimage"},"thumbnailUrl":"https:\/\/ocoerente.com.br\/se\/wp-content\/uploads\/2022\/05\/preferesiduos.jpg","articleSection":["Destaques","Sergipe"],"inLanguage":"pt-BR"},{"@type":"WebPage","@id":"https:\/\/ocoerente.com.br\/se\/2022\/05\/21\/prefeitura-orienta-populacao-sobre-descarte-correto-de-residuos-solidos\/","url":"https:\/\/ocoerente.com.br\/se\/2022\/05\/21\/prefeitura-orienta-populacao-sobre-descarte-correto-de-residuos-solidos\/","name":"Prefeitura orienta popula\u00e7\u00e3o sobre descarte correto de res\u00edduos s\u00f3lidos - O Coerente","isPartOf":{"@id":"https:\/\/ocoerente.com.br\/se\/#website"},"primaryImageOfPage":{"@id":"https:\/\/ocoerente.com.br\/se\/2022\/05\/21\/prefeitura-orienta-populacao-sobre-descarte-correto-de-residuos-solidos\/#primaryimage"},"image":{"@id":"https:\/\/ocoerente.com.br\/se\/2022\/05\/21\/prefeitura-orienta-populacao-sobre-descarte-correto-de-residuos-solidos\/#primaryimage"},"thumbnailUrl":"https:\/\/ocoerente.com.br\/se\/wp-content\/uploads\/2022\/05\/preferesiduos.jpg","datePublished":"2022-05-21T03:53:20+00:00","breadcrumb":{"@id":"https:\/\/ocoerente.com.br\/se\/2022\/05\/21\/prefeitura-orienta-populacao-sobre-descarte-correto-de-residuos-solidos\/#breadcrumb"},"inLanguage":"pt-BR","potentialAction":[{"@type":"ReadAction","target":["https:\/\/ocoerente.com.br\/se\/2022\/05\/21\/prefeitura-orienta-populacao-sobre-descarte-correto-de-residuos-solidos\/"]}]},{"@type":"ImageObject","inLanguage":"pt-BR","@id":"https:\/\/ocoerente.com.br\/se\/2022\/05\/21\/prefeitura-orienta-populacao-sobre-descarte-correto-de-residuos-solidos\/#primaryimage","url":"https:\/\/ocoerente.com.br\/se\/wp-content\/uploads\/2022\/05\/preferesiduos.jpg","contentUrl":"https:\/\/ocoerente.com.br\/se\/wp-content\/uploads\/2022\/05\/preferesiduos.jpg","width":1024,"height":682,"caption":"Foto: Andr\u00e9 Moreira"},{"@type":"BreadcrumbList","@id":"https:\/\/ocoerente.com.br\/se\/2022\/05\/21\/prefeitura-orienta-populacao-sobre-descarte-correto-de-residuos-solidos\/#breadcrumb","itemListElement":[{"@type":"ListItem","position":1,"name":"In\u00edcio","item":"https:\/\/ocoerente.com.br\/se\/"},{"@type":"ListItem","position":2,"name":"Prefeitura orienta popula\u00e7\u00e3o sobre descarte correto de res\u00edduos s\u00f3lidos"}]},{"@type":"WebSite","@id":"https:\/\/ocoerente.com.br\/se\/#website","url":"https:\/\/ocoerente.com.br\/se\/","name":"O Coerente","description":"","publisher":{"@id":"https:\/\/ocoerente.com.br\/se\/#\/schema\/person\/cc6bfd9fbca465e23543b0c963d8d037"},"potentialAction":[{"@type":"SearchAction","target":{"@type":"EntryPoint","urlTemplate":"https:\/\/ocoerente.com.br\/se\/?s={search_term_string}"},"query-input":{"@type":"PropertyValueSpecification","valueRequired":true,"valueName":"search_term_string"}}],"inLanguage":"pt-BR"},{"@type":["Person","Organization"],"@id":"https:\/\/ocoerente.com.br\/se\/#\/schema\/person\/cc6bfd9fbca465e23543b0c963d8d037","name":"Reda\u00e7\u00e3o","image":{"@type":"ImageObject","inLanguage":"pt-BR","@id":"https:\/\/ocoerente.com.br\/se\/wp-content\/uploads\/2020\/01\/ocoerente-1.png","url":"https:\/\/ocoerente.com.br\/se\/wp-content\/uploads\/2020\/01\/ocoerente-1.png","contentUrl":"https:\/\/ocoerente.com.br\/se\/wp-content\/uploads\/2020\/01\/ocoerente-1.png","width":50,"height":50,"caption":"Reda\u00e7\u00e3o"},"logo":{"@id":"https:\/\/ocoerente.com.br\/se\/wp-content\/uploads\/2020\/01\/ocoerente-1.png"},"url":"https:\/\/ocoerente.com.br\/se\/author\/vasticlsales\/"}]}},"_links":{"self":[{"href":"https:\/\/ocoerente.com.br\/se\/wp-json\/wp\/v2\/posts\/6276","targetHints":{"allow":["GET"]}}],"collection":[{"href":"https:\/\/ocoerente.com.br\/se\/wp-json\/wp\/v2\/posts"}],"about":[{"href":"https:\/\/ocoerente.com.br\/se\/wp-json\/wp\/v2\/types\/post"}],"author":[{"embeddable":true,"href":"https:\/\/ocoerente.com.br\/se\/wp-json\/wp\/v2\/users\/1"}],"replies":[{"embeddable":true,"href":"https:\/\/ocoerente.com.br\/se\/wp-json\/wp\/v2\/comments?post=6276"}],"version-history":[{"count":1,"href":"https:\/\/ocoerente.com.br\/se\/wp-json\/wp\/v2\/posts\/6276\/revisions"}],"predecessor-version":[{"id":6278,"href":"https:\/\/ocoerente.com.br\/se\/wp-json\/wp\/v2\/posts\/6276\/revisions\/6278"}],"wp:featuredmedia":[{"embeddable":true,"href":"https:\/\/ocoerente.com.br\/se\/wp-json\/wp\/v2\/media\/6277"}],"wp:attachment":[{"href":"https:\/\/ocoerente.com.br\/se\/wp-json\/wp\/v2\/media?parent=6276"}],"wp:term":[{"taxonomy":"category","embeddable":true,"href":"https:\/\/ocoerente.com.br\/se\/wp-json\/wp\/v2\/categories?post=6276"},{"taxonomy":"post_tag","embeddable":true,"href":"https:\/\/ocoerente.com.br\/se\/wp-json\/wp\/v2\/tags?post=6276"}],"curies":[{"name":"wp","href":"https:\/\/api.w.org\/{rel}","templated":true}]}}