{"id":6273,"date":"2022-05-21T00:51:48","date_gmt":"2022-05-21T03:51:48","guid":{"rendered":"https:\/\/ocoerente.com.br\/se\/?p=6273"},"modified":"2022-05-21T00:51:48","modified_gmt":"2022-05-21T03:51:48","slug":"forro-caju-2022-retomada-do-evento-fomenta-expectativas-do-trade-turistico","status":"publish","type":"post","link":"https:\/\/ocoerente.com.br\/se\/2022\/05\/21\/forro-caju-2022-retomada-do-evento-fomenta-expectativas-do-trade-turistico\/","title":{"rendered":"Forr\u00f3 Caju 2022: retomada do evento fomenta expectativas do trade tur\u00edstico"},"content":{"rendered":"\n<p>A retomada do Forr\u00f3 Caju, evento promovido pela Prefeitura de Aracaju, tem em sua ess\u00eancia o fomento a diversos setores que, de forma direta ou indireta, se beneficiam com o aumento do fluxo de pessoas na capital sergipana. O turismo \u00e9 uma das \u00e1reas que registram valoriza\u00e7\u00e3o proveniente do maior festejo junino do estado.\u00a0<\/p>\n\n\n\n<p>O lan\u00e7amento da programa\u00e7\u00e3o oficial do Forr\u00f3 Caju 2022, anunciado pelo prefeito Edvaldo Nogueira, no \u00faltimo dia 10, deu ao trade tur\u00edstico a possibilidade de se preparar de forma antecipada e desenvolver mecanismos de atra\u00e7\u00e3o para quem deseja visitar a capital sergipana.\u00a0<\/p>\n\n\n\n<p>Secret\u00e1rio municipal da Ind\u00fastria, Com\u00e9rcio e Turismo, Jorge Fraga, ressalta que a retomada do Forr\u00f3 Caju contribui positivamente para a economia local. \u201cO Forr\u00f3 Caju representa uma grande parcela junto ao turismo aqui em Aracaju. N\u00f3s enfrentamos uma pandemia que nos impactou muito, deu um grande preju\u00edzo para a rede hoteleira e para todo o segmento do turismo. Ent\u00e3o, esse evento vai nos ajudar na recupera\u00e7\u00e3o do que o munic\u00edpio perdeu em 2020 e em 2021\u201d, afirma Jorge Fraga.<\/p>\n\n\n\n<p>De acordo com a presidente do Sindicato dos Guias de Turismo, Irma Karla, pessoas de outros estados a procuravam ansiosas em busca de informa\u00e7\u00f5es sobre a programa\u00e7\u00e3o do Forr\u00f3 Caju.\u00a0<\/p>\n\n\n\n<p>\u201cEsse lan\u00e7amento antecipado \u00e9 muito importante para n\u00f3s que trabalhamos com turismo porque os agentes de viagens, de fora do nosso estado, ficam sonhando com a programa\u00e7\u00e3o do Forr\u00f3 Caju. Isso nos d\u00e1 tempo para discutir melhor\u201d, declara a Irma.<\/p>\n\n\n\n<p>O presidente da Associa\u00e7\u00e3o Brasileira da Ind\u00fastria de Hot\u00e9is em Sergipe (ABIH-SE), professor Jos\u00e9 Wilson dos Santos, considera que os eventos promovidos pela Prefeitura servem como vitrine para mostrar o que Sergipe tem de bom.\u00a0<\/p>\n\n\n\n<p>\u201cAcredito que turismo se faz procurando valorizar a arte, a cultura, o esporte, colocando em evid\u00eancia a gastronomia e os shows, estes que sempre foram e ser\u00e3o o maior cart\u00e3o de visita. A gest\u00e3o da Prefeitura de Aracaju entende e tem feito isso\u201d, aponta Jos\u00e9 Wilson.\u00a0<\/p>\n\n\n\n<p>Para o diretor regional da Associa\u00e7\u00e3o Brasileira dos Promotores de Eventos (Abrape), Gustavo Paix\u00e3o, o retorno do Forr\u00f3 Caju em seu formato tradicional anuncia um momento de exalta\u00e7\u00e3o.<\/p>\n\n\n\n<p>\u201c\u00c9 uma alegria fora do normal. \u00c9 muito importante ver esse setor de eventos voltando, setor que gera emprego e renda. Ent\u00e3o, ver o Forr\u00f3 Caju de volta, depois de termos passado por momentos t\u00e3o dif\u00edceis, \u00e9 maravilhoso\u201d, afirma Gustavo.<\/p>\n\n\n\n<p>AAN<\/p>\n","protected":false},"excerpt":{"rendered":"<p>A retomada do Forr\u00f3 Caju, evento promovido pela Prefeitura de Aracaju, tem em sua ess\u00eancia o fomento a diversos setores que, de forma direta ou indireta, se beneficiam com o aumento do fluxo de pessoas na capital sergipana. O turismo \u00e9 uma das \u00e1reas que registram valoriza\u00e7\u00e3o proveniente do maior festejo junino do estado.\u00a0 O [&hellip;]<\/p>\n","protected":false},"author":1,"featured_media":6274,"comment_status":"closed","ping_status":"closed","sticky":false,"template":"","format":"standard","meta":{"footnotes":""},"categories":[53,52],"tags":[],"class_list":["post-6273","post","type-post","status-publish","format-standard","has-post-thumbnail","hentry","category-destaques","category-entretenimento"],"yoast_head":"<!-- This site is optimized with the Yoast SEO plugin v27.4 - https:\/\/yoast.com\/product\/yoast-seo-wordpress\/ -->\n<title>Forr\u00f3 Caju 2022: retomada do evento fomenta expectativas do trade tur\u00edstico - O Coerente<\/title>\n<meta name=\"robots\" content=\"index, follow, max-snippet:-1, max-image-preview:large, max-video-preview:-1\" \/>\n<link rel=\"canonical\" href=\"https:\/\/ocoerente.com.br\/se\/2022\/05\/21\/forro-caju-2022-retomada-do-evento-fomenta-expectativas-do-trade-turistico\/\" \/>\n<meta property=\"og:locale\" content=\"pt_BR\" \/>\n<meta property=\"og:type\" content=\"article\" \/>\n<meta property=\"og:title\" content=\"Forr\u00f3 Caju 2022: retomada do evento fomenta expectativas do trade tur\u00edstico - O Coerente\" \/>\n<meta property=\"og:description\" content=\"A retomada do Forr\u00f3 Caju, evento promovido pela Prefeitura de Aracaju, tem em sua ess\u00eancia o fomento a diversos setores que, de forma direta ou indireta, se beneficiam com o aumento do fluxo de pessoas na capital sergipana. O turismo \u00e9 uma das \u00e1reas que registram valoriza\u00e7\u00e3o proveniente do maior festejo junino do estado.\u00a0 O [&hellip;]\" \/>\n<meta property=\"og:url\" content=\"https:\/\/ocoerente.com.br\/se\/2022\/05\/21\/forro-caju-2022-retomada-do-evento-fomenta-expectativas-do-trade-turistico\/\" \/>\n<meta property=\"og:site_name\" content=\"O Coerente\" \/>\n<meta property=\"article:published_time\" content=\"2022-05-21T03:51:48+00:00\" \/>\n<meta property=\"og:image\" content=\"https:\/\/ocoerente.com.br\/se\/wp-content\/uploads\/2022\/05\/forrcajuuu.jpg\" \/>\n\t<meta property=\"og:image:width\" content=\"1024\" \/>\n\t<meta property=\"og:image:height\" content=\"683\" \/>\n\t<meta property=\"og:image:type\" content=\"image\/jpeg\" \/>\n<meta name=\"author\" content=\"Reda\u00e7\u00e3o\" \/>\n<meta name=\"twitter:card\" content=\"summary_large_image\" \/>\n<meta name=\"twitter:label1\" content=\"Escrito por\" \/>\n\t<meta name=\"twitter:data1\" content=\"Reda\u00e7\u00e3o\" \/>\n\t<meta name=\"twitter:label2\" content=\"Est. tempo de leitura\" \/>\n\t<meta name=\"twitter:data2\" content=\"3 minutos\" \/>\n<script type=\"application\/ld+json\" class=\"yoast-schema-graph\">{\"@context\":\"https:\\\/\\\/schema.org\",\"@graph\":[{\"@type\":\"Article\",\"@id\":\"https:\\\/\\\/ocoerente.com.br\\\/se\\\/2022\\\/05\\\/21\\\/forro-caju-2022-retomada-do-evento-fomenta-expectativas-do-trade-turistico\\\/#article\",\"isPartOf\":{\"@id\":\"https:\\\/\\\/ocoerente.com.br\\\/se\\\/2022\\\/05\\\/21\\\/forro-caju-2022-retomada-do-evento-fomenta-expectativas-do-trade-turistico\\\/\"},\"author\":{\"name\":\"Reda\u00e7\u00e3o\",\"@id\":\"https:\\\/\\\/ocoerente.com.br\\\/se\\\/#\\\/schema\\\/person\\\/cc6bfd9fbca465e23543b0c963d8d037\"},\"headline\":\"Forr\u00f3 Caju 2022: retomada do evento fomenta expectativas do trade tur\u00edstico\",\"datePublished\":\"2022-05-21T03:51:48+00:00\",\"mainEntityOfPage\":{\"@id\":\"https:\\\/\\\/ocoerente.com.br\\\/se\\\/2022\\\/05\\\/21\\\/forro-caju-2022-retomada-do-evento-fomenta-expectativas-do-trade-turistico\\\/\"},\"wordCount\":429,\"publisher\":{\"@id\":\"https:\\\/\\\/ocoerente.com.br\\\/se\\\/#\\\/schema\\\/person\\\/cc6bfd9fbca465e23543b0c963d8d037\"},\"image\":{\"@id\":\"https:\\\/\\\/ocoerente.com.br\\\/se\\\/2022\\\/05\\\/21\\\/forro-caju-2022-retomada-do-evento-fomenta-expectativas-do-trade-turistico\\\/#primaryimage\"},\"thumbnailUrl\":\"https:\\\/\\\/ocoerente.com.br\\\/se\\\/wp-content\\\/uploads\\\/2022\\\/05\\\/forrcajuuu.jpg\",\"articleSection\":[\"Destaques\",\"Entretenimento\"],\"inLanguage\":\"pt-BR\"},{\"@type\":\"WebPage\",\"@id\":\"https:\\\/\\\/ocoerente.com.br\\\/se\\\/2022\\\/05\\\/21\\\/forro-caju-2022-retomada-do-evento-fomenta-expectativas-do-trade-turistico\\\/\",\"url\":\"https:\\\/\\\/ocoerente.com.br\\\/se\\\/2022\\\/05\\\/21\\\/forro-caju-2022-retomada-do-evento-fomenta-expectativas-do-trade-turistico\\\/\",\"name\":\"Forr\u00f3 Caju 2022: retomada do evento fomenta expectativas do trade tur\u00edstico - O Coerente\",\"isPartOf\":{\"@id\":\"https:\\\/\\\/ocoerente.com.br\\\/se\\\/#website\"},\"primaryImageOfPage\":{\"@id\":\"https:\\\/\\\/ocoerente.com.br\\\/se\\\/2022\\\/05\\\/21\\\/forro-caju-2022-retomada-do-evento-fomenta-expectativas-do-trade-turistico\\\/#primaryimage\"},\"image\":{\"@id\":\"https:\\\/\\\/ocoerente.com.br\\\/se\\\/2022\\\/05\\\/21\\\/forro-caju-2022-retomada-do-evento-fomenta-expectativas-do-trade-turistico\\\/#primaryimage\"},\"thumbnailUrl\":\"https:\\\/\\\/ocoerente.com.br\\\/se\\\/wp-content\\\/uploads\\\/2022\\\/05\\\/forrcajuuu.jpg\",\"datePublished\":\"2022-05-21T03:51:48+00:00\",\"breadcrumb\":{\"@id\":\"https:\\\/\\\/ocoerente.com.br\\\/se\\\/2022\\\/05\\\/21\\\/forro-caju-2022-retomada-do-evento-fomenta-expectativas-do-trade-turistico\\\/#breadcrumb\"},\"inLanguage\":\"pt-BR\",\"potentialAction\":[{\"@type\":\"ReadAction\",\"target\":[\"https:\\\/\\\/ocoerente.com.br\\\/se\\\/2022\\\/05\\\/21\\\/forro-caju-2022-retomada-do-evento-fomenta-expectativas-do-trade-turistico\\\/\"]}]},{\"@type\":\"ImageObject\",\"inLanguage\":\"pt-BR\",\"@id\":\"https:\\\/\\\/ocoerente.com.br\\\/se\\\/2022\\\/05\\\/21\\\/forro-caju-2022-retomada-do-evento-fomenta-expectativas-do-trade-turistico\\\/#primaryimage\",\"url\":\"https:\\\/\\\/ocoerente.com.br\\\/se\\\/wp-content\\\/uploads\\\/2022\\\/05\\\/forrcajuuu.jpg\",\"contentUrl\":\"https:\\\/\\\/ocoerente.com.br\\\/se\\\/wp-content\\\/uploads\\\/2022\\\/05\\\/forrcajuuu.jpg\",\"width\":1024,\"height\":683,\"caption\":\"Foto: Ana L\u00edcia Menezes\"},{\"@type\":\"BreadcrumbList\",\"@id\":\"https:\\\/\\\/ocoerente.com.br\\\/se\\\/2022\\\/05\\\/21\\\/forro-caju-2022-retomada-do-evento-fomenta-expectativas-do-trade-turistico\\\/#breadcrumb\",\"itemListElement\":[{\"@type\":\"ListItem\",\"position\":1,\"name\":\"In\u00edcio\",\"item\":\"https:\\\/\\\/ocoerente.com.br\\\/se\\\/\"},{\"@type\":\"ListItem\",\"position\":2,\"name\":\"Forr\u00f3 Caju 2022: retomada do evento fomenta expectativas do trade tur\u00edstico\"}]},{\"@type\":\"WebSite\",\"@id\":\"https:\\\/\\\/ocoerente.com.br\\\/se\\\/#website\",\"url\":\"https:\\\/\\\/ocoerente.com.br\\\/se\\\/\",\"name\":\"O Coerente\",\"description\":\"\",\"publisher\":{\"@id\":\"https:\\\/\\\/ocoerente.com.br\\\/se\\\/#\\\/schema\\\/person\\\/cc6bfd9fbca465e23543b0c963d8d037\"},\"potentialAction\":[{\"@type\":\"SearchAction\",\"target\":{\"@type\":\"EntryPoint\",\"urlTemplate\":\"https:\\\/\\\/ocoerente.com.br\\\/se\\\/?s={search_term_string}\"},\"query-input\":{\"@type\":\"PropertyValueSpecification\",\"valueRequired\":true,\"valueName\":\"search_term_string\"}}],\"inLanguage\":\"pt-BR\"},{\"@type\":[\"Person\",\"Organization\"],\"@id\":\"https:\\\/\\\/ocoerente.com.br\\\/se\\\/#\\\/schema\\\/person\\\/cc6bfd9fbca465e23543b0c963d8d037\",\"name\":\"Reda\u00e7\u00e3o\",\"image\":{\"@type\":\"ImageObject\",\"inLanguage\":\"pt-BR\",\"@id\":\"https:\\\/\\\/ocoerente.com.br\\\/se\\\/wp-content\\\/uploads\\\/2020\\\/01\\\/ocoerente-1.png\",\"url\":\"https:\\\/\\\/ocoerente.com.br\\\/se\\\/wp-content\\\/uploads\\\/2020\\\/01\\\/ocoerente-1.png\",\"contentUrl\":\"https:\\\/\\\/ocoerente.com.br\\\/se\\\/wp-content\\\/uploads\\\/2020\\\/01\\\/ocoerente-1.png\",\"width\":50,\"height\":50,\"caption\":\"Reda\u00e7\u00e3o\"},\"logo\":{\"@id\":\"https:\\\/\\\/ocoerente.com.br\\\/se\\\/wp-content\\\/uploads\\\/2020\\\/01\\\/ocoerente-1.png\"},\"url\":\"https:\\\/\\\/ocoerente.com.br\\\/se\\\/author\\\/vasticlsales\\\/\"}]}<\/script>\n<!-- \/ Yoast SEO plugin. -->","yoast_head_json":{"title":"Forr\u00f3 Caju 2022: retomada do evento fomenta expectativas do trade tur\u00edstico - O Coerente","robots":{"index":"index","follow":"follow","max-snippet":"max-snippet:-1","max-image-preview":"max-image-preview:large","max-video-preview":"max-video-preview:-1"},"canonical":"https:\/\/ocoerente.com.br\/se\/2022\/05\/21\/forro-caju-2022-retomada-do-evento-fomenta-expectativas-do-trade-turistico\/","og_locale":"pt_BR","og_type":"article","og_title":"Forr\u00f3 Caju 2022: retomada do evento fomenta expectativas do trade tur\u00edstico - O Coerente","og_description":"A retomada do Forr\u00f3 Caju, evento promovido pela Prefeitura de Aracaju, tem em sua ess\u00eancia o fomento a diversos setores que, de forma direta ou indireta, se beneficiam com o aumento do fluxo de pessoas na capital sergipana. O turismo \u00e9 uma das \u00e1reas que registram valoriza\u00e7\u00e3o proveniente do maior festejo junino do estado.\u00a0 O [&hellip;]","og_url":"https:\/\/ocoerente.com.br\/se\/2022\/05\/21\/forro-caju-2022-retomada-do-evento-fomenta-expectativas-do-trade-turistico\/","og_site_name":"O Coerente","article_published_time":"2022-05-21T03:51:48+00:00","og_image":[{"width":1024,"height":683,"url":"https:\/\/ocoerente.com.br\/se\/wp-content\/uploads\/2022\/05\/forrcajuuu.jpg","type":"image\/jpeg"}],"author":"Reda\u00e7\u00e3o","twitter_card":"summary_large_image","twitter_misc":{"Escrito por":"Reda\u00e7\u00e3o","Est. tempo de leitura":"3 minutos"},"schema":{"@context":"https:\/\/schema.org","@graph":[{"@type":"Article","@id":"https:\/\/ocoerente.com.br\/se\/2022\/05\/21\/forro-caju-2022-retomada-do-evento-fomenta-expectativas-do-trade-turistico\/#article","isPartOf":{"@id":"https:\/\/ocoerente.com.br\/se\/2022\/05\/21\/forro-caju-2022-retomada-do-evento-fomenta-expectativas-do-trade-turistico\/"},"author":{"name":"Reda\u00e7\u00e3o","@id":"https:\/\/ocoerente.com.br\/se\/#\/schema\/person\/cc6bfd9fbca465e23543b0c963d8d037"},"headline":"Forr\u00f3 Caju 2022: retomada do evento fomenta expectativas do trade tur\u00edstico","datePublished":"2022-05-21T03:51:48+00:00","mainEntityOfPage":{"@id":"https:\/\/ocoerente.com.br\/se\/2022\/05\/21\/forro-caju-2022-retomada-do-evento-fomenta-expectativas-do-trade-turistico\/"},"wordCount":429,"publisher":{"@id":"https:\/\/ocoerente.com.br\/se\/#\/schema\/person\/cc6bfd9fbca465e23543b0c963d8d037"},"image":{"@id":"https:\/\/ocoerente.com.br\/se\/2022\/05\/21\/forro-caju-2022-retomada-do-evento-fomenta-expectativas-do-trade-turistico\/#primaryimage"},"thumbnailUrl":"https:\/\/ocoerente.com.br\/se\/wp-content\/uploads\/2022\/05\/forrcajuuu.jpg","articleSection":["Destaques","Entretenimento"],"inLanguage":"pt-BR"},{"@type":"WebPage","@id":"https:\/\/ocoerente.com.br\/se\/2022\/05\/21\/forro-caju-2022-retomada-do-evento-fomenta-expectativas-do-trade-turistico\/","url":"https:\/\/ocoerente.com.br\/se\/2022\/05\/21\/forro-caju-2022-retomada-do-evento-fomenta-expectativas-do-trade-turistico\/","name":"Forr\u00f3 Caju 2022: retomada do evento fomenta expectativas do trade tur\u00edstico - O Coerente","isPartOf":{"@id":"https:\/\/ocoerente.com.br\/se\/#website"},"primaryImageOfPage":{"@id":"https:\/\/ocoerente.com.br\/se\/2022\/05\/21\/forro-caju-2022-retomada-do-evento-fomenta-expectativas-do-trade-turistico\/#primaryimage"},"image":{"@id":"https:\/\/ocoerente.com.br\/se\/2022\/05\/21\/forro-caju-2022-retomada-do-evento-fomenta-expectativas-do-trade-turistico\/#primaryimage"},"thumbnailUrl":"https:\/\/ocoerente.com.br\/se\/wp-content\/uploads\/2022\/05\/forrcajuuu.jpg","datePublished":"2022-05-21T03:51:48+00:00","breadcrumb":{"@id":"https:\/\/ocoerente.com.br\/se\/2022\/05\/21\/forro-caju-2022-retomada-do-evento-fomenta-expectativas-do-trade-turistico\/#breadcrumb"},"inLanguage":"pt-BR","potentialAction":[{"@type":"ReadAction","target":["https:\/\/ocoerente.com.br\/se\/2022\/05\/21\/forro-caju-2022-retomada-do-evento-fomenta-expectativas-do-trade-turistico\/"]}]},{"@type":"ImageObject","inLanguage":"pt-BR","@id":"https:\/\/ocoerente.com.br\/se\/2022\/05\/21\/forro-caju-2022-retomada-do-evento-fomenta-expectativas-do-trade-turistico\/#primaryimage","url":"https:\/\/ocoerente.com.br\/se\/wp-content\/uploads\/2022\/05\/forrcajuuu.jpg","contentUrl":"https:\/\/ocoerente.com.br\/se\/wp-content\/uploads\/2022\/05\/forrcajuuu.jpg","width":1024,"height":683,"caption":"Foto: Ana L\u00edcia Menezes"},{"@type":"BreadcrumbList","@id":"https:\/\/ocoerente.com.br\/se\/2022\/05\/21\/forro-caju-2022-retomada-do-evento-fomenta-expectativas-do-trade-turistico\/#breadcrumb","itemListElement":[{"@type":"ListItem","position":1,"name":"In\u00edcio","item":"https:\/\/ocoerente.com.br\/se\/"},{"@type":"ListItem","position":2,"name":"Forr\u00f3 Caju 2022: retomada do evento fomenta expectativas do trade tur\u00edstico"}]},{"@type":"WebSite","@id":"https:\/\/ocoerente.com.br\/se\/#website","url":"https:\/\/ocoerente.com.br\/se\/","name":"O Coerente","description":"","publisher":{"@id":"https:\/\/ocoerente.com.br\/se\/#\/schema\/person\/cc6bfd9fbca465e23543b0c963d8d037"},"potentialAction":[{"@type":"SearchAction","target":{"@type":"EntryPoint","urlTemplate":"https:\/\/ocoerente.com.br\/se\/?s={search_term_string}"},"query-input":{"@type":"PropertyValueSpecification","valueRequired":true,"valueName":"search_term_string"}}],"inLanguage":"pt-BR"},{"@type":["Person","Organization"],"@id":"https:\/\/ocoerente.com.br\/se\/#\/schema\/person\/cc6bfd9fbca465e23543b0c963d8d037","name":"Reda\u00e7\u00e3o","image":{"@type":"ImageObject","inLanguage":"pt-BR","@id":"https:\/\/ocoerente.com.br\/se\/wp-content\/uploads\/2020\/01\/ocoerente-1.png","url":"https:\/\/ocoerente.com.br\/se\/wp-content\/uploads\/2020\/01\/ocoerente-1.png","contentUrl":"https:\/\/ocoerente.com.br\/se\/wp-content\/uploads\/2020\/01\/ocoerente-1.png","width":50,"height":50,"caption":"Reda\u00e7\u00e3o"},"logo":{"@id":"https:\/\/ocoerente.com.br\/se\/wp-content\/uploads\/2020\/01\/ocoerente-1.png"},"url":"https:\/\/ocoerente.com.br\/se\/author\/vasticlsales\/"}]}},"_links":{"self":[{"href":"https:\/\/ocoerente.com.br\/se\/wp-json\/wp\/v2\/posts\/6273","targetHints":{"allow":["GET"]}}],"collection":[{"href":"https:\/\/ocoerente.com.br\/se\/wp-json\/wp\/v2\/posts"}],"about":[{"href":"https:\/\/ocoerente.com.br\/se\/wp-json\/wp\/v2\/types\/post"}],"author":[{"embeddable":true,"href":"https:\/\/ocoerente.com.br\/se\/wp-json\/wp\/v2\/users\/1"}],"replies":[{"embeddable":true,"href":"https:\/\/ocoerente.com.br\/se\/wp-json\/wp\/v2\/comments?post=6273"}],"version-history":[{"count":1,"href":"https:\/\/ocoerente.com.br\/se\/wp-json\/wp\/v2\/posts\/6273\/revisions"}],"predecessor-version":[{"id":6275,"href":"https:\/\/ocoerente.com.br\/se\/wp-json\/wp\/v2\/posts\/6273\/revisions\/6275"}],"wp:featuredmedia":[{"embeddable":true,"href":"https:\/\/ocoerente.com.br\/se\/wp-json\/wp\/v2\/media\/6274"}],"wp:attachment":[{"href":"https:\/\/ocoerente.com.br\/se\/wp-json\/wp\/v2\/media?parent=6273"}],"wp:term":[{"taxonomy":"category","embeddable":true,"href":"https:\/\/ocoerente.com.br\/se\/wp-json\/wp\/v2\/categories?post=6273"},{"taxonomy":"post_tag","embeddable":true,"href":"https:\/\/ocoerente.com.br\/se\/wp-json\/wp\/v2\/tags?post=6273"}],"curies":[{"name":"wp","href":"https:\/\/api.w.org\/{rel}","templated":true}]}}