{"id":6002,"date":"2022-04-22T01:37:34","date_gmt":"2022-04-22T04:37:34","guid":{"rendered":"https:\/\/ocoerente.com.br\/se\/?p=6002"},"modified":"2022-04-22T01:37:35","modified_gmt":"2022-04-22T04:37:35","slug":"plataforma-criada-pela-pgm-e-indicada-a-participar-do-premio-innovare","status":"publish","type":"post","link":"https:\/\/ocoerente.com.br\/se\/2022\/04\/22\/plataforma-criada-pela-pgm-e-indicada-a-participar-do-premio-innovare\/","title":{"rendered":"Plataforma criada pela PGM \u00e9 indicada a participar do pr\u00eamio Innovare"},"content":{"rendered":"\n<p>O sucesso na implanta\u00e7\u00e3o do sistema Libra, uma plataforma que re\u00fane as inst\u00e2ncias do Judici\u00e1rio, pela Procuradoria Geral do Munic\u00edpio (PGM), chamou a aten\u00e7\u00e3o do representante do pr\u00eamio Innovare em Sergipe. Nesta ter\u00e7a-feira, 19, o procurador-geral do Munic\u00edpio, Sidney Amaral Cardoso, recebeu o advogado e ex-presidente da Ordem dos Advogados do Brasil &#8211; Seccional Sergipe (OAB-SE), Carlos Augusto Monteiro Nascimento, que se interessou em conhecer a iniciativa e reiterar convite para que o projeto da administra\u00e7\u00e3o municipal seja inscrito na pr\u00f3xima edi\u00e7\u00e3o do pr\u00eamio.\u00a0<\/p>\n\n\n\n<p>O pr\u00eamio Innovare, que est\u00e1 em sua 19\u00ba edi\u00e7\u00e3o em 2022, foi criado em 2004 com o objetivo de identificar e disseminar pr\u00e1ticas inovadoras da Justi\u00e7a brasileira. As inscri\u00e7\u00f5es para o pr\u00eamio seguem at\u00e9 o dia 22 de abril, via site.\u00a0<\/p>\n\n\n\n<p>\u201cO representante veio \u00e0 Procuradoria conhecer a nossa experi\u00eancia de inova\u00e7\u00e3o, o sistema de gest\u00e3o processual, conhecido como Libra, e aproveitou o ensejo para apresentar o per\u00edodo de inscri\u00e7\u00f5es do pr\u00eamio Innovare. A PGM est\u00e1 analisando a possibilidade de inscrever esse projeto\u201d, aponta o procurador-geral.\u00a0<\/p>\n\n\n\n<p>O Libra foi implementado no segundo semestre de 2021, em um passo importante para a moderniza\u00e7\u00e3o da atua\u00e7\u00e3o jur\u00eddica no \u00e2mbito municipal.\u00a0\u00a0<\/p>\n\n\n\n<p>\u201cAs novas ferramentas de tecnologia precisam ser aliadas aos processos de trabalho, promovendo a melhor tomada de decis\u00e3o. O Libra \u00e9 importante porque o gestor conhece melhor os processos, consegue visualizar em tempo real o que cada unidade est\u00e1 trabalhando, al\u00e9m disso, facilita bastante a organiza\u00e7\u00e3o e a comunica\u00e7\u00e3o dentro da Procuradoria\u201d, explica o procurador-geral do munic\u00edpio.<\/p>\n\n\n\n<p>A ferramenta ajuda a simplificar um sistema jur\u00eddico muito complexo, que \u00e9 a gest\u00e3o de processos em diferentes \u00f3rg\u00e3os jurisdicionais, como as Justi\u00e7as Estaduais, Juizados, Federal, do Trabalho, entre outros. Quando estiver completamente implantado, o novo sistema possibilitar\u00e1 a atua\u00e7\u00e3o processual via plataforma \u00fanica, uma vez que o Libra integra todos os processos em um s\u00f3 sistema.<\/p>\n\n\n\n<p>AAN<\/p>\n","protected":false},"excerpt":{"rendered":"<p>O sucesso na implanta\u00e7\u00e3o do sistema Libra, uma plataforma que re\u00fane as inst\u00e2ncias do Judici\u00e1rio, pela Procuradoria Geral do Munic\u00edpio (PGM), chamou a aten\u00e7\u00e3o do representante do pr\u00eamio Innovare em Sergipe. Nesta ter\u00e7a-feira, 19, o procurador-geral do Munic\u00edpio, Sidney Amaral Cardoso, recebeu o advogado e ex-presidente da Ordem dos Advogados do Brasil &#8211; Seccional Sergipe [&hellip;]<\/p>\n","protected":false},"author":1,"featured_media":6003,"comment_status":"closed","ping_status":"closed","sticky":false,"template":"","format":"standard","meta":{"footnotes":""},"categories":[48,53],"tags":[],"class_list":["post-6002","post","type-post","status-publish","format-standard","has-post-thumbnail","hentry","category-brasil","category-destaques"],"yoast_head":"<!-- This site is optimized with the Yoast SEO plugin v27.5 - https:\/\/yoast.com\/product\/yoast-seo-wordpress\/ -->\n<title>Plataforma criada pela PGM \u00e9 indicada a participar do pr\u00eamio Innovare - O Coerente<\/title>\n<meta name=\"robots\" content=\"index, follow, max-snippet:-1, max-image-preview:large, max-video-preview:-1\" \/>\n<link rel=\"canonical\" href=\"https:\/\/ocoerente.com.br\/se\/2022\/04\/22\/plataforma-criada-pela-pgm-e-indicada-a-participar-do-premio-innovare\/\" \/>\n<meta property=\"og:locale\" content=\"pt_BR\" \/>\n<meta property=\"og:type\" content=\"article\" \/>\n<meta property=\"og:title\" content=\"Plataforma criada pela PGM \u00e9 indicada a participar do pr\u00eamio Innovare - O Coerente\" \/>\n<meta property=\"og:description\" content=\"O sucesso na implanta\u00e7\u00e3o do sistema Libra, uma plataforma que re\u00fane as inst\u00e2ncias do Judici\u00e1rio, pela Procuradoria Geral do Munic\u00edpio (PGM), chamou a aten\u00e7\u00e3o do representante do pr\u00eamio Innovare em Sergipe. Nesta ter\u00e7a-feira, 19, o procurador-geral do Munic\u00edpio, Sidney Amaral Cardoso, recebeu o advogado e ex-presidente da Ordem dos Advogados do Brasil &#8211; Seccional Sergipe [&hellip;]\" \/>\n<meta property=\"og:url\" content=\"https:\/\/ocoerente.com.br\/se\/2022\/04\/22\/plataforma-criada-pela-pgm-e-indicada-a-participar-do-premio-innovare\/\" \/>\n<meta property=\"og:site_name\" content=\"O Coerente\" \/>\n<meta property=\"article:published_time\" content=\"2022-04-22T04:37:34+00:00\" \/>\n<meta property=\"article:modified_time\" content=\"2022-04-22T04:37:35+00:00\" \/>\n<meta property=\"og:image\" content=\"https:\/\/ocoerente.com.br\/se\/wp-content\/uploads\/2022\/04\/pgmmm.jpg\" \/>\n\t<meta property=\"og:image:width\" content=\"1024\" \/>\n\t<meta property=\"og:image:height\" content=\"682\" \/>\n\t<meta property=\"og:image:type\" content=\"image\/jpeg\" \/>\n<meta name=\"author\" content=\"Reda\u00e7\u00e3o\" \/>\n<meta name=\"twitter:card\" content=\"summary_large_image\" \/>\n<meta name=\"twitter:label1\" content=\"Escrito por\" \/>\n\t<meta name=\"twitter:data1\" content=\"Reda\u00e7\u00e3o\" \/>\n\t<meta name=\"twitter:label2\" content=\"Est. tempo de leitura\" \/>\n\t<meta name=\"twitter:data2\" content=\"2 minutos\" \/>\n<script type=\"application\/ld+json\" class=\"yoast-schema-graph\">{\"@context\":\"https:\\\/\\\/schema.org\",\"@graph\":[{\"@type\":\"Article\",\"@id\":\"https:\\\/\\\/ocoerente.com.br\\\/se\\\/2022\\\/04\\\/22\\\/plataforma-criada-pela-pgm-e-indicada-a-participar-do-premio-innovare\\\/#article\",\"isPartOf\":{\"@id\":\"https:\\\/\\\/ocoerente.com.br\\\/se\\\/2022\\\/04\\\/22\\\/plataforma-criada-pela-pgm-e-indicada-a-participar-do-premio-innovare\\\/\"},\"author\":{\"name\":\"Reda\u00e7\u00e3o\",\"@id\":\"https:\\\/\\\/ocoerente.com.br\\\/se\\\/#\\\/schema\\\/person\\\/cc6bfd9fbca465e23543b0c963d8d037\"},\"headline\":\"Plataforma criada pela PGM \u00e9 indicada a participar do pr\u00eamio Innovare\",\"datePublished\":\"2022-04-22T04:37:34+00:00\",\"dateModified\":\"2022-04-22T04:37:35+00:00\",\"mainEntityOfPage\":{\"@id\":\"https:\\\/\\\/ocoerente.com.br\\\/se\\\/2022\\\/04\\\/22\\\/plataforma-criada-pela-pgm-e-indicada-a-participar-do-premio-innovare\\\/\"},\"wordCount\":347,\"publisher\":{\"@id\":\"https:\\\/\\\/ocoerente.com.br\\\/se\\\/#\\\/schema\\\/person\\\/cc6bfd9fbca465e23543b0c963d8d037\"},\"image\":{\"@id\":\"https:\\\/\\\/ocoerente.com.br\\\/se\\\/2022\\\/04\\\/22\\\/plataforma-criada-pela-pgm-e-indicada-a-participar-do-premio-innovare\\\/#primaryimage\"},\"thumbnailUrl\":\"https:\\\/\\\/ocoerente.com.br\\\/se\\\/wp-content\\\/uploads\\\/2022\\\/04\\\/pgmmm.jpg\",\"articleSection\":[\"Brasil\",\"Destaques\"],\"inLanguage\":\"pt-BR\"},{\"@type\":\"WebPage\",\"@id\":\"https:\\\/\\\/ocoerente.com.br\\\/se\\\/2022\\\/04\\\/22\\\/plataforma-criada-pela-pgm-e-indicada-a-participar-do-premio-innovare\\\/\",\"url\":\"https:\\\/\\\/ocoerente.com.br\\\/se\\\/2022\\\/04\\\/22\\\/plataforma-criada-pela-pgm-e-indicada-a-participar-do-premio-innovare\\\/\",\"name\":\"Plataforma criada pela PGM \u00e9 indicada a participar do pr\u00eamio Innovare - O Coerente\",\"isPartOf\":{\"@id\":\"https:\\\/\\\/ocoerente.com.br\\\/se\\\/#website\"},\"primaryImageOfPage\":{\"@id\":\"https:\\\/\\\/ocoerente.com.br\\\/se\\\/2022\\\/04\\\/22\\\/plataforma-criada-pela-pgm-e-indicada-a-participar-do-premio-innovare\\\/#primaryimage\"},\"image\":{\"@id\":\"https:\\\/\\\/ocoerente.com.br\\\/se\\\/2022\\\/04\\\/22\\\/plataforma-criada-pela-pgm-e-indicada-a-participar-do-premio-innovare\\\/#primaryimage\"},\"thumbnailUrl\":\"https:\\\/\\\/ocoerente.com.br\\\/se\\\/wp-content\\\/uploads\\\/2022\\\/04\\\/pgmmm.jpg\",\"datePublished\":\"2022-04-22T04:37:34+00:00\",\"dateModified\":\"2022-04-22T04:37:35+00:00\",\"breadcrumb\":{\"@id\":\"https:\\\/\\\/ocoerente.com.br\\\/se\\\/2022\\\/04\\\/22\\\/plataforma-criada-pela-pgm-e-indicada-a-participar-do-premio-innovare\\\/#breadcrumb\"},\"inLanguage\":\"pt-BR\",\"potentialAction\":[{\"@type\":\"ReadAction\",\"target\":[\"https:\\\/\\\/ocoerente.com.br\\\/se\\\/2022\\\/04\\\/22\\\/plataforma-criada-pela-pgm-e-indicada-a-participar-do-premio-innovare\\\/\"]}]},{\"@type\":\"ImageObject\",\"inLanguage\":\"pt-BR\",\"@id\":\"https:\\\/\\\/ocoerente.com.br\\\/se\\\/2022\\\/04\\\/22\\\/plataforma-criada-pela-pgm-e-indicada-a-participar-do-premio-innovare\\\/#primaryimage\",\"url\":\"https:\\\/\\\/ocoerente.com.br\\\/se\\\/wp-content\\\/uploads\\\/2022\\\/04\\\/pgmmm.jpg\",\"contentUrl\":\"https:\\\/\\\/ocoerente.com.br\\\/se\\\/wp-content\\\/uploads\\\/2022\\\/04\\\/pgmmm.jpg\",\"width\":1024,\"height\":682},{\"@type\":\"BreadcrumbList\",\"@id\":\"https:\\\/\\\/ocoerente.com.br\\\/se\\\/2022\\\/04\\\/22\\\/plataforma-criada-pela-pgm-e-indicada-a-participar-do-premio-innovare\\\/#breadcrumb\",\"itemListElement\":[{\"@type\":\"ListItem\",\"position\":1,\"name\":\"In\u00edcio\",\"item\":\"https:\\\/\\\/ocoerente.com.br\\\/se\\\/\"},{\"@type\":\"ListItem\",\"position\":2,\"name\":\"Plataforma criada pela PGM \u00e9 indicada a participar do pr\u00eamio Innovare\"}]},{\"@type\":\"WebSite\",\"@id\":\"https:\\\/\\\/ocoerente.com.br\\\/se\\\/#website\",\"url\":\"https:\\\/\\\/ocoerente.com.br\\\/se\\\/\",\"name\":\"O Coerente\",\"description\":\"\",\"publisher\":{\"@id\":\"https:\\\/\\\/ocoerente.com.br\\\/se\\\/#\\\/schema\\\/person\\\/cc6bfd9fbca465e23543b0c963d8d037\"},\"potentialAction\":[{\"@type\":\"SearchAction\",\"target\":{\"@type\":\"EntryPoint\",\"urlTemplate\":\"https:\\\/\\\/ocoerente.com.br\\\/se\\\/?s={search_term_string}\"},\"query-input\":{\"@type\":\"PropertyValueSpecification\",\"valueRequired\":true,\"valueName\":\"search_term_string\"}}],\"inLanguage\":\"pt-BR\"},{\"@type\":[\"Person\",\"Organization\"],\"@id\":\"https:\\\/\\\/ocoerente.com.br\\\/se\\\/#\\\/schema\\\/person\\\/cc6bfd9fbca465e23543b0c963d8d037\",\"name\":\"Reda\u00e7\u00e3o\",\"image\":{\"@type\":\"ImageObject\",\"inLanguage\":\"pt-BR\",\"@id\":\"https:\\\/\\\/ocoerente.com.br\\\/se\\\/wp-content\\\/uploads\\\/2020\\\/01\\\/ocoerente-1.png\",\"url\":\"https:\\\/\\\/ocoerente.com.br\\\/se\\\/wp-content\\\/uploads\\\/2020\\\/01\\\/ocoerente-1.png\",\"contentUrl\":\"https:\\\/\\\/ocoerente.com.br\\\/se\\\/wp-content\\\/uploads\\\/2020\\\/01\\\/ocoerente-1.png\",\"width\":50,\"height\":50,\"caption\":\"Reda\u00e7\u00e3o\"},\"logo\":{\"@id\":\"https:\\\/\\\/ocoerente.com.br\\\/se\\\/wp-content\\\/uploads\\\/2020\\\/01\\\/ocoerente-1.png\"},\"url\":\"https:\\\/\\\/ocoerente.com.br\\\/se\\\/author\\\/vasticlsales\\\/\"}]}<\/script>\n<!-- \/ Yoast SEO plugin. -->","yoast_head_json":{"title":"Plataforma criada pela PGM \u00e9 indicada a participar do pr\u00eamio Innovare - O Coerente","robots":{"index":"index","follow":"follow","max-snippet":"max-snippet:-1","max-image-preview":"max-image-preview:large","max-video-preview":"max-video-preview:-1"},"canonical":"https:\/\/ocoerente.com.br\/se\/2022\/04\/22\/plataforma-criada-pela-pgm-e-indicada-a-participar-do-premio-innovare\/","og_locale":"pt_BR","og_type":"article","og_title":"Plataforma criada pela PGM \u00e9 indicada a participar do pr\u00eamio Innovare - O Coerente","og_description":"O sucesso na implanta\u00e7\u00e3o do sistema Libra, uma plataforma que re\u00fane as inst\u00e2ncias do Judici\u00e1rio, pela Procuradoria Geral do Munic\u00edpio (PGM), chamou a aten\u00e7\u00e3o do representante do pr\u00eamio Innovare em Sergipe. Nesta ter\u00e7a-feira, 19, o procurador-geral do Munic\u00edpio, Sidney Amaral Cardoso, recebeu o advogado e ex-presidente da Ordem dos Advogados do Brasil &#8211; Seccional Sergipe [&hellip;]","og_url":"https:\/\/ocoerente.com.br\/se\/2022\/04\/22\/plataforma-criada-pela-pgm-e-indicada-a-participar-do-premio-innovare\/","og_site_name":"O Coerente","article_published_time":"2022-04-22T04:37:34+00:00","article_modified_time":"2022-04-22T04:37:35+00:00","og_image":[{"width":1024,"height":682,"url":"https:\/\/ocoerente.com.br\/se\/wp-content\/uploads\/2022\/04\/pgmmm.jpg","type":"image\/jpeg"}],"author":"Reda\u00e7\u00e3o","twitter_card":"summary_large_image","twitter_misc":{"Escrito por":"Reda\u00e7\u00e3o","Est. tempo de leitura":"2 minutos"},"schema":{"@context":"https:\/\/schema.org","@graph":[{"@type":"Article","@id":"https:\/\/ocoerente.com.br\/se\/2022\/04\/22\/plataforma-criada-pela-pgm-e-indicada-a-participar-do-premio-innovare\/#article","isPartOf":{"@id":"https:\/\/ocoerente.com.br\/se\/2022\/04\/22\/plataforma-criada-pela-pgm-e-indicada-a-participar-do-premio-innovare\/"},"author":{"name":"Reda\u00e7\u00e3o","@id":"https:\/\/ocoerente.com.br\/se\/#\/schema\/person\/cc6bfd9fbca465e23543b0c963d8d037"},"headline":"Plataforma criada pela PGM \u00e9 indicada a participar do pr\u00eamio Innovare","datePublished":"2022-04-22T04:37:34+00:00","dateModified":"2022-04-22T04:37:35+00:00","mainEntityOfPage":{"@id":"https:\/\/ocoerente.com.br\/se\/2022\/04\/22\/plataforma-criada-pela-pgm-e-indicada-a-participar-do-premio-innovare\/"},"wordCount":347,"publisher":{"@id":"https:\/\/ocoerente.com.br\/se\/#\/schema\/person\/cc6bfd9fbca465e23543b0c963d8d037"},"image":{"@id":"https:\/\/ocoerente.com.br\/se\/2022\/04\/22\/plataforma-criada-pela-pgm-e-indicada-a-participar-do-premio-innovare\/#primaryimage"},"thumbnailUrl":"https:\/\/ocoerente.com.br\/se\/wp-content\/uploads\/2022\/04\/pgmmm.jpg","articleSection":["Brasil","Destaques"],"inLanguage":"pt-BR"},{"@type":"WebPage","@id":"https:\/\/ocoerente.com.br\/se\/2022\/04\/22\/plataforma-criada-pela-pgm-e-indicada-a-participar-do-premio-innovare\/","url":"https:\/\/ocoerente.com.br\/se\/2022\/04\/22\/plataforma-criada-pela-pgm-e-indicada-a-participar-do-premio-innovare\/","name":"Plataforma criada pela PGM \u00e9 indicada a participar do pr\u00eamio Innovare - O Coerente","isPartOf":{"@id":"https:\/\/ocoerente.com.br\/se\/#website"},"primaryImageOfPage":{"@id":"https:\/\/ocoerente.com.br\/se\/2022\/04\/22\/plataforma-criada-pela-pgm-e-indicada-a-participar-do-premio-innovare\/#primaryimage"},"image":{"@id":"https:\/\/ocoerente.com.br\/se\/2022\/04\/22\/plataforma-criada-pela-pgm-e-indicada-a-participar-do-premio-innovare\/#primaryimage"},"thumbnailUrl":"https:\/\/ocoerente.com.br\/se\/wp-content\/uploads\/2022\/04\/pgmmm.jpg","datePublished":"2022-04-22T04:37:34+00:00","dateModified":"2022-04-22T04:37:35+00:00","breadcrumb":{"@id":"https:\/\/ocoerente.com.br\/se\/2022\/04\/22\/plataforma-criada-pela-pgm-e-indicada-a-participar-do-premio-innovare\/#breadcrumb"},"inLanguage":"pt-BR","potentialAction":[{"@type":"ReadAction","target":["https:\/\/ocoerente.com.br\/se\/2022\/04\/22\/plataforma-criada-pela-pgm-e-indicada-a-participar-do-premio-innovare\/"]}]},{"@type":"ImageObject","inLanguage":"pt-BR","@id":"https:\/\/ocoerente.com.br\/se\/2022\/04\/22\/plataforma-criada-pela-pgm-e-indicada-a-participar-do-premio-innovare\/#primaryimage","url":"https:\/\/ocoerente.com.br\/se\/wp-content\/uploads\/2022\/04\/pgmmm.jpg","contentUrl":"https:\/\/ocoerente.com.br\/se\/wp-content\/uploads\/2022\/04\/pgmmm.jpg","width":1024,"height":682},{"@type":"BreadcrumbList","@id":"https:\/\/ocoerente.com.br\/se\/2022\/04\/22\/plataforma-criada-pela-pgm-e-indicada-a-participar-do-premio-innovare\/#breadcrumb","itemListElement":[{"@type":"ListItem","position":1,"name":"In\u00edcio","item":"https:\/\/ocoerente.com.br\/se\/"},{"@type":"ListItem","position":2,"name":"Plataforma criada pela PGM \u00e9 indicada a participar do pr\u00eamio Innovare"}]},{"@type":"WebSite","@id":"https:\/\/ocoerente.com.br\/se\/#website","url":"https:\/\/ocoerente.com.br\/se\/","name":"O Coerente","description":"","publisher":{"@id":"https:\/\/ocoerente.com.br\/se\/#\/schema\/person\/cc6bfd9fbca465e23543b0c963d8d037"},"potentialAction":[{"@type":"SearchAction","target":{"@type":"EntryPoint","urlTemplate":"https:\/\/ocoerente.com.br\/se\/?s={search_term_string}"},"query-input":{"@type":"PropertyValueSpecification","valueRequired":true,"valueName":"search_term_string"}}],"inLanguage":"pt-BR"},{"@type":["Person","Organization"],"@id":"https:\/\/ocoerente.com.br\/se\/#\/schema\/person\/cc6bfd9fbca465e23543b0c963d8d037","name":"Reda\u00e7\u00e3o","image":{"@type":"ImageObject","inLanguage":"pt-BR","@id":"https:\/\/ocoerente.com.br\/se\/wp-content\/uploads\/2020\/01\/ocoerente-1.png","url":"https:\/\/ocoerente.com.br\/se\/wp-content\/uploads\/2020\/01\/ocoerente-1.png","contentUrl":"https:\/\/ocoerente.com.br\/se\/wp-content\/uploads\/2020\/01\/ocoerente-1.png","width":50,"height":50,"caption":"Reda\u00e7\u00e3o"},"logo":{"@id":"https:\/\/ocoerente.com.br\/se\/wp-content\/uploads\/2020\/01\/ocoerente-1.png"},"url":"https:\/\/ocoerente.com.br\/se\/author\/vasticlsales\/"}]}},"_links":{"self":[{"href":"https:\/\/ocoerente.com.br\/se\/wp-json\/wp\/v2\/posts\/6002","targetHints":{"allow":["GET"]}}],"collection":[{"href":"https:\/\/ocoerente.com.br\/se\/wp-json\/wp\/v2\/posts"}],"about":[{"href":"https:\/\/ocoerente.com.br\/se\/wp-json\/wp\/v2\/types\/post"}],"author":[{"embeddable":true,"href":"https:\/\/ocoerente.com.br\/se\/wp-json\/wp\/v2\/users\/1"}],"replies":[{"embeddable":true,"href":"https:\/\/ocoerente.com.br\/se\/wp-json\/wp\/v2\/comments?post=6002"}],"version-history":[{"count":1,"href":"https:\/\/ocoerente.com.br\/se\/wp-json\/wp\/v2\/posts\/6002\/revisions"}],"predecessor-version":[{"id":6004,"href":"https:\/\/ocoerente.com.br\/se\/wp-json\/wp\/v2\/posts\/6002\/revisions\/6004"}],"wp:featuredmedia":[{"embeddable":true,"href":"https:\/\/ocoerente.com.br\/se\/wp-json\/wp\/v2\/media\/6003"}],"wp:attachment":[{"href":"https:\/\/ocoerente.com.br\/se\/wp-json\/wp\/v2\/media?parent=6002"}],"wp:term":[{"taxonomy":"category","embeddable":true,"href":"https:\/\/ocoerente.com.br\/se\/wp-json\/wp\/v2\/categories?post=6002"},{"taxonomy":"post_tag","embeddable":true,"href":"https:\/\/ocoerente.com.br\/se\/wp-json\/wp\/v2\/tags?post=6002"}],"curies":[{"name":"wp","href":"https:\/\/api.w.org\/{rel}","templated":true}]}}