{"id":5996,"date":"2022-04-22T01:33:55","date_gmt":"2022-04-22T04:33:55","guid":{"rendered":"https:\/\/ocoerente.com.br\/se\/?p=5996"},"modified":"2022-04-22T01:33:56","modified_gmt":"2022-04-22T04:33:56","slug":"em-fase-final-construcao-da-nova-emei-da-farolandia-ampliara-ensino-publico-a-primeira-infancia","status":"publish","type":"post","link":"https:\/\/ocoerente.com.br\/se\/2022\/04\/22\/em-fase-final-construcao-da-nova-emei-da-farolandia-ampliara-ensino-publico-a-primeira-infancia\/","title":{"rendered":"Em fase final, constru\u00e7\u00e3o da nova Emei da Farol\u00e2ndia ampliar\u00e1 ensino p\u00fablico \u00e0 Primeira Inf\u00e2ncia"},"content":{"rendered":"\n<p>Constituir um legado educacional que prepare as novas gera\u00e7\u00f5es para o futuro \u00e9 uma das grandes metas estabelecidas pela Prefeitura de Aracaju. E um dos meios para consolidar este objetivo \u00e9 a constru\u00e7\u00e3o e reformas de escolas municipais de Ensinos Infantil (Emei) e Fundamenta (Emef).<\/p>\n\n\n\n<p>Uma das unidades que, em pouco tempo, ofertar\u00e1 ensino gratuito, p\u00fablico e de qualidade \u00e0s crian\u00e7as \u00e9 a nova Emei do bairro Farol\u00e2ndia, erguida pela Empresa Municipal de Obras e Urbaniza\u00e7\u00e3o (Emurb).<\/p>\n\n\n\n<p>A escola ter\u00e1 capacidade de oferecer 268 vagas para crian\u00e7as entre 0 a 6 anos, na fase da Primeira Inf\u00e2ncia. No momento, a obra est\u00e1 sendo finalizada, com implanta\u00e7\u00e3o de cabeamento, forro, pinturas, revis\u00e3o das instala\u00e7\u00f5es de lou\u00e7as e metais e assentamento de portas. Al\u00e9m disso, na \u00e1rea externa, est\u00e3o sendo conclu\u00eddos os passeios e meios-fios.<\/p>\n\n\n\n<p>Para o secret\u00e1rio municipal da Infraestrutura e presidente da Emurb, S\u00e9rgio Ferrari, as constru\u00e7\u00f5es no \u00e2mbito da educa\u00e7\u00e3o trazem perspectivas transformadoras para os mun\u00edcipes. \u201cS\u00e3o servi\u00e7os de extrema import\u00e2ncia, pois oferecemos estrutura de ponta nas unidades de ensino, seja nas reformas ou na constru\u00e7\u00e3o de novas escolas. Todo o nosso trabalho \u00e9 feito para garantir que os profissionais e os alunos possam desempenhar suas fun\u00e7\u00f5es da melhor forma poss\u00edvel, em ambientes muito bem estruturados e modernos. Quando entregarmos o pr\u00e9dio \u00e0 Secretaria Municipal de Educa\u00e7\u00e3o (Semed), tenho certeza de que todos ir\u00e3o aproveitar muito bem, porque \u00e9 uma obra altamente qualificada\u201d, pontua.<\/p>\n\n\n\n<p>A \u00e1rea, de 2.400 m\u00b2, contar\u00e1 com lact\u00e1rio, 10 salas de aula, refeit\u00f3rio, copa, cozinha, horta e playground, alcan\u00e7ando uma \u00e1rea constru\u00edda de 950m\u00b2.&nbsp; As salas ser\u00e3o divididas de acordo com a idade das crian\u00e7as, sendo duas para cada faixa et\u00e1ria, classificadas em: Creche I (0 a 1 ano), Creche II (1 a 2 anos), Creche III (3 a 4 anos), Pr\u00e9-escola 1 (4 a 5 anos) e Pr\u00e9-escola 2 (5 a 6 anos).<\/p>\n\n\n\n<p>A obra possui um investimento de R$3.183.669,19, proveniente do Programa Nacional de Reestrutura\u00e7\u00e3o e Aquisi\u00e7\u00e3o de Equipamentos para a Rede Escolar P\u00fablica de Educa\u00e7\u00e3o Infantil (Proinf\u00e2ncia).<\/p>\n\n\n\n<p>AAN<\/p>\n","protected":false},"excerpt":{"rendered":"<p>Constituir um legado educacional que prepare as novas gera\u00e7\u00f5es para o futuro \u00e9 uma das grandes metas estabelecidas pela Prefeitura de Aracaju. E um dos meios para consolidar este objetivo \u00e9 a constru\u00e7\u00e3o e reformas de escolas municipais de Ensinos Infantil (Emei) e Fundamenta (Emef). Uma das unidades que, em pouco tempo, ofertar\u00e1 ensino gratuito, [&hellip;]<\/p>\n","protected":false},"author":1,"featured_media":5997,"comment_status":"closed","ping_status":"closed","sticky":false,"template":"","format":"standard","meta":{"footnotes":""},"categories":[53,43],"tags":[],"class_list":["post-5996","post","type-post","status-publish","format-standard","has-post-thumbnail","hentry","category-destaques","category-sergipe"],"yoast_head":"<!-- This site is optimized with the Yoast SEO plugin v27.5 - https:\/\/yoast.com\/product\/yoast-seo-wordpress\/ -->\n<title>Em fase final, constru\u00e7\u00e3o da nova Emei da Farol\u00e2ndia ampliar\u00e1 ensino p\u00fablico \u00e0 Primeira Inf\u00e2ncia - O Coerente<\/title>\n<meta name=\"robots\" content=\"index, follow, max-snippet:-1, max-image-preview:large, max-video-preview:-1\" \/>\n<link rel=\"canonical\" href=\"https:\/\/ocoerente.com.br\/se\/2022\/04\/22\/em-fase-final-construcao-da-nova-emei-da-farolandia-ampliara-ensino-publico-a-primeira-infancia\/\" \/>\n<meta property=\"og:locale\" content=\"pt_BR\" \/>\n<meta property=\"og:type\" content=\"article\" \/>\n<meta property=\"og:title\" content=\"Em fase final, constru\u00e7\u00e3o da nova Emei da Farol\u00e2ndia ampliar\u00e1 ensino p\u00fablico \u00e0 Primeira Inf\u00e2ncia - O Coerente\" \/>\n<meta property=\"og:description\" content=\"Constituir um legado educacional que prepare as novas gera\u00e7\u00f5es para o futuro \u00e9 uma das grandes metas estabelecidas pela Prefeitura de Aracaju. E um dos meios para consolidar este objetivo \u00e9 a constru\u00e7\u00e3o e reformas de escolas municipais de Ensinos Infantil (Emei) e Fundamenta (Emef). Uma das unidades que, em pouco tempo, ofertar\u00e1 ensino gratuito, [&hellip;]\" \/>\n<meta property=\"og:url\" content=\"https:\/\/ocoerente.com.br\/se\/2022\/04\/22\/em-fase-final-construcao-da-nova-emei-da-farolandia-ampliara-ensino-publico-a-primeira-infancia\/\" \/>\n<meta property=\"og:site_name\" content=\"O Coerente\" \/>\n<meta property=\"article:published_time\" content=\"2022-04-22T04:33:55+00:00\" \/>\n<meta property=\"article:modified_time\" content=\"2022-04-22T04:33:56+00:00\" \/>\n<meta property=\"og:image\" content=\"https:\/\/ocoerente.com.br\/se\/wp-content\/uploads\/2022\/04\/emurbbbb.jpg\" \/>\n\t<meta property=\"og:image:width\" content=\"1024\" \/>\n\t<meta property=\"og:image:height\" content=\"682\" \/>\n\t<meta property=\"og:image:type\" content=\"image\/jpeg\" \/>\n<meta name=\"author\" content=\"Reda\u00e7\u00e3o\" \/>\n<meta name=\"twitter:card\" content=\"summary_large_image\" \/>\n<meta name=\"twitter:label1\" content=\"Escrito por\" \/>\n\t<meta name=\"twitter:data1\" content=\"Reda\u00e7\u00e3o\" \/>\n\t<meta name=\"twitter:label2\" content=\"Est. tempo de leitura\" \/>\n\t<meta name=\"twitter:data2\" content=\"2 minutos\" \/>\n<script type=\"application\/ld+json\" class=\"yoast-schema-graph\">{\"@context\":\"https:\\\/\\\/schema.org\",\"@graph\":[{\"@type\":\"Article\",\"@id\":\"https:\\\/\\\/ocoerente.com.br\\\/se\\\/2022\\\/04\\\/22\\\/em-fase-final-construcao-da-nova-emei-da-farolandia-ampliara-ensino-publico-a-primeira-infancia\\\/#article\",\"isPartOf\":{\"@id\":\"https:\\\/\\\/ocoerente.com.br\\\/se\\\/2022\\\/04\\\/22\\\/em-fase-final-construcao-da-nova-emei-da-farolandia-ampliara-ensino-publico-a-primeira-infancia\\\/\"},\"author\":{\"name\":\"Reda\u00e7\u00e3o\",\"@id\":\"https:\\\/\\\/ocoerente.com.br\\\/se\\\/#\\\/schema\\\/person\\\/cc6bfd9fbca465e23543b0c963d8d037\"},\"headline\":\"Em fase final, constru\u00e7\u00e3o da nova Emei da Farol\u00e2ndia ampliar\u00e1 ensino p\u00fablico \u00e0 Primeira Inf\u00e2ncia\",\"datePublished\":\"2022-04-22T04:33:55+00:00\",\"dateModified\":\"2022-04-22T04:33:56+00:00\",\"mainEntityOfPage\":{\"@id\":\"https:\\\/\\\/ocoerente.com.br\\\/se\\\/2022\\\/04\\\/22\\\/em-fase-final-construcao-da-nova-emei-da-farolandia-ampliara-ensino-publico-a-primeira-infancia\\\/\"},\"wordCount\":375,\"publisher\":{\"@id\":\"https:\\\/\\\/ocoerente.com.br\\\/se\\\/#\\\/schema\\\/person\\\/cc6bfd9fbca465e23543b0c963d8d037\"},\"image\":{\"@id\":\"https:\\\/\\\/ocoerente.com.br\\\/se\\\/2022\\\/04\\\/22\\\/em-fase-final-construcao-da-nova-emei-da-farolandia-ampliara-ensino-publico-a-primeira-infancia\\\/#primaryimage\"},\"thumbnailUrl\":\"https:\\\/\\\/ocoerente.com.br\\\/se\\\/wp-content\\\/uploads\\\/2022\\\/04\\\/emurbbbb.jpg\",\"articleSection\":[\"Destaques\",\"Sergipe\"],\"inLanguage\":\"pt-BR\"},{\"@type\":\"WebPage\",\"@id\":\"https:\\\/\\\/ocoerente.com.br\\\/se\\\/2022\\\/04\\\/22\\\/em-fase-final-construcao-da-nova-emei-da-farolandia-ampliara-ensino-publico-a-primeira-infancia\\\/\",\"url\":\"https:\\\/\\\/ocoerente.com.br\\\/se\\\/2022\\\/04\\\/22\\\/em-fase-final-construcao-da-nova-emei-da-farolandia-ampliara-ensino-publico-a-primeira-infancia\\\/\",\"name\":\"Em fase final, constru\u00e7\u00e3o da nova Emei da Farol\u00e2ndia ampliar\u00e1 ensino p\u00fablico \u00e0 Primeira Inf\u00e2ncia - O Coerente\",\"isPartOf\":{\"@id\":\"https:\\\/\\\/ocoerente.com.br\\\/se\\\/#website\"},\"primaryImageOfPage\":{\"@id\":\"https:\\\/\\\/ocoerente.com.br\\\/se\\\/2022\\\/04\\\/22\\\/em-fase-final-construcao-da-nova-emei-da-farolandia-ampliara-ensino-publico-a-primeira-infancia\\\/#primaryimage\"},\"image\":{\"@id\":\"https:\\\/\\\/ocoerente.com.br\\\/se\\\/2022\\\/04\\\/22\\\/em-fase-final-construcao-da-nova-emei-da-farolandia-ampliara-ensino-publico-a-primeira-infancia\\\/#primaryimage\"},\"thumbnailUrl\":\"https:\\\/\\\/ocoerente.com.br\\\/se\\\/wp-content\\\/uploads\\\/2022\\\/04\\\/emurbbbb.jpg\",\"datePublished\":\"2022-04-22T04:33:55+00:00\",\"dateModified\":\"2022-04-22T04:33:56+00:00\",\"breadcrumb\":{\"@id\":\"https:\\\/\\\/ocoerente.com.br\\\/se\\\/2022\\\/04\\\/22\\\/em-fase-final-construcao-da-nova-emei-da-farolandia-ampliara-ensino-publico-a-primeira-infancia\\\/#breadcrumb\"},\"inLanguage\":\"pt-BR\",\"potentialAction\":[{\"@type\":\"ReadAction\",\"target\":[\"https:\\\/\\\/ocoerente.com.br\\\/se\\\/2022\\\/04\\\/22\\\/em-fase-final-construcao-da-nova-emei-da-farolandia-ampliara-ensino-publico-a-primeira-infancia\\\/\"]}]},{\"@type\":\"ImageObject\",\"inLanguage\":\"pt-BR\",\"@id\":\"https:\\\/\\\/ocoerente.com.br\\\/se\\\/2022\\\/04\\\/22\\\/em-fase-final-construcao-da-nova-emei-da-farolandia-ampliara-ensino-publico-a-primeira-infancia\\\/#primaryimage\",\"url\":\"https:\\\/\\\/ocoerente.com.br\\\/se\\\/wp-content\\\/uploads\\\/2022\\\/04\\\/emurbbbb.jpg\",\"contentUrl\":\"https:\\\/\\\/ocoerente.com.br\\\/se\\\/wp-content\\\/uploads\\\/2022\\\/04\\\/emurbbbb.jpg\",\"width\":1024,\"height\":682},{\"@type\":\"BreadcrumbList\",\"@id\":\"https:\\\/\\\/ocoerente.com.br\\\/se\\\/2022\\\/04\\\/22\\\/em-fase-final-construcao-da-nova-emei-da-farolandia-ampliara-ensino-publico-a-primeira-infancia\\\/#breadcrumb\",\"itemListElement\":[{\"@type\":\"ListItem\",\"position\":1,\"name\":\"In\u00edcio\",\"item\":\"https:\\\/\\\/ocoerente.com.br\\\/se\\\/\"},{\"@type\":\"ListItem\",\"position\":2,\"name\":\"Em fase final, constru\u00e7\u00e3o da nova Emei da Farol\u00e2ndia ampliar\u00e1 ensino p\u00fablico \u00e0 Primeira Inf\u00e2ncia\"}]},{\"@type\":\"WebSite\",\"@id\":\"https:\\\/\\\/ocoerente.com.br\\\/se\\\/#website\",\"url\":\"https:\\\/\\\/ocoerente.com.br\\\/se\\\/\",\"name\":\"O Coerente\",\"description\":\"\",\"publisher\":{\"@id\":\"https:\\\/\\\/ocoerente.com.br\\\/se\\\/#\\\/schema\\\/person\\\/cc6bfd9fbca465e23543b0c963d8d037\"},\"potentialAction\":[{\"@type\":\"SearchAction\",\"target\":{\"@type\":\"EntryPoint\",\"urlTemplate\":\"https:\\\/\\\/ocoerente.com.br\\\/se\\\/?s={search_term_string}\"},\"query-input\":{\"@type\":\"PropertyValueSpecification\",\"valueRequired\":true,\"valueName\":\"search_term_string\"}}],\"inLanguage\":\"pt-BR\"},{\"@type\":[\"Person\",\"Organization\"],\"@id\":\"https:\\\/\\\/ocoerente.com.br\\\/se\\\/#\\\/schema\\\/person\\\/cc6bfd9fbca465e23543b0c963d8d037\",\"name\":\"Reda\u00e7\u00e3o\",\"image\":{\"@type\":\"ImageObject\",\"inLanguage\":\"pt-BR\",\"@id\":\"https:\\\/\\\/ocoerente.com.br\\\/se\\\/wp-content\\\/uploads\\\/2020\\\/01\\\/ocoerente-1.png\",\"url\":\"https:\\\/\\\/ocoerente.com.br\\\/se\\\/wp-content\\\/uploads\\\/2020\\\/01\\\/ocoerente-1.png\",\"contentUrl\":\"https:\\\/\\\/ocoerente.com.br\\\/se\\\/wp-content\\\/uploads\\\/2020\\\/01\\\/ocoerente-1.png\",\"width\":50,\"height\":50,\"caption\":\"Reda\u00e7\u00e3o\"},\"logo\":{\"@id\":\"https:\\\/\\\/ocoerente.com.br\\\/se\\\/wp-content\\\/uploads\\\/2020\\\/01\\\/ocoerente-1.png\"},\"url\":\"https:\\\/\\\/ocoerente.com.br\\\/se\\\/author\\\/vasticlsales\\\/\"}]}<\/script>\n<!-- \/ Yoast SEO plugin. -->","yoast_head_json":{"title":"Em fase final, constru\u00e7\u00e3o da nova Emei da Farol\u00e2ndia ampliar\u00e1 ensino p\u00fablico \u00e0 Primeira Inf\u00e2ncia - O Coerente","robots":{"index":"index","follow":"follow","max-snippet":"max-snippet:-1","max-image-preview":"max-image-preview:large","max-video-preview":"max-video-preview:-1"},"canonical":"https:\/\/ocoerente.com.br\/se\/2022\/04\/22\/em-fase-final-construcao-da-nova-emei-da-farolandia-ampliara-ensino-publico-a-primeira-infancia\/","og_locale":"pt_BR","og_type":"article","og_title":"Em fase final, constru\u00e7\u00e3o da nova Emei da Farol\u00e2ndia ampliar\u00e1 ensino p\u00fablico \u00e0 Primeira Inf\u00e2ncia - O Coerente","og_description":"Constituir um legado educacional que prepare as novas gera\u00e7\u00f5es para o futuro \u00e9 uma das grandes metas estabelecidas pela Prefeitura de Aracaju. E um dos meios para consolidar este objetivo \u00e9 a constru\u00e7\u00e3o e reformas de escolas municipais de Ensinos Infantil (Emei) e Fundamenta (Emef). Uma das unidades que, em pouco tempo, ofertar\u00e1 ensino gratuito, [&hellip;]","og_url":"https:\/\/ocoerente.com.br\/se\/2022\/04\/22\/em-fase-final-construcao-da-nova-emei-da-farolandia-ampliara-ensino-publico-a-primeira-infancia\/","og_site_name":"O Coerente","article_published_time":"2022-04-22T04:33:55+00:00","article_modified_time":"2022-04-22T04:33:56+00:00","og_image":[{"width":1024,"height":682,"url":"https:\/\/ocoerente.com.br\/se\/wp-content\/uploads\/2022\/04\/emurbbbb.jpg","type":"image\/jpeg"}],"author":"Reda\u00e7\u00e3o","twitter_card":"summary_large_image","twitter_misc":{"Escrito por":"Reda\u00e7\u00e3o","Est. tempo de leitura":"2 minutos"},"schema":{"@context":"https:\/\/schema.org","@graph":[{"@type":"Article","@id":"https:\/\/ocoerente.com.br\/se\/2022\/04\/22\/em-fase-final-construcao-da-nova-emei-da-farolandia-ampliara-ensino-publico-a-primeira-infancia\/#article","isPartOf":{"@id":"https:\/\/ocoerente.com.br\/se\/2022\/04\/22\/em-fase-final-construcao-da-nova-emei-da-farolandia-ampliara-ensino-publico-a-primeira-infancia\/"},"author":{"name":"Reda\u00e7\u00e3o","@id":"https:\/\/ocoerente.com.br\/se\/#\/schema\/person\/cc6bfd9fbca465e23543b0c963d8d037"},"headline":"Em fase final, constru\u00e7\u00e3o da nova Emei da Farol\u00e2ndia ampliar\u00e1 ensino p\u00fablico \u00e0 Primeira Inf\u00e2ncia","datePublished":"2022-04-22T04:33:55+00:00","dateModified":"2022-04-22T04:33:56+00:00","mainEntityOfPage":{"@id":"https:\/\/ocoerente.com.br\/se\/2022\/04\/22\/em-fase-final-construcao-da-nova-emei-da-farolandia-ampliara-ensino-publico-a-primeira-infancia\/"},"wordCount":375,"publisher":{"@id":"https:\/\/ocoerente.com.br\/se\/#\/schema\/person\/cc6bfd9fbca465e23543b0c963d8d037"},"image":{"@id":"https:\/\/ocoerente.com.br\/se\/2022\/04\/22\/em-fase-final-construcao-da-nova-emei-da-farolandia-ampliara-ensino-publico-a-primeira-infancia\/#primaryimage"},"thumbnailUrl":"https:\/\/ocoerente.com.br\/se\/wp-content\/uploads\/2022\/04\/emurbbbb.jpg","articleSection":["Destaques","Sergipe"],"inLanguage":"pt-BR"},{"@type":"WebPage","@id":"https:\/\/ocoerente.com.br\/se\/2022\/04\/22\/em-fase-final-construcao-da-nova-emei-da-farolandia-ampliara-ensino-publico-a-primeira-infancia\/","url":"https:\/\/ocoerente.com.br\/se\/2022\/04\/22\/em-fase-final-construcao-da-nova-emei-da-farolandia-ampliara-ensino-publico-a-primeira-infancia\/","name":"Em fase final, constru\u00e7\u00e3o da nova Emei da Farol\u00e2ndia ampliar\u00e1 ensino p\u00fablico \u00e0 Primeira Inf\u00e2ncia - O Coerente","isPartOf":{"@id":"https:\/\/ocoerente.com.br\/se\/#website"},"primaryImageOfPage":{"@id":"https:\/\/ocoerente.com.br\/se\/2022\/04\/22\/em-fase-final-construcao-da-nova-emei-da-farolandia-ampliara-ensino-publico-a-primeira-infancia\/#primaryimage"},"image":{"@id":"https:\/\/ocoerente.com.br\/se\/2022\/04\/22\/em-fase-final-construcao-da-nova-emei-da-farolandia-ampliara-ensino-publico-a-primeira-infancia\/#primaryimage"},"thumbnailUrl":"https:\/\/ocoerente.com.br\/se\/wp-content\/uploads\/2022\/04\/emurbbbb.jpg","datePublished":"2022-04-22T04:33:55+00:00","dateModified":"2022-04-22T04:33:56+00:00","breadcrumb":{"@id":"https:\/\/ocoerente.com.br\/se\/2022\/04\/22\/em-fase-final-construcao-da-nova-emei-da-farolandia-ampliara-ensino-publico-a-primeira-infancia\/#breadcrumb"},"inLanguage":"pt-BR","potentialAction":[{"@type":"ReadAction","target":["https:\/\/ocoerente.com.br\/se\/2022\/04\/22\/em-fase-final-construcao-da-nova-emei-da-farolandia-ampliara-ensino-publico-a-primeira-infancia\/"]}]},{"@type":"ImageObject","inLanguage":"pt-BR","@id":"https:\/\/ocoerente.com.br\/se\/2022\/04\/22\/em-fase-final-construcao-da-nova-emei-da-farolandia-ampliara-ensino-publico-a-primeira-infancia\/#primaryimage","url":"https:\/\/ocoerente.com.br\/se\/wp-content\/uploads\/2022\/04\/emurbbbb.jpg","contentUrl":"https:\/\/ocoerente.com.br\/se\/wp-content\/uploads\/2022\/04\/emurbbbb.jpg","width":1024,"height":682},{"@type":"BreadcrumbList","@id":"https:\/\/ocoerente.com.br\/se\/2022\/04\/22\/em-fase-final-construcao-da-nova-emei-da-farolandia-ampliara-ensino-publico-a-primeira-infancia\/#breadcrumb","itemListElement":[{"@type":"ListItem","position":1,"name":"In\u00edcio","item":"https:\/\/ocoerente.com.br\/se\/"},{"@type":"ListItem","position":2,"name":"Em fase final, constru\u00e7\u00e3o da nova Emei da Farol\u00e2ndia ampliar\u00e1 ensino p\u00fablico \u00e0 Primeira Inf\u00e2ncia"}]},{"@type":"WebSite","@id":"https:\/\/ocoerente.com.br\/se\/#website","url":"https:\/\/ocoerente.com.br\/se\/","name":"O Coerente","description":"","publisher":{"@id":"https:\/\/ocoerente.com.br\/se\/#\/schema\/person\/cc6bfd9fbca465e23543b0c963d8d037"},"potentialAction":[{"@type":"SearchAction","target":{"@type":"EntryPoint","urlTemplate":"https:\/\/ocoerente.com.br\/se\/?s={search_term_string}"},"query-input":{"@type":"PropertyValueSpecification","valueRequired":true,"valueName":"search_term_string"}}],"inLanguage":"pt-BR"},{"@type":["Person","Organization"],"@id":"https:\/\/ocoerente.com.br\/se\/#\/schema\/person\/cc6bfd9fbca465e23543b0c963d8d037","name":"Reda\u00e7\u00e3o","image":{"@type":"ImageObject","inLanguage":"pt-BR","@id":"https:\/\/ocoerente.com.br\/se\/wp-content\/uploads\/2020\/01\/ocoerente-1.png","url":"https:\/\/ocoerente.com.br\/se\/wp-content\/uploads\/2020\/01\/ocoerente-1.png","contentUrl":"https:\/\/ocoerente.com.br\/se\/wp-content\/uploads\/2020\/01\/ocoerente-1.png","width":50,"height":50,"caption":"Reda\u00e7\u00e3o"},"logo":{"@id":"https:\/\/ocoerente.com.br\/se\/wp-content\/uploads\/2020\/01\/ocoerente-1.png"},"url":"https:\/\/ocoerente.com.br\/se\/author\/vasticlsales\/"}]}},"_links":{"self":[{"href":"https:\/\/ocoerente.com.br\/se\/wp-json\/wp\/v2\/posts\/5996","targetHints":{"allow":["GET"]}}],"collection":[{"href":"https:\/\/ocoerente.com.br\/se\/wp-json\/wp\/v2\/posts"}],"about":[{"href":"https:\/\/ocoerente.com.br\/se\/wp-json\/wp\/v2\/types\/post"}],"author":[{"embeddable":true,"href":"https:\/\/ocoerente.com.br\/se\/wp-json\/wp\/v2\/users\/1"}],"replies":[{"embeddable":true,"href":"https:\/\/ocoerente.com.br\/se\/wp-json\/wp\/v2\/comments?post=5996"}],"version-history":[{"count":1,"href":"https:\/\/ocoerente.com.br\/se\/wp-json\/wp\/v2\/posts\/5996\/revisions"}],"predecessor-version":[{"id":5998,"href":"https:\/\/ocoerente.com.br\/se\/wp-json\/wp\/v2\/posts\/5996\/revisions\/5998"}],"wp:featuredmedia":[{"embeddable":true,"href":"https:\/\/ocoerente.com.br\/se\/wp-json\/wp\/v2\/media\/5997"}],"wp:attachment":[{"href":"https:\/\/ocoerente.com.br\/se\/wp-json\/wp\/v2\/media?parent=5996"}],"wp:term":[{"taxonomy":"category","embeddable":true,"href":"https:\/\/ocoerente.com.br\/se\/wp-json\/wp\/v2\/categories?post=5996"},{"taxonomy":"post_tag","embeddable":true,"href":"https:\/\/ocoerente.com.br\/se\/wp-json\/wp\/v2\/tags?post=5996"}],"curies":[{"name":"wp","href":"https:\/\/api.w.org\/{rel}","templated":true}]}}