{"id":5943,"date":"2022-04-15T21:06:47","date_gmt":"2022-04-16T00:06:47","guid":{"rendered":"https:\/\/ocoerente.com.br\/se\/?p=5943"},"modified":"2022-04-15T21:06:48","modified_gmt":"2022-04-16T00:06:48","slug":"partido-verde-aprova-criacao-da-federacao-partidaria-com-pt-e-pcdob","status":"publish","type":"post","link":"https:\/\/ocoerente.com.br\/se\/2022\/04\/15\/partido-verde-aprova-criacao-da-federacao-partidaria-com-pt-e-pcdob\/","title":{"rendered":"Partido Verde aprova cria\u00e7\u00e3o da Federa\u00e7\u00e3o Partid\u00e1ria com PT e PCdoB"},"content":{"rendered":"\n<p>Em reuni\u00e3o deliberativa convocada pela Executiva Nacional do Partido Verde nesta quarta-feira (13), na sede nacional e tamb\u00e9m de forma virtual, os membros do diret\u00f3rio nacional aprovaram, por maioria absoluta, a cria\u00e7\u00e3o da Federa\u00e7\u00e3o Partid\u00e1ria com o Partido dos Trabalhadores (PT) e do Partido Comunista do Brasil (PcdoB).<\/p>\n\n\n\n<p>Na ocasi\u00e3o, votaram mais de 80 membros do diret\u00f3rio nacional do partido, representando todos os estados da unidade federativa brasileira.<\/p>\n\n\n\n<p>Com a anu\u00eancia dos membros do diret\u00f3rio, o presidente Luiz Jos\u00e9 Penna, segue com as articula\u00e7\u00f5es com os outros partidos para formalizar a cria\u00e7\u00e3o da agremia\u00e7\u00e3o de partidos. As federa\u00e7\u00f5es foram institu\u00eddas pela Lei n\u00ba 14.208\/21, que alterou a Lei dos Partidos Pol\u00edticos (Lei n\u00ba 9.096\/95) e a Lei das Elei\u00e7\u00f5es (Lei n\u00ba 9.504\/97).<\/p>\n\n\n\n<p>A federa\u00e7\u00e3o partid\u00e1ria, que tem abrang\u00eancia nacional, \u00e9 formada por dois ou mais partidos pol\u00edticos com afinidade program\u00e1tica que se unem para atuar como uma s\u00f3 legenda por, no m\u00ednimo, quatro anos &#8211; preservando-se, no entanto, a autonomia de cada partido que a integra.<\/p>\n\n\n\n<p>Nos pr\u00f3ximos dias, os partidos dever\u00e3o formalizar junto ao TSE sua cria\u00e7\u00e3o e apresentar o estatuto e programa que nortear\u00e3o o funcionamento da Federa\u00e7\u00e3o. Ser\u00e1 marcado, ainda, um ato para oficializar a alian\u00e7a entre as legendas.<\/p>\n","protected":false},"excerpt":{"rendered":"<p>Em reuni\u00e3o deliberativa convocada pela Executiva Nacional do Partido Verde nesta quarta-feira (13), na sede nacional e tamb\u00e9m de forma virtual, os membros do diret\u00f3rio nacional aprovaram, por maioria absoluta, a cria\u00e7\u00e3o da Federa\u00e7\u00e3o Partid\u00e1ria com o Partido dos Trabalhadores (PT) e do Partido Comunista do Brasil (PcdoB). Na ocasi\u00e3o, votaram mais de 80 membros [&hellip;]<\/p>\n","protected":false},"author":1,"featured_media":5944,"comment_status":"closed","ping_status":"closed","sticky":false,"template":"","format":"standard","meta":{"footnotes":""},"categories":[53,44],"tags":[],"class_list":["post-5943","post","type-post","status-publish","format-standard","has-post-thumbnail","hentry","category-destaques","category-politica"],"yoast_head":"<!-- This site is optimized with the Yoast SEO plugin v27.4 - https:\/\/yoast.com\/product\/yoast-seo-wordpress\/ -->\n<title>Partido Verde aprova cria\u00e7\u00e3o da Federa\u00e7\u00e3o Partid\u00e1ria com PT e PCdoB - O Coerente<\/title>\n<meta name=\"robots\" content=\"index, follow, max-snippet:-1, max-image-preview:large, max-video-preview:-1\" \/>\n<link rel=\"canonical\" href=\"https:\/\/ocoerente.com.br\/se\/2022\/04\/15\/partido-verde-aprova-criacao-da-federacao-partidaria-com-pt-e-pcdob\/\" \/>\n<meta property=\"og:locale\" content=\"pt_BR\" \/>\n<meta property=\"og:type\" content=\"article\" \/>\n<meta property=\"og:title\" content=\"Partido Verde aprova cria\u00e7\u00e3o da Federa\u00e7\u00e3o Partid\u00e1ria com PT e PCdoB - O Coerente\" \/>\n<meta property=\"og:description\" content=\"Em reuni\u00e3o deliberativa convocada pela Executiva Nacional do Partido Verde nesta quarta-feira (13), na sede nacional e tamb\u00e9m de forma virtual, os membros do diret\u00f3rio nacional aprovaram, por maioria absoluta, a cria\u00e7\u00e3o da Federa\u00e7\u00e3o Partid\u00e1ria com o Partido dos Trabalhadores (PT) e do Partido Comunista do Brasil (PcdoB). Na ocasi\u00e3o, votaram mais de 80 membros [&hellip;]\" \/>\n<meta property=\"og:url\" content=\"https:\/\/ocoerente.com.br\/se\/2022\/04\/15\/partido-verde-aprova-criacao-da-federacao-partidaria-com-pt-e-pcdob\/\" \/>\n<meta property=\"og:site_name\" content=\"O Coerente\" \/>\n<meta property=\"article:published_time\" content=\"2022-04-16T00:06:47+00:00\" \/>\n<meta property=\"article:modified_time\" content=\"2022-04-16T00:06:48+00:00\" \/>\n<meta property=\"og:image\" content=\"https:\/\/ocoerente.com.br\/se\/wp-content\/uploads\/2022\/04\/pt-pcdob-verde.jpg\" \/>\n\t<meta property=\"og:image:width\" content=\"1600\" \/>\n\t<meta property=\"og:image:height\" content=\"965\" \/>\n\t<meta property=\"og:image:type\" content=\"image\/jpeg\" \/>\n<meta name=\"author\" content=\"Reda\u00e7\u00e3o\" \/>\n<meta name=\"twitter:card\" content=\"summary_large_image\" \/>\n<meta name=\"twitter:label1\" content=\"Escrito por\" \/>\n\t<meta name=\"twitter:data1\" content=\"Reda\u00e7\u00e3o\" \/>\n\t<meta name=\"twitter:label2\" content=\"Est. tempo de leitura\" \/>\n\t<meta name=\"twitter:data2\" content=\"2 minutos\" \/>\n<script type=\"application\/ld+json\" class=\"yoast-schema-graph\">{\"@context\":\"https:\\\/\\\/schema.org\",\"@graph\":[{\"@type\":\"Article\",\"@id\":\"https:\\\/\\\/ocoerente.com.br\\\/se\\\/2022\\\/04\\\/15\\\/partido-verde-aprova-criacao-da-federacao-partidaria-com-pt-e-pcdob\\\/#article\",\"isPartOf\":{\"@id\":\"https:\\\/\\\/ocoerente.com.br\\\/se\\\/2022\\\/04\\\/15\\\/partido-verde-aprova-criacao-da-federacao-partidaria-com-pt-e-pcdob\\\/\"},\"author\":{\"name\":\"Reda\u00e7\u00e3o\",\"@id\":\"https:\\\/\\\/ocoerente.com.br\\\/se\\\/#\\\/schema\\\/person\\\/cc6bfd9fbca465e23543b0c963d8d037\"},\"headline\":\"Partido Verde aprova cria\u00e7\u00e3o da Federa\u00e7\u00e3o Partid\u00e1ria com PT e PCdoB\",\"datePublished\":\"2022-04-16T00:06:47+00:00\",\"dateModified\":\"2022-04-16T00:06:48+00:00\",\"mainEntityOfPage\":{\"@id\":\"https:\\\/\\\/ocoerente.com.br\\\/se\\\/2022\\\/04\\\/15\\\/partido-verde-aprova-criacao-da-federacao-partidaria-com-pt-e-pcdob\\\/\"},\"wordCount\":239,\"publisher\":{\"@id\":\"https:\\\/\\\/ocoerente.com.br\\\/se\\\/#\\\/schema\\\/person\\\/cc6bfd9fbca465e23543b0c963d8d037\"},\"image\":{\"@id\":\"https:\\\/\\\/ocoerente.com.br\\\/se\\\/2022\\\/04\\\/15\\\/partido-verde-aprova-criacao-da-federacao-partidaria-com-pt-e-pcdob\\\/#primaryimage\"},\"thumbnailUrl\":\"https:\\\/\\\/ocoerente.com.br\\\/se\\\/wp-content\\\/uploads\\\/2022\\\/04\\\/pt-pcdob-verde.jpg\",\"articleSection\":[\"Destaques\",\"Pol\u00edtica\"],\"inLanguage\":\"pt-BR\"},{\"@type\":\"WebPage\",\"@id\":\"https:\\\/\\\/ocoerente.com.br\\\/se\\\/2022\\\/04\\\/15\\\/partido-verde-aprova-criacao-da-federacao-partidaria-com-pt-e-pcdob\\\/\",\"url\":\"https:\\\/\\\/ocoerente.com.br\\\/se\\\/2022\\\/04\\\/15\\\/partido-verde-aprova-criacao-da-federacao-partidaria-com-pt-e-pcdob\\\/\",\"name\":\"Partido Verde aprova cria\u00e7\u00e3o da Federa\u00e7\u00e3o Partid\u00e1ria com PT e PCdoB - O Coerente\",\"isPartOf\":{\"@id\":\"https:\\\/\\\/ocoerente.com.br\\\/se\\\/#website\"},\"primaryImageOfPage\":{\"@id\":\"https:\\\/\\\/ocoerente.com.br\\\/se\\\/2022\\\/04\\\/15\\\/partido-verde-aprova-criacao-da-federacao-partidaria-com-pt-e-pcdob\\\/#primaryimage\"},\"image\":{\"@id\":\"https:\\\/\\\/ocoerente.com.br\\\/se\\\/2022\\\/04\\\/15\\\/partido-verde-aprova-criacao-da-federacao-partidaria-com-pt-e-pcdob\\\/#primaryimage\"},\"thumbnailUrl\":\"https:\\\/\\\/ocoerente.com.br\\\/se\\\/wp-content\\\/uploads\\\/2022\\\/04\\\/pt-pcdob-verde.jpg\",\"datePublished\":\"2022-04-16T00:06:47+00:00\",\"dateModified\":\"2022-04-16T00:06:48+00:00\",\"breadcrumb\":{\"@id\":\"https:\\\/\\\/ocoerente.com.br\\\/se\\\/2022\\\/04\\\/15\\\/partido-verde-aprova-criacao-da-federacao-partidaria-com-pt-e-pcdob\\\/#breadcrumb\"},\"inLanguage\":\"pt-BR\",\"potentialAction\":[{\"@type\":\"ReadAction\",\"target\":[\"https:\\\/\\\/ocoerente.com.br\\\/se\\\/2022\\\/04\\\/15\\\/partido-verde-aprova-criacao-da-federacao-partidaria-com-pt-e-pcdob\\\/\"]}]},{\"@type\":\"ImageObject\",\"inLanguage\":\"pt-BR\",\"@id\":\"https:\\\/\\\/ocoerente.com.br\\\/se\\\/2022\\\/04\\\/15\\\/partido-verde-aprova-criacao-da-federacao-partidaria-com-pt-e-pcdob\\\/#primaryimage\",\"url\":\"https:\\\/\\\/ocoerente.com.br\\\/se\\\/wp-content\\\/uploads\\\/2022\\\/04\\\/pt-pcdob-verde.jpg\",\"contentUrl\":\"https:\\\/\\\/ocoerente.com.br\\\/se\\\/wp-content\\\/uploads\\\/2022\\\/04\\\/pt-pcdob-verde.jpg\",\"width\":1600,\"height\":965},{\"@type\":\"BreadcrumbList\",\"@id\":\"https:\\\/\\\/ocoerente.com.br\\\/se\\\/2022\\\/04\\\/15\\\/partido-verde-aprova-criacao-da-federacao-partidaria-com-pt-e-pcdob\\\/#breadcrumb\",\"itemListElement\":[{\"@type\":\"ListItem\",\"position\":1,\"name\":\"In\u00edcio\",\"item\":\"https:\\\/\\\/ocoerente.com.br\\\/se\\\/\"},{\"@type\":\"ListItem\",\"position\":2,\"name\":\"Partido Verde aprova cria\u00e7\u00e3o da Federa\u00e7\u00e3o Partid\u00e1ria com PT e PCdoB\"}]},{\"@type\":\"WebSite\",\"@id\":\"https:\\\/\\\/ocoerente.com.br\\\/se\\\/#website\",\"url\":\"https:\\\/\\\/ocoerente.com.br\\\/se\\\/\",\"name\":\"O Coerente\",\"description\":\"\",\"publisher\":{\"@id\":\"https:\\\/\\\/ocoerente.com.br\\\/se\\\/#\\\/schema\\\/person\\\/cc6bfd9fbca465e23543b0c963d8d037\"},\"potentialAction\":[{\"@type\":\"SearchAction\",\"target\":{\"@type\":\"EntryPoint\",\"urlTemplate\":\"https:\\\/\\\/ocoerente.com.br\\\/se\\\/?s={search_term_string}\"},\"query-input\":{\"@type\":\"PropertyValueSpecification\",\"valueRequired\":true,\"valueName\":\"search_term_string\"}}],\"inLanguage\":\"pt-BR\"},{\"@type\":[\"Person\",\"Organization\"],\"@id\":\"https:\\\/\\\/ocoerente.com.br\\\/se\\\/#\\\/schema\\\/person\\\/cc6bfd9fbca465e23543b0c963d8d037\",\"name\":\"Reda\u00e7\u00e3o\",\"image\":{\"@type\":\"ImageObject\",\"inLanguage\":\"pt-BR\",\"@id\":\"https:\\\/\\\/ocoerente.com.br\\\/se\\\/wp-content\\\/uploads\\\/2020\\\/01\\\/ocoerente-1.png\",\"url\":\"https:\\\/\\\/ocoerente.com.br\\\/se\\\/wp-content\\\/uploads\\\/2020\\\/01\\\/ocoerente-1.png\",\"contentUrl\":\"https:\\\/\\\/ocoerente.com.br\\\/se\\\/wp-content\\\/uploads\\\/2020\\\/01\\\/ocoerente-1.png\",\"width\":50,\"height\":50,\"caption\":\"Reda\u00e7\u00e3o\"},\"logo\":{\"@id\":\"https:\\\/\\\/ocoerente.com.br\\\/se\\\/wp-content\\\/uploads\\\/2020\\\/01\\\/ocoerente-1.png\"},\"url\":\"https:\\\/\\\/ocoerente.com.br\\\/se\\\/author\\\/vasticlsales\\\/\"}]}<\/script>\n<!-- \/ Yoast SEO plugin. -->","yoast_head_json":{"title":"Partido Verde aprova cria\u00e7\u00e3o da Federa\u00e7\u00e3o Partid\u00e1ria com PT e PCdoB - O Coerente","robots":{"index":"index","follow":"follow","max-snippet":"max-snippet:-1","max-image-preview":"max-image-preview:large","max-video-preview":"max-video-preview:-1"},"canonical":"https:\/\/ocoerente.com.br\/se\/2022\/04\/15\/partido-verde-aprova-criacao-da-federacao-partidaria-com-pt-e-pcdob\/","og_locale":"pt_BR","og_type":"article","og_title":"Partido Verde aprova cria\u00e7\u00e3o da Federa\u00e7\u00e3o Partid\u00e1ria com PT e PCdoB - O Coerente","og_description":"Em reuni\u00e3o deliberativa convocada pela Executiva Nacional do Partido Verde nesta quarta-feira (13), na sede nacional e tamb\u00e9m de forma virtual, os membros do diret\u00f3rio nacional aprovaram, por maioria absoluta, a cria\u00e7\u00e3o da Federa\u00e7\u00e3o Partid\u00e1ria com o Partido dos Trabalhadores (PT) e do Partido Comunista do Brasil (PcdoB). Na ocasi\u00e3o, votaram mais de 80 membros [&hellip;]","og_url":"https:\/\/ocoerente.com.br\/se\/2022\/04\/15\/partido-verde-aprova-criacao-da-federacao-partidaria-com-pt-e-pcdob\/","og_site_name":"O Coerente","article_published_time":"2022-04-16T00:06:47+00:00","article_modified_time":"2022-04-16T00:06:48+00:00","og_image":[{"width":1600,"height":965,"url":"https:\/\/ocoerente.com.br\/se\/wp-content\/uploads\/2022\/04\/pt-pcdob-verde.jpg","type":"image\/jpeg"}],"author":"Reda\u00e7\u00e3o","twitter_card":"summary_large_image","twitter_misc":{"Escrito por":"Reda\u00e7\u00e3o","Est. tempo de leitura":"2 minutos"},"schema":{"@context":"https:\/\/schema.org","@graph":[{"@type":"Article","@id":"https:\/\/ocoerente.com.br\/se\/2022\/04\/15\/partido-verde-aprova-criacao-da-federacao-partidaria-com-pt-e-pcdob\/#article","isPartOf":{"@id":"https:\/\/ocoerente.com.br\/se\/2022\/04\/15\/partido-verde-aprova-criacao-da-federacao-partidaria-com-pt-e-pcdob\/"},"author":{"name":"Reda\u00e7\u00e3o","@id":"https:\/\/ocoerente.com.br\/se\/#\/schema\/person\/cc6bfd9fbca465e23543b0c963d8d037"},"headline":"Partido Verde aprova cria\u00e7\u00e3o da Federa\u00e7\u00e3o Partid\u00e1ria com PT e PCdoB","datePublished":"2022-04-16T00:06:47+00:00","dateModified":"2022-04-16T00:06:48+00:00","mainEntityOfPage":{"@id":"https:\/\/ocoerente.com.br\/se\/2022\/04\/15\/partido-verde-aprova-criacao-da-federacao-partidaria-com-pt-e-pcdob\/"},"wordCount":239,"publisher":{"@id":"https:\/\/ocoerente.com.br\/se\/#\/schema\/person\/cc6bfd9fbca465e23543b0c963d8d037"},"image":{"@id":"https:\/\/ocoerente.com.br\/se\/2022\/04\/15\/partido-verde-aprova-criacao-da-federacao-partidaria-com-pt-e-pcdob\/#primaryimage"},"thumbnailUrl":"https:\/\/ocoerente.com.br\/se\/wp-content\/uploads\/2022\/04\/pt-pcdob-verde.jpg","articleSection":["Destaques","Pol\u00edtica"],"inLanguage":"pt-BR"},{"@type":"WebPage","@id":"https:\/\/ocoerente.com.br\/se\/2022\/04\/15\/partido-verde-aprova-criacao-da-federacao-partidaria-com-pt-e-pcdob\/","url":"https:\/\/ocoerente.com.br\/se\/2022\/04\/15\/partido-verde-aprova-criacao-da-federacao-partidaria-com-pt-e-pcdob\/","name":"Partido Verde aprova cria\u00e7\u00e3o da Federa\u00e7\u00e3o Partid\u00e1ria com PT e PCdoB - O Coerente","isPartOf":{"@id":"https:\/\/ocoerente.com.br\/se\/#website"},"primaryImageOfPage":{"@id":"https:\/\/ocoerente.com.br\/se\/2022\/04\/15\/partido-verde-aprova-criacao-da-federacao-partidaria-com-pt-e-pcdob\/#primaryimage"},"image":{"@id":"https:\/\/ocoerente.com.br\/se\/2022\/04\/15\/partido-verde-aprova-criacao-da-federacao-partidaria-com-pt-e-pcdob\/#primaryimage"},"thumbnailUrl":"https:\/\/ocoerente.com.br\/se\/wp-content\/uploads\/2022\/04\/pt-pcdob-verde.jpg","datePublished":"2022-04-16T00:06:47+00:00","dateModified":"2022-04-16T00:06:48+00:00","breadcrumb":{"@id":"https:\/\/ocoerente.com.br\/se\/2022\/04\/15\/partido-verde-aprova-criacao-da-federacao-partidaria-com-pt-e-pcdob\/#breadcrumb"},"inLanguage":"pt-BR","potentialAction":[{"@type":"ReadAction","target":["https:\/\/ocoerente.com.br\/se\/2022\/04\/15\/partido-verde-aprova-criacao-da-federacao-partidaria-com-pt-e-pcdob\/"]}]},{"@type":"ImageObject","inLanguage":"pt-BR","@id":"https:\/\/ocoerente.com.br\/se\/2022\/04\/15\/partido-verde-aprova-criacao-da-federacao-partidaria-com-pt-e-pcdob\/#primaryimage","url":"https:\/\/ocoerente.com.br\/se\/wp-content\/uploads\/2022\/04\/pt-pcdob-verde.jpg","contentUrl":"https:\/\/ocoerente.com.br\/se\/wp-content\/uploads\/2022\/04\/pt-pcdob-verde.jpg","width":1600,"height":965},{"@type":"BreadcrumbList","@id":"https:\/\/ocoerente.com.br\/se\/2022\/04\/15\/partido-verde-aprova-criacao-da-federacao-partidaria-com-pt-e-pcdob\/#breadcrumb","itemListElement":[{"@type":"ListItem","position":1,"name":"In\u00edcio","item":"https:\/\/ocoerente.com.br\/se\/"},{"@type":"ListItem","position":2,"name":"Partido Verde aprova cria\u00e7\u00e3o da Federa\u00e7\u00e3o Partid\u00e1ria com PT e PCdoB"}]},{"@type":"WebSite","@id":"https:\/\/ocoerente.com.br\/se\/#website","url":"https:\/\/ocoerente.com.br\/se\/","name":"O Coerente","description":"","publisher":{"@id":"https:\/\/ocoerente.com.br\/se\/#\/schema\/person\/cc6bfd9fbca465e23543b0c963d8d037"},"potentialAction":[{"@type":"SearchAction","target":{"@type":"EntryPoint","urlTemplate":"https:\/\/ocoerente.com.br\/se\/?s={search_term_string}"},"query-input":{"@type":"PropertyValueSpecification","valueRequired":true,"valueName":"search_term_string"}}],"inLanguage":"pt-BR"},{"@type":["Person","Organization"],"@id":"https:\/\/ocoerente.com.br\/se\/#\/schema\/person\/cc6bfd9fbca465e23543b0c963d8d037","name":"Reda\u00e7\u00e3o","image":{"@type":"ImageObject","inLanguage":"pt-BR","@id":"https:\/\/ocoerente.com.br\/se\/wp-content\/uploads\/2020\/01\/ocoerente-1.png","url":"https:\/\/ocoerente.com.br\/se\/wp-content\/uploads\/2020\/01\/ocoerente-1.png","contentUrl":"https:\/\/ocoerente.com.br\/se\/wp-content\/uploads\/2020\/01\/ocoerente-1.png","width":50,"height":50,"caption":"Reda\u00e7\u00e3o"},"logo":{"@id":"https:\/\/ocoerente.com.br\/se\/wp-content\/uploads\/2020\/01\/ocoerente-1.png"},"url":"https:\/\/ocoerente.com.br\/se\/author\/vasticlsales\/"}]}},"_links":{"self":[{"href":"https:\/\/ocoerente.com.br\/se\/wp-json\/wp\/v2\/posts\/5943","targetHints":{"allow":["GET"]}}],"collection":[{"href":"https:\/\/ocoerente.com.br\/se\/wp-json\/wp\/v2\/posts"}],"about":[{"href":"https:\/\/ocoerente.com.br\/se\/wp-json\/wp\/v2\/types\/post"}],"author":[{"embeddable":true,"href":"https:\/\/ocoerente.com.br\/se\/wp-json\/wp\/v2\/users\/1"}],"replies":[{"embeddable":true,"href":"https:\/\/ocoerente.com.br\/se\/wp-json\/wp\/v2\/comments?post=5943"}],"version-history":[{"count":1,"href":"https:\/\/ocoerente.com.br\/se\/wp-json\/wp\/v2\/posts\/5943\/revisions"}],"predecessor-version":[{"id":5945,"href":"https:\/\/ocoerente.com.br\/se\/wp-json\/wp\/v2\/posts\/5943\/revisions\/5945"}],"wp:featuredmedia":[{"embeddable":true,"href":"https:\/\/ocoerente.com.br\/se\/wp-json\/wp\/v2\/media\/5944"}],"wp:attachment":[{"href":"https:\/\/ocoerente.com.br\/se\/wp-json\/wp\/v2\/media?parent=5943"}],"wp:term":[{"taxonomy":"category","embeddable":true,"href":"https:\/\/ocoerente.com.br\/se\/wp-json\/wp\/v2\/categories?post=5943"},{"taxonomy":"post_tag","embeddable":true,"href":"https:\/\/ocoerente.com.br\/se\/wp-json\/wp\/v2\/tags?post=5943"}],"curies":[{"name":"wp","href":"https:\/\/api.w.org\/{rel}","templated":true}]}}