{"id":5934,"date":"2022-04-13T02:52:12","date_gmt":"2022-04-13T05:52:12","guid":{"rendered":"https:\/\/ocoerente.com.br\/se\/?p=5934"},"modified":"2022-04-13T02:52:13","modified_gmt":"2022-04-13T05:52:13","slug":"prefeitura-inicia-treinamento-de-professores-para-uso-de-laboratorios-nas-escolas","status":"publish","type":"post","link":"https:\/\/ocoerente.com.br\/se\/2022\/04\/13\/prefeitura-inicia-treinamento-de-professores-para-uso-de-laboratorios-nas-escolas\/","title":{"rendered":"Prefeitura inicia treinamento de professores para uso de laborat\u00f3rios nas escolas"},"content":{"rendered":"\n<p>Desde o m\u00eas de fevereiro, a Prefeitura de Aracaju, por interm\u00e9dio da Secretaria Municipal da Educa\u00e7\u00e3o (Semed), est\u00e1 realizando a\u00a0<a href=\"https:\/\/www.aracaju.se.gov.br\/noticias\/94527\/prefeitura_inicia_montagem_de_laboratorios_de_ciencias_e_matematica_nas_escolas_municipais.html\">montagem de laborat\u00f3rios de Ci\u00eancias e de Matem\u00e1ticas<\/a>\u00a0nas Escolas Municipais de Ensino Fundamental (Emefs). Nesta ter\u00e7a-feira, 12, a Semed realizou o primeiro dia de forma\u00e7\u00e3o para o uso destes equipamentos.<\/p>\n\n\n\n<p>A capacita\u00e7\u00e3o foi realizada na Emef Dom Jos\u00e9 Vicente T\u00e1vora e contou com a participa\u00e7\u00e3o de t\u00e9cnicos da Semed que trabalham com o\u00a0<a href=\"https:\/\/www.aracaju.se.gov.br\/noticias\/94902\/escolas_municipais_recebem_material_de_reforco_pedagogico_do_programa_educaju.html\">programa Educaju<\/a>, al\u00e9m de coordenadores pedag\u00f3gicos de escolas que ofertam anos iniciais do ensino fundamental.\u00a0Na quarta-feira, dia 13, ser\u00e1 a vez dos professores que lecionam para turmas dos anos finais do ensino fundamental. A ideia \u00e9 que esses primeiros participantes da forma\u00e7\u00e3o repliquem os aprendizados com os professores e coordenadores de outras escolas, \u00e0 medida que os laborat\u00f3rios forem sendo entregues e montados.<\/p>\n\n\n\n<p>\u201cUm dos pontos principais desta forma\u00e7\u00e3o \u00e9 o de pensar estrat\u00e9gias de ensino utilizando os laborat\u00f3rios. N\u00e3o adianta saber manusear um equipamento, como por exemplo o microsc\u00f3pio, se n\u00e3o tem uma estrat\u00e9gia did\u00e1tica pedag\u00f3gica para o uso deste recurso. Pensamos em algo com o olhar voltado para a aprendizagem dos estudantes\u201d, explica a formadora M\u00e1rcia Elisabete Klein.\u00a0<\/p>\n\n\n\n<p>Ao todo, ser\u00e3o instalados 45 laborat\u00f3rios de ci\u00eancias e 45 de matem\u00e1tica, os quais atender\u00e3o a todas as 44 escolas municipais de ensino fundamental (Emefs) e a unidade de educa\u00e7\u00e3o integral que est\u00e1 em fase final de constru\u00e7\u00e3o. A expectativa da Prefeitura \u00e9 que, neste m\u00eas de abril, j\u00e1 estejam com o laborat\u00f3rio em funcionamento as 20 unidades de anos finais do ensino fundamental e mais duas de anos iniciais.<\/p>\n\n\n\n<p>\u201cA forma\u00e7\u00e3o visa instrumentalizar esta equipe para reproduzir as atividades pedag\u00f3gicas com a utiliza\u00e7\u00e3o dos laborat\u00f3rios. Esse primeiro grupo vai servir como mediador para os demais professores. Ao mesmo tempo em que montamos os laborat\u00f3rios, estamos tamb\u00e9m capacitando algum funcion\u00e1rio da escola para compreender todas as possibilidades de uso dos equipamentos\u201d, explica o coordenador de Ensino Fundamental da Semed, Evilson Nunes.\u00a0De acordo com Evilson, os laborat\u00f3rios s\u00e3o entregues com material de suporte e apoio digital, al\u00e9m de caderno de atividades para os alunos. \u201cNesta forma\u00e7\u00e3o, as equipes t\u00eam acesso a essas possibilidades para que tamb\u00e9m fa\u00e7am a vincula\u00e7\u00e3o das atividades dos laborat\u00f3rios com o nosso material do Educaju, para que todas as a\u00e7\u00f5es das escolas sejam integradas\u201d, complementa Evilson.<\/p>\n\n\n\n<p>AAN<\/p>\n","protected":false},"excerpt":{"rendered":"<p>Desde o m\u00eas de fevereiro, a Prefeitura de Aracaju, por interm\u00e9dio da Secretaria Municipal da Educa\u00e7\u00e3o (Semed), est\u00e1 realizando a\u00a0montagem de laborat\u00f3rios de Ci\u00eancias e de Matem\u00e1ticas\u00a0nas Escolas Municipais de Ensino Fundamental (Emefs). Nesta ter\u00e7a-feira, 12, a Semed realizou o primeiro dia de forma\u00e7\u00e3o para o uso destes equipamentos. A capacita\u00e7\u00e3o foi realizada na Emef [&hellip;]<\/p>\n","protected":false},"author":1,"featured_media":5935,"comment_status":"closed","ping_status":"closed","sticky":false,"template":"","format":"standard","meta":{"footnotes":""},"categories":[53,47],"tags":[],"class_list":["post-5934","post","type-post","status-publish","format-standard","has-post-thumbnail","hentry","category-destaques","category-educacao"],"yoast_head":"<!-- This site is optimized with the Yoast SEO plugin v27.4 - https:\/\/yoast.com\/product\/yoast-seo-wordpress\/ -->\n<title>Prefeitura inicia treinamento de professores para uso de laborat\u00f3rios nas escolas - O Coerente<\/title>\n<meta name=\"robots\" content=\"index, follow, max-snippet:-1, max-image-preview:large, max-video-preview:-1\" \/>\n<link rel=\"canonical\" href=\"https:\/\/ocoerente.com.br\/se\/2022\/04\/13\/prefeitura-inicia-treinamento-de-professores-para-uso-de-laboratorios-nas-escolas\/\" \/>\n<meta property=\"og:locale\" content=\"pt_BR\" \/>\n<meta property=\"og:type\" content=\"article\" \/>\n<meta property=\"og:title\" content=\"Prefeitura inicia treinamento de professores para uso de laborat\u00f3rios nas escolas - O Coerente\" \/>\n<meta property=\"og:description\" content=\"Desde o m\u00eas de fevereiro, a Prefeitura de Aracaju, por interm\u00e9dio da Secretaria Municipal da Educa\u00e7\u00e3o (Semed), est\u00e1 realizando a\u00a0montagem de laborat\u00f3rios de Ci\u00eancias e de Matem\u00e1ticas\u00a0nas Escolas Municipais de Ensino Fundamental (Emefs). Nesta ter\u00e7a-feira, 12, a Semed realizou o primeiro dia de forma\u00e7\u00e3o para o uso destes equipamentos. A capacita\u00e7\u00e3o foi realizada na Emef [&hellip;]\" \/>\n<meta property=\"og:url\" content=\"https:\/\/ocoerente.com.br\/se\/2022\/04\/13\/prefeitura-inicia-treinamento-de-professores-para-uso-de-laboratorios-nas-escolas\/\" \/>\n<meta property=\"og:site_name\" content=\"O Coerente\" \/>\n<meta property=\"article:published_time\" content=\"2022-04-13T05:52:12+00:00\" \/>\n<meta property=\"article:modified_time\" content=\"2022-04-13T05:52:13+00:00\" \/>\n<meta property=\"og:image\" content=\"https:\/\/ocoerente.com.br\/se\/wp-content\/uploads\/2022\/04\/labescola.jpg\" \/>\n\t<meta property=\"og:image:width\" content=\"1023\" \/>\n\t<meta property=\"og:image:height\" content=\"685\" \/>\n\t<meta property=\"og:image:type\" content=\"image\/jpeg\" \/>\n<meta name=\"author\" content=\"Reda\u00e7\u00e3o\" \/>\n<meta name=\"twitter:card\" content=\"summary_large_image\" \/>\n<meta name=\"twitter:label1\" content=\"Escrito por\" \/>\n\t<meta name=\"twitter:data1\" content=\"Reda\u00e7\u00e3o\" \/>\n\t<meta name=\"twitter:label2\" content=\"Est. tempo de leitura\" \/>\n\t<meta name=\"twitter:data2\" content=\"3 minutos\" \/>\n<script type=\"application\/ld+json\" class=\"yoast-schema-graph\">{\"@context\":\"https:\\\/\\\/schema.org\",\"@graph\":[{\"@type\":\"Article\",\"@id\":\"https:\\\/\\\/ocoerente.com.br\\\/se\\\/2022\\\/04\\\/13\\\/prefeitura-inicia-treinamento-de-professores-para-uso-de-laboratorios-nas-escolas\\\/#article\",\"isPartOf\":{\"@id\":\"https:\\\/\\\/ocoerente.com.br\\\/se\\\/2022\\\/04\\\/13\\\/prefeitura-inicia-treinamento-de-professores-para-uso-de-laboratorios-nas-escolas\\\/\"},\"author\":{\"name\":\"Reda\u00e7\u00e3o\",\"@id\":\"https:\\\/\\\/ocoerente.com.br\\\/se\\\/#\\\/schema\\\/person\\\/cc6bfd9fbca465e23543b0c963d8d037\"},\"headline\":\"Prefeitura inicia treinamento de professores para uso de laborat\u00f3rios nas escolas\",\"datePublished\":\"2022-04-13T05:52:12+00:00\",\"dateModified\":\"2022-04-13T05:52:13+00:00\",\"mainEntityOfPage\":{\"@id\":\"https:\\\/\\\/ocoerente.com.br\\\/se\\\/2022\\\/04\\\/13\\\/prefeitura-inicia-treinamento-de-professores-para-uso-de-laboratorios-nas-escolas\\\/\"},\"wordCount\":440,\"publisher\":{\"@id\":\"https:\\\/\\\/ocoerente.com.br\\\/se\\\/#\\\/schema\\\/person\\\/cc6bfd9fbca465e23543b0c963d8d037\"},\"image\":{\"@id\":\"https:\\\/\\\/ocoerente.com.br\\\/se\\\/2022\\\/04\\\/13\\\/prefeitura-inicia-treinamento-de-professores-para-uso-de-laboratorios-nas-escolas\\\/#primaryimage\"},\"thumbnailUrl\":\"https:\\\/\\\/ocoerente.com.br\\\/se\\\/wp-content\\\/uploads\\\/2022\\\/04\\\/labescola.jpg\",\"articleSection\":[\"Destaques\",\"Educa\u00e7\u00e3o\"],\"inLanguage\":\"pt-BR\"},{\"@type\":\"WebPage\",\"@id\":\"https:\\\/\\\/ocoerente.com.br\\\/se\\\/2022\\\/04\\\/13\\\/prefeitura-inicia-treinamento-de-professores-para-uso-de-laboratorios-nas-escolas\\\/\",\"url\":\"https:\\\/\\\/ocoerente.com.br\\\/se\\\/2022\\\/04\\\/13\\\/prefeitura-inicia-treinamento-de-professores-para-uso-de-laboratorios-nas-escolas\\\/\",\"name\":\"Prefeitura inicia treinamento de professores para uso de laborat\u00f3rios nas escolas - O Coerente\",\"isPartOf\":{\"@id\":\"https:\\\/\\\/ocoerente.com.br\\\/se\\\/#website\"},\"primaryImageOfPage\":{\"@id\":\"https:\\\/\\\/ocoerente.com.br\\\/se\\\/2022\\\/04\\\/13\\\/prefeitura-inicia-treinamento-de-professores-para-uso-de-laboratorios-nas-escolas\\\/#primaryimage\"},\"image\":{\"@id\":\"https:\\\/\\\/ocoerente.com.br\\\/se\\\/2022\\\/04\\\/13\\\/prefeitura-inicia-treinamento-de-professores-para-uso-de-laboratorios-nas-escolas\\\/#primaryimage\"},\"thumbnailUrl\":\"https:\\\/\\\/ocoerente.com.br\\\/se\\\/wp-content\\\/uploads\\\/2022\\\/04\\\/labescola.jpg\",\"datePublished\":\"2022-04-13T05:52:12+00:00\",\"dateModified\":\"2022-04-13T05:52:13+00:00\",\"breadcrumb\":{\"@id\":\"https:\\\/\\\/ocoerente.com.br\\\/se\\\/2022\\\/04\\\/13\\\/prefeitura-inicia-treinamento-de-professores-para-uso-de-laboratorios-nas-escolas\\\/#breadcrumb\"},\"inLanguage\":\"pt-BR\",\"potentialAction\":[{\"@type\":\"ReadAction\",\"target\":[\"https:\\\/\\\/ocoerente.com.br\\\/se\\\/2022\\\/04\\\/13\\\/prefeitura-inicia-treinamento-de-professores-para-uso-de-laboratorios-nas-escolas\\\/\"]}]},{\"@type\":\"ImageObject\",\"inLanguage\":\"pt-BR\",\"@id\":\"https:\\\/\\\/ocoerente.com.br\\\/se\\\/2022\\\/04\\\/13\\\/prefeitura-inicia-treinamento-de-professores-para-uso-de-laboratorios-nas-escolas\\\/#primaryimage\",\"url\":\"https:\\\/\\\/ocoerente.com.br\\\/se\\\/wp-content\\\/uploads\\\/2022\\\/04\\\/labescola.jpg\",\"contentUrl\":\"https:\\\/\\\/ocoerente.com.br\\\/se\\\/wp-content\\\/uploads\\\/2022\\\/04\\\/labescola.jpg\",\"width\":1023,\"height\":685},{\"@type\":\"BreadcrumbList\",\"@id\":\"https:\\\/\\\/ocoerente.com.br\\\/se\\\/2022\\\/04\\\/13\\\/prefeitura-inicia-treinamento-de-professores-para-uso-de-laboratorios-nas-escolas\\\/#breadcrumb\",\"itemListElement\":[{\"@type\":\"ListItem\",\"position\":1,\"name\":\"In\u00edcio\",\"item\":\"https:\\\/\\\/ocoerente.com.br\\\/se\\\/\"},{\"@type\":\"ListItem\",\"position\":2,\"name\":\"Prefeitura inicia treinamento de professores para uso de laborat\u00f3rios nas escolas\"}]},{\"@type\":\"WebSite\",\"@id\":\"https:\\\/\\\/ocoerente.com.br\\\/se\\\/#website\",\"url\":\"https:\\\/\\\/ocoerente.com.br\\\/se\\\/\",\"name\":\"O Coerente\",\"description\":\"\",\"publisher\":{\"@id\":\"https:\\\/\\\/ocoerente.com.br\\\/se\\\/#\\\/schema\\\/person\\\/cc6bfd9fbca465e23543b0c963d8d037\"},\"potentialAction\":[{\"@type\":\"SearchAction\",\"target\":{\"@type\":\"EntryPoint\",\"urlTemplate\":\"https:\\\/\\\/ocoerente.com.br\\\/se\\\/?s={search_term_string}\"},\"query-input\":{\"@type\":\"PropertyValueSpecification\",\"valueRequired\":true,\"valueName\":\"search_term_string\"}}],\"inLanguage\":\"pt-BR\"},{\"@type\":[\"Person\",\"Organization\"],\"@id\":\"https:\\\/\\\/ocoerente.com.br\\\/se\\\/#\\\/schema\\\/person\\\/cc6bfd9fbca465e23543b0c963d8d037\",\"name\":\"Reda\u00e7\u00e3o\",\"image\":{\"@type\":\"ImageObject\",\"inLanguage\":\"pt-BR\",\"@id\":\"https:\\\/\\\/ocoerente.com.br\\\/se\\\/wp-content\\\/uploads\\\/2020\\\/01\\\/ocoerente-1.png\",\"url\":\"https:\\\/\\\/ocoerente.com.br\\\/se\\\/wp-content\\\/uploads\\\/2020\\\/01\\\/ocoerente-1.png\",\"contentUrl\":\"https:\\\/\\\/ocoerente.com.br\\\/se\\\/wp-content\\\/uploads\\\/2020\\\/01\\\/ocoerente-1.png\",\"width\":50,\"height\":50,\"caption\":\"Reda\u00e7\u00e3o\"},\"logo\":{\"@id\":\"https:\\\/\\\/ocoerente.com.br\\\/se\\\/wp-content\\\/uploads\\\/2020\\\/01\\\/ocoerente-1.png\"},\"url\":\"https:\\\/\\\/ocoerente.com.br\\\/se\\\/author\\\/vasticlsales\\\/\"}]}<\/script>\n<!-- \/ Yoast SEO plugin. -->","yoast_head_json":{"title":"Prefeitura inicia treinamento de professores para uso de laborat\u00f3rios nas escolas - O Coerente","robots":{"index":"index","follow":"follow","max-snippet":"max-snippet:-1","max-image-preview":"max-image-preview:large","max-video-preview":"max-video-preview:-1"},"canonical":"https:\/\/ocoerente.com.br\/se\/2022\/04\/13\/prefeitura-inicia-treinamento-de-professores-para-uso-de-laboratorios-nas-escolas\/","og_locale":"pt_BR","og_type":"article","og_title":"Prefeitura inicia treinamento de professores para uso de laborat\u00f3rios nas escolas - O Coerente","og_description":"Desde o m\u00eas de fevereiro, a Prefeitura de Aracaju, por interm\u00e9dio da Secretaria Municipal da Educa\u00e7\u00e3o (Semed), est\u00e1 realizando a\u00a0montagem de laborat\u00f3rios de Ci\u00eancias e de Matem\u00e1ticas\u00a0nas Escolas Municipais de Ensino Fundamental (Emefs). Nesta ter\u00e7a-feira, 12, a Semed realizou o primeiro dia de forma\u00e7\u00e3o para o uso destes equipamentos. A capacita\u00e7\u00e3o foi realizada na Emef [&hellip;]","og_url":"https:\/\/ocoerente.com.br\/se\/2022\/04\/13\/prefeitura-inicia-treinamento-de-professores-para-uso-de-laboratorios-nas-escolas\/","og_site_name":"O Coerente","article_published_time":"2022-04-13T05:52:12+00:00","article_modified_time":"2022-04-13T05:52:13+00:00","og_image":[{"width":1023,"height":685,"url":"https:\/\/ocoerente.com.br\/se\/wp-content\/uploads\/2022\/04\/labescola.jpg","type":"image\/jpeg"}],"author":"Reda\u00e7\u00e3o","twitter_card":"summary_large_image","twitter_misc":{"Escrito por":"Reda\u00e7\u00e3o","Est. tempo de leitura":"3 minutos"},"schema":{"@context":"https:\/\/schema.org","@graph":[{"@type":"Article","@id":"https:\/\/ocoerente.com.br\/se\/2022\/04\/13\/prefeitura-inicia-treinamento-de-professores-para-uso-de-laboratorios-nas-escolas\/#article","isPartOf":{"@id":"https:\/\/ocoerente.com.br\/se\/2022\/04\/13\/prefeitura-inicia-treinamento-de-professores-para-uso-de-laboratorios-nas-escolas\/"},"author":{"name":"Reda\u00e7\u00e3o","@id":"https:\/\/ocoerente.com.br\/se\/#\/schema\/person\/cc6bfd9fbca465e23543b0c963d8d037"},"headline":"Prefeitura inicia treinamento de professores para uso de laborat\u00f3rios nas escolas","datePublished":"2022-04-13T05:52:12+00:00","dateModified":"2022-04-13T05:52:13+00:00","mainEntityOfPage":{"@id":"https:\/\/ocoerente.com.br\/se\/2022\/04\/13\/prefeitura-inicia-treinamento-de-professores-para-uso-de-laboratorios-nas-escolas\/"},"wordCount":440,"publisher":{"@id":"https:\/\/ocoerente.com.br\/se\/#\/schema\/person\/cc6bfd9fbca465e23543b0c963d8d037"},"image":{"@id":"https:\/\/ocoerente.com.br\/se\/2022\/04\/13\/prefeitura-inicia-treinamento-de-professores-para-uso-de-laboratorios-nas-escolas\/#primaryimage"},"thumbnailUrl":"https:\/\/ocoerente.com.br\/se\/wp-content\/uploads\/2022\/04\/labescola.jpg","articleSection":["Destaques","Educa\u00e7\u00e3o"],"inLanguage":"pt-BR"},{"@type":"WebPage","@id":"https:\/\/ocoerente.com.br\/se\/2022\/04\/13\/prefeitura-inicia-treinamento-de-professores-para-uso-de-laboratorios-nas-escolas\/","url":"https:\/\/ocoerente.com.br\/se\/2022\/04\/13\/prefeitura-inicia-treinamento-de-professores-para-uso-de-laboratorios-nas-escolas\/","name":"Prefeitura inicia treinamento de professores para uso de laborat\u00f3rios nas escolas - O Coerente","isPartOf":{"@id":"https:\/\/ocoerente.com.br\/se\/#website"},"primaryImageOfPage":{"@id":"https:\/\/ocoerente.com.br\/se\/2022\/04\/13\/prefeitura-inicia-treinamento-de-professores-para-uso-de-laboratorios-nas-escolas\/#primaryimage"},"image":{"@id":"https:\/\/ocoerente.com.br\/se\/2022\/04\/13\/prefeitura-inicia-treinamento-de-professores-para-uso-de-laboratorios-nas-escolas\/#primaryimage"},"thumbnailUrl":"https:\/\/ocoerente.com.br\/se\/wp-content\/uploads\/2022\/04\/labescola.jpg","datePublished":"2022-04-13T05:52:12+00:00","dateModified":"2022-04-13T05:52:13+00:00","breadcrumb":{"@id":"https:\/\/ocoerente.com.br\/se\/2022\/04\/13\/prefeitura-inicia-treinamento-de-professores-para-uso-de-laboratorios-nas-escolas\/#breadcrumb"},"inLanguage":"pt-BR","potentialAction":[{"@type":"ReadAction","target":["https:\/\/ocoerente.com.br\/se\/2022\/04\/13\/prefeitura-inicia-treinamento-de-professores-para-uso-de-laboratorios-nas-escolas\/"]}]},{"@type":"ImageObject","inLanguage":"pt-BR","@id":"https:\/\/ocoerente.com.br\/se\/2022\/04\/13\/prefeitura-inicia-treinamento-de-professores-para-uso-de-laboratorios-nas-escolas\/#primaryimage","url":"https:\/\/ocoerente.com.br\/se\/wp-content\/uploads\/2022\/04\/labescola.jpg","contentUrl":"https:\/\/ocoerente.com.br\/se\/wp-content\/uploads\/2022\/04\/labescola.jpg","width":1023,"height":685},{"@type":"BreadcrumbList","@id":"https:\/\/ocoerente.com.br\/se\/2022\/04\/13\/prefeitura-inicia-treinamento-de-professores-para-uso-de-laboratorios-nas-escolas\/#breadcrumb","itemListElement":[{"@type":"ListItem","position":1,"name":"In\u00edcio","item":"https:\/\/ocoerente.com.br\/se\/"},{"@type":"ListItem","position":2,"name":"Prefeitura inicia treinamento de professores para uso de laborat\u00f3rios nas escolas"}]},{"@type":"WebSite","@id":"https:\/\/ocoerente.com.br\/se\/#website","url":"https:\/\/ocoerente.com.br\/se\/","name":"O Coerente","description":"","publisher":{"@id":"https:\/\/ocoerente.com.br\/se\/#\/schema\/person\/cc6bfd9fbca465e23543b0c963d8d037"},"potentialAction":[{"@type":"SearchAction","target":{"@type":"EntryPoint","urlTemplate":"https:\/\/ocoerente.com.br\/se\/?s={search_term_string}"},"query-input":{"@type":"PropertyValueSpecification","valueRequired":true,"valueName":"search_term_string"}}],"inLanguage":"pt-BR"},{"@type":["Person","Organization"],"@id":"https:\/\/ocoerente.com.br\/se\/#\/schema\/person\/cc6bfd9fbca465e23543b0c963d8d037","name":"Reda\u00e7\u00e3o","image":{"@type":"ImageObject","inLanguage":"pt-BR","@id":"https:\/\/ocoerente.com.br\/se\/wp-content\/uploads\/2020\/01\/ocoerente-1.png","url":"https:\/\/ocoerente.com.br\/se\/wp-content\/uploads\/2020\/01\/ocoerente-1.png","contentUrl":"https:\/\/ocoerente.com.br\/se\/wp-content\/uploads\/2020\/01\/ocoerente-1.png","width":50,"height":50,"caption":"Reda\u00e7\u00e3o"},"logo":{"@id":"https:\/\/ocoerente.com.br\/se\/wp-content\/uploads\/2020\/01\/ocoerente-1.png"},"url":"https:\/\/ocoerente.com.br\/se\/author\/vasticlsales\/"}]}},"_links":{"self":[{"href":"https:\/\/ocoerente.com.br\/se\/wp-json\/wp\/v2\/posts\/5934","targetHints":{"allow":["GET"]}}],"collection":[{"href":"https:\/\/ocoerente.com.br\/se\/wp-json\/wp\/v2\/posts"}],"about":[{"href":"https:\/\/ocoerente.com.br\/se\/wp-json\/wp\/v2\/types\/post"}],"author":[{"embeddable":true,"href":"https:\/\/ocoerente.com.br\/se\/wp-json\/wp\/v2\/users\/1"}],"replies":[{"embeddable":true,"href":"https:\/\/ocoerente.com.br\/se\/wp-json\/wp\/v2\/comments?post=5934"}],"version-history":[{"count":1,"href":"https:\/\/ocoerente.com.br\/se\/wp-json\/wp\/v2\/posts\/5934\/revisions"}],"predecessor-version":[{"id":5936,"href":"https:\/\/ocoerente.com.br\/se\/wp-json\/wp\/v2\/posts\/5934\/revisions\/5936"}],"wp:featuredmedia":[{"embeddable":true,"href":"https:\/\/ocoerente.com.br\/se\/wp-json\/wp\/v2\/media\/5935"}],"wp:attachment":[{"href":"https:\/\/ocoerente.com.br\/se\/wp-json\/wp\/v2\/media?parent=5934"}],"wp:term":[{"taxonomy":"category","embeddable":true,"href":"https:\/\/ocoerente.com.br\/se\/wp-json\/wp\/v2\/categories?post=5934"},{"taxonomy":"post_tag","embeddable":true,"href":"https:\/\/ocoerente.com.br\/se\/wp-json\/wp\/v2\/tags?post=5934"}],"curies":[{"name":"wp","href":"https:\/\/api.w.org\/{rel}","templated":true}]}}