{"id":5212,"date":"2022-01-27T13:56:14","date_gmt":"2022-01-27T16:56:14","guid":{"rendered":"https:\/\/ocoerente.com.br\/se\/?p=5212"},"modified":"2022-01-27T13:56:15","modified_gmt":"2022-01-27T16:56:15","slug":"aracaju-avanca-na-imunizacao-contra-covid-e-vacina-criancas-de-10-anos","status":"publish","type":"post","link":"https:\/\/ocoerente.com.br\/se\/2022\/01\/27\/aracaju-avanca-na-imunizacao-contra-covid-e-vacina-criancas-de-10-anos\/","title":{"rendered":"Aracaju avan\u00e7a na imuniza\u00e7\u00e3o contra covid e vacina crian\u00e7as de 10 anos"},"content":{"rendered":"\n<p>As 12 Unidades B\u00e1sicas de Sa\u00fade (UBSs) destinadas \u00e0 vacina\u00e7\u00e3o infantil contra a covid-19 estiveram movimentadas nesta quarta-feira, 26, primeiro dia dedicado \u00e0 imuniza\u00e7\u00e3o das crian\u00e7as de 10 anos sem comorbidades.\u00a0<\/p>\n\n\n\n<p>A ju\u00edza Eunice Prado conta que em casa a expectativa pela vacina era muito grande, por isso levou o filho, Guilherme, 10 anos, para receber a primeira dose logo no primeiro dia e o momento foi de muita alegria.\u00a0<\/p>\n\n\n\n<p>\u201cFico muito triste quando vejo m\u00e3es ou pais que n\u00e3o querem vacinar seus filhos porque est\u00e3o com medo por causa dos v\u00eddeos de fake news e da campanha negacionista contra as vacinas. E isso n\u00e3o pode acontecer, precisamos proteger nossas crian\u00e7as, por isso defendo sempre: vacina sim\u201d, expressa.\u00a0<\/p>\n\n\n\n<p>Adriana Azevedo, que \u00e9 servidora p\u00fablica da \u00e1rea da sa\u00fade, tamb\u00e9m aproveitou o primeiro dia da imuniza\u00e7\u00e3o das crian\u00e7as de 10 anos para levar a filha Manuela para se vacinar. \u201cEst\u00e1vamos ansiosos e foi ela que fez quest\u00e3o de vir no primeiro dia, sa\u00edmos daqui muito felizes\u201d, destaca.\u00a0<\/p>\n\n\n\n<p>A psic\u00f3loga Cristian Paula, m\u00e3e de \u00c9loa, 10 anos, destaca que vacinar as crian\u00e7as \u00e9 a \u00fanica forma para que possamos nos livrar do v\u00edrus e superar a pandemia. \u201cVamos para casa com o cora\u00e7\u00e3o um pouco mais tranquilo e com a esperan\u00e7a de dias melhores e com muita sa\u00fade\u201d, enfatiza.<\/p>\n\n\n\n<p><strong>Cronograma<\/strong><\/p>\n\n\n\n<p>A vacina\u00e7\u00e3o da faixa-et\u00e1ria de 10 anos continua at\u00e9 a pr\u00f3xima sexta-feira, 28. Tem continuidade tamb\u00e9m a imuniza\u00e7\u00e3o das crian\u00e7as de 5 a 11 anos com comorbidades e daquelas que j\u00e1 t\u00eam 11 anos e ainda n\u00e3o se vacinaram.<\/p>\n\n\n\n<p>Para que a crian\u00e7a receba a primeira dose, os pais ou respons\u00e1veis dever\u00e3o apresentar documento de identifica\u00e7\u00e3o com foto (do menor e do respons\u00e1vel), comprovante de resid\u00eancia de Aracaju e carteira de vacina\u00e7\u00e3o da crian\u00e7a.<\/p>\n\n\n\n<p>As 12 UBSs destinadas \u00e0 imuniza\u00e7\u00e3o do p\u00fablico infantil funcionam das 8h \u00e0s 15h e est\u00e3o divididas em dois grupos: em seis delas, a vacina disponibilizada \u00e9 a CoronaVac; nas outras seis, o imunizante pedi\u00e1trico \u00e9 o da Pfizer.<\/p>\n\n\n\n<p>As UBSs com Pfizer s\u00e3o: Carlos Hardman (Soledade), Jos\u00e9 Machado (Santos Dumont), Joaldo Barbosa (Am\u00e9rica), \u00c1vila Nabuco (M\u00e9dici),\u00a0 Geraldo Magela (Orlando Dantas) e Jo\u00e3o Bezerra (Areia Branca).\u00a0<\/p>\n\n\n\n<p>J\u00e1 as unidades que disp\u00f5em de CoronaVac para crian\u00e7as s\u00e3o: Santa Terezinha (Robalo), Celso Daniel (Santa Maria), Ed\u00e9zio Vieira (Siqueira Campos), Jos\u00e9 Calumby (Bugio), Carlos Fernandes (Lamar\u00e3o) e Am\u00e9lia Leite (Su\u00edssa).\u00a0<\/p>\n\n\n\n<p>AAN<\/p>\n","protected":false},"excerpt":{"rendered":"<p>As 12 Unidades B\u00e1sicas de Sa\u00fade (UBSs) destinadas \u00e0 vacina\u00e7\u00e3o infantil contra a covid-19 estiveram movimentadas nesta quarta-feira, 26, primeiro dia dedicado \u00e0 imuniza\u00e7\u00e3o das crian\u00e7as de 10 anos sem comorbidades.\u00a0 A ju\u00edza Eunice Prado conta que em casa a expectativa pela vacina era muito grande, por isso levou o filho, Guilherme, 10 anos, para [&hellip;]<\/p>\n","protected":false},"author":1,"featured_media":5213,"comment_status":"closed","ping_status":"closed","sticky":false,"template":"","format":"standard","meta":{"footnotes":""},"categories":[53,54],"tags":[],"class_list":["post-5212","post","type-post","status-publish","format-standard","has-post-thumbnail","hentry","category-destaques","category-saude"],"yoast_head":"<!-- This site is optimized with the Yoast SEO plugin v27.4 - https:\/\/yoast.com\/product\/yoast-seo-wordpress\/ -->\n<title>Aracaju avan\u00e7a na imuniza\u00e7\u00e3o contra covid e vacina crian\u00e7as de 10 anos - O Coerente<\/title>\n<meta name=\"robots\" content=\"index, follow, max-snippet:-1, max-image-preview:large, max-video-preview:-1\" \/>\n<link rel=\"canonical\" href=\"https:\/\/ocoerente.com.br\/se\/2022\/01\/27\/aracaju-avanca-na-imunizacao-contra-covid-e-vacina-criancas-de-10-anos\/\" \/>\n<meta property=\"og:locale\" content=\"pt_BR\" \/>\n<meta property=\"og:type\" content=\"article\" \/>\n<meta property=\"og:title\" content=\"Aracaju avan\u00e7a na imuniza\u00e7\u00e3o contra covid e vacina crian\u00e7as de 10 anos - O Coerente\" \/>\n<meta property=\"og:description\" content=\"As 12 Unidades B\u00e1sicas de Sa\u00fade (UBSs) destinadas \u00e0 vacina\u00e7\u00e3o infantil contra a covid-19 estiveram movimentadas nesta quarta-feira, 26, primeiro dia dedicado \u00e0 imuniza\u00e7\u00e3o das crian\u00e7as de 10 anos sem comorbidades.\u00a0 A ju\u00edza Eunice Prado conta que em casa a expectativa pela vacina era muito grande, por isso levou o filho, Guilherme, 10 anos, para [&hellip;]\" \/>\n<meta property=\"og:url\" content=\"https:\/\/ocoerente.com.br\/se\/2022\/01\/27\/aracaju-avanca-na-imunizacao-contra-covid-e-vacina-criancas-de-10-anos\/\" \/>\n<meta property=\"og:site_name\" content=\"O Coerente\" \/>\n<meta property=\"article:published_time\" content=\"2022-01-27T16:56:14+00:00\" \/>\n<meta property=\"article:modified_time\" content=\"2022-01-27T16:56:15+00:00\" \/>\n<meta property=\"og:image\" content=\"https:\/\/ocoerente.com.br\/se\/wp-content\/uploads\/2022\/01\/VACinf.jpg\" \/>\n\t<meta property=\"og:image:width\" content=\"1024\" \/>\n\t<meta property=\"og:image:height\" content=\"682\" \/>\n\t<meta property=\"og:image:type\" content=\"image\/jpeg\" \/>\n<meta name=\"author\" content=\"Reda\u00e7\u00e3o\" \/>\n<meta name=\"twitter:card\" content=\"summary_large_image\" \/>\n<meta name=\"twitter:label1\" content=\"Escrito por\" \/>\n\t<meta name=\"twitter:data1\" content=\"Reda\u00e7\u00e3o\" \/>\n\t<meta name=\"twitter:label2\" content=\"Est. tempo de leitura\" \/>\n\t<meta name=\"twitter:data2\" content=\"2 minutos\" \/>\n<script type=\"application\/ld+json\" class=\"yoast-schema-graph\">{\"@context\":\"https:\\\/\\\/schema.org\",\"@graph\":[{\"@type\":\"Article\",\"@id\":\"https:\\\/\\\/ocoerente.com.br\\\/se\\\/2022\\\/01\\\/27\\\/aracaju-avanca-na-imunizacao-contra-covid-e-vacina-criancas-de-10-anos\\\/#article\",\"isPartOf\":{\"@id\":\"https:\\\/\\\/ocoerente.com.br\\\/se\\\/2022\\\/01\\\/27\\\/aracaju-avanca-na-imunizacao-contra-covid-e-vacina-criancas-de-10-anos\\\/\"},\"author\":{\"name\":\"Reda\u00e7\u00e3o\",\"@id\":\"https:\\\/\\\/ocoerente.com.br\\\/se\\\/#\\\/schema\\\/person\\\/cc6bfd9fbca465e23543b0c963d8d037\"},\"headline\":\"Aracaju avan\u00e7a na imuniza\u00e7\u00e3o contra covid e vacina crian\u00e7as de 10 anos\",\"datePublished\":\"2022-01-27T16:56:14+00:00\",\"dateModified\":\"2022-01-27T16:56:15+00:00\",\"mainEntityOfPage\":{\"@id\":\"https:\\\/\\\/ocoerente.com.br\\\/se\\\/2022\\\/01\\\/27\\\/aracaju-avanca-na-imunizacao-contra-covid-e-vacina-criancas-de-10-anos\\\/\"},\"wordCount\":443,\"publisher\":{\"@id\":\"https:\\\/\\\/ocoerente.com.br\\\/se\\\/#\\\/schema\\\/person\\\/cc6bfd9fbca465e23543b0c963d8d037\"},\"image\":{\"@id\":\"https:\\\/\\\/ocoerente.com.br\\\/se\\\/2022\\\/01\\\/27\\\/aracaju-avanca-na-imunizacao-contra-covid-e-vacina-criancas-de-10-anos\\\/#primaryimage\"},\"thumbnailUrl\":\"https:\\\/\\\/ocoerente.com.br\\\/se\\\/wp-content\\\/uploads\\\/2022\\\/01\\\/VACinf.jpg\",\"articleSection\":[\"Destaques\",\"Sa\u00fade\"],\"inLanguage\":\"pt-BR\"},{\"@type\":\"WebPage\",\"@id\":\"https:\\\/\\\/ocoerente.com.br\\\/se\\\/2022\\\/01\\\/27\\\/aracaju-avanca-na-imunizacao-contra-covid-e-vacina-criancas-de-10-anos\\\/\",\"url\":\"https:\\\/\\\/ocoerente.com.br\\\/se\\\/2022\\\/01\\\/27\\\/aracaju-avanca-na-imunizacao-contra-covid-e-vacina-criancas-de-10-anos\\\/\",\"name\":\"Aracaju avan\u00e7a na imuniza\u00e7\u00e3o contra covid e vacina crian\u00e7as de 10 anos - O Coerente\",\"isPartOf\":{\"@id\":\"https:\\\/\\\/ocoerente.com.br\\\/se\\\/#website\"},\"primaryImageOfPage\":{\"@id\":\"https:\\\/\\\/ocoerente.com.br\\\/se\\\/2022\\\/01\\\/27\\\/aracaju-avanca-na-imunizacao-contra-covid-e-vacina-criancas-de-10-anos\\\/#primaryimage\"},\"image\":{\"@id\":\"https:\\\/\\\/ocoerente.com.br\\\/se\\\/2022\\\/01\\\/27\\\/aracaju-avanca-na-imunizacao-contra-covid-e-vacina-criancas-de-10-anos\\\/#primaryimage\"},\"thumbnailUrl\":\"https:\\\/\\\/ocoerente.com.br\\\/se\\\/wp-content\\\/uploads\\\/2022\\\/01\\\/VACinf.jpg\",\"datePublished\":\"2022-01-27T16:56:14+00:00\",\"dateModified\":\"2022-01-27T16:56:15+00:00\",\"breadcrumb\":{\"@id\":\"https:\\\/\\\/ocoerente.com.br\\\/se\\\/2022\\\/01\\\/27\\\/aracaju-avanca-na-imunizacao-contra-covid-e-vacina-criancas-de-10-anos\\\/#breadcrumb\"},\"inLanguage\":\"pt-BR\",\"potentialAction\":[{\"@type\":\"ReadAction\",\"target\":[\"https:\\\/\\\/ocoerente.com.br\\\/se\\\/2022\\\/01\\\/27\\\/aracaju-avanca-na-imunizacao-contra-covid-e-vacina-criancas-de-10-anos\\\/\"]}]},{\"@type\":\"ImageObject\",\"inLanguage\":\"pt-BR\",\"@id\":\"https:\\\/\\\/ocoerente.com.br\\\/se\\\/2022\\\/01\\\/27\\\/aracaju-avanca-na-imunizacao-contra-covid-e-vacina-criancas-de-10-anos\\\/#primaryimage\",\"url\":\"https:\\\/\\\/ocoerente.com.br\\\/se\\\/wp-content\\\/uploads\\\/2022\\\/01\\\/VACinf.jpg\",\"contentUrl\":\"https:\\\/\\\/ocoerente.com.br\\\/se\\\/wp-content\\\/uploads\\\/2022\\\/01\\\/VACinf.jpg\",\"width\":1024,\"height\":682,\"caption\":\"Fotos: Marcelle Cristinne\"},{\"@type\":\"BreadcrumbList\",\"@id\":\"https:\\\/\\\/ocoerente.com.br\\\/se\\\/2022\\\/01\\\/27\\\/aracaju-avanca-na-imunizacao-contra-covid-e-vacina-criancas-de-10-anos\\\/#breadcrumb\",\"itemListElement\":[{\"@type\":\"ListItem\",\"position\":1,\"name\":\"In\u00edcio\",\"item\":\"https:\\\/\\\/ocoerente.com.br\\\/se\\\/\"},{\"@type\":\"ListItem\",\"position\":2,\"name\":\"Aracaju avan\u00e7a na imuniza\u00e7\u00e3o contra covid e vacina crian\u00e7as de 10 anos\"}]},{\"@type\":\"WebSite\",\"@id\":\"https:\\\/\\\/ocoerente.com.br\\\/se\\\/#website\",\"url\":\"https:\\\/\\\/ocoerente.com.br\\\/se\\\/\",\"name\":\"O Coerente\",\"description\":\"\",\"publisher\":{\"@id\":\"https:\\\/\\\/ocoerente.com.br\\\/se\\\/#\\\/schema\\\/person\\\/cc6bfd9fbca465e23543b0c963d8d037\"},\"potentialAction\":[{\"@type\":\"SearchAction\",\"target\":{\"@type\":\"EntryPoint\",\"urlTemplate\":\"https:\\\/\\\/ocoerente.com.br\\\/se\\\/?s={search_term_string}\"},\"query-input\":{\"@type\":\"PropertyValueSpecification\",\"valueRequired\":true,\"valueName\":\"search_term_string\"}}],\"inLanguage\":\"pt-BR\"},{\"@type\":[\"Person\",\"Organization\"],\"@id\":\"https:\\\/\\\/ocoerente.com.br\\\/se\\\/#\\\/schema\\\/person\\\/cc6bfd9fbca465e23543b0c963d8d037\",\"name\":\"Reda\u00e7\u00e3o\",\"image\":{\"@type\":\"ImageObject\",\"inLanguage\":\"pt-BR\",\"@id\":\"https:\\\/\\\/ocoerente.com.br\\\/se\\\/wp-content\\\/uploads\\\/2020\\\/01\\\/ocoerente-1.png\",\"url\":\"https:\\\/\\\/ocoerente.com.br\\\/se\\\/wp-content\\\/uploads\\\/2020\\\/01\\\/ocoerente-1.png\",\"contentUrl\":\"https:\\\/\\\/ocoerente.com.br\\\/se\\\/wp-content\\\/uploads\\\/2020\\\/01\\\/ocoerente-1.png\",\"width\":50,\"height\":50,\"caption\":\"Reda\u00e7\u00e3o\"},\"logo\":{\"@id\":\"https:\\\/\\\/ocoerente.com.br\\\/se\\\/wp-content\\\/uploads\\\/2020\\\/01\\\/ocoerente-1.png\"},\"url\":\"https:\\\/\\\/ocoerente.com.br\\\/se\\\/author\\\/vasticlsales\\\/\"}]}<\/script>\n<!-- \/ Yoast SEO plugin. -->","yoast_head_json":{"title":"Aracaju avan\u00e7a na imuniza\u00e7\u00e3o contra covid e vacina crian\u00e7as de 10 anos - O Coerente","robots":{"index":"index","follow":"follow","max-snippet":"max-snippet:-1","max-image-preview":"max-image-preview:large","max-video-preview":"max-video-preview:-1"},"canonical":"https:\/\/ocoerente.com.br\/se\/2022\/01\/27\/aracaju-avanca-na-imunizacao-contra-covid-e-vacina-criancas-de-10-anos\/","og_locale":"pt_BR","og_type":"article","og_title":"Aracaju avan\u00e7a na imuniza\u00e7\u00e3o contra covid e vacina crian\u00e7as de 10 anos - O Coerente","og_description":"As 12 Unidades B\u00e1sicas de Sa\u00fade (UBSs) destinadas \u00e0 vacina\u00e7\u00e3o infantil contra a covid-19 estiveram movimentadas nesta quarta-feira, 26, primeiro dia dedicado \u00e0 imuniza\u00e7\u00e3o das crian\u00e7as de 10 anos sem comorbidades.\u00a0 A ju\u00edza Eunice Prado conta que em casa a expectativa pela vacina era muito grande, por isso levou o filho, Guilherme, 10 anos, para [&hellip;]","og_url":"https:\/\/ocoerente.com.br\/se\/2022\/01\/27\/aracaju-avanca-na-imunizacao-contra-covid-e-vacina-criancas-de-10-anos\/","og_site_name":"O Coerente","article_published_time":"2022-01-27T16:56:14+00:00","article_modified_time":"2022-01-27T16:56:15+00:00","og_image":[{"width":1024,"height":682,"url":"https:\/\/ocoerente.com.br\/se\/wp-content\/uploads\/2022\/01\/VACinf.jpg","type":"image\/jpeg"}],"author":"Reda\u00e7\u00e3o","twitter_card":"summary_large_image","twitter_misc":{"Escrito por":"Reda\u00e7\u00e3o","Est. tempo de leitura":"2 minutos"},"schema":{"@context":"https:\/\/schema.org","@graph":[{"@type":"Article","@id":"https:\/\/ocoerente.com.br\/se\/2022\/01\/27\/aracaju-avanca-na-imunizacao-contra-covid-e-vacina-criancas-de-10-anos\/#article","isPartOf":{"@id":"https:\/\/ocoerente.com.br\/se\/2022\/01\/27\/aracaju-avanca-na-imunizacao-contra-covid-e-vacina-criancas-de-10-anos\/"},"author":{"name":"Reda\u00e7\u00e3o","@id":"https:\/\/ocoerente.com.br\/se\/#\/schema\/person\/cc6bfd9fbca465e23543b0c963d8d037"},"headline":"Aracaju avan\u00e7a na imuniza\u00e7\u00e3o contra covid e vacina crian\u00e7as de 10 anos","datePublished":"2022-01-27T16:56:14+00:00","dateModified":"2022-01-27T16:56:15+00:00","mainEntityOfPage":{"@id":"https:\/\/ocoerente.com.br\/se\/2022\/01\/27\/aracaju-avanca-na-imunizacao-contra-covid-e-vacina-criancas-de-10-anos\/"},"wordCount":443,"publisher":{"@id":"https:\/\/ocoerente.com.br\/se\/#\/schema\/person\/cc6bfd9fbca465e23543b0c963d8d037"},"image":{"@id":"https:\/\/ocoerente.com.br\/se\/2022\/01\/27\/aracaju-avanca-na-imunizacao-contra-covid-e-vacina-criancas-de-10-anos\/#primaryimage"},"thumbnailUrl":"https:\/\/ocoerente.com.br\/se\/wp-content\/uploads\/2022\/01\/VACinf.jpg","articleSection":["Destaques","Sa\u00fade"],"inLanguage":"pt-BR"},{"@type":"WebPage","@id":"https:\/\/ocoerente.com.br\/se\/2022\/01\/27\/aracaju-avanca-na-imunizacao-contra-covid-e-vacina-criancas-de-10-anos\/","url":"https:\/\/ocoerente.com.br\/se\/2022\/01\/27\/aracaju-avanca-na-imunizacao-contra-covid-e-vacina-criancas-de-10-anos\/","name":"Aracaju avan\u00e7a na imuniza\u00e7\u00e3o contra covid e vacina crian\u00e7as de 10 anos - O Coerente","isPartOf":{"@id":"https:\/\/ocoerente.com.br\/se\/#website"},"primaryImageOfPage":{"@id":"https:\/\/ocoerente.com.br\/se\/2022\/01\/27\/aracaju-avanca-na-imunizacao-contra-covid-e-vacina-criancas-de-10-anos\/#primaryimage"},"image":{"@id":"https:\/\/ocoerente.com.br\/se\/2022\/01\/27\/aracaju-avanca-na-imunizacao-contra-covid-e-vacina-criancas-de-10-anos\/#primaryimage"},"thumbnailUrl":"https:\/\/ocoerente.com.br\/se\/wp-content\/uploads\/2022\/01\/VACinf.jpg","datePublished":"2022-01-27T16:56:14+00:00","dateModified":"2022-01-27T16:56:15+00:00","breadcrumb":{"@id":"https:\/\/ocoerente.com.br\/se\/2022\/01\/27\/aracaju-avanca-na-imunizacao-contra-covid-e-vacina-criancas-de-10-anos\/#breadcrumb"},"inLanguage":"pt-BR","potentialAction":[{"@type":"ReadAction","target":["https:\/\/ocoerente.com.br\/se\/2022\/01\/27\/aracaju-avanca-na-imunizacao-contra-covid-e-vacina-criancas-de-10-anos\/"]}]},{"@type":"ImageObject","inLanguage":"pt-BR","@id":"https:\/\/ocoerente.com.br\/se\/2022\/01\/27\/aracaju-avanca-na-imunizacao-contra-covid-e-vacina-criancas-de-10-anos\/#primaryimage","url":"https:\/\/ocoerente.com.br\/se\/wp-content\/uploads\/2022\/01\/VACinf.jpg","contentUrl":"https:\/\/ocoerente.com.br\/se\/wp-content\/uploads\/2022\/01\/VACinf.jpg","width":1024,"height":682,"caption":"Fotos: Marcelle Cristinne"},{"@type":"BreadcrumbList","@id":"https:\/\/ocoerente.com.br\/se\/2022\/01\/27\/aracaju-avanca-na-imunizacao-contra-covid-e-vacina-criancas-de-10-anos\/#breadcrumb","itemListElement":[{"@type":"ListItem","position":1,"name":"In\u00edcio","item":"https:\/\/ocoerente.com.br\/se\/"},{"@type":"ListItem","position":2,"name":"Aracaju avan\u00e7a na imuniza\u00e7\u00e3o contra covid e vacina crian\u00e7as de 10 anos"}]},{"@type":"WebSite","@id":"https:\/\/ocoerente.com.br\/se\/#website","url":"https:\/\/ocoerente.com.br\/se\/","name":"O Coerente","description":"","publisher":{"@id":"https:\/\/ocoerente.com.br\/se\/#\/schema\/person\/cc6bfd9fbca465e23543b0c963d8d037"},"potentialAction":[{"@type":"SearchAction","target":{"@type":"EntryPoint","urlTemplate":"https:\/\/ocoerente.com.br\/se\/?s={search_term_string}"},"query-input":{"@type":"PropertyValueSpecification","valueRequired":true,"valueName":"search_term_string"}}],"inLanguage":"pt-BR"},{"@type":["Person","Organization"],"@id":"https:\/\/ocoerente.com.br\/se\/#\/schema\/person\/cc6bfd9fbca465e23543b0c963d8d037","name":"Reda\u00e7\u00e3o","image":{"@type":"ImageObject","inLanguage":"pt-BR","@id":"https:\/\/ocoerente.com.br\/se\/wp-content\/uploads\/2020\/01\/ocoerente-1.png","url":"https:\/\/ocoerente.com.br\/se\/wp-content\/uploads\/2020\/01\/ocoerente-1.png","contentUrl":"https:\/\/ocoerente.com.br\/se\/wp-content\/uploads\/2020\/01\/ocoerente-1.png","width":50,"height":50,"caption":"Reda\u00e7\u00e3o"},"logo":{"@id":"https:\/\/ocoerente.com.br\/se\/wp-content\/uploads\/2020\/01\/ocoerente-1.png"},"url":"https:\/\/ocoerente.com.br\/se\/author\/vasticlsales\/"}]}},"_links":{"self":[{"href":"https:\/\/ocoerente.com.br\/se\/wp-json\/wp\/v2\/posts\/5212","targetHints":{"allow":["GET"]}}],"collection":[{"href":"https:\/\/ocoerente.com.br\/se\/wp-json\/wp\/v2\/posts"}],"about":[{"href":"https:\/\/ocoerente.com.br\/se\/wp-json\/wp\/v2\/types\/post"}],"author":[{"embeddable":true,"href":"https:\/\/ocoerente.com.br\/se\/wp-json\/wp\/v2\/users\/1"}],"replies":[{"embeddable":true,"href":"https:\/\/ocoerente.com.br\/se\/wp-json\/wp\/v2\/comments?post=5212"}],"version-history":[{"count":1,"href":"https:\/\/ocoerente.com.br\/se\/wp-json\/wp\/v2\/posts\/5212\/revisions"}],"predecessor-version":[{"id":5214,"href":"https:\/\/ocoerente.com.br\/se\/wp-json\/wp\/v2\/posts\/5212\/revisions\/5214"}],"wp:featuredmedia":[{"embeddable":true,"href":"https:\/\/ocoerente.com.br\/se\/wp-json\/wp\/v2\/media\/5213"}],"wp:attachment":[{"href":"https:\/\/ocoerente.com.br\/se\/wp-json\/wp\/v2\/media?parent=5212"}],"wp:term":[{"taxonomy":"category","embeddable":true,"href":"https:\/\/ocoerente.com.br\/se\/wp-json\/wp\/v2\/categories?post=5212"},{"taxonomy":"post_tag","embeddable":true,"href":"https:\/\/ocoerente.com.br\/se\/wp-json\/wp\/v2\/tags?post=5212"}],"curies":[{"name":"wp","href":"https:\/\/api.w.org\/{rel}","templated":true}]}}