{"id":5209,"date":"2022-01-27T13:54:19","date_gmt":"2022-01-27T16:54:19","guid":{"rendered":"https:\/\/ocoerente.com.br\/se\/?p=5209"},"modified":"2022-01-27T13:54:20","modified_gmt":"2022-01-27T16:54:20","slug":"defesa-civil-atesta-seguranca-da-ponte-godofredo-diniz-para-pedestres-e-ciclistas","status":"publish","type":"post","link":"https:\/\/ocoerente.com.br\/se\/2022\/01\/27\/defesa-civil-atesta-seguranca-da-ponte-godofredo-diniz-para-pedestres-e-ciclistas\/","title":{"rendered":"Defesa Civil atesta seguran\u00e7a da ponte Godofredo Diniz para pedestres e ciclistas"},"content":{"rendered":"\n<p>A Defesa Civil de Aracaju, \u00f3rg\u00e3o vinculado \u00e0 Secretaria Municipal da Defesa Social e da Cidadania, ap\u00f3s nova vistoria realizada nesta quarta-feira, 26, na ponte Godofredo Diniz, entre os bairros 13 de Julho e Coroa do Meio, reafirma que a estrutura n\u00e3o oferece riscos a quem transita pela via, refutando, com isso, a informa\u00e7\u00e3o falsa divulgada em v\u00eddeo que est\u00e1 circulando na internet.<br><br>A ponte, inclusive, est\u00e1 passando por uma obra de manuten\u00e7\u00e3o realizada pela Empresa Municipal de Obras e Urbaniza\u00e7\u00e3o (Emurb), a qual contempla todo o guarda-corpo e \u00e1rea do passeio. Coordenador da Defesa Civil de Aracaju, Silvio Prado ressalta que, paralelo a este trabalho, o \u00f3rg\u00e3o vistoria a estrutura periodicamente.<br><br>\u201cDevido a um v\u00eddeo que vem circulando nas redes sociais, o Minist\u00e9rio P\u00fablico de Sergipe recomendou uma nova vistoria na \u00e1rea de guarda-corpo da ponte para verificar se existe algum tipo de risco para as pessoas. Viemos fazer essa vistoria, que j\u00e1 \u00e9 uma demanda da Defesa Civil junto \u00e0 Emurb, que est\u00e1 fazendo no momento a recupera\u00e7\u00e3o do guarda-corpo. Existem algumas pend\u00eancias em rela\u00e7\u00e3o a algumas grades que foram retiradas para recupera\u00e7\u00e3o e posterior recoloca\u00e7\u00e3o, por isso tamb\u00e9m viemos fazer essa vistoria e atestamos que n\u00e3o existe risco para quem transita aqui na ponte\u201d, explica Silvio.<\/p>\n\n\n\n<p>O coordenador garante que as pessoas podem transitar no local sem preocupa\u00e7\u00e3o com poss\u00edveis riscos e que as a\u00e7\u00f5es de vistoria continuar\u00e3o sendo realizadas periodicamente at\u00e9 a conclus\u00e3o da obra de recupera\u00e7\u00e3o, que tem sido feita seguindo os protocolos de seguran\u00e7a tanto para os trabalhadores como para os pedestres e ciclistas que trafegam pela ponte.<br><strong><br>Recupera\u00e7\u00e3o<\/strong><br>A Emurb destaca que a recupera\u00e7\u00e3o do guarda-corpo da ponte Godofredo Diniz est\u00e1 sendo executada seguindo todas as normas t\u00e9cnicas que esse tipo de servi\u00e7o demanda, para garantir aos usu\u00e1rios uma travessia c\u00f4moda e segura pelo local. Por estar localizada em uma \u00e1rea sujeita a corros\u00e3o devido \u00e0 maresia, desde o final de dezembro do ano passado o \u00f3rg\u00e3o est\u00e1 realizando a manuten\u00e7\u00e3o preventiva da ponte.<br><br>Nesse momento, os servi\u00e7os est\u00e3o concentrados na pintura e revitaliza\u00e7\u00e3o do guarda-corpo, com recupera\u00e7\u00e3o das partes danificadas da estrutura met\u00e1lica, que oferecia risco de acidentes pelo elevado desgaste e perda de pe\u00e7as da prote\u00e7\u00e3o lateral.<br><br>A pintura segue um r\u00edgido procedimento t\u00e9cnico, semelhante ao realizado nas plataformas de explora\u00e7\u00e3o de petr\u00f3leo: antes da pintura definitiva, \u00e9 feito um trabalho de remo\u00e7\u00e3o do material oxidado por meio de lixamento e aplicada uma base de primer para proteger a pintura. Assim que for conclu\u00edda a recupera\u00e7\u00e3o do guarda-corpo, o passeio em toda a extens\u00e3o da ponte ser\u00e1 recuperado.<br><strong><br>Fake news<\/strong><br>Esta n\u00e3o \u00e9 a primeira vez que circulam na internet not\u00edcias falsas sobre a ponte Godofredo Diniz, um dos equipamentos urbanos que a Prefeitura de Aracaju monitora de maneira permanente. Em meados de 2019, informa\u00e7\u00f5es falsas alardearam a popula\u00e7\u00e3o sobre um suposto risco para quem transitava pela ponte.<br><br>Para tranquilizar os aracajuanos e atestar a seguran\u00e7a da ponte, a Emurb contratou o Laborat\u00f3rio de Sistemas Estruturais, uma das poucas empresas do pa\u00eds especializada em an\u00e1lise estrutural de pontes, a qual realizou testes de resist\u00eancia, an\u00e1lises das condi\u00e7\u00f5es est\u00e1ticas e atestou as condi\u00e7\u00f5es favor\u00e1veis \u00e0 trafegabilidade e \u00e0 integridade estrutural da ponte. O laudo apontou t\u00e3o somente fissuras devido \u00e0 a\u00e7\u00e3o do tempo e algumas patologias.<br><br>Al\u00e9m disso, o Conselho Regional de Engenharia e Agronomia de Sergipe emitiu nota t\u00e9cnica esclarecendo que ap\u00f3s a vistoria realizada na ponte e an\u00e1lise dos laudos contratados pela Emurb, constatou que n\u00e3o h\u00e1 nenhum ind\u00edcio de risco iminente de colapso da estrutura.<\/p>\n\n\n\n<p>AAN<\/p>\n","protected":false},"excerpt":{"rendered":"<p>A Defesa Civil de Aracaju, \u00f3rg\u00e3o vinculado \u00e0 Secretaria Municipal da Defesa Social e da Cidadania, ap\u00f3s nova vistoria realizada nesta quarta-feira, 26, na ponte Godofredo Diniz, entre os bairros 13 de Julho e Coroa do Meio, reafirma que a estrutura n\u00e3o oferece riscos a quem transita pela via, refutando, com isso, a informa\u00e7\u00e3o falsa [&hellip;]<\/p>\n","protected":false},"author":1,"featured_media":5210,"comment_status":"closed","ping_status":"closed","sticky":false,"template":"","format":"standard","meta":{"footnotes":""},"categories":[56,53],"tags":[],"class_list":["post-5209","post","type-post","status-publish","format-standard","has-post-thumbnail","hentry","category-ciencia-tecnologia","category-destaques"],"yoast_head":"<!-- This site is optimized with the Yoast SEO plugin v27.4 - https:\/\/yoast.com\/product\/yoast-seo-wordpress\/ -->\n<title>Defesa Civil atesta seguran\u00e7a da ponte Godofredo Diniz para pedestres e ciclistas - O Coerente<\/title>\n<meta name=\"robots\" content=\"index, follow, max-snippet:-1, max-image-preview:large, max-video-preview:-1\" \/>\n<link rel=\"canonical\" href=\"https:\/\/ocoerente.com.br\/se\/2022\/01\/27\/defesa-civil-atesta-seguranca-da-ponte-godofredo-diniz-para-pedestres-e-ciclistas\/\" \/>\n<meta property=\"og:locale\" content=\"pt_BR\" \/>\n<meta property=\"og:type\" content=\"article\" \/>\n<meta property=\"og:title\" content=\"Defesa Civil atesta seguran\u00e7a da ponte Godofredo Diniz para pedestres e ciclistas - O Coerente\" \/>\n<meta property=\"og:description\" content=\"A Defesa Civil de Aracaju, \u00f3rg\u00e3o vinculado \u00e0 Secretaria Municipal da Defesa Social e da Cidadania, ap\u00f3s nova vistoria realizada nesta quarta-feira, 26, na ponte Godofredo Diniz, entre os bairros 13 de Julho e Coroa do Meio, reafirma que a estrutura n\u00e3o oferece riscos a quem transita pela via, refutando, com isso, a informa\u00e7\u00e3o falsa [&hellip;]\" \/>\n<meta property=\"og:url\" content=\"https:\/\/ocoerente.com.br\/se\/2022\/01\/27\/defesa-civil-atesta-seguranca-da-ponte-godofredo-diniz-para-pedestres-e-ciclistas\/\" \/>\n<meta property=\"og:site_name\" content=\"O Coerente\" \/>\n<meta property=\"article:published_time\" content=\"2022-01-27T16:54:19+00:00\" \/>\n<meta property=\"article:modified_time\" content=\"2022-01-27T16:54:20+00:00\" \/>\n<meta property=\"og:image\" content=\"https:\/\/ocoerente.com.br\/se\/wp-content\/uploads\/2022\/01\/ATESTASEG.jpg\" \/>\n\t<meta property=\"og:image:width\" content=\"1024\" \/>\n\t<meta property=\"og:image:height\" content=\"682\" \/>\n\t<meta property=\"og:image:type\" content=\"image\/jpeg\" \/>\n<meta name=\"author\" content=\"Reda\u00e7\u00e3o\" \/>\n<meta name=\"twitter:card\" content=\"summary_large_image\" \/>\n<meta name=\"twitter:label1\" content=\"Escrito por\" \/>\n\t<meta name=\"twitter:data1\" content=\"Reda\u00e7\u00e3o\" \/>\n\t<meta name=\"twitter:label2\" content=\"Est. tempo de leitura\" \/>\n\t<meta name=\"twitter:data2\" content=\"3 minutos\" \/>\n<script type=\"application\/ld+json\" class=\"yoast-schema-graph\">{\"@context\":\"https:\\\/\\\/schema.org\",\"@graph\":[{\"@type\":\"Article\",\"@id\":\"https:\\\/\\\/ocoerente.com.br\\\/se\\\/2022\\\/01\\\/27\\\/defesa-civil-atesta-seguranca-da-ponte-godofredo-diniz-para-pedestres-e-ciclistas\\\/#article\",\"isPartOf\":{\"@id\":\"https:\\\/\\\/ocoerente.com.br\\\/se\\\/2022\\\/01\\\/27\\\/defesa-civil-atesta-seguranca-da-ponte-godofredo-diniz-para-pedestres-e-ciclistas\\\/\"},\"author\":{\"name\":\"Reda\u00e7\u00e3o\",\"@id\":\"https:\\\/\\\/ocoerente.com.br\\\/se\\\/#\\\/schema\\\/person\\\/cc6bfd9fbca465e23543b0c963d8d037\"},\"headline\":\"Defesa Civil atesta seguran\u00e7a da ponte Godofredo Diniz para pedestres e ciclistas\",\"datePublished\":\"2022-01-27T16:54:19+00:00\",\"dateModified\":\"2022-01-27T16:54:20+00:00\",\"mainEntityOfPage\":{\"@id\":\"https:\\\/\\\/ocoerente.com.br\\\/se\\\/2022\\\/01\\\/27\\\/defesa-civil-atesta-seguranca-da-ponte-godofredo-diniz-para-pedestres-e-ciclistas\\\/\"},\"wordCount\":659,\"publisher\":{\"@id\":\"https:\\\/\\\/ocoerente.com.br\\\/se\\\/#\\\/schema\\\/person\\\/cc6bfd9fbca465e23543b0c963d8d037\"},\"image\":{\"@id\":\"https:\\\/\\\/ocoerente.com.br\\\/se\\\/2022\\\/01\\\/27\\\/defesa-civil-atesta-seguranca-da-ponte-godofredo-diniz-para-pedestres-e-ciclistas\\\/#primaryimage\"},\"thumbnailUrl\":\"https:\\\/\\\/ocoerente.com.br\\\/se\\\/wp-content\\\/uploads\\\/2022\\\/01\\\/ATESTASEG.jpg\",\"articleSection\":[\"Ci\u00eancia e Tecnologia\",\"Destaques\"],\"inLanguage\":\"pt-BR\"},{\"@type\":\"WebPage\",\"@id\":\"https:\\\/\\\/ocoerente.com.br\\\/se\\\/2022\\\/01\\\/27\\\/defesa-civil-atesta-seguranca-da-ponte-godofredo-diniz-para-pedestres-e-ciclistas\\\/\",\"url\":\"https:\\\/\\\/ocoerente.com.br\\\/se\\\/2022\\\/01\\\/27\\\/defesa-civil-atesta-seguranca-da-ponte-godofredo-diniz-para-pedestres-e-ciclistas\\\/\",\"name\":\"Defesa Civil atesta seguran\u00e7a da ponte Godofredo Diniz para pedestres e ciclistas - O Coerente\",\"isPartOf\":{\"@id\":\"https:\\\/\\\/ocoerente.com.br\\\/se\\\/#website\"},\"primaryImageOfPage\":{\"@id\":\"https:\\\/\\\/ocoerente.com.br\\\/se\\\/2022\\\/01\\\/27\\\/defesa-civil-atesta-seguranca-da-ponte-godofredo-diniz-para-pedestres-e-ciclistas\\\/#primaryimage\"},\"image\":{\"@id\":\"https:\\\/\\\/ocoerente.com.br\\\/se\\\/2022\\\/01\\\/27\\\/defesa-civil-atesta-seguranca-da-ponte-godofredo-diniz-para-pedestres-e-ciclistas\\\/#primaryimage\"},\"thumbnailUrl\":\"https:\\\/\\\/ocoerente.com.br\\\/se\\\/wp-content\\\/uploads\\\/2022\\\/01\\\/ATESTASEG.jpg\",\"datePublished\":\"2022-01-27T16:54:19+00:00\",\"dateModified\":\"2022-01-27T16:54:20+00:00\",\"breadcrumb\":{\"@id\":\"https:\\\/\\\/ocoerente.com.br\\\/se\\\/2022\\\/01\\\/27\\\/defesa-civil-atesta-seguranca-da-ponte-godofredo-diniz-para-pedestres-e-ciclistas\\\/#breadcrumb\"},\"inLanguage\":\"pt-BR\",\"potentialAction\":[{\"@type\":\"ReadAction\",\"target\":[\"https:\\\/\\\/ocoerente.com.br\\\/se\\\/2022\\\/01\\\/27\\\/defesa-civil-atesta-seguranca-da-ponte-godofredo-diniz-para-pedestres-e-ciclistas\\\/\"]}]},{\"@type\":\"ImageObject\",\"inLanguage\":\"pt-BR\",\"@id\":\"https:\\\/\\\/ocoerente.com.br\\\/se\\\/2022\\\/01\\\/27\\\/defesa-civil-atesta-seguranca-da-ponte-godofredo-diniz-para-pedestres-e-ciclistas\\\/#primaryimage\",\"url\":\"https:\\\/\\\/ocoerente.com.br\\\/se\\\/wp-content\\\/uploads\\\/2022\\\/01\\\/ATESTASEG.jpg\",\"contentUrl\":\"https:\\\/\\\/ocoerente.com.br\\\/se\\\/wp-content\\\/uploads\\\/2022\\\/01\\\/ATESTASEG.jpg\",\"width\":1024,\"height\":682,\"caption\":\"Fotos: Marcelle Cristinne\"},{\"@type\":\"BreadcrumbList\",\"@id\":\"https:\\\/\\\/ocoerente.com.br\\\/se\\\/2022\\\/01\\\/27\\\/defesa-civil-atesta-seguranca-da-ponte-godofredo-diniz-para-pedestres-e-ciclistas\\\/#breadcrumb\",\"itemListElement\":[{\"@type\":\"ListItem\",\"position\":1,\"name\":\"In\u00edcio\",\"item\":\"https:\\\/\\\/ocoerente.com.br\\\/se\\\/\"},{\"@type\":\"ListItem\",\"position\":2,\"name\":\"Defesa Civil atesta seguran\u00e7a da ponte Godofredo Diniz para pedestres e ciclistas\"}]},{\"@type\":\"WebSite\",\"@id\":\"https:\\\/\\\/ocoerente.com.br\\\/se\\\/#website\",\"url\":\"https:\\\/\\\/ocoerente.com.br\\\/se\\\/\",\"name\":\"O Coerente\",\"description\":\"\",\"publisher\":{\"@id\":\"https:\\\/\\\/ocoerente.com.br\\\/se\\\/#\\\/schema\\\/person\\\/cc6bfd9fbca465e23543b0c963d8d037\"},\"potentialAction\":[{\"@type\":\"SearchAction\",\"target\":{\"@type\":\"EntryPoint\",\"urlTemplate\":\"https:\\\/\\\/ocoerente.com.br\\\/se\\\/?s={search_term_string}\"},\"query-input\":{\"@type\":\"PropertyValueSpecification\",\"valueRequired\":true,\"valueName\":\"search_term_string\"}}],\"inLanguage\":\"pt-BR\"},{\"@type\":[\"Person\",\"Organization\"],\"@id\":\"https:\\\/\\\/ocoerente.com.br\\\/se\\\/#\\\/schema\\\/person\\\/cc6bfd9fbca465e23543b0c963d8d037\",\"name\":\"Reda\u00e7\u00e3o\",\"image\":{\"@type\":\"ImageObject\",\"inLanguage\":\"pt-BR\",\"@id\":\"https:\\\/\\\/ocoerente.com.br\\\/se\\\/wp-content\\\/uploads\\\/2020\\\/01\\\/ocoerente-1.png\",\"url\":\"https:\\\/\\\/ocoerente.com.br\\\/se\\\/wp-content\\\/uploads\\\/2020\\\/01\\\/ocoerente-1.png\",\"contentUrl\":\"https:\\\/\\\/ocoerente.com.br\\\/se\\\/wp-content\\\/uploads\\\/2020\\\/01\\\/ocoerente-1.png\",\"width\":50,\"height\":50,\"caption\":\"Reda\u00e7\u00e3o\"},\"logo\":{\"@id\":\"https:\\\/\\\/ocoerente.com.br\\\/se\\\/wp-content\\\/uploads\\\/2020\\\/01\\\/ocoerente-1.png\"},\"url\":\"https:\\\/\\\/ocoerente.com.br\\\/se\\\/author\\\/vasticlsales\\\/\"}]}<\/script>\n<!-- \/ Yoast SEO plugin. -->","yoast_head_json":{"title":"Defesa Civil atesta seguran\u00e7a da ponte Godofredo Diniz para pedestres e ciclistas - O Coerente","robots":{"index":"index","follow":"follow","max-snippet":"max-snippet:-1","max-image-preview":"max-image-preview:large","max-video-preview":"max-video-preview:-1"},"canonical":"https:\/\/ocoerente.com.br\/se\/2022\/01\/27\/defesa-civil-atesta-seguranca-da-ponte-godofredo-diniz-para-pedestres-e-ciclistas\/","og_locale":"pt_BR","og_type":"article","og_title":"Defesa Civil atesta seguran\u00e7a da ponte Godofredo Diniz para pedestres e ciclistas - O Coerente","og_description":"A Defesa Civil de Aracaju, \u00f3rg\u00e3o vinculado \u00e0 Secretaria Municipal da Defesa Social e da Cidadania, ap\u00f3s nova vistoria realizada nesta quarta-feira, 26, na ponte Godofredo Diniz, entre os bairros 13 de Julho e Coroa do Meio, reafirma que a estrutura n\u00e3o oferece riscos a quem transita pela via, refutando, com isso, a informa\u00e7\u00e3o falsa [&hellip;]","og_url":"https:\/\/ocoerente.com.br\/se\/2022\/01\/27\/defesa-civil-atesta-seguranca-da-ponte-godofredo-diniz-para-pedestres-e-ciclistas\/","og_site_name":"O Coerente","article_published_time":"2022-01-27T16:54:19+00:00","article_modified_time":"2022-01-27T16:54:20+00:00","og_image":[{"width":1024,"height":682,"url":"https:\/\/ocoerente.com.br\/se\/wp-content\/uploads\/2022\/01\/ATESTASEG.jpg","type":"image\/jpeg"}],"author":"Reda\u00e7\u00e3o","twitter_card":"summary_large_image","twitter_misc":{"Escrito por":"Reda\u00e7\u00e3o","Est. tempo de leitura":"3 minutos"},"schema":{"@context":"https:\/\/schema.org","@graph":[{"@type":"Article","@id":"https:\/\/ocoerente.com.br\/se\/2022\/01\/27\/defesa-civil-atesta-seguranca-da-ponte-godofredo-diniz-para-pedestres-e-ciclistas\/#article","isPartOf":{"@id":"https:\/\/ocoerente.com.br\/se\/2022\/01\/27\/defesa-civil-atesta-seguranca-da-ponte-godofredo-diniz-para-pedestres-e-ciclistas\/"},"author":{"name":"Reda\u00e7\u00e3o","@id":"https:\/\/ocoerente.com.br\/se\/#\/schema\/person\/cc6bfd9fbca465e23543b0c963d8d037"},"headline":"Defesa Civil atesta seguran\u00e7a da ponte Godofredo Diniz para pedestres e ciclistas","datePublished":"2022-01-27T16:54:19+00:00","dateModified":"2022-01-27T16:54:20+00:00","mainEntityOfPage":{"@id":"https:\/\/ocoerente.com.br\/se\/2022\/01\/27\/defesa-civil-atesta-seguranca-da-ponte-godofredo-diniz-para-pedestres-e-ciclistas\/"},"wordCount":659,"publisher":{"@id":"https:\/\/ocoerente.com.br\/se\/#\/schema\/person\/cc6bfd9fbca465e23543b0c963d8d037"},"image":{"@id":"https:\/\/ocoerente.com.br\/se\/2022\/01\/27\/defesa-civil-atesta-seguranca-da-ponte-godofredo-diniz-para-pedestres-e-ciclistas\/#primaryimage"},"thumbnailUrl":"https:\/\/ocoerente.com.br\/se\/wp-content\/uploads\/2022\/01\/ATESTASEG.jpg","articleSection":["Ci\u00eancia e Tecnologia","Destaques"],"inLanguage":"pt-BR"},{"@type":"WebPage","@id":"https:\/\/ocoerente.com.br\/se\/2022\/01\/27\/defesa-civil-atesta-seguranca-da-ponte-godofredo-diniz-para-pedestres-e-ciclistas\/","url":"https:\/\/ocoerente.com.br\/se\/2022\/01\/27\/defesa-civil-atesta-seguranca-da-ponte-godofredo-diniz-para-pedestres-e-ciclistas\/","name":"Defesa Civil atesta seguran\u00e7a da ponte Godofredo Diniz para pedestres e ciclistas - O Coerente","isPartOf":{"@id":"https:\/\/ocoerente.com.br\/se\/#website"},"primaryImageOfPage":{"@id":"https:\/\/ocoerente.com.br\/se\/2022\/01\/27\/defesa-civil-atesta-seguranca-da-ponte-godofredo-diniz-para-pedestres-e-ciclistas\/#primaryimage"},"image":{"@id":"https:\/\/ocoerente.com.br\/se\/2022\/01\/27\/defesa-civil-atesta-seguranca-da-ponte-godofredo-diniz-para-pedestres-e-ciclistas\/#primaryimage"},"thumbnailUrl":"https:\/\/ocoerente.com.br\/se\/wp-content\/uploads\/2022\/01\/ATESTASEG.jpg","datePublished":"2022-01-27T16:54:19+00:00","dateModified":"2022-01-27T16:54:20+00:00","breadcrumb":{"@id":"https:\/\/ocoerente.com.br\/se\/2022\/01\/27\/defesa-civil-atesta-seguranca-da-ponte-godofredo-diniz-para-pedestres-e-ciclistas\/#breadcrumb"},"inLanguage":"pt-BR","potentialAction":[{"@type":"ReadAction","target":["https:\/\/ocoerente.com.br\/se\/2022\/01\/27\/defesa-civil-atesta-seguranca-da-ponte-godofredo-diniz-para-pedestres-e-ciclistas\/"]}]},{"@type":"ImageObject","inLanguage":"pt-BR","@id":"https:\/\/ocoerente.com.br\/se\/2022\/01\/27\/defesa-civil-atesta-seguranca-da-ponte-godofredo-diniz-para-pedestres-e-ciclistas\/#primaryimage","url":"https:\/\/ocoerente.com.br\/se\/wp-content\/uploads\/2022\/01\/ATESTASEG.jpg","contentUrl":"https:\/\/ocoerente.com.br\/se\/wp-content\/uploads\/2022\/01\/ATESTASEG.jpg","width":1024,"height":682,"caption":"Fotos: Marcelle Cristinne"},{"@type":"BreadcrumbList","@id":"https:\/\/ocoerente.com.br\/se\/2022\/01\/27\/defesa-civil-atesta-seguranca-da-ponte-godofredo-diniz-para-pedestres-e-ciclistas\/#breadcrumb","itemListElement":[{"@type":"ListItem","position":1,"name":"In\u00edcio","item":"https:\/\/ocoerente.com.br\/se\/"},{"@type":"ListItem","position":2,"name":"Defesa Civil atesta seguran\u00e7a da ponte Godofredo Diniz para pedestres e ciclistas"}]},{"@type":"WebSite","@id":"https:\/\/ocoerente.com.br\/se\/#website","url":"https:\/\/ocoerente.com.br\/se\/","name":"O Coerente","description":"","publisher":{"@id":"https:\/\/ocoerente.com.br\/se\/#\/schema\/person\/cc6bfd9fbca465e23543b0c963d8d037"},"potentialAction":[{"@type":"SearchAction","target":{"@type":"EntryPoint","urlTemplate":"https:\/\/ocoerente.com.br\/se\/?s={search_term_string}"},"query-input":{"@type":"PropertyValueSpecification","valueRequired":true,"valueName":"search_term_string"}}],"inLanguage":"pt-BR"},{"@type":["Person","Organization"],"@id":"https:\/\/ocoerente.com.br\/se\/#\/schema\/person\/cc6bfd9fbca465e23543b0c963d8d037","name":"Reda\u00e7\u00e3o","image":{"@type":"ImageObject","inLanguage":"pt-BR","@id":"https:\/\/ocoerente.com.br\/se\/wp-content\/uploads\/2020\/01\/ocoerente-1.png","url":"https:\/\/ocoerente.com.br\/se\/wp-content\/uploads\/2020\/01\/ocoerente-1.png","contentUrl":"https:\/\/ocoerente.com.br\/se\/wp-content\/uploads\/2020\/01\/ocoerente-1.png","width":50,"height":50,"caption":"Reda\u00e7\u00e3o"},"logo":{"@id":"https:\/\/ocoerente.com.br\/se\/wp-content\/uploads\/2020\/01\/ocoerente-1.png"},"url":"https:\/\/ocoerente.com.br\/se\/author\/vasticlsales\/"}]}},"_links":{"self":[{"href":"https:\/\/ocoerente.com.br\/se\/wp-json\/wp\/v2\/posts\/5209","targetHints":{"allow":["GET"]}}],"collection":[{"href":"https:\/\/ocoerente.com.br\/se\/wp-json\/wp\/v2\/posts"}],"about":[{"href":"https:\/\/ocoerente.com.br\/se\/wp-json\/wp\/v2\/types\/post"}],"author":[{"embeddable":true,"href":"https:\/\/ocoerente.com.br\/se\/wp-json\/wp\/v2\/users\/1"}],"replies":[{"embeddable":true,"href":"https:\/\/ocoerente.com.br\/se\/wp-json\/wp\/v2\/comments?post=5209"}],"version-history":[{"count":1,"href":"https:\/\/ocoerente.com.br\/se\/wp-json\/wp\/v2\/posts\/5209\/revisions"}],"predecessor-version":[{"id":5211,"href":"https:\/\/ocoerente.com.br\/se\/wp-json\/wp\/v2\/posts\/5209\/revisions\/5211"}],"wp:featuredmedia":[{"embeddable":true,"href":"https:\/\/ocoerente.com.br\/se\/wp-json\/wp\/v2\/media\/5210"}],"wp:attachment":[{"href":"https:\/\/ocoerente.com.br\/se\/wp-json\/wp\/v2\/media?parent=5209"}],"wp:term":[{"taxonomy":"category","embeddable":true,"href":"https:\/\/ocoerente.com.br\/se\/wp-json\/wp\/v2\/categories?post=5209"},{"taxonomy":"post_tag","embeddable":true,"href":"https:\/\/ocoerente.com.br\/se\/wp-json\/wp\/v2\/tags?post=5209"}],"curies":[{"name":"wp","href":"https:\/\/api.w.org\/{rel}","templated":true}]}}