{"id":5206,"date":"2022-01-27T13:52:05","date_gmt":"2022-01-27T16:52:05","guid":{"rendered":"https:\/\/ocoerente.com.br\/se\/?p=5206"},"modified":"2022-01-27T13:52:06","modified_gmt":"2022-01-27T16:52:06","slug":"prefeito-edvaldo-inaugura-centro-de-atendimento-a-sindrome-gripal-em-aracaju","status":"publish","type":"post","link":"https:\/\/ocoerente.com.br\/se\/2022\/01\/27\/prefeito-edvaldo-inaugura-centro-de-atendimento-a-sindrome-gripal-em-aracaju\/","title":{"rendered":"Prefeito Edvaldo inaugura Centro de Atendimento a S\u00edndrome Gripal em Aracaju"},"content":{"rendered":"\n<p>O prefeito Edvaldo Nogueira inaugurou, nesta quarta-feira, 26, o Centro de Atendimento e Triagem a S\u00edndrome Gripal, no bairro Coroa do Meio, zona Sul. O novo espa\u00e7o amplia a oferta de atendimento a casos gripais na rede p\u00fablica de sa\u00fade de Aracaju. O Centro funcionar\u00e1 todos os dias, das 7h \u00e0s 19h. De acordo com o prefeito, o diferencial da unidade \u00e9 o fato de ser um atendimento &#8220;personalizado, mais dirigido aos casos de s\u00edndromes gripais&#8221;. O Grip\u00e1rio se une aos dois hospitais municipais (Fernando Franco e Nestor Piva) e \u00e0s 22 Unidades B\u00e1sicas de Sa\u00fade que est\u00e3o voltadas ao atendimento dos casos de covid-19, gripes e resfriados.<br><br>&#8220;O Centro de Atendimento e Triagem a S\u00edndrome Gripal \u00e9 um instrumento importante no enfrentamento da covid-19 e do surto de gripe que temos vivido no pa\u00eds. Oferecer\u00e1 um atendimento personalizado, mais dirigido a estes pacientes e vai diminuir as filas dos outros locais. O paciente que chegar ser\u00e1 testado para covid-19, ser\u00e1 medicado, poder\u00e1 ficar em repouso e observa\u00e7\u00e3o, e, se precisar, se estiver em situa\u00e7\u00e3o grave, ser\u00e1 encaminhado para outra unidade&#8221;, afirmou o prefeito.<br><br>Edvaldo explicou que a instala\u00e7\u00e3o do Centro integra o conjunto de a\u00e7\u00f5es estabelecidas no Plano de Conting\u00eancia de Enfrentamento a S\u00edndrome Gripal, lan\u00e7ado pela administra\u00e7\u00e3o municipal em dezembro do ano passado. &#8220;O nosso plano definiu que, \u00e0 medida em que fosse crescendo a quantidade de pessoas com s\u00edndromes gripais, \u00edamos abrindo novas unidades, e este Centro atende essa necessidade. Para se ter uma ideia, s\u00f3 em janeiro, realizamos 21 mil atendimentos de pessoas com s\u00edndromes gripais em nossa rede&#8221;, explicou.<br><br><strong>O Centro<\/strong><\/p>\n\n\n\n<p>O novo espa\u00e7o fica localizado na rua Jos\u00e9 de Carvalho Cunha, ao lado do CRAS Benjamim Alves Carvalho, no bairro Coroa do Meio. Ele funcionar\u00e1 diariamente, incluindo finais de semana e feriados, das 7h \u00e0s 19h, com os servi\u00e7os de triagem de enfermagem e consultas m\u00e9dicas, testagem para detec\u00e7\u00e3o da covid-19, dispensa\u00e7\u00e3o de medicamentos e leitos de observa\u00e7\u00e3o.\u00a0 Para os casos mais graves que procurarem o novo Centro, ser\u00e1 providenciada transfer\u00eancia de forma priorit\u00e1ria para uma das unidades de urg\u00eancia da rede municipal de sa\u00fade.<br><br>A unidade conta com uma sala de recep\u00e7\u00e3o com capacidade de espera de 30 pacientes simult\u00e2neos, um consult\u00f3rio de triagem, um consult\u00f3rio m\u00e9dico, uma farm\u00e1cia, uma sala de coleta, uma sala de administra\u00e7\u00e3o e uma de observa\u00e7\u00e3o com sete vagas (dois leitos e cinco poltronas).<br><br>Para cria\u00e7\u00e3o do Centro de Atendimento e Triagem a S\u00edndrome Gripal foram realizados servi\u00e7os de estrutura\u00e7\u00e3o da rede el\u00e9trica para suportar instala\u00e7\u00f5es de splits e demais equipamentos necess\u00e1rios. Tamb\u00e9m foram feitas adequa\u00e7\u00f5es de hidrossanit\u00e1rios para uma unidade de sa\u00fade, pintura geral, revis\u00e3o de telhado, substitui\u00e7\u00e3o de forro PVC, demoli\u00e7\u00e3o de muro, instala\u00e7\u00e3o de gradil, instala\u00e7\u00e3o de pel\u00edculas, execu\u00e7\u00e3o de projeto de combate a inc\u00eandio (sinaliza\u00e7\u00e3o e extintores), entre outros.<br><br>&#8220;A instala\u00e7\u00e3o deste Centro foi mais um desafio, que conseguimos realizar. Identificamos este espa\u00e7o e concentramos esfor\u00e7os para transformar neste Centro, visto o momento que temos passado de eleva\u00e7\u00e3o de casos e sobrecarga na rede. O momento \u00e9 dif\u00edcil, at\u00e9 o setor privado tem nos procurado, temos um n\u00famero elevado de servidores adoecendo, mas estamos trabalhando para atender a nossa popula\u00e7\u00e3o da melhor maneira poss\u00edvel&#8221;, afirmou a secret\u00e1ria municipal da Sa\u00fade, Waneska Barboza. \u00a0<br><br>Atualmente, Aracaju encontra-se na terceira fase do Plano de Conting\u00eancia da H3N2 na capital, com taxa de transmiss\u00e3o de 15,11%. Somente neste m\u00eas de janeiro foram realizados 21.401 atendimentos de s\u00edndromes gripais na rede de sa\u00fade da capital, o que equivale a uma m\u00e9dia de 800 atendimentos\/dia.<\/p>\n\n\n\n<p><\/p>\n\n\n\n<p>AAN<\/p>\n","protected":false},"excerpt":{"rendered":"<p>O prefeito Edvaldo Nogueira inaugurou, nesta quarta-feira, 26, o Centro de Atendimento e Triagem a S\u00edndrome Gripal, no bairro Coroa do Meio, zona Sul. O novo espa\u00e7o amplia a oferta de atendimento a casos gripais na rede p\u00fablica de sa\u00fade de Aracaju. O Centro funcionar\u00e1 todos os dias, das 7h \u00e0s 19h. De acordo com [&hellip;]<\/p>\n","protected":false},"author":1,"featured_media":5207,"comment_status":"closed","ping_status":"closed","sticky":false,"template":"","format":"standard","meta":{"footnotes":""},"categories":[53,54],"tags":[],"class_list":["post-5206","post","type-post","status-publish","format-standard","has-post-thumbnail","hentry","category-destaques","category-saude"],"yoast_head":"<!-- This site is optimized with the Yoast SEO plugin v27.4 - https:\/\/yoast.com\/product\/yoast-seo-wordpress\/ -->\n<title>Prefeito Edvaldo inaugura Centro de Atendimento a S\u00edndrome Gripal em Aracaju - O Coerente<\/title>\n<meta name=\"robots\" content=\"index, follow, max-snippet:-1, max-image-preview:large, max-video-preview:-1\" \/>\n<link rel=\"canonical\" href=\"https:\/\/ocoerente.com.br\/se\/2022\/01\/27\/prefeito-edvaldo-inaugura-centro-de-atendimento-a-sindrome-gripal-em-aracaju\/\" \/>\n<meta property=\"og:locale\" content=\"pt_BR\" \/>\n<meta property=\"og:type\" content=\"article\" \/>\n<meta property=\"og:title\" content=\"Prefeito Edvaldo inaugura Centro de Atendimento a S\u00edndrome Gripal em Aracaju - O Coerente\" \/>\n<meta property=\"og:description\" content=\"O prefeito Edvaldo Nogueira inaugurou, nesta quarta-feira, 26, o Centro de Atendimento e Triagem a S\u00edndrome Gripal, no bairro Coroa do Meio, zona Sul. O novo espa\u00e7o amplia a oferta de atendimento a casos gripais na rede p\u00fablica de sa\u00fade de Aracaju. O Centro funcionar\u00e1 todos os dias, das 7h \u00e0s 19h. De acordo com [&hellip;]\" \/>\n<meta property=\"og:url\" content=\"https:\/\/ocoerente.com.br\/se\/2022\/01\/27\/prefeito-edvaldo-inaugura-centro-de-atendimento-a-sindrome-gripal-em-aracaju\/\" \/>\n<meta property=\"og:site_name\" content=\"O Coerente\" \/>\n<meta property=\"article:published_time\" content=\"2022-01-27T16:52:05+00:00\" \/>\n<meta property=\"article:modified_time\" content=\"2022-01-27T16:52:06+00:00\" \/>\n<meta property=\"og:image\" content=\"https:\/\/ocoerente.com.br\/se\/wp-content\/uploads\/2022\/01\/edvsindr.jpg\" \/>\n\t<meta property=\"og:image:width\" content=\"1024\" \/>\n\t<meta property=\"og:image:height\" content=\"688\" \/>\n\t<meta property=\"og:image:type\" content=\"image\/jpeg\" \/>\n<meta name=\"author\" content=\"Reda\u00e7\u00e3o\" \/>\n<meta name=\"twitter:card\" content=\"summary_large_image\" \/>\n<meta name=\"twitter:label1\" content=\"Escrito por\" \/>\n\t<meta name=\"twitter:data1\" content=\"Reda\u00e7\u00e3o\" \/>\n\t<meta name=\"twitter:label2\" content=\"Est. tempo de leitura\" \/>\n\t<meta name=\"twitter:data2\" content=\"3 minutos\" \/>\n<script type=\"application\/ld+json\" class=\"yoast-schema-graph\">{\"@context\":\"https:\\\/\\\/schema.org\",\"@graph\":[{\"@type\":\"Article\",\"@id\":\"https:\\\/\\\/ocoerente.com.br\\\/se\\\/2022\\\/01\\\/27\\\/prefeito-edvaldo-inaugura-centro-de-atendimento-a-sindrome-gripal-em-aracaju\\\/#article\",\"isPartOf\":{\"@id\":\"https:\\\/\\\/ocoerente.com.br\\\/se\\\/2022\\\/01\\\/27\\\/prefeito-edvaldo-inaugura-centro-de-atendimento-a-sindrome-gripal-em-aracaju\\\/\"},\"author\":{\"name\":\"Reda\u00e7\u00e3o\",\"@id\":\"https:\\\/\\\/ocoerente.com.br\\\/se\\\/#\\\/schema\\\/person\\\/cc6bfd9fbca465e23543b0c963d8d037\"},\"headline\":\"Prefeito Edvaldo inaugura Centro de Atendimento a S\u00edndrome Gripal em Aracaju\",\"datePublished\":\"2022-01-27T16:52:05+00:00\",\"dateModified\":\"2022-01-27T16:52:06+00:00\",\"mainEntityOfPage\":{\"@id\":\"https:\\\/\\\/ocoerente.com.br\\\/se\\\/2022\\\/01\\\/27\\\/prefeito-edvaldo-inaugura-centro-de-atendimento-a-sindrome-gripal-em-aracaju\\\/\"},\"wordCount\":664,\"publisher\":{\"@id\":\"https:\\\/\\\/ocoerente.com.br\\\/se\\\/#\\\/schema\\\/person\\\/cc6bfd9fbca465e23543b0c963d8d037\"},\"image\":{\"@id\":\"https:\\\/\\\/ocoerente.com.br\\\/se\\\/2022\\\/01\\\/27\\\/prefeito-edvaldo-inaugura-centro-de-atendimento-a-sindrome-gripal-em-aracaju\\\/#primaryimage\"},\"thumbnailUrl\":\"https:\\\/\\\/ocoerente.com.br\\\/se\\\/wp-content\\\/uploads\\\/2022\\\/01\\\/edvsindr.jpg\",\"articleSection\":[\"Destaques\",\"Sa\u00fade\"],\"inLanguage\":\"pt-BR\"},{\"@type\":\"WebPage\",\"@id\":\"https:\\\/\\\/ocoerente.com.br\\\/se\\\/2022\\\/01\\\/27\\\/prefeito-edvaldo-inaugura-centro-de-atendimento-a-sindrome-gripal-em-aracaju\\\/\",\"url\":\"https:\\\/\\\/ocoerente.com.br\\\/se\\\/2022\\\/01\\\/27\\\/prefeito-edvaldo-inaugura-centro-de-atendimento-a-sindrome-gripal-em-aracaju\\\/\",\"name\":\"Prefeito Edvaldo inaugura Centro de Atendimento a S\u00edndrome Gripal em Aracaju - O Coerente\",\"isPartOf\":{\"@id\":\"https:\\\/\\\/ocoerente.com.br\\\/se\\\/#website\"},\"primaryImageOfPage\":{\"@id\":\"https:\\\/\\\/ocoerente.com.br\\\/se\\\/2022\\\/01\\\/27\\\/prefeito-edvaldo-inaugura-centro-de-atendimento-a-sindrome-gripal-em-aracaju\\\/#primaryimage\"},\"image\":{\"@id\":\"https:\\\/\\\/ocoerente.com.br\\\/se\\\/2022\\\/01\\\/27\\\/prefeito-edvaldo-inaugura-centro-de-atendimento-a-sindrome-gripal-em-aracaju\\\/#primaryimage\"},\"thumbnailUrl\":\"https:\\\/\\\/ocoerente.com.br\\\/se\\\/wp-content\\\/uploads\\\/2022\\\/01\\\/edvsindr.jpg\",\"datePublished\":\"2022-01-27T16:52:05+00:00\",\"dateModified\":\"2022-01-27T16:52:06+00:00\",\"breadcrumb\":{\"@id\":\"https:\\\/\\\/ocoerente.com.br\\\/se\\\/2022\\\/01\\\/27\\\/prefeito-edvaldo-inaugura-centro-de-atendimento-a-sindrome-gripal-em-aracaju\\\/#breadcrumb\"},\"inLanguage\":\"pt-BR\",\"potentialAction\":[{\"@type\":\"ReadAction\",\"target\":[\"https:\\\/\\\/ocoerente.com.br\\\/se\\\/2022\\\/01\\\/27\\\/prefeito-edvaldo-inaugura-centro-de-atendimento-a-sindrome-gripal-em-aracaju\\\/\"]}]},{\"@type\":\"ImageObject\",\"inLanguage\":\"pt-BR\",\"@id\":\"https:\\\/\\\/ocoerente.com.br\\\/se\\\/2022\\\/01\\\/27\\\/prefeito-edvaldo-inaugura-centro-de-atendimento-a-sindrome-gripal-em-aracaju\\\/#primaryimage\",\"url\":\"https:\\\/\\\/ocoerente.com.br\\\/se\\\/wp-content\\\/uploads\\\/2022\\\/01\\\/edvsindr.jpg\",\"contentUrl\":\"https:\\\/\\\/ocoerente.com.br\\\/se\\\/wp-content\\\/uploads\\\/2022\\\/01\\\/edvsindr.jpg\",\"width\":1024,\"height\":688,\"caption\":\"Fotos: Ana L\u00edcia Menezes\\\/PMA\"},{\"@type\":\"BreadcrumbList\",\"@id\":\"https:\\\/\\\/ocoerente.com.br\\\/se\\\/2022\\\/01\\\/27\\\/prefeito-edvaldo-inaugura-centro-de-atendimento-a-sindrome-gripal-em-aracaju\\\/#breadcrumb\",\"itemListElement\":[{\"@type\":\"ListItem\",\"position\":1,\"name\":\"In\u00edcio\",\"item\":\"https:\\\/\\\/ocoerente.com.br\\\/se\\\/\"},{\"@type\":\"ListItem\",\"position\":2,\"name\":\"Prefeito Edvaldo inaugura Centro de Atendimento a S\u00edndrome Gripal em Aracaju\"}]},{\"@type\":\"WebSite\",\"@id\":\"https:\\\/\\\/ocoerente.com.br\\\/se\\\/#website\",\"url\":\"https:\\\/\\\/ocoerente.com.br\\\/se\\\/\",\"name\":\"O Coerente\",\"description\":\"\",\"publisher\":{\"@id\":\"https:\\\/\\\/ocoerente.com.br\\\/se\\\/#\\\/schema\\\/person\\\/cc6bfd9fbca465e23543b0c963d8d037\"},\"potentialAction\":[{\"@type\":\"SearchAction\",\"target\":{\"@type\":\"EntryPoint\",\"urlTemplate\":\"https:\\\/\\\/ocoerente.com.br\\\/se\\\/?s={search_term_string}\"},\"query-input\":{\"@type\":\"PropertyValueSpecification\",\"valueRequired\":true,\"valueName\":\"search_term_string\"}}],\"inLanguage\":\"pt-BR\"},{\"@type\":[\"Person\",\"Organization\"],\"@id\":\"https:\\\/\\\/ocoerente.com.br\\\/se\\\/#\\\/schema\\\/person\\\/cc6bfd9fbca465e23543b0c963d8d037\",\"name\":\"Reda\u00e7\u00e3o\",\"image\":{\"@type\":\"ImageObject\",\"inLanguage\":\"pt-BR\",\"@id\":\"https:\\\/\\\/ocoerente.com.br\\\/se\\\/wp-content\\\/uploads\\\/2020\\\/01\\\/ocoerente-1.png\",\"url\":\"https:\\\/\\\/ocoerente.com.br\\\/se\\\/wp-content\\\/uploads\\\/2020\\\/01\\\/ocoerente-1.png\",\"contentUrl\":\"https:\\\/\\\/ocoerente.com.br\\\/se\\\/wp-content\\\/uploads\\\/2020\\\/01\\\/ocoerente-1.png\",\"width\":50,\"height\":50,\"caption\":\"Reda\u00e7\u00e3o\"},\"logo\":{\"@id\":\"https:\\\/\\\/ocoerente.com.br\\\/se\\\/wp-content\\\/uploads\\\/2020\\\/01\\\/ocoerente-1.png\"},\"url\":\"https:\\\/\\\/ocoerente.com.br\\\/se\\\/author\\\/vasticlsales\\\/\"}]}<\/script>\n<!-- \/ Yoast SEO plugin. -->","yoast_head_json":{"title":"Prefeito Edvaldo inaugura Centro de Atendimento a S\u00edndrome Gripal em Aracaju - O Coerente","robots":{"index":"index","follow":"follow","max-snippet":"max-snippet:-1","max-image-preview":"max-image-preview:large","max-video-preview":"max-video-preview:-1"},"canonical":"https:\/\/ocoerente.com.br\/se\/2022\/01\/27\/prefeito-edvaldo-inaugura-centro-de-atendimento-a-sindrome-gripal-em-aracaju\/","og_locale":"pt_BR","og_type":"article","og_title":"Prefeito Edvaldo inaugura Centro de Atendimento a S\u00edndrome Gripal em Aracaju - O Coerente","og_description":"O prefeito Edvaldo Nogueira inaugurou, nesta quarta-feira, 26, o Centro de Atendimento e Triagem a S\u00edndrome Gripal, no bairro Coroa do Meio, zona Sul. O novo espa\u00e7o amplia a oferta de atendimento a casos gripais na rede p\u00fablica de sa\u00fade de Aracaju. O Centro funcionar\u00e1 todos os dias, das 7h \u00e0s 19h. De acordo com [&hellip;]","og_url":"https:\/\/ocoerente.com.br\/se\/2022\/01\/27\/prefeito-edvaldo-inaugura-centro-de-atendimento-a-sindrome-gripal-em-aracaju\/","og_site_name":"O Coerente","article_published_time":"2022-01-27T16:52:05+00:00","article_modified_time":"2022-01-27T16:52:06+00:00","og_image":[{"width":1024,"height":688,"url":"https:\/\/ocoerente.com.br\/se\/wp-content\/uploads\/2022\/01\/edvsindr.jpg","type":"image\/jpeg"}],"author":"Reda\u00e7\u00e3o","twitter_card":"summary_large_image","twitter_misc":{"Escrito por":"Reda\u00e7\u00e3o","Est. tempo de leitura":"3 minutos"},"schema":{"@context":"https:\/\/schema.org","@graph":[{"@type":"Article","@id":"https:\/\/ocoerente.com.br\/se\/2022\/01\/27\/prefeito-edvaldo-inaugura-centro-de-atendimento-a-sindrome-gripal-em-aracaju\/#article","isPartOf":{"@id":"https:\/\/ocoerente.com.br\/se\/2022\/01\/27\/prefeito-edvaldo-inaugura-centro-de-atendimento-a-sindrome-gripal-em-aracaju\/"},"author":{"name":"Reda\u00e7\u00e3o","@id":"https:\/\/ocoerente.com.br\/se\/#\/schema\/person\/cc6bfd9fbca465e23543b0c963d8d037"},"headline":"Prefeito Edvaldo inaugura Centro de Atendimento a S\u00edndrome Gripal em Aracaju","datePublished":"2022-01-27T16:52:05+00:00","dateModified":"2022-01-27T16:52:06+00:00","mainEntityOfPage":{"@id":"https:\/\/ocoerente.com.br\/se\/2022\/01\/27\/prefeito-edvaldo-inaugura-centro-de-atendimento-a-sindrome-gripal-em-aracaju\/"},"wordCount":664,"publisher":{"@id":"https:\/\/ocoerente.com.br\/se\/#\/schema\/person\/cc6bfd9fbca465e23543b0c963d8d037"},"image":{"@id":"https:\/\/ocoerente.com.br\/se\/2022\/01\/27\/prefeito-edvaldo-inaugura-centro-de-atendimento-a-sindrome-gripal-em-aracaju\/#primaryimage"},"thumbnailUrl":"https:\/\/ocoerente.com.br\/se\/wp-content\/uploads\/2022\/01\/edvsindr.jpg","articleSection":["Destaques","Sa\u00fade"],"inLanguage":"pt-BR"},{"@type":"WebPage","@id":"https:\/\/ocoerente.com.br\/se\/2022\/01\/27\/prefeito-edvaldo-inaugura-centro-de-atendimento-a-sindrome-gripal-em-aracaju\/","url":"https:\/\/ocoerente.com.br\/se\/2022\/01\/27\/prefeito-edvaldo-inaugura-centro-de-atendimento-a-sindrome-gripal-em-aracaju\/","name":"Prefeito Edvaldo inaugura Centro de Atendimento a S\u00edndrome Gripal em Aracaju - O Coerente","isPartOf":{"@id":"https:\/\/ocoerente.com.br\/se\/#website"},"primaryImageOfPage":{"@id":"https:\/\/ocoerente.com.br\/se\/2022\/01\/27\/prefeito-edvaldo-inaugura-centro-de-atendimento-a-sindrome-gripal-em-aracaju\/#primaryimage"},"image":{"@id":"https:\/\/ocoerente.com.br\/se\/2022\/01\/27\/prefeito-edvaldo-inaugura-centro-de-atendimento-a-sindrome-gripal-em-aracaju\/#primaryimage"},"thumbnailUrl":"https:\/\/ocoerente.com.br\/se\/wp-content\/uploads\/2022\/01\/edvsindr.jpg","datePublished":"2022-01-27T16:52:05+00:00","dateModified":"2022-01-27T16:52:06+00:00","breadcrumb":{"@id":"https:\/\/ocoerente.com.br\/se\/2022\/01\/27\/prefeito-edvaldo-inaugura-centro-de-atendimento-a-sindrome-gripal-em-aracaju\/#breadcrumb"},"inLanguage":"pt-BR","potentialAction":[{"@type":"ReadAction","target":["https:\/\/ocoerente.com.br\/se\/2022\/01\/27\/prefeito-edvaldo-inaugura-centro-de-atendimento-a-sindrome-gripal-em-aracaju\/"]}]},{"@type":"ImageObject","inLanguage":"pt-BR","@id":"https:\/\/ocoerente.com.br\/se\/2022\/01\/27\/prefeito-edvaldo-inaugura-centro-de-atendimento-a-sindrome-gripal-em-aracaju\/#primaryimage","url":"https:\/\/ocoerente.com.br\/se\/wp-content\/uploads\/2022\/01\/edvsindr.jpg","contentUrl":"https:\/\/ocoerente.com.br\/se\/wp-content\/uploads\/2022\/01\/edvsindr.jpg","width":1024,"height":688,"caption":"Fotos: Ana L\u00edcia Menezes\/PMA"},{"@type":"BreadcrumbList","@id":"https:\/\/ocoerente.com.br\/se\/2022\/01\/27\/prefeito-edvaldo-inaugura-centro-de-atendimento-a-sindrome-gripal-em-aracaju\/#breadcrumb","itemListElement":[{"@type":"ListItem","position":1,"name":"In\u00edcio","item":"https:\/\/ocoerente.com.br\/se\/"},{"@type":"ListItem","position":2,"name":"Prefeito Edvaldo inaugura Centro de Atendimento a S\u00edndrome Gripal em Aracaju"}]},{"@type":"WebSite","@id":"https:\/\/ocoerente.com.br\/se\/#website","url":"https:\/\/ocoerente.com.br\/se\/","name":"O Coerente","description":"","publisher":{"@id":"https:\/\/ocoerente.com.br\/se\/#\/schema\/person\/cc6bfd9fbca465e23543b0c963d8d037"},"potentialAction":[{"@type":"SearchAction","target":{"@type":"EntryPoint","urlTemplate":"https:\/\/ocoerente.com.br\/se\/?s={search_term_string}"},"query-input":{"@type":"PropertyValueSpecification","valueRequired":true,"valueName":"search_term_string"}}],"inLanguage":"pt-BR"},{"@type":["Person","Organization"],"@id":"https:\/\/ocoerente.com.br\/se\/#\/schema\/person\/cc6bfd9fbca465e23543b0c963d8d037","name":"Reda\u00e7\u00e3o","image":{"@type":"ImageObject","inLanguage":"pt-BR","@id":"https:\/\/ocoerente.com.br\/se\/wp-content\/uploads\/2020\/01\/ocoerente-1.png","url":"https:\/\/ocoerente.com.br\/se\/wp-content\/uploads\/2020\/01\/ocoerente-1.png","contentUrl":"https:\/\/ocoerente.com.br\/se\/wp-content\/uploads\/2020\/01\/ocoerente-1.png","width":50,"height":50,"caption":"Reda\u00e7\u00e3o"},"logo":{"@id":"https:\/\/ocoerente.com.br\/se\/wp-content\/uploads\/2020\/01\/ocoerente-1.png"},"url":"https:\/\/ocoerente.com.br\/se\/author\/vasticlsales\/"}]}},"_links":{"self":[{"href":"https:\/\/ocoerente.com.br\/se\/wp-json\/wp\/v2\/posts\/5206","targetHints":{"allow":["GET"]}}],"collection":[{"href":"https:\/\/ocoerente.com.br\/se\/wp-json\/wp\/v2\/posts"}],"about":[{"href":"https:\/\/ocoerente.com.br\/se\/wp-json\/wp\/v2\/types\/post"}],"author":[{"embeddable":true,"href":"https:\/\/ocoerente.com.br\/se\/wp-json\/wp\/v2\/users\/1"}],"replies":[{"embeddable":true,"href":"https:\/\/ocoerente.com.br\/se\/wp-json\/wp\/v2\/comments?post=5206"}],"version-history":[{"count":1,"href":"https:\/\/ocoerente.com.br\/se\/wp-json\/wp\/v2\/posts\/5206\/revisions"}],"predecessor-version":[{"id":5208,"href":"https:\/\/ocoerente.com.br\/se\/wp-json\/wp\/v2\/posts\/5206\/revisions\/5208"}],"wp:featuredmedia":[{"embeddable":true,"href":"https:\/\/ocoerente.com.br\/se\/wp-json\/wp\/v2\/media\/5207"}],"wp:attachment":[{"href":"https:\/\/ocoerente.com.br\/se\/wp-json\/wp\/v2\/media?parent=5206"}],"wp:term":[{"taxonomy":"category","embeddable":true,"href":"https:\/\/ocoerente.com.br\/se\/wp-json\/wp\/v2\/categories?post=5206"},{"taxonomy":"post_tag","embeddable":true,"href":"https:\/\/ocoerente.com.br\/se\/wp-json\/wp\/v2\/tags?post=5206"}],"curies":[{"name":"wp","href":"https:\/\/api.w.org\/{rel}","templated":true}]}}