{"id":5203,"date":"2022-01-24T22:30:59","date_gmt":"2022-01-25T01:30:59","guid":{"rendered":"https:\/\/ocoerente.com.br\/se\/?p=5203"},"modified":"2022-01-24T22:31:00","modified_gmt":"2022-01-25T01:31:00","slug":"rodrigo-valadares-ufs-livre-e-coronel-rocha-se-reunem-contra-comprovante-vacinal-na-universidade","status":"publish","type":"post","link":"https:\/\/ocoerente.com.br\/se\/2022\/01\/24\/rodrigo-valadares-ufs-livre-e-coronel-rocha-se-reunem-contra-comprovante-vacinal-na-universidade\/","title":{"rendered":"Rodrigo Valadares, UFS Livre e Coronel Rocha se re\u00fanem contra Comprovante Vacinal na Universidade"},"content":{"rendered":"\n<p>Atendendo uma liminar judici\u00e1ria, requerida pelo Sindicato dos Trabalhadores T\u00e9cnico-Administrativos em Educa\u00e7\u00e3o da Universidade Federal de Sergipe (Sintufs), a universidade publicou nesta semana que passar\u00e1 a exigir o comprovante de vacina\u00e7\u00e3o contra a Covid-19 de alunos, professores, t\u00e9cnicos e terceirizados.<\/p>\n\n\n\n<p>A medida tem gerado p\u00e2nico em diversas pessoas que optaram por n\u00e3o receber as doses da vacina e precisar\u00e3o frequentar o ambiente universit\u00e1rio, al\u00e9m de acabar ferindo a pr\u00f3pria constitui\u00e7\u00e3o que declara que \u00e9 livre o tr\u00e2nsito em todo o territ\u00f3rio nacional. Diante disso, o Movimento UFS Livre resolveu se reunir com o Coronel Rocha e o deputado estadual Rodrigo Valadares, que j\u00e1 vem lutando pela proibi\u00e7\u00e3o da exig\u00eancia de Passaporte Vacinal no Estado, a fim de buscarem meios judiciais para reverter essa situa\u00e7\u00e3o.<\/p>\n\n\n\n<p>O encontro ocorreu na manh\u00e3 da \u00faltima sexta-feira, 21, no gabinete do parlamentar, onde debateram o tema, destacando que a imposi\u00e7\u00e3o do passaporte vacinal determinado pela justi\u00e7a n\u00e3o tem respaldo cient\u00edfico, j\u00e1 que vacinados pela doen\u00e7a podem transmitir o v\u00edrus.<\/p>\n\n\n\n<p>Aliado a isso, estudos e at\u00e9 mesmo fabricantes afirmam que as vacinas n\u00e3o s\u00e3o eficazes contra a transmiss\u00e3o e sim contra o quadro da doen\u00e7a, tratando-se, na verdade, de um rem\u00e9dio experimental. Nesse sentido, o C\u00f3digo de Nuremberg \u00e9 bem claro quando dita que n\u00e3o se pode obrigar ningu\u00e9m a participar de um experimento cient\u00edfico, justamente por n\u00e3o se saber os efeitos adversos a m\u00e9dio e longo prazos.<\/p>\n\n\n\n<p>De acordo com algumas informa\u00e7\u00f5es, a reitoria poderia recorrer judicialmente contra a liminar ou at\u00e9 mesmo abrir um debate na comunidade acad\u00eamica. Entretanto, a informa\u00e7\u00e3o \u00e9 de que o reitor j\u00e1 desejava ter implantado o passaporte antes mesmo da medida ser determinada por lei, deixando-o mais confort\u00e1vel para aderir \u00e0 imposi\u00e7\u00e3o.<\/p>\n\n\n\n<p>Em contrapartida, o posicionamento favor\u00e1vel a obrigatoriedade pode gerar problemas futuros e demandas judiciais, pois, de acordo com o artigo 28 da Lei de Introdu\u00e7\u00e3o \u00e0s normas do Direito Brasileiro, o agente p\u00fablico responder\u00e1 pessoalmente por suas decis\u00f5es ou opini\u00f5es t\u00e9cnicas em caso de dolo ou erro grosseiro, ou seja, o gestor que obrigar ou concordar com a medida, estar\u00e1 assumindo o risco de poss\u00edveis complica\u00e7\u00f5es, podendo ser processados administrativamente, civil e penalmente.<\/p>\n\n\n\n<p>A\u00e7\u00e3o Inconstitucional<\/p>\n\n\n\n<p>O deputado Rodrigo Valadares tem deixado claro que sua luta n\u00e3o \u00e9 contra a vacina\u00e7\u00e3o, mas sim contra essa obrigatoriedade que vai de encontro \u00e0 legisla\u00e7\u00e3o.<\/p>\n\n\n\n<p>\u201cN\u00f3s entendemos que a vacina\u00e7\u00e3o \u00e9 muito importante, salva vidas e foi a partir dela que os hospitais desafogaram, mas temos que entender tamb\u00e9m que as pessoas t\u00eam a liberdade individual de escolher se desejam ou n\u00e3o serem vacinadas\u201d, disse.<\/p>\n\n\n\n<p>Segundo ele, a liberdade de escolha est\u00e1 inserida na Constitui\u00e7\u00e3o Federal, artigo 5\u00ba, que trata da garantia e dos direitos e liberdades individuais. Al\u00e9m disso, o deputado ressalta que dessa forma est\u00e3o tentando criar cidad\u00e3os de segunda categoria, separando os vacinados e n\u00e3o vacinados e fazendo \u2018apartheid social\u2019, o que \u00e9 inconstitucional.<\/p>\n\n\n\n<p>O acesso \u00e0 universidade foi amea\u00e7ado, assim como o direito \u00e0 educa\u00e7\u00e3o e ao trabalho, deixando diversos pais de alunos, discentes e trabalhadores n\u00e3o vacinados apavorados, pois, ainda que optem pela aplica\u00e7\u00e3o das doses agora, existe uma car\u00eancia de tempo at\u00e9 que se conclua o ciclo vacinal e, enquanto isso, teriam que se ausentar da universidade pela proibi\u00e7\u00e3o, podendo ser, administrativamente, processados civil e criminalmente. O que, no entendimento dos servidores t\u00e9cnicos e docentes, esta foi uma medida impositiva, que fere a liberdade individual.<\/p>\n\n\n\n<p>Controv\u00e9rsias<\/p>\n\n\n\n<p>O Movimento chegou a questionar \u00e0 reitoria da UFS sobre a entrada do p\u00fablico adverso que precisar visitar o Tribunal da Justi\u00e7a de Sergipe e o Banco do Brasil, encontrados nas media\u00e7\u00f5es da universidade, e foram informados de que, nessas depend\u00eancias, n\u00e3o seria obrigat\u00f3rio apresentar o comprovante de vacina\u00e7\u00e3o. O mesmo ocorre no Hospital Universit\u00e1rio, seja no centro ambulatorial, na maternidade ou no atendimento cl\u00ednico.<\/p>\n\n\n\n<p>Para eles, h\u00e1 contradi\u00e7\u00e3o na medida, tendo em vista que n\u00e3o se pode cobrar o comprovante a todas as pessoas que frequentarem os espa\u00e7os pertencentes \u00e0 universidade, relembrando ainda que a Constitui\u00e7\u00e3o Federal afirma que a locomo\u00e7\u00e3o do cidad\u00e3o \u00e9 livre em todo territ\u00f3rio nacional, ou seja, o indiv\u00edduo pode frequentar espa\u00e7os p\u00fablicos de uso comum quando desejarem.<\/p>\n\n\n\n<p>Medidas a serem tomadas<\/p>\n\n\n\n<p>Diante de tantas subje\u00e7\u00f5es, o grupo reunido salientou que resolveu buscar medidas judiciais cab\u00edveis urgentes para que a obrigatoriedade da apresenta\u00e7\u00e3o do comprovante de vacina\u00e7\u00e3o contra a covid-19 n\u00e3o seja imposta na Universidade Federal de Sergipe.<\/p>\n\n\n\n<p>O Movimento UFS Livre disse ainda que, nos pr\u00f3ximos dias, pretende fazer uma carta aberta \u00e0 sociedade, explicando todas as especificidades que abordam a situa\u00e7\u00e3o vivenciada e o porqu\u00ea a medida n\u00e3o deve ser aplicada.<\/p>\n\n\n\n<p>Enquanto isso, o deputado Rodrigo Valadares aguarda que o seu Projeto de Lei proibindo a implanta\u00e7\u00e3o desse decreto no Estado de Sergipe seja, finalmente, pautado na Casa Legislativa, derrubando qualquer medida de coer\u00e7\u00e3o e viola\u00e7\u00e3o dos direitos e garantias individuais, previstos na nossa Constitui\u00e7\u00e3o.<\/p>\n\n\n\n<p>Por Lu\u00edsa Passos, assessora de imprensa<\/p>\n","protected":false},"excerpt":{"rendered":"<p>Atendendo uma liminar judici\u00e1ria, requerida pelo Sindicato dos Trabalhadores T\u00e9cnico-Administrativos em Educa\u00e7\u00e3o da Universidade Federal de Sergipe (Sintufs), a universidade publicou nesta semana que passar\u00e1 a exigir o comprovante de vacina\u00e7\u00e3o contra a Covid-19 de alunos, professores, t\u00e9cnicos e terceirizados. A medida tem gerado p\u00e2nico em diversas pessoas que optaram por n\u00e3o receber as doses [&hellip;]<\/p>\n","protected":false},"author":1,"featured_media":5204,"comment_status":"closed","ping_status":"closed","sticky":false,"template":"","format":"standard","meta":{"footnotes":""},"categories":[53,47],"tags":[],"class_list":["post-5203","post","type-post","status-publish","format-standard","has-post-thumbnail","hentry","category-destaques","category-educacao"],"yoast_head":"<!-- This site is optimized with the Yoast SEO plugin v27.4 - https:\/\/yoast.com\/product\/yoast-seo-wordpress\/ -->\n<title>Rodrigo Valadares, UFS Livre e Coronel Rocha se re\u00fanem contra Comprovante Vacinal na Universidade - O Coerente<\/title>\n<meta name=\"robots\" content=\"index, follow, max-snippet:-1, max-image-preview:large, max-video-preview:-1\" \/>\n<link rel=\"canonical\" href=\"https:\/\/ocoerente.com.br\/se\/2022\/01\/24\/rodrigo-valadares-ufs-livre-e-coronel-rocha-se-reunem-contra-comprovante-vacinal-na-universidade\/\" \/>\n<meta property=\"og:locale\" content=\"pt_BR\" \/>\n<meta property=\"og:type\" content=\"article\" \/>\n<meta property=\"og:title\" content=\"Rodrigo Valadares, UFS Livre e Coronel Rocha se re\u00fanem contra Comprovante Vacinal na Universidade - O Coerente\" \/>\n<meta property=\"og:description\" content=\"Atendendo uma liminar judici\u00e1ria, requerida pelo Sindicato dos Trabalhadores T\u00e9cnico-Administrativos em Educa\u00e7\u00e3o da Universidade Federal de Sergipe (Sintufs), a universidade publicou nesta semana que passar\u00e1 a exigir o comprovante de vacina\u00e7\u00e3o contra a Covid-19 de alunos, professores, t\u00e9cnicos e terceirizados. A medida tem gerado p\u00e2nico em diversas pessoas que optaram por n\u00e3o receber as doses [&hellip;]\" \/>\n<meta property=\"og:url\" content=\"https:\/\/ocoerente.com.br\/se\/2022\/01\/24\/rodrigo-valadares-ufs-livre-e-coronel-rocha-se-reunem-contra-comprovante-vacinal-na-universidade\/\" \/>\n<meta property=\"og:site_name\" content=\"O Coerente\" \/>\n<meta property=\"article:published_time\" content=\"2022-01-25T01:30:59+00:00\" \/>\n<meta property=\"article:modified_time\" content=\"2022-01-25T01:31:00+00:00\" \/>\n<meta property=\"og:image\" content=\"https:\/\/ocoerente.com.br\/se\/wp-content\/uploads\/2022\/01\/rodrigovvvv.jpg\" \/>\n\t<meta property=\"og:image:width\" content=\"1280\" \/>\n\t<meta property=\"og:image:height\" content=\"904\" \/>\n\t<meta property=\"og:image:type\" content=\"image\/jpeg\" \/>\n<meta name=\"author\" content=\"Reda\u00e7\u00e3o\" \/>\n<meta name=\"twitter:card\" content=\"summary_large_image\" \/>\n<meta name=\"twitter:label1\" content=\"Escrito por\" \/>\n\t<meta name=\"twitter:data1\" content=\"Reda\u00e7\u00e3o\" \/>\n\t<meta name=\"twitter:label2\" content=\"Est. tempo de leitura\" \/>\n\t<meta name=\"twitter:data2\" content=\"4 minutos\" \/>\n<script type=\"application\/ld+json\" class=\"yoast-schema-graph\">{\"@context\":\"https:\\\/\\\/schema.org\",\"@graph\":[{\"@type\":\"Article\",\"@id\":\"https:\\\/\\\/ocoerente.com.br\\\/se\\\/2022\\\/01\\\/24\\\/rodrigo-valadares-ufs-livre-e-coronel-rocha-se-reunem-contra-comprovante-vacinal-na-universidade\\\/#article\",\"isPartOf\":{\"@id\":\"https:\\\/\\\/ocoerente.com.br\\\/se\\\/2022\\\/01\\\/24\\\/rodrigo-valadares-ufs-livre-e-coronel-rocha-se-reunem-contra-comprovante-vacinal-na-universidade\\\/\"},\"author\":{\"name\":\"Reda\u00e7\u00e3o\",\"@id\":\"https:\\\/\\\/ocoerente.com.br\\\/se\\\/#\\\/schema\\\/person\\\/cc6bfd9fbca465e23543b0c963d8d037\"},\"headline\":\"Rodrigo Valadares, UFS Livre e Coronel Rocha se re\u00fanem contra Comprovante Vacinal na Universidade\",\"datePublished\":\"2022-01-25T01:30:59+00:00\",\"dateModified\":\"2022-01-25T01:31:00+00:00\",\"mainEntityOfPage\":{\"@id\":\"https:\\\/\\\/ocoerente.com.br\\\/se\\\/2022\\\/01\\\/24\\\/rodrigo-valadares-ufs-livre-e-coronel-rocha-se-reunem-contra-comprovante-vacinal-na-universidade\\\/\"},\"wordCount\":908,\"publisher\":{\"@id\":\"https:\\\/\\\/ocoerente.com.br\\\/se\\\/#\\\/schema\\\/person\\\/cc6bfd9fbca465e23543b0c963d8d037\"},\"image\":{\"@id\":\"https:\\\/\\\/ocoerente.com.br\\\/se\\\/2022\\\/01\\\/24\\\/rodrigo-valadares-ufs-livre-e-coronel-rocha-se-reunem-contra-comprovante-vacinal-na-universidade\\\/#primaryimage\"},\"thumbnailUrl\":\"https:\\\/\\\/ocoerente.com.br\\\/se\\\/wp-content\\\/uploads\\\/2022\\\/01\\\/rodrigovvvv.jpg\",\"articleSection\":[\"Destaques\",\"Educa\u00e7\u00e3o\"],\"inLanguage\":\"pt-BR\"},{\"@type\":\"WebPage\",\"@id\":\"https:\\\/\\\/ocoerente.com.br\\\/se\\\/2022\\\/01\\\/24\\\/rodrigo-valadares-ufs-livre-e-coronel-rocha-se-reunem-contra-comprovante-vacinal-na-universidade\\\/\",\"url\":\"https:\\\/\\\/ocoerente.com.br\\\/se\\\/2022\\\/01\\\/24\\\/rodrigo-valadares-ufs-livre-e-coronel-rocha-se-reunem-contra-comprovante-vacinal-na-universidade\\\/\",\"name\":\"Rodrigo Valadares, UFS Livre e Coronel Rocha se re\u00fanem contra Comprovante Vacinal na Universidade - O Coerente\",\"isPartOf\":{\"@id\":\"https:\\\/\\\/ocoerente.com.br\\\/se\\\/#website\"},\"primaryImageOfPage\":{\"@id\":\"https:\\\/\\\/ocoerente.com.br\\\/se\\\/2022\\\/01\\\/24\\\/rodrigo-valadares-ufs-livre-e-coronel-rocha-se-reunem-contra-comprovante-vacinal-na-universidade\\\/#primaryimage\"},\"image\":{\"@id\":\"https:\\\/\\\/ocoerente.com.br\\\/se\\\/2022\\\/01\\\/24\\\/rodrigo-valadares-ufs-livre-e-coronel-rocha-se-reunem-contra-comprovante-vacinal-na-universidade\\\/#primaryimage\"},\"thumbnailUrl\":\"https:\\\/\\\/ocoerente.com.br\\\/se\\\/wp-content\\\/uploads\\\/2022\\\/01\\\/rodrigovvvv.jpg\",\"datePublished\":\"2022-01-25T01:30:59+00:00\",\"dateModified\":\"2022-01-25T01:31:00+00:00\",\"breadcrumb\":{\"@id\":\"https:\\\/\\\/ocoerente.com.br\\\/se\\\/2022\\\/01\\\/24\\\/rodrigo-valadares-ufs-livre-e-coronel-rocha-se-reunem-contra-comprovante-vacinal-na-universidade\\\/#breadcrumb\"},\"inLanguage\":\"pt-BR\",\"potentialAction\":[{\"@type\":\"ReadAction\",\"target\":[\"https:\\\/\\\/ocoerente.com.br\\\/se\\\/2022\\\/01\\\/24\\\/rodrigo-valadares-ufs-livre-e-coronel-rocha-se-reunem-contra-comprovante-vacinal-na-universidade\\\/\"]}]},{\"@type\":\"ImageObject\",\"inLanguage\":\"pt-BR\",\"@id\":\"https:\\\/\\\/ocoerente.com.br\\\/se\\\/2022\\\/01\\\/24\\\/rodrigo-valadares-ufs-livre-e-coronel-rocha-se-reunem-contra-comprovante-vacinal-na-universidade\\\/#primaryimage\",\"url\":\"https:\\\/\\\/ocoerente.com.br\\\/se\\\/wp-content\\\/uploads\\\/2022\\\/01\\\/rodrigovvvv.jpg\",\"contentUrl\":\"https:\\\/\\\/ocoerente.com.br\\\/se\\\/wp-content\\\/uploads\\\/2022\\\/01\\\/rodrigovvvv.jpg\",\"width\":1280,\"height\":904},{\"@type\":\"BreadcrumbList\",\"@id\":\"https:\\\/\\\/ocoerente.com.br\\\/se\\\/2022\\\/01\\\/24\\\/rodrigo-valadares-ufs-livre-e-coronel-rocha-se-reunem-contra-comprovante-vacinal-na-universidade\\\/#breadcrumb\",\"itemListElement\":[{\"@type\":\"ListItem\",\"position\":1,\"name\":\"In\u00edcio\",\"item\":\"https:\\\/\\\/ocoerente.com.br\\\/se\\\/\"},{\"@type\":\"ListItem\",\"position\":2,\"name\":\"Rodrigo Valadares, UFS Livre e Coronel Rocha se re\u00fanem contra Comprovante Vacinal na Universidade\"}]},{\"@type\":\"WebSite\",\"@id\":\"https:\\\/\\\/ocoerente.com.br\\\/se\\\/#website\",\"url\":\"https:\\\/\\\/ocoerente.com.br\\\/se\\\/\",\"name\":\"O Coerente\",\"description\":\"\",\"publisher\":{\"@id\":\"https:\\\/\\\/ocoerente.com.br\\\/se\\\/#\\\/schema\\\/person\\\/cc6bfd9fbca465e23543b0c963d8d037\"},\"potentialAction\":[{\"@type\":\"SearchAction\",\"target\":{\"@type\":\"EntryPoint\",\"urlTemplate\":\"https:\\\/\\\/ocoerente.com.br\\\/se\\\/?s={search_term_string}\"},\"query-input\":{\"@type\":\"PropertyValueSpecification\",\"valueRequired\":true,\"valueName\":\"search_term_string\"}}],\"inLanguage\":\"pt-BR\"},{\"@type\":[\"Person\",\"Organization\"],\"@id\":\"https:\\\/\\\/ocoerente.com.br\\\/se\\\/#\\\/schema\\\/person\\\/cc6bfd9fbca465e23543b0c963d8d037\",\"name\":\"Reda\u00e7\u00e3o\",\"image\":{\"@type\":\"ImageObject\",\"inLanguage\":\"pt-BR\",\"@id\":\"https:\\\/\\\/ocoerente.com.br\\\/se\\\/wp-content\\\/uploads\\\/2020\\\/01\\\/ocoerente-1.png\",\"url\":\"https:\\\/\\\/ocoerente.com.br\\\/se\\\/wp-content\\\/uploads\\\/2020\\\/01\\\/ocoerente-1.png\",\"contentUrl\":\"https:\\\/\\\/ocoerente.com.br\\\/se\\\/wp-content\\\/uploads\\\/2020\\\/01\\\/ocoerente-1.png\",\"width\":50,\"height\":50,\"caption\":\"Reda\u00e7\u00e3o\"},\"logo\":{\"@id\":\"https:\\\/\\\/ocoerente.com.br\\\/se\\\/wp-content\\\/uploads\\\/2020\\\/01\\\/ocoerente-1.png\"},\"url\":\"https:\\\/\\\/ocoerente.com.br\\\/se\\\/author\\\/vasticlsales\\\/\"}]}<\/script>\n<!-- \/ Yoast SEO plugin. -->","yoast_head_json":{"title":"Rodrigo Valadares, UFS Livre e Coronel Rocha se re\u00fanem contra Comprovante Vacinal na Universidade - O Coerente","robots":{"index":"index","follow":"follow","max-snippet":"max-snippet:-1","max-image-preview":"max-image-preview:large","max-video-preview":"max-video-preview:-1"},"canonical":"https:\/\/ocoerente.com.br\/se\/2022\/01\/24\/rodrigo-valadares-ufs-livre-e-coronel-rocha-se-reunem-contra-comprovante-vacinal-na-universidade\/","og_locale":"pt_BR","og_type":"article","og_title":"Rodrigo Valadares, UFS Livre e Coronel Rocha se re\u00fanem contra Comprovante Vacinal na Universidade - O Coerente","og_description":"Atendendo uma liminar judici\u00e1ria, requerida pelo Sindicato dos Trabalhadores T\u00e9cnico-Administrativos em Educa\u00e7\u00e3o da Universidade Federal de Sergipe (Sintufs), a universidade publicou nesta semana que passar\u00e1 a exigir o comprovante de vacina\u00e7\u00e3o contra a Covid-19 de alunos, professores, t\u00e9cnicos e terceirizados. A medida tem gerado p\u00e2nico em diversas pessoas que optaram por n\u00e3o receber as doses [&hellip;]","og_url":"https:\/\/ocoerente.com.br\/se\/2022\/01\/24\/rodrigo-valadares-ufs-livre-e-coronel-rocha-se-reunem-contra-comprovante-vacinal-na-universidade\/","og_site_name":"O Coerente","article_published_time":"2022-01-25T01:30:59+00:00","article_modified_time":"2022-01-25T01:31:00+00:00","og_image":[{"width":1280,"height":904,"url":"https:\/\/ocoerente.com.br\/se\/wp-content\/uploads\/2022\/01\/rodrigovvvv.jpg","type":"image\/jpeg"}],"author":"Reda\u00e7\u00e3o","twitter_card":"summary_large_image","twitter_misc":{"Escrito por":"Reda\u00e7\u00e3o","Est. tempo de leitura":"4 minutos"},"schema":{"@context":"https:\/\/schema.org","@graph":[{"@type":"Article","@id":"https:\/\/ocoerente.com.br\/se\/2022\/01\/24\/rodrigo-valadares-ufs-livre-e-coronel-rocha-se-reunem-contra-comprovante-vacinal-na-universidade\/#article","isPartOf":{"@id":"https:\/\/ocoerente.com.br\/se\/2022\/01\/24\/rodrigo-valadares-ufs-livre-e-coronel-rocha-se-reunem-contra-comprovante-vacinal-na-universidade\/"},"author":{"name":"Reda\u00e7\u00e3o","@id":"https:\/\/ocoerente.com.br\/se\/#\/schema\/person\/cc6bfd9fbca465e23543b0c963d8d037"},"headline":"Rodrigo Valadares, UFS Livre e Coronel Rocha se re\u00fanem contra Comprovante Vacinal na Universidade","datePublished":"2022-01-25T01:30:59+00:00","dateModified":"2022-01-25T01:31:00+00:00","mainEntityOfPage":{"@id":"https:\/\/ocoerente.com.br\/se\/2022\/01\/24\/rodrigo-valadares-ufs-livre-e-coronel-rocha-se-reunem-contra-comprovante-vacinal-na-universidade\/"},"wordCount":908,"publisher":{"@id":"https:\/\/ocoerente.com.br\/se\/#\/schema\/person\/cc6bfd9fbca465e23543b0c963d8d037"},"image":{"@id":"https:\/\/ocoerente.com.br\/se\/2022\/01\/24\/rodrigo-valadares-ufs-livre-e-coronel-rocha-se-reunem-contra-comprovante-vacinal-na-universidade\/#primaryimage"},"thumbnailUrl":"https:\/\/ocoerente.com.br\/se\/wp-content\/uploads\/2022\/01\/rodrigovvvv.jpg","articleSection":["Destaques","Educa\u00e7\u00e3o"],"inLanguage":"pt-BR"},{"@type":"WebPage","@id":"https:\/\/ocoerente.com.br\/se\/2022\/01\/24\/rodrigo-valadares-ufs-livre-e-coronel-rocha-se-reunem-contra-comprovante-vacinal-na-universidade\/","url":"https:\/\/ocoerente.com.br\/se\/2022\/01\/24\/rodrigo-valadares-ufs-livre-e-coronel-rocha-se-reunem-contra-comprovante-vacinal-na-universidade\/","name":"Rodrigo Valadares, UFS Livre e Coronel Rocha se re\u00fanem contra Comprovante Vacinal na Universidade - O Coerente","isPartOf":{"@id":"https:\/\/ocoerente.com.br\/se\/#website"},"primaryImageOfPage":{"@id":"https:\/\/ocoerente.com.br\/se\/2022\/01\/24\/rodrigo-valadares-ufs-livre-e-coronel-rocha-se-reunem-contra-comprovante-vacinal-na-universidade\/#primaryimage"},"image":{"@id":"https:\/\/ocoerente.com.br\/se\/2022\/01\/24\/rodrigo-valadares-ufs-livre-e-coronel-rocha-se-reunem-contra-comprovante-vacinal-na-universidade\/#primaryimage"},"thumbnailUrl":"https:\/\/ocoerente.com.br\/se\/wp-content\/uploads\/2022\/01\/rodrigovvvv.jpg","datePublished":"2022-01-25T01:30:59+00:00","dateModified":"2022-01-25T01:31:00+00:00","breadcrumb":{"@id":"https:\/\/ocoerente.com.br\/se\/2022\/01\/24\/rodrigo-valadares-ufs-livre-e-coronel-rocha-se-reunem-contra-comprovante-vacinal-na-universidade\/#breadcrumb"},"inLanguage":"pt-BR","potentialAction":[{"@type":"ReadAction","target":["https:\/\/ocoerente.com.br\/se\/2022\/01\/24\/rodrigo-valadares-ufs-livre-e-coronel-rocha-se-reunem-contra-comprovante-vacinal-na-universidade\/"]}]},{"@type":"ImageObject","inLanguage":"pt-BR","@id":"https:\/\/ocoerente.com.br\/se\/2022\/01\/24\/rodrigo-valadares-ufs-livre-e-coronel-rocha-se-reunem-contra-comprovante-vacinal-na-universidade\/#primaryimage","url":"https:\/\/ocoerente.com.br\/se\/wp-content\/uploads\/2022\/01\/rodrigovvvv.jpg","contentUrl":"https:\/\/ocoerente.com.br\/se\/wp-content\/uploads\/2022\/01\/rodrigovvvv.jpg","width":1280,"height":904},{"@type":"BreadcrumbList","@id":"https:\/\/ocoerente.com.br\/se\/2022\/01\/24\/rodrigo-valadares-ufs-livre-e-coronel-rocha-se-reunem-contra-comprovante-vacinal-na-universidade\/#breadcrumb","itemListElement":[{"@type":"ListItem","position":1,"name":"In\u00edcio","item":"https:\/\/ocoerente.com.br\/se\/"},{"@type":"ListItem","position":2,"name":"Rodrigo Valadares, UFS Livre e Coronel Rocha se re\u00fanem contra Comprovante Vacinal na Universidade"}]},{"@type":"WebSite","@id":"https:\/\/ocoerente.com.br\/se\/#website","url":"https:\/\/ocoerente.com.br\/se\/","name":"O Coerente","description":"","publisher":{"@id":"https:\/\/ocoerente.com.br\/se\/#\/schema\/person\/cc6bfd9fbca465e23543b0c963d8d037"},"potentialAction":[{"@type":"SearchAction","target":{"@type":"EntryPoint","urlTemplate":"https:\/\/ocoerente.com.br\/se\/?s={search_term_string}"},"query-input":{"@type":"PropertyValueSpecification","valueRequired":true,"valueName":"search_term_string"}}],"inLanguage":"pt-BR"},{"@type":["Person","Organization"],"@id":"https:\/\/ocoerente.com.br\/se\/#\/schema\/person\/cc6bfd9fbca465e23543b0c963d8d037","name":"Reda\u00e7\u00e3o","image":{"@type":"ImageObject","inLanguage":"pt-BR","@id":"https:\/\/ocoerente.com.br\/se\/wp-content\/uploads\/2020\/01\/ocoerente-1.png","url":"https:\/\/ocoerente.com.br\/se\/wp-content\/uploads\/2020\/01\/ocoerente-1.png","contentUrl":"https:\/\/ocoerente.com.br\/se\/wp-content\/uploads\/2020\/01\/ocoerente-1.png","width":50,"height":50,"caption":"Reda\u00e7\u00e3o"},"logo":{"@id":"https:\/\/ocoerente.com.br\/se\/wp-content\/uploads\/2020\/01\/ocoerente-1.png"},"url":"https:\/\/ocoerente.com.br\/se\/author\/vasticlsales\/"}]}},"_links":{"self":[{"href":"https:\/\/ocoerente.com.br\/se\/wp-json\/wp\/v2\/posts\/5203","targetHints":{"allow":["GET"]}}],"collection":[{"href":"https:\/\/ocoerente.com.br\/se\/wp-json\/wp\/v2\/posts"}],"about":[{"href":"https:\/\/ocoerente.com.br\/se\/wp-json\/wp\/v2\/types\/post"}],"author":[{"embeddable":true,"href":"https:\/\/ocoerente.com.br\/se\/wp-json\/wp\/v2\/users\/1"}],"replies":[{"embeddable":true,"href":"https:\/\/ocoerente.com.br\/se\/wp-json\/wp\/v2\/comments?post=5203"}],"version-history":[{"count":1,"href":"https:\/\/ocoerente.com.br\/se\/wp-json\/wp\/v2\/posts\/5203\/revisions"}],"predecessor-version":[{"id":5205,"href":"https:\/\/ocoerente.com.br\/se\/wp-json\/wp\/v2\/posts\/5203\/revisions\/5205"}],"wp:featuredmedia":[{"embeddable":true,"href":"https:\/\/ocoerente.com.br\/se\/wp-json\/wp\/v2\/media\/5204"}],"wp:attachment":[{"href":"https:\/\/ocoerente.com.br\/se\/wp-json\/wp\/v2\/media?parent=5203"}],"wp:term":[{"taxonomy":"category","embeddable":true,"href":"https:\/\/ocoerente.com.br\/se\/wp-json\/wp\/v2\/categories?post=5203"},{"taxonomy":"post_tag","embeddable":true,"href":"https:\/\/ocoerente.com.br\/se\/wp-json\/wp\/v2\/tags?post=5203"}],"curies":[{"name":"wp","href":"https:\/\/api.w.org\/{rel}","templated":true}]}}