{"id":5193,"date":"2022-01-21T03:19:27","date_gmt":"2022-01-21T06:19:27","guid":{"rendered":"https:\/\/ocoerente.com.br\/se\/?p=5193"},"modified":"2022-01-21T03:19:28","modified_gmt":"2022-01-21T06:19:28","slug":"sao-sebastiao","status":"publish","type":"post","link":"https:\/\/ocoerente.com.br\/se\/2022\/01\/21\/sao-sebastiao\/","title":{"rendered":"S\u00e3o Sebasti\u00e3o"},"content":{"rendered":"\n<p>S\u00e3o Sebasti\u00e3o era um soldado romano que foi martirizado por professar e n\u00e3o renegar a f\u00e9 em Jesus Cristo. O santo celebrado nesta quinta-feira (20) \u00e9 padroeiro do munic\u00edpio sergipano de Po\u00e7o Verde. A missa em honra ao padroeiro foi acompanha pelo deputado federal F\u00e1bio Mitidieri (PSD\/SE) na manh\u00e3 de hoje. Na celebra\u00e7\u00e3o o deputado esteve ao lado do prefeito da cidade, Iggor Oliveira, da deputada estadual Maisa Mitidieri, do amigo Andr\u00e9 Moura e do povo de Po\u00e7o Verde.<\/p>\n\n\n\n<figure class=\"wp-block-gallery columns-3 is-cropped wp-block-gallery-1 is-layout-flex wp-block-gallery-is-layout-flex\"><ul class=\"blocks-gallery-grid\"><li class=\"blocks-gallery-item\"><figure><img loading=\"lazy\" decoding=\"async\" width=\"1024\" height=\"683\" src=\"https:\/\/ocoerente.com.br\/se\/wp-content\/uploads\/2022\/01\/saob3-1024x683.jpg\" alt=\"\" data-id=\"5194\" data-full-url=\"https:\/\/ocoerente.com.br\/se\/wp-content\/uploads\/2022\/01\/saob3.jpg\" data-link=\"https:\/\/ocoerente.com.br\/se\/?attachment_id=5194\" class=\"wp-image-5194\" srcset=\"https:\/\/ocoerente.com.br\/se\/wp-content\/uploads\/2022\/01\/saob3-1024x683.jpg 1024w, https:\/\/ocoerente.com.br\/se\/wp-content\/uploads\/2022\/01\/saob3-300x200.jpg 300w, https:\/\/ocoerente.com.br\/se\/wp-content\/uploads\/2022\/01\/saob3-768x512.jpg 768w, https:\/\/ocoerente.com.br\/se\/wp-content\/uploads\/2022\/01\/saob3-750x500.jpg 750w, https:\/\/ocoerente.com.br\/se\/wp-content\/uploads\/2022\/01\/saob3-1140x760.jpg 1140w, https:\/\/ocoerente.com.br\/se\/wp-content\/uploads\/2022\/01\/saob3.jpg 1440w\" sizes=\"auto, (max-width: 1024px) 100vw, 1024px\" \/><\/figure><\/li><li class=\"blocks-gallery-item\"><figure><img loading=\"lazy\" decoding=\"async\" width=\"1024\" height=\"683\" src=\"https:\/\/ocoerente.com.br\/se\/wp-content\/uploads\/2022\/01\/saob2-1024x683.jpg\" alt=\"\" data-id=\"5195\" data-full-url=\"https:\/\/ocoerente.com.br\/se\/wp-content\/uploads\/2022\/01\/saob2.jpg\" data-link=\"https:\/\/ocoerente.com.br\/se\/?attachment_id=5195\" class=\"wp-image-5195\" srcset=\"https:\/\/ocoerente.com.br\/se\/wp-content\/uploads\/2022\/01\/saob2-1024x683.jpg 1024w, https:\/\/ocoerente.com.br\/se\/wp-content\/uploads\/2022\/01\/saob2-300x200.jpg 300w, https:\/\/ocoerente.com.br\/se\/wp-content\/uploads\/2022\/01\/saob2-768x512.jpg 768w, https:\/\/ocoerente.com.br\/se\/wp-content\/uploads\/2022\/01\/saob2-750x500.jpg 750w, https:\/\/ocoerente.com.br\/se\/wp-content\/uploads\/2022\/01\/saob2-1140x760.jpg 1140w, https:\/\/ocoerente.com.br\/se\/wp-content\/uploads\/2022\/01\/saob2.jpg 1440w\" sizes=\"auto, (max-width: 1024px) 100vw, 1024px\" \/><\/figure><\/li><li class=\"blocks-gallery-item\"><figure><img loading=\"lazy\" decoding=\"async\" width=\"1024\" height=\"683\" src=\"https:\/\/ocoerente.com.br\/se\/wp-content\/uploads\/2022\/01\/saob1-1024x683.jpg\" alt=\"\" data-id=\"5196\" data-full-url=\"https:\/\/ocoerente.com.br\/se\/wp-content\/uploads\/2022\/01\/saob1.jpg\" data-link=\"https:\/\/ocoerente.com.br\/se\/?attachment_id=5196\" class=\"wp-image-5196\" srcset=\"https:\/\/ocoerente.com.br\/se\/wp-content\/uploads\/2022\/01\/saob1-1024x683.jpg 1024w, https:\/\/ocoerente.com.br\/se\/wp-content\/uploads\/2022\/01\/saob1-300x200.jpg 300w, https:\/\/ocoerente.com.br\/se\/wp-content\/uploads\/2022\/01\/saob1-768x512.jpg 768w, https:\/\/ocoerente.com.br\/se\/wp-content\/uploads\/2022\/01\/saob1-750x500.jpg 750w, https:\/\/ocoerente.com.br\/se\/wp-content\/uploads\/2022\/01\/saob1-1140x760.jpg 1140w, https:\/\/ocoerente.com.br\/se\/wp-content\/uploads\/2022\/01\/saob1.jpg 1440w\" sizes=\"auto, (max-width: 1024px) 100vw, 1024px\" \/><\/figure><\/li><\/ul><\/figure>\n","protected":false},"excerpt":{"rendered":"<p>S\u00e3o Sebasti\u00e3o era um soldado romano que foi martirizado por professar e n\u00e3o renegar a f\u00e9 em Jesus Cristo. O santo celebrado nesta quinta-feira (20) \u00e9 padroeiro do munic\u00edpio sergipano de Po\u00e7o Verde. A missa em honra ao padroeiro foi acompanha pelo deputado federal F\u00e1bio Mitidieri (PSD\/SE) na manh\u00e3 de hoje. Na celebra\u00e7\u00e3o o deputado [&hellip;]<\/p>\n","protected":false},"author":1,"featured_media":5196,"comment_status":"closed","ping_status":"closed","sticky":false,"template":"","format":"standard","meta":{"footnotes":""},"categories":[53,43],"tags":[],"class_list":["post-5193","post","type-post","status-publish","format-standard","has-post-thumbnail","hentry","category-destaques","category-sergipe"],"yoast_head":"<!-- This site is optimized with the Yoast SEO plugin v27.4 - https:\/\/yoast.com\/product\/yoast-seo-wordpress\/ -->\n<title>S\u00e3o Sebasti\u00e3o - O Coerente<\/title>\n<meta name=\"robots\" content=\"index, follow, max-snippet:-1, max-image-preview:large, max-video-preview:-1\" \/>\n<link rel=\"canonical\" href=\"https:\/\/ocoerente.com.br\/se\/2022\/01\/21\/sao-sebastiao\/\" \/>\n<meta property=\"og:locale\" content=\"pt_BR\" \/>\n<meta property=\"og:type\" content=\"article\" \/>\n<meta property=\"og:title\" content=\"S\u00e3o Sebasti\u00e3o - O Coerente\" \/>\n<meta property=\"og:description\" content=\"S\u00e3o Sebasti\u00e3o era um soldado romano que foi martirizado por professar e n\u00e3o renegar a f\u00e9 em Jesus Cristo. O santo celebrado nesta quinta-feira (20) \u00e9 padroeiro do munic\u00edpio sergipano de Po\u00e7o Verde. A missa em honra ao padroeiro foi acompanha pelo deputado federal F\u00e1bio Mitidieri (PSD\/SE) na manh\u00e3 de hoje. Na celebra\u00e7\u00e3o o deputado [&hellip;]\" \/>\n<meta property=\"og:url\" content=\"https:\/\/ocoerente.com.br\/se\/2022\/01\/21\/sao-sebastiao\/\" \/>\n<meta property=\"og:site_name\" content=\"O Coerente\" \/>\n<meta property=\"article:published_time\" content=\"2022-01-21T06:19:27+00:00\" \/>\n<meta property=\"article:modified_time\" content=\"2022-01-21T06:19:28+00:00\" \/>\n<meta property=\"og:image\" content=\"https:\/\/ocoerente.com.br\/se\/wp-content\/uploads\/2022\/01\/saob1.jpg\" \/>\n\t<meta property=\"og:image:width\" content=\"1440\" \/>\n\t<meta property=\"og:image:height\" content=\"960\" \/>\n\t<meta property=\"og:image:type\" content=\"image\/jpeg\" \/>\n<meta name=\"author\" content=\"Reda\u00e7\u00e3o\" \/>\n<meta name=\"twitter:card\" content=\"summary_large_image\" \/>\n<meta name=\"twitter:label1\" content=\"Escrito por\" \/>\n\t<meta name=\"twitter:data1\" content=\"Reda\u00e7\u00e3o\" \/>\n\t<meta name=\"twitter:label2\" content=\"Est. tempo de leitura\" \/>\n\t<meta name=\"twitter:data2\" content=\"1 minuto\" \/>\n<script type=\"application\/ld+json\" class=\"yoast-schema-graph\">{\"@context\":\"https:\\\/\\\/schema.org\",\"@graph\":[{\"@type\":\"Article\",\"@id\":\"https:\\\/\\\/ocoerente.com.br\\\/se\\\/2022\\\/01\\\/21\\\/sao-sebastiao\\\/#article\",\"isPartOf\":{\"@id\":\"https:\\\/\\\/ocoerente.com.br\\\/se\\\/2022\\\/01\\\/21\\\/sao-sebastiao\\\/\"},\"author\":{\"name\":\"Reda\u00e7\u00e3o\",\"@id\":\"https:\\\/\\\/ocoerente.com.br\\\/se\\\/#\\\/schema\\\/person\\\/cc6bfd9fbca465e23543b0c963d8d037\"},\"headline\":\"S\u00e3o Sebasti\u00e3o\",\"datePublished\":\"2022-01-21T06:19:27+00:00\",\"dateModified\":\"2022-01-21T06:19:28+00:00\",\"mainEntityOfPage\":{\"@id\":\"https:\\\/\\\/ocoerente.com.br\\\/se\\\/2022\\\/01\\\/21\\\/sao-sebastiao\\\/\"},\"wordCount\":90,\"publisher\":{\"@id\":\"https:\\\/\\\/ocoerente.com.br\\\/se\\\/#\\\/schema\\\/person\\\/cc6bfd9fbca465e23543b0c963d8d037\"},\"image\":{\"@id\":\"https:\\\/\\\/ocoerente.com.br\\\/se\\\/2022\\\/01\\\/21\\\/sao-sebastiao\\\/#primaryimage\"},\"thumbnailUrl\":\"https:\\\/\\\/ocoerente.com.br\\\/se\\\/wp-content\\\/uploads\\\/2022\\\/01\\\/saob1.jpg\",\"articleSection\":[\"Destaques\",\"Sergipe\"],\"inLanguage\":\"pt-BR\"},{\"@type\":\"WebPage\",\"@id\":\"https:\\\/\\\/ocoerente.com.br\\\/se\\\/2022\\\/01\\\/21\\\/sao-sebastiao\\\/\",\"url\":\"https:\\\/\\\/ocoerente.com.br\\\/se\\\/2022\\\/01\\\/21\\\/sao-sebastiao\\\/\",\"name\":\"S\u00e3o Sebasti\u00e3o - O Coerente\",\"isPartOf\":{\"@id\":\"https:\\\/\\\/ocoerente.com.br\\\/se\\\/#website\"},\"primaryImageOfPage\":{\"@id\":\"https:\\\/\\\/ocoerente.com.br\\\/se\\\/2022\\\/01\\\/21\\\/sao-sebastiao\\\/#primaryimage\"},\"image\":{\"@id\":\"https:\\\/\\\/ocoerente.com.br\\\/se\\\/2022\\\/01\\\/21\\\/sao-sebastiao\\\/#primaryimage\"},\"thumbnailUrl\":\"https:\\\/\\\/ocoerente.com.br\\\/se\\\/wp-content\\\/uploads\\\/2022\\\/01\\\/saob1.jpg\",\"datePublished\":\"2022-01-21T06:19:27+00:00\",\"dateModified\":\"2022-01-21T06:19:28+00:00\",\"breadcrumb\":{\"@id\":\"https:\\\/\\\/ocoerente.com.br\\\/se\\\/2022\\\/01\\\/21\\\/sao-sebastiao\\\/#breadcrumb\"},\"inLanguage\":\"pt-BR\",\"potentialAction\":[{\"@type\":\"ReadAction\",\"target\":[\"https:\\\/\\\/ocoerente.com.br\\\/se\\\/2022\\\/01\\\/21\\\/sao-sebastiao\\\/\"]}]},{\"@type\":\"ImageObject\",\"inLanguage\":\"pt-BR\",\"@id\":\"https:\\\/\\\/ocoerente.com.br\\\/se\\\/2022\\\/01\\\/21\\\/sao-sebastiao\\\/#primaryimage\",\"url\":\"https:\\\/\\\/ocoerente.com.br\\\/se\\\/wp-content\\\/uploads\\\/2022\\\/01\\\/saob1.jpg\",\"contentUrl\":\"https:\\\/\\\/ocoerente.com.br\\\/se\\\/wp-content\\\/uploads\\\/2022\\\/01\\\/saob1.jpg\",\"width\":1440,\"height\":960},{\"@type\":\"BreadcrumbList\",\"@id\":\"https:\\\/\\\/ocoerente.com.br\\\/se\\\/2022\\\/01\\\/21\\\/sao-sebastiao\\\/#breadcrumb\",\"itemListElement\":[{\"@type\":\"ListItem\",\"position\":1,\"name\":\"In\u00edcio\",\"item\":\"https:\\\/\\\/ocoerente.com.br\\\/se\\\/\"},{\"@type\":\"ListItem\",\"position\":2,\"name\":\"S\u00e3o Sebasti\u00e3o\"}]},{\"@type\":\"WebSite\",\"@id\":\"https:\\\/\\\/ocoerente.com.br\\\/se\\\/#website\",\"url\":\"https:\\\/\\\/ocoerente.com.br\\\/se\\\/\",\"name\":\"O Coerente\",\"description\":\"\",\"publisher\":{\"@id\":\"https:\\\/\\\/ocoerente.com.br\\\/se\\\/#\\\/schema\\\/person\\\/cc6bfd9fbca465e23543b0c963d8d037\"},\"potentialAction\":[{\"@type\":\"SearchAction\",\"target\":{\"@type\":\"EntryPoint\",\"urlTemplate\":\"https:\\\/\\\/ocoerente.com.br\\\/se\\\/?s={search_term_string}\"},\"query-input\":{\"@type\":\"PropertyValueSpecification\",\"valueRequired\":true,\"valueName\":\"search_term_string\"}}],\"inLanguage\":\"pt-BR\"},{\"@type\":[\"Person\",\"Organization\"],\"@id\":\"https:\\\/\\\/ocoerente.com.br\\\/se\\\/#\\\/schema\\\/person\\\/cc6bfd9fbca465e23543b0c963d8d037\",\"name\":\"Reda\u00e7\u00e3o\",\"image\":{\"@type\":\"ImageObject\",\"inLanguage\":\"pt-BR\",\"@id\":\"https:\\\/\\\/ocoerente.com.br\\\/se\\\/wp-content\\\/uploads\\\/2020\\\/01\\\/ocoerente-1.png\",\"url\":\"https:\\\/\\\/ocoerente.com.br\\\/se\\\/wp-content\\\/uploads\\\/2020\\\/01\\\/ocoerente-1.png\",\"contentUrl\":\"https:\\\/\\\/ocoerente.com.br\\\/se\\\/wp-content\\\/uploads\\\/2020\\\/01\\\/ocoerente-1.png\",\"width\":50,\"height\":50,\"caption\":\"Reda\u00e7\u00e3o\"},\"logo\":{\"@id\":\"https:\\\/\\\/ocoerente.com.br\\\/se\\\/wp-content\\\/uploads\\\/2020\\\/01\\\/ocoerente-1.png\"},\"url\":\"https:\\\/\\\/ocoerente.com.br\\\/se\\\/author\\\/vasticlsales\\\/\"}]}<\/script>\n<!-- \/ Yoast SEO plugin. -->","yoast_head_json":{"title":"S\u00e3o Sebasti\u00e3o - O Coerente","robots":{"index":"index","follow":"follow","max-snippet":"max-snippet:-1","max-image-preview":"max-image-preview:large","max-video-preview":"max-video-preview:-1"},"canonical":"https:\/\/ocoerente.com.br\/se\/2022\/01\/21\/sao-sebastiao\/","og_locale":"pt_BR","og_type":"article","og_title":"S\u00e3o Sebasti\u00e3o - O Coerente","og_description":"S\u00e3o Sebasti\u00e3o era um soldado romano que foi martirizado por professar e n\u00e3o renegar a f\u00e9 em Jesus Cristo. O santo celebrado nesta quinta-feira (20) \u00e9 padroeiro do munic\u00edpio sergipano de Po\u00e7o Verde. A missa em honra ao padroeiro foi acompanha pelo deputado federal F\u00e1bio Mitidieri (PSD\/SE) na manh\u00e3 de hoje. Na celebra\u00e7\u00e3o o deputado [&hellip;]","og_url":"https:\/\/ocoerente.com.br\/se\/2022\/01\/21\/sao-sebastiao\/","og_site_name":"O Coerente","article_published_time":"2022-01-21T06:19:27+00:00","article_modified_time":"2022-01-21T06:19:28+00:00","og_image":[{"width":1440,"height":960,"url":"https:\/\/ocoerente.com.br\/se\/wp-content\/uploads\/2022\/01\/saob1.jpg","type":"image\/jpeg"}],"author":"Reda\u00e7\u00e3o","twitter_card":"summary_large_image","twitter_misc":{"Escrito por":"Reda\u00e7\u00e3o","Est. tempo de leitura":"1 minuto"},"schema":{"@context":"https:\/\/schema.org","@graph":[{"@type":"Article","@id":"https:\/\/ocoerente.com.br\/se\/2022\/01\/21\/sao-sebastiao\/#article","isPartOf":{"@id":"https:\/\/ocoerente.com.br\/se\/2022\/01\/21\/sao-sebastiao\/"},"author":{"name":"Reda\u00e7\u00e3o","@id":"https:\/\/ocoerente.com.br\/se\/#\/schema\/person\/cc6bfd9fbca465e23543b0c963d8d037"},"headline":"S\u00e3o Sebasti\u00e3o","datePublished":"2022-01-21T06:19:27+00:00","dateModified":"2022-01-21T06:19:28+00:00","mainEntityOfPage":{"@id":"https:\/\/ocoerente.com.br\/se\/2022\/01\/21\/sao-sebastiao\/"},"wordCount":90,"publisher":{"@id":"https:\/\/ocoerente.com.br\/se\/#\/schema\/person\/cc6bfd9fbca465e23543b0c963d8d037"},"image":{"@id":"https:\/\/ocoerente.com.br\/se\/2022\/01\/21\/sao-sebastiao\/#primaryimage"},"thumbnailUrl":"https:\/\/ocoerente.com.br\/se\/wp-content\/uploads\/2022\/01\/saob1.jpg","articleSection":["Destaques","Sergipe"],"inLanguage":"pt-BR"},{"@type":"WebPage","@id":"https:\/\/ocoerente.com.br\/se\/2022\/01\/21\/sao-sebastiao\/","url":"https:\/\/ocoerente.com.br\/se\/2022\/01\/21\/sao-sebastiao\/","name":"S\u00e3o Sebasti\u00e3o - O Coerente","isPartOf":{"@id":"https:\/\/ocoerente.com.br\/se\/#website"},"primaryImageOfPage":{"@id":"https:\/\/ocoerente.com.br\/se\/2022\/01\/21\/sao-sebastiao\/#primaryimage"},"image":{"@id":"https:\/\/ocoerente.com.br\/se\/2022\/01\/21\/sao-sebastiao\/#primaryimage"},"thumbnailUrl":"https:\/\/ocoerente.com.br\/se\/wp-content\/uploads\/2022\/01\/saob1.jpg","datePublished":"2022-01-21T06:19:27+00:00","dateModified":"2022-01-21T06:19:28+00:00","breadcrumb":{"@id":"https:\/\/ocoerente.com.br\/se\/2022\/01\/21\/sao-sebastiao\/#breadcrumb"},"inLanguage":"pt-BR","potentialAction":[{"@type":"ReadAction","target":["https:\/\/ocoerente.com.br\/se\/2022\/01\/21\/sao-sebastiao\/"]}]},{"@type":"ImageObject","inLanguage":"pt-BR","@id":"https:\/\/ocoerente.com.br\/se\/2022\/01\/21\/sao-sebastiao\/#primaryimage","url":"https:\/\/ocoerente.com.br\/se\/wp-content\/uploads\/2022\/01\/saob1.jpg","contentUrl":"https:\/\/ocoerente.com.br\/se\/wp-content\/uploads\/2022\/01\/saob1.jpg","width":1440,"height":960},{"@type":"BreadcrumbList","@id":"https:\/\/ocoerente.com.br\/se\/2022\/01\/21\/sao-sebastiao\/#breadcrumb","itemListElement":[{"@type":"ListItem","position":1,"name":"In\u00edcio","item":"https:\/\/ocoerente.com.br\/se\/"},{"@type":"ListItem","position":2,"name":"S\u00e3o Sebasti\u00e3o"}]},{"@type":"WebSite","@id":"https:\/\/ocoerente.com.br\/se\/#website","url":"https:\/\/ocoerente.com.br\/se\/","name":"O Coerente","description":"","publisher":{"@id":"https:\/\/ocoerente.com.br\/se\/#\/schema\/person\/cc6bfd9fbca465e23543b0c963d8d037"},"potentialAction":[{"@type":"SearchAction","target":{"@type":"EntryPoint","urlTemplate":"https:\/\/ocoerente.com.br\/se\/?s={search_term_string}"},"query-input":{"@type":"PropertyValueSpecification","valueRequired":true,"valueName":"search_term_string"}}],"inLanguage":"pt-BR"},{"@type":["Person","Organization"],"@id":"https:\/\/ocoerente.com.br\/se\/#\/schema\/person\/cc6bfd9fbca465e23543b0c963d8d037","name":"Reda\u00e7\u00e3o","image":{"@type":"ImageObject","inLanguage":"pt-BR","@id":"https:\/\/ocoerente.com.br\/se\/wp-content\/uploads\/2020\/01\/ocoerente-1.png","url":"https:\/\/ocoerente.com.br\/se\/wp-content\/uploads\/2020\/01\/ocoerente-1.png","contentUrl":"https:\/\/ocoerente.com.br\/se\/wp-content\/uploads\/2020\/01\/ocoerente-1.png","width":50,"height":50,"caption":"Reda\u00e7\u00e3o"},"logo":{"@id":"https:\/\/ocoerente.com.br\/se\/wp-content\/uploads\/2020\/01\/ocoerente-1.png"},"url":"https:\/\/ocoerente.com.br\/se\/author\/vasticlsales\/"}]}},"_links":{"self":[{"href":"https:\/\/ocoerente.com.br\/se\/wp-json\/wp\/v2\/posts\/5193","targetHints":{"allow":["GET"]}}],"collection":[{"href":"https:\/\/ocoerente.com.br\/se\/wp-json\/wp\/v2\/posts"}],"about":[{"href":"https:\/\/ocoerente.com.br\/se\/wp-json\/wp\/v2\/types\/post"}],"author":[{"embeddable":true,"href":"https:\/\/ocoerente.com.br\/se\/wp-json\/wp\/v2\/users\/1"}],"replies":[{"embeddable":true,"href":"https:\/\/ocoerente.com.br\/se\/wp-json\/wp\/v2\/comments?post=5193"}],"version-history":[{"count":1,"href":"https:\/\/ocoerente.com.br\/se\/wp-json\/wp\/v2\/posts\/5193\/revisions"}],"predecessor-version":[{"id":5197,"href":"https:\/\/ocoerente.com.br\/se\/wp-json\/wp\/v2\/posts\/5193\/revisions\/5197"}],"wp:featuredmedia":[{"embeddable":true,"href":"https:\/\/ocoerente.com.br\/se\/wp-json\/wp\/v2\/media\/5196"}],"wp:attachment":[{"href":"https:\/\/ocoerente.com.br\/se\/wp-json\/wp\/v2\/media?parent=5193"}],"wp:term":[{"taxonomy":"category","embeddable":true,"href":"https:\/\/ocoerente.com.br\/se\/wp-json\/wp\/v2\/categories?post=5193"},{"taxonomy":"post_tag","embeddable":true,"href":"https:\/\/ocoerente.com.br\/se\/wp-json\/wp\/v2\/tags?post=5193"}],"curies":[{"name":"wp","href":"https:\/\/api.w.org\/{rel}","templated":true}]}}