{"id":5190,"date":"2022-01-21T03:17:09","date_gmt":"2022-01-21T06:17:09","guid":{"rendered":"https:\/\/ocoerente.com.br\/se\/?p=5190"},"modified":"2022-01-21T03:17:10","modified_gmt":"2022-01-21T06:17:10","slug":"araua-maruim-e-feira-nova-tambem-sao-contempladas-com-emendas-do-deputado-zezinho-sobral","status":"publish","type":"post","link":"https:\/\/ocoerente.com.br\/se\/2022\/01\/21\/araua-maruim-e-feira-nova-tambem-sao-contempladas-com-emendas-do-deputado-zezinho-sobral\/","title":{"rendered":"Arau\u00e1, Maruim e Feira Nova tamb\u00e9m s\u00e3o contempladas com emendas do deputado Zezinho Sobral"},"content":{"rendered":"\n<p>Recursos foram destinados para fortalecer a\u00e7\u00f5es de infraestrutura e de educa\u00e7\u00e3o<\/p>\n\n\n\n<p>Sempre priorizando o di\u00e1logo com as comunidades para ouvir as necessidades e fazer as intermedia\u00e7\u00f5es, o deputado estadual Zezinho Sobral (Pode) percorre os munic\u00edpios, trabalha e d\u00e1 resultados ao povo sergipano. Recentemente, o parlamentar destinou emendas impositivas para fortalecer a\u00e7\u00f5es de alguns munic\u00edpios, entre eles Arau\u00e1, Maruim e Feira Nova.<\/p>\n\n\n\n<p>\u201cConstru\u00edmos nossas emendas a partir do di\u00e1logo e da identifica\u00e7\u00e3o de demandas in loco. Ouvir as pessoas \u00e9 essencial. Sem d\u00favida, os recursos ajudar\u00e3o no cuidado dos mun\u00edcipes, na valoriza\u00e7\u00e3o da comunidade e no aprimoramento dos servi\u00e7os prestados. Nosso objetivo \u00e9 garantir que cada recurso seja aplicado no atendimento aos anseios da popula\u00e7\u00e3o\u201d, afirmou.<\/p>\n\n\n\n<p>Para o munic\u00edpio de Arau\u00e1, Zezinho Sobral destinou emendas impositivas no valor de R$ 200 mil para que seja feita a ilumina\u00e7\u00e3o do trevo da entrada da cidade. \u201cO dinheiro j\u00e1 est\u00e1 na conta da Secretaria de Obras do Munic\u00edpio para que a obra seja realizada. A ilumina\u00e7\u00e3o \u00e9 uma necessidade muito solicitada pelos moradores\u201d, ressaltou Sobral, que tamb\u00e9m contribuiu com emendas para a constru\u00e7\u00e3o da base para a caixa d\u2019\u00e1gua no povoado Camboat\u00e1.<\/p>\n\n\n\n<p>O munic\u00edpio de Feira Nova tamb\u00e9m foi contemplado. Zezinho Sobral destinou R$ 215 mil das emendas para o cal\u00e7amento das ruas do povoado Malhada do Pau Ferro, cujo \u00f3rg\u00e3o executor da obra ser\u00e1 a Secretaria Municipal de Obras. \u201cNosso mandato tem muita presen\u00e7a e a\u00e7\u00f5es amplamente divulgadas e com resultados positivos para o povo de Feira Nova. Sempre estou no munic\u00edpio, povoados e na regi\u00e3o para conversar com os moradores, ver o que precisam e fazer interlocu\u00e7\u00e3o com o Estado para contribuir e resolver\u201d, destacou.<\/p>\n\n\n\n<p>As melhorias estruturais de escolas tamb\u00e9m s\u00e3o prioridades no destino das emendas impositivas de Zezinho Sobral. O deputado disponibilizou R$ 50 mil para contribuir na reforma predial do Col\u00e9gio Estadual Felipe Thiago Gomes, unidade da Rede Estadual de Ensino que atende alunos do ensino m\u00e9dio e do programa de Educa\u00e7\u00e3o de Jovens e Adultos (EJA). \u201c\u00c9 gratificante colaborar com a melhoria estrutural das unidades escolares. Nossos alunos, professores e todos servidores precisam e merecem. Acompanharei de perto a execu\u00e7\u00e3o dos avan\u00e7os feitos pela Secretaria de Estado da Educa\u00e7\u00e3o, da mesma forma que venho fazendo com as escolas de Laranjeiras e de outros munic\u00edpios\u201d, declarou.<\/p>\n\n\n\n<p>Ascom &#8211; Deputado Zezinho Sobral<\/p>\n","protected":false},"excerpt":{"rendered":"<p>Recursos foram destinados para fortalecer a\u00e7\u00f5es de infraestrutura e de educa\u00e7\u00e3o Sempre priorizando o di\u00e1logo com as comunidades para ouvir as necessidades e fazer as intermedia\u00e7\u00f5es, o deputado estadual Zezinho Sobral (Pode) percorre os munic\u00edpios, trabalha e d\u00e1 resultados ao povo sergipano. Recentemente, o parlamentar destinou emendas impositivas para fortalecer a\u00e7\u00f5es de alguns munic\u00edpios, entre [&hellip;]<\/p>\n","protected":false},"author":1,"featured_media":5191,"comment_status":"closed","ping_status":"closed","sticky":false,"template":"","format":"standard","meta":{"footnotes":""},"categories":[53,44],"tags":[],"class_list":["post-5190","post","type-post","status-publish","format-standard","has-post-thumbnail","hentry","category-destaques","category-politica"],"yoast_head":"<!-- This site is optimized with the Yoast SEO plugin v27.4 - https:\/\/yoast.com\/product\/yoast-seo-wordpress\/ -->\n<title>Arau\u00e1, Maruim e Feira Nova tamb\u00e9m s\u00e3o contempladas com emendas do deputado Zezinho Sobral - O Coerente<\/title>\n<meta name=\"robots\" content=\"index, follow, max-snippet:-1, max-image-preview:large, max-video-preview:-1\" \/>\n<link rel=\"canonical\" href=\"https:\/\/ocoerente.com.br\/se\/2022\/01\/21\/araua-maruim-e-feira-nova-tambem-sao-contempladas-com-emendas-do-deputado-zezinho-sobral\/\" \/>\n<meta property=\"og:locale\" content=\"pt_BR\" \/>\n<meta property=\"og:type\" content=\"article\" \/>\n<meta property=\"og:title\" content=\"Arau\u00e1, Maruim e Feira Nova tamb\u00e9m s\u00e3o contempladas com emendas do deputado Zezinho Sobral - O Coerente\" \/>\n<meta property=\"og:description\" content=\"Recursos foram destinados para fortalecer a\u00e7\u00f5es de infraestrutura e de educa\u00e7\u00e3o Sempre priorizando o di\u00e1logo com as comunidades para ouvir as necessidades e fazer as intermedia\u00e7\u00f5es, o deputado estadual Zezinho Sobral (Pode) percorre os munic\u00edpios, trabalha e d\u00e1 resultados ao povo sergipano. Recentemente, o parlamentar destinou emendas impositivas para fortalecer a\u00e7\u00f5es de alguns munic\u00edpios, entre [&hellip;]\" \/>\n<meta property=\"og:url\" content=\"https:\/\/ocoerente.com.br\/se\/2022\/01\/21\/araua-maruim-e-feira-nova-tambem-sao-contempladas-com-emendas-do-deputado-zezinho-sobral\/\" \/>\n<meta property=\"og:site_name\" content=\"O Coerente\" \/>\n<meta property=\"article:published_time\" content=\"2022-01-21T06:17:09+00:00\" \/>\n<meta property=\"article:modified_time\" content=\"2022-01-21T06:17:10+00:00\" \/>\n<meta property=\"og:image\" content=\"https:\/\/ocoerente.com.br\/se\/wp-content\/uploads\/2022\/01\/zeziiii.jpg\" \/>\n\t<meta property=\"og:image:width\" content=\"724\" \/>\n\t<meta property=\"og:image:height\" content=\"446\" \/>\n\t<meta property=\"og:image:type\" content=\"image\/jpeg\" \/>\n<meta name=\"author\" content=\"Reda\u00e7\u00e3o\" \/>\n<meta name=\"twitter:card\" content=\"summary_large_image\" \/>\n<meta name=\"twitter:label1\" content=\"Escrito por\" \/>\n\t<meta name=\"twitter:data1\" content=\"Reda\u00e7\u00e3o\" \/>\n\t<meta name=\"twitter:label2\" content=\"Est. tempo de leitura\" \/>\n\t<meta name=\"twitter:data2\" content=\"2 minutos\" \/>\n<script type=\"application\/ld+json\" class=\"yoast-schema-graph\">{\"@context\":\"https:\\\/\\\/schema.org\",\"@graph\":[{\"@type\":\"Article\",\"@id\":\"https:\\\/\\\/ocoerente.com.br\\\/se\\\/2022\\\/01\\\/21\\\/araua-maruim-e-feira-nova-tambem-sao-contempladas-com-emendas-do-deputado-zezinho-sobral\\\/#article\",\"isPartOf\":{\"@id\":\"https:\\\/\\\/ocoerente.com.br\\\/se\\\/2022\\\/01\\\/21\\\/araua-maruim-e-feira-nova-tambem-sao-contempladas-com-emendas-do-deputado-zezinho-sobral\\\/\"},\"author\":{\"name\":\"Reda\u00e7\u00e3o\",\"@id\":\"https:\\\/\\\/ocoerente.com.br\\\/se\\\/#\\\/schema\\\/person\\\/cc6bfd9fbca465e23543b0c963d8d037\"},\"headline\":\"Arau\u00e1, Maruim e Feira Nova tamb\u00e9m s\u00e3o contempladas com emendas do deputado Zezinho Sobral\",\"datePublished\":\"2022-01-21T06:17:09+00:00\",\"dateModified\":\"2022-01-21T06:17:10+00:00\",\"mainEntityOfPage\":{\"@id\":\"https:\\\/\\\/ocoerente.com.br\\\/se\\\/2022\\\/01\\\/21\\\/araua-maruim-e-feira-nova-tambem-sao-contempladas-com-emendas-do-deputado-zezinho-sobral\\\/\"},\"wordCount\":433,\"publisher\":{\"@id\":\"https:\\\/\\\/ocoerente.com.br\\\/se\\\/#\\\/schema\\\/person\\\/cc6bfd9fbca465e23543b0c963d8d037\"},\"image\":{\"@id\":\"https:\\\/\\\/ocoerente.com.br\\\/se\\\/2022\\\/01\\\/21\\\/araua-maruim-e-feira-nova-tambem-sao-contempladas-com-emendas-do-deputado-zezinho-sobral\\\/#primaryimage\"},\"thumbnailUrl\":\"https:\\\/\\\/ocoerente.com.br\\\/se\\\/wp-content\\\/uploads\\\/2022\\\/01\\\/zeziiii.jpg\",\"articleSection\":[\"Destaques\",\"Pol\u00edtica\"],\"inLanguage\":\"pt-BR\"},{\"@type\":\"WebPage\",\"@id\":\"https:\\\/\\\/ocoerente.com.br\\\/se\\\/2022\\\/01\\\/21\\\/araua-maruim-e-feira-nova-tambem-sao-contempladas-com-emendas-do-deputado-zezinho-sobral\\\/\",\"url\":\"https:\\\/\\\/ocoerente.com.br\\\/se\\\/2022\\\/01\\\/21\\\/araua-maruim-e-feira-nova-tambem-sao-contempladas-com-emendas-do-deputado-zezinho-sobral\\\/\",\"name\":\"Arau\u00e1, Maruim e Feira Nova tamb\u00e9m s\u00e3o contempladas com emendas do deputado Zezinho Sobral - O Coerente\",\"isPartOf\":{\"@id\":\"https:\\\/\\\/ocoerente.com.br\\\/se\\\/#website\"},\"primaryImageOfPage\":{\"@id\":\"https:\\\/\\\/ocoerente.com.br\\\/se\\\/2022\\\/01\\\/21\\\/araua-maruim-e-feira-nova-tambem-sao-contempladas-com-emendas-do-deputado-zezinho-sobral\\\/#primaryimage\"},\"image\":{\"@id\":\"https:\\\/\\\/ocoerente.com.br\\\/se\\\/2022\\\/01\\\/21\\\/araua-maruim-e-feira-nova-tambem-sao-contempladas-com-emendas-do-deputado-zezinho-sobral\\\/#primaryimage\"},\"thumbnailUrl\":\"https:\\\/\\\/ocoerente.com.br\\\/se\\\/wp-content\\\/uploads\\\/2022\\\/01\\\/zeziiii.jpg\",\"datePublished\":\"2022-01-21T06:17:09+00:00\",\"dateModified\":\"2022-01-21T06:17:10+00:00\",\"breadcrumb\":{\"@id\":\"https:\\\/\\\/ocoerente.com.br\\\/se\\\/2022\\\/01\\\/21\\\/araua-maruim-e-feira-nova-tambem-sao-contempladas-com-emendas-do-deputado-zezinho-sobral\\\/#breadcrumb\"},\"inLanguage\":\"pt-BR\",\"potentialAction\":[{\"@type\":\"ReadAction\",\"target\":[\"https:\\\/\\\/ocoerente.com.br\\\/se\\\/2022\\\/01\\\/21\\\/araua-maruim-e-feira-nova-tambem-sao-contempladas-com-emendas-do-deputado-zezinho-sobral\\\/\"]}]},{\"@type\":\"ImageObject\",\"inLanguage\":\"pt-BR\",\"@id\":\"https:\\\/\\\/ocoerente.com.br\\\/se\\\/2022\\\/01\\\/21\\\/araua-maruim-e-feira-nova-tambem-sao-contempladas-com-emendas-do-deputado-zezinho-sobral\\\/#primaryimage\",\"url\":\"https:\\\/\\\/ocoerente.com.br\\\/se\\\/wp-content\\\/uploads\\\/2022\\\/01\\\/zeziiii.jpg\",\"contentUrl\":\"https:\\\/\\\/ocoerente.com.br\\\/se\\\/wp-content\\\/uploads\\\/2022\\\/01\\\/zeziiii.jpg\",\"width\":724,\"height\":446},{\"@type\":\"BreadcrumbList\",\"@id\":\"https:\\\/\\\/ocoerente.com.br\\\/se\\\/2022\\\/01\\\/21\\\/araua-maruim-e-feira-nova-tambem-sao-contempladas-com-emendas-do-deputado-zezinho-sobral\\\/#breadcrumb\",\"itemListElement\":[{\"@type\":\"ListItem\",\"position\":1,\"name\":\"In\u00edcio\",\"item\":\"https:\\\/\\\/ocoerente.com.br\\\/se\\\/\"},{\"@type\":\"ListItem\",\"position\":2,\"name\":\"Arau\u00e1, Maruim e Feira Nova tamb\u00e9m s\u00e3o contempladas com emendas do deputado Zezinho Sobral\"}]},{\"@type\":\"WebSite\",\"@id\":\"https:\\\/\\\/ocoerente.com.br\\\/se\\\/#website\",\"url\":\"https:\\\/\\\/ocoerente.com.br\\\/se\\\/\",\"name\":\"O Coerente\",\"description\":\"\",\"publisher\":{\"@id\":\"https:\\\/\\\/ocoerente.com.br\\\/se\\\/#\\\/schema\\\/person\\\/cc6bfd9fbca465e23543b0c963d8d037\"},\"potentialAction\":[{\"@type\":\"SearchAction\",\"target\":{\"@type\":\"EntryPoint\",\"urlTemplate\":\"https:\\\/\\\/ocoerente.com.br\\\/se\\\/?s={search_term_string}\"},\"query-input\":{\"@type\":\"PropertyValueSpecification\",\"valueRequired\":true,\"valueName\":\"search_term_string\"}}],\"inLanguage\":\"pt-BR\"},{\"@type\":[\"Person\",\"Organization\"],\"@id\":\"https:\\\/\\\/ocoerente.com.br\\\/se\\\/#\\\/schema\\\/person\\\/cc6bfd9fbca465e23543b0c963d8d037\",\"name\":\"Reda\u00e7\u00e3o\",\"image\":{\"@type\":\"ImageObject\",\"inLanguage\":\"pt-BR\",\"@id\":\"https:\\\/\\\/ocoerente.com.br\\\/se\\\/wp-content\\\/uploads\\\/2020\\\/01\\\/ocoerente-1.png\",\"url\":\"https:\\\/\\\/ocoerente.com.br\\\/se\\\/wp-content\\\/uploads\\\/2020\\\/01\\\/ocoerente-1.png\",\"contentUrl\":\"https:\\\/\\\/ocoerente.com.br\\\/se\\\/wp-content\\\/uploads\\\/2020\\\/01\\\/ocoerente-1.png\",\"width\":50,\"height\":50,\"caption\":\"Reda\u00e7\u00e3o\"},\"logo\":{\"@id\":\"https:\\\/\\\/ocoerente.com.br\\\/se\\\/wp-content\\\/uploads\\\/2020\\\/01\\\/ocoerente-1.png\"},\"url\":\"https:\\\/\\\/ocoerente.com.br\\\/se\\\/author\\\/vasticlsales\\\/\"}]}<\/script>\n<!-- \/ Yoast SEO plugin. -->","yoast_head_json":{"title":"Arau\u00e1, Maruim e Feira Nova tamb\u00e9m s\u00e3o contempladas com emendas do deputado Zezinho Sobral - O Coerente","robots":{"index":"index","follow":"follow","max-snippet":"max-snippet:-1","max-image-preview":"max-image-preview:large","max-video-preview":"max-video-preview:-1"},"canonical":"https:\/\/ocoerente.com.br\/se\/2022\/01\/21\/araua-maruim-e-feira-nova-tambem-sao-contempladas-com-emendas-do-deputado-zezinho-sobral\/","og_locale":"pt_BR","og_type":"article","og_title":"Arau\u00e1, Maruim e Feira Nova tamb\u00e9m s\u00e3o contempladas com emendas do deputado Zezinho Sobral - O Coerente","og_description":"Recursos foram destinados para fortalecer a\u00e7\u00f5es de infraestrutura e de educa\u00e7\u00e3o Sempre priorizando o di\u00e1logo com as comunidades para ouvir as necessidades e fazer as intermedia\u00e7\u00f5es, o deputado estadual Zezinho Sobral (Pode) percorre os munic\u00edpios, trabalha e d\u00e1 resultados ao povo sergipano. Recentemente, o parlamentar destinou emendas impositivas para fortalecer a\u00e7\u00f5es de alguns munic\u00edpios, entre [&hellip;]","og_url":"https:\/\/ocoerente.com.br\/se\/2022\/01\/21\/araua-maruim-e-feira-nova-tambem-sao-contempladas-com-emendas-do-deputado-zezinho-sobral\/","og_site_name":"O Coerente","article_published_time":"2022-01-21T06:17:09+00:00","article_modified_time":"2022-01-21T06:17:10+00:00","og_image":[{"width":724,"height":446,"url":"https:\/\/ocoerente.com.br\/se\/wp-content\/uploads\/2022\/01\/zeziiii.jpg","type":"image\/jpeg"}],"author":"Reda\u00e7\u00e3o","twitter_card":"summary_large_image","twitter_misc":{"Escrito por":"Reda\u00e7\u00e3o","Est. tempo de leitura":"2 minutos"},"schema":{"@context":"https:\/\/schema.org","@graph":[{"@type":"Article","@id":"https:\/\/ocoerente.com.br\/se\/2022\/01\/21\/araua-maruim-e-feira-nova-tambem-sao-contempladas-com-emendas-do-deputado-zezinho-sobral\/#article","isPartOf":{"@id":"https:\/\/ocoerente.com.br\/se\/2022\/01\/21\/araua-maruim-e-feira-nova-tambem-sao-contempladas-com-emendas-do-deputado-zezinho-sobral\/"},"author":{"name":"Reda\u00e7\u00e3o","@id":"https:\/\/ocoerente.com.br\/se\/#\/schema\/person\/cc6bfd9fbca465e23543b0c963d8d037"},"headline":"Arau\u00e1, Maruim e Feira Nova tamb\u00e9m s\u00e3o contempladas com emendas do deputado Zezinho Sobral","datePublished":"2022-01-21T06:17:09+00:00","dateModified":"2022-01-21T06:17:10+00:00","mainEntityOfPage":{"@id":"https:\/\/ocoerente.com.br\/se\/2022\/01\/21\/araua-maruim-e-feira-nova-tambem-sao-contempladas-com-emendas-do-deputado-zezinho-sobral\/"},"wordCount":433,"publisher":{"@id":"https:\/\/ocoerente.com.br\/se\/#\/schema\/person\/cc6bfd9fbca465e23543b0c963d8d037"},"image":{"@id":"https:\/\/ocoerente.com.br\/se\/2022\/01\/21\/araua-maruim-e-feira-nova-tambem-sao-contempladas-com-emendas-do-deputado-zezinho-sobral\/#primaryimage"},"thumbnailUrl":"https:\/\/ocoerente.com.br\/se\/wp-content\/uploads\/2022\/01\/zeziiii.jpg","articleSection":["Destaques","Pol\u00edtica"],"inLanguage":"pt-BR"},{"@type":"WebPage","@id":"https:\/\/ocoerente.com.br\/se\/2022\/01\/21\/araua-maruim-e-feira-nova-tambem-sao-contempladas-com-emendas-do-deputado-zezinho-sobral\/","url":"https:\/\/ocoerente.com.br\/se\/2022\/01\/21\/araua-maruim-e-feira-nova-tambem-sao-contempladas-com-emendas-do-deputado-zezinho-sobral\/","name":"Arau\u00e1, Maruim e Feira Nova tamb\u00e9m s\u00e3o contempladas com emendas do deputado Zezinho Sobral - O Coerente","isPartOf":{"@id":"https:\/\/ocoerente.com.br\/se\/#website"},"primaryImageOfPage":{"@id":"https:\/\/ocoerente.com.br\/se\/2022\/01\/21\/araua-maruim-e-feira-nova-tambem-sao-contempladas-com-emendas-do-deputado-zezinho-sobral\/#primaryimage"},"image":{"@id":"https:\/\/ocoerente.com.br\/se\/2022\/01\/21\/araua-maruim-e-feira-nova-tambem-sao-contempladas-com-emendas-do-deputado-zezinho-sobral\/#primaryimage"},"thumbnailUrl":"https:\/\/ocoerente.com.br\/se\/wp-content\/uploads\/2022\/01\/zeziiii.jpg","datePublished":"2022-01-21T06:17:09+00:00","dateModified":"2022-01-21T06:17:10+00:00","breadcrumb":{"@id":"https:\/\/ocoerente.com.br\/se\/2022\/01\/21\/araua-maruim-e-feira-nova-tambem-sao-contempladas-com-emendas-do-deputado-zezinho-sobral\/#breadcrumb"},"inLanguage":"pt-BR","potentialAction":[{"@type":"ReadAction","target":["https:\/\/ocoerente.com.br\/se\/2022\/01\/21\/araua-maruim-e-feira-nova-tambem-sao-contempladas-com-emendas-do-deputado-zezinho-sobral\/"]}]},{"@type":"ImageObject","inLanguage":"pt-BR","@id":"https:\/\/ocoerente.com.br\/se\/2022\/01\/21\/araua-maruim-e-feira-nova-tambem-sao-contempladas-com-emendas-do-deputado-zezinho-sobral\/#primaryimage","url":"https:\/\/ocoerente.com.br\/se\/wp-content\/uploads\/2022\/01\/zeziiii.jpg","contentUrl":"https:\/\/ocoerente.com.br\/se\/wp-content\/uploads\/2022\/01\/zeziiii.jpg","width":724,"height":446},{"@type":"BreadcrumbList","@id":"https:\/\/ocoerente.com.br\/se\/2022\/01\/21\/araua-maruim-e-feira-nova-tambem-sao-contempladas-com-emendas-do-deputado-zezinho-sobral\/#breadcrumb","itemListElement":[{"@type":"ListItem","position":1,"name":"In\u00edcio","item":"https:\/\/ocoerente.com.br\/se\/"},{"@type":"ListItem","position":2,"name":"Arau\u00e1, Maruim e Feira Nova tamb\u00e9m s\u00e3o contempladas com emendas do deputado Zezinho Sobral"}]},{"@type":"WebSite","@id":"https:\/\/ocoerente.com.br\/se\/#website","url":"https:\/\/ocoerente.com.br\/se\/","name":"O Coerente","description":"","publisher":{"@id":"https:\/\/ocoerente.com.br\/se\/#\/schema\/person\/cc6bfd9fbca465e23543b0c963d8d037"},"potentialAction":[{"@type":"SearchAction","target":{"@type":"EntryPoint","urlTemplate":"https:\/\/ocoerente.com.br\/se\/?s={search_term_string}"},"query-input":{"@type":"PropertyValueSpecification","valueRequired":true,"valueName":"search_term_string"}}],"inLanguage":"pt-BR"},{"@type":["Person","Organization"],"@id":"https:\/\/ocoerente.com.br\/se\/#\/schema\/person\/cc6bfd9fbca465e23543b0c963d8d037","name":"Reda\u00e7\u00e3o","image":{"@type":"ImageObject","inLanguage":"pt-BR","@id":"https:\/\/ocoerente.com.br\/se\/wp-content\/uploads\/2020\/01\/ocoerente-1.png","url":"https:\/\/ocoerente.com.br\/se\/wp-content\/uploads\/2020\/01\/ocoerente-1.png","contentUrl":"https:\/\/ocoerente.com.br\/se\/wp-content\/uploads\/2020\/01\/ocoerente-1.png","width":50,"height":50,"caption":"Reda\u00e7\u00e3o"},"logo":{"@id":"https:\/\/ocoerente.com.br\/se\/wp-content\/uploads\/2020\/01\/ocoerente-1.png"},"url":"https:\/\/ocoerente.com.br\/se\/author\/vasticlsales\/"}]}},"_links":{"self":[{"href":"https:\/\/ocoerente.com.br\/se\/wp-json\/wp\/v2\/posts\/5190","targetHints":{"allow":["GET"]}}],"collection":[{"href":"https:\/\/ocoerente.com.br\/se\/wp-json\/wp\/v2\/posts"}],"about":[{"href":"https:\/\/ocoerente.com.br\/se\/wp-json\/wp\/v2\/types\/post"}],"author":[{"embeddable":true,"href":"https:\/\/ocoerente.com.br\/se\/wp-json\/wp\/v2\/users\/1"}],"replies":[{"embeddable":true,"href":"https:\/\/ocoerente.com.br\/se\/wp-json\/wp\/v2\/comments?post=5190"}],"version-history":[{"count":1,"href":"https:\/\/ocoerente.com.br\/se\/wp-json\/wp\/v2\/posts\/5190\/revisions"}],"predecessor-version":[{"id":5192,"href":"https:\/\/ocoerente.com.br\/se\/wp-json\/wp\/v2\/posts\/5190\/revisions\/5192"}],"wp:featuredmedia":[{"embeddable":true,"href":"https:\/\/ocoerente.com.br\/se\/wp-json\/wp\/v2\/media\/5191"}],"wp:attachment":[{"href":"https:\/\/ocoerente.com.br\/se\/wp-json\/wp\/v2\/media?parent=5190"}],"wp:term":[{"taxonomy":"category","embeddable":true,"href":"https:\/\/ocoerente.com.br\/se\/wp-json\/wp\/v2\/categories?post=5190"},{"taxonomy":"post_tag","embeddable":true,"href":"https:\/\/ocoerente.com.br\/se\/wp-json\/wp\/v2\/tags?post=5190"}],"curies":[{"name":"wp","href":"https:\/\/api.w.org\/{rel}","templated":true}]}}