{"id":5187,"date":"2022-01-21T03:15:50","date_gmt":"2022-01-21T06:15:50","guid":{"rendered":"https:\/\/ocoerente.com.br\/se\/?p=5187"},"modified":"2022-01-21T03:15:51","modified_gmt":"2022-01-21T06:15:51","slug":"rodrigo-valadares-declara-apoio-a-vereador-byron-em-pautas-sociais","status":"publish","type":"post","link":"https:\/\/ocoerente.com.br\/se\/2022\/01\/21\/rodrigo-valadares-declara-apoio-a-vereador-byron-em-pautas-sociais\/","title":{"rendered":"Rodrigo Valadares declara apoio a Vereador Byron em pautas sociais"},"content":{"rendered":"\n<p>Na manh\u00e3 desta quarta-feira, 19, o deputado estadual por Sergipe, Rodrigo Valadares (PTB), recebeu a visita do vereador de Aracaju Sargento Byron (Republicanos) na Assembleia Legislativa de Sergipe (Alese).<\/p>\n\n\n\n<p>Na oportunidade, os parlamentares trataram sobre pautas defendidas por Byron na capital sergipana, em prol de crian\u00e7as e adolescentes com alguma defici\u00eancia, a fim de torn\u00e1-las ben\u00e9ficas a todo Sergipe.<\/p>\n\n\n\n<p>Byron \u00e9 fundador do Projeto Estrelas do Mar, de refer\u00eancia na capital sergipana, onde trabalha pela inclus\u00e3o dessas pessoas. Al\u00e9m disso, o vereador \u00e9 o presidente Frente Parlamentar em Defesa dos Direitos da Pessoa com Defici\u00eancia, Acessibilidade e Doen\u00e7as Raras, que contribui ainda mais nessa luta.<\/p>\n\n\n\n<p>Visando cooperar com o projeto, Rodrigo se comprometeu em levar a pauta a todo Sergipe, atrav\u00e9s da Casa Legislativa. Segundo ele, a ocasi\u00e3o servir\u00e1 para que os parlamentares e a popula\u00e7\u00e3o olhem para a causa com mais sensibilidade, garantindo que os direitos das pessoas com defici\u00eancia sejam respeitados por todo o Estado.<\/p>\n\n\n\n<p>Outro assunto em destaque entre os representantes p\u00fablicos esteve relacionado \u00e0 luta contra a taxa de esgoto abusiva cobrada pela Companhia de Saneamento de Sergipe (Deso), que chega a 80% do valor, mesmo para aqueles moradores que n\u00e3o usufruem do servi\u00e7o. Para eles, a Deso tem sido desonesta com os seus clientes, principalmente pelo per\u00edodo pand\u00eamico, e afirmam que se manter\u00e3o na luta em defesa a essas pessoas.<\/p>\n\n\n\n<p>Por Lu\u00edsa Passos, assessora de imprensa<\/p>\n","protected":false},"excerpt":{"rendered":"<p>Na manh\u00e3 desta quarta-feira, 19, o deputado estadual por Sergipe, Rodrigo Valadares (PTB), recebeu a visita do vereador de Aracaju Sargento Byron (Republicanos) na Assembleia Legislativa de Sergipe (Alese). Na oportunidade, os parlamentares trataram sobre pautas defendidas por Byron na capital sergipana, em prol de crian\u00e7as e adolescentes com alguma defici\u00eancia, a fim de torn\u00e1-las [&hellip;]<\/p>\n","protected":false},"author":1,"featured_media":5188,"comment_status":"closed","ping_status":"closed","sticky":false,"template":"","format":"standard","meta":{"footnotes":""},"categories":[53,44],"tags":[],"class_list":["post-5187","post","type-post","status-publish","format-standard","has-post-thumbnail","hentry","category-destaques","category-politica"],"yoast_head":"<!-- This site is optimized with the Yoast SEO plugin v27.4 - https:\/\/yoast.com\/product\/yoast-seo-wordpress\/ -->\n<title>Rodrigo Valadares declara apoio a Vereador Byron em pautas sociais - O Coerente<\/title>\n<meta name=\"robots\" content=\"index, follow, max-snippet:-1, max-image-preview:large, max-video-preview:-1\" \/>\n<link rel=\"canonical\" href=\"https:\/\/ocoerente.com.br\/se\/2022\/01\/21\/rodrigo-valadares-declara-apoio-a-vereador-byron-em-pautas-sociais\/\" \/>\n<meta property=\"og:locale\" content=\"pt_BR\" \/>\n<meta property=\"og:type\" content=\"article\" \/>\n<meta property=\"og:title\" content=\"Rodrigo Valadares declara apoio a Vereador Byron em pautas sociais - O Coerente\" \/>\n<meta property=\"og:description\" content=\"Na manh\u00e3 desta quarta-feira, 19, o deputado estadual por Sergipe, Rodrigo Valadares (PTB), recebeu a visita do vereador de Aracaju Sargento Byron (Republicanos) na Assembleia Legislativa de Sergipe (Alese). Na oportunidade, os parlamentares trataram sobre pautas defendidas por Byron na capital sergipana, em prol de crian\u00e7as e adolescentes com alguma defici\u00eancia, a fim de torn\u00e1-las [&hellip;]\" \/>\n<meta property=\"og:url\" content=\"https:\/\/ocoerente.com.br\/se\/2022\/01\/21\/rodrigo-valadares-declara-apoio-a-vereador-byron-em-pautas-sociais\/\" \/>\n<meta property=\"og:site_name\" content=\"O Coerente\" \/>\n<meta property=\"article:published_time\" content=\"2022-01-21T06:15:50+00:00\" \/>\n<meta property=\"article:modified_time\" content=\"2022-01-21T06:15:51+00:00\" \/>\n<meta property=\"og:image\" content=\"https:\/\/ocoerente.com.br\/se\/wp-content\/uploads\/2022\/01\/rodriggg.jpg\" \/>\n\t<meta property=\"og:image:width\" content=\"1200\" \/>\n\t<meta property=\"og:image:height\" content=\"933\" \/>\n\t<meta property=\"og:image:type\" content=\"image\/jpeg\" \/>\n<meta name=\"author\" content=\"Reda\u00e7\u00e3o\" \/>\n<meta name=\"twitter:card\" content=\"summary_large_image\" \/>\n<meta name=\"twitter:label1\" content=\"Escrito por\" \/>\n\t<meta name=\"twitter:data1\" content=\"Reda\u00e7\u00e3o\" \/>\n\t<meta name=\"twitter:label2\" content=\"Est. tempo de leitura\" \/>\n\t<meta name=\"twitter:data2\" content=\"2 minutos\" \/>\n<script type=\"application\/ld+json\" class=\"yoast-schema-graph\">{\"@context\":\"https:\\\/\\\/schema.org\",\"@graph\":[{\"@type\":\"Article\",\"@id\":\"https:\\\/\\\/ocoerente.com.br\\\/se\\\/2022\\\/01\\\/21\\\/rodrigo-valadares-declara-apoio-a-vereador-byron-em-pautas-sociais\\\/#article\",\"isPartOf\":{\"@id\":\"https:\\\/\\\/ocoerente.com.br\\\/se\\\/2022\\\/01\\\/21\\\/rodrigo-valadares-declara-apoio-a-vereador-byron-em-pautas-sociais\\\/\"},\"author\":{\"name\":\"Reda\u00e7\u00e3o\",\"@id\":\"https:\\\/\\\/ocoerente.com.br\\\/se\\\/#\\\/schema\\\/person\\\/cc6bfd9fbca465e23543b0c963d8d037\"},\"headline\":\"Rodrigo Valadares declara apoio a Vereador Byron em pautas sociais\",\"datePublished\":\"2022-01-21T06:15:50+00:00\",\"dateModified\":\"2022-01-21T06:15:51+00:00\",\"mainEntityOfPage\":{\"@id\":\"https:\\\/\\\/ocoerente.com.br\\\/se\\\/2022\\\/01\\\/21\\\/rodrigo-valadares-declara-apoio-a-vereador-byron-em-pautas-sociais\\\/\"},\"wordCount\":256,\"publisher\":{\"@id\":\"https:\\\/\\\/ocoerente.com.br\\\/se\\\/#\\\/schema\\\/person\\\/cc6bfd9fbca465e23543b0c963d8d037\"},\"image\":{\"@id\":\"https:\\\/\\\/ocoerente.com.br\\\/se\\\/2022\\\/01\\\/21\\\/rodrigo-valadares-declara-apoio-a-vereador-byron-em-pautas-sociais\\\/#primaryimage\"},\"thumbnailUrl\":\"https:\\\/\\\/ocoerente.com.br\\\/se\\\/wp-content\\\/uploads\\\/2022\\\/01\\\/rodriggg.jpg\",\"articleSection\":[\"Destaques\",\"Pol\u00edtica\"],\"inLanguage\":\"pt-BR\"},{\"@type\":\"WebPage\",\"@id\":\"https:\\\/\\\/ocoerente.com.br\\\/se\\\/2022\\\/01\\\/21\\\/rodrigo-valadares-declara-apoio-a-vereador-byron-em-pautas-sociais\\\/\",\"url\":\"https:\\\/\\\/ocoerente.com.br\\\/se\\\/2022\\\/01\\\/21\\\/rodrigo-valadares-declara-apoio-a-vereador-byron-em-pautas-sociais\\\/\",\"name\":\"Rodrigo Valadares declara apoio a Vereador Byron em pautas sociais - O Coerente\",\"isPartOf\":{\"@id\":\"https:\\\/\\\/ocoerente.com.br\\\/se\\\/#website\"},\"primaryImageOfPage\":{\"@id\":\"https:\\\/\\\/ocoerente.com.br\\\/se\\\/2022\\\/01\\\/21\\\/rodrigo-valadares-declara-apoio-a-vereador-byron-em-pautas-sociais\\\/#primaryimage\"},\"image\":{\"@id\":\"https:\\\/\\\/ocoerente.com.br\\\/se\\\/2022\\\/01\\\/21\\\/rodrigo-valadares-declara-apoio-a-vereador-byron-em-pautas-sociais\\\/#primaryimage\"},\"thumbnailUrl\":\"https:\\\/\\\/ocoerente.com.br\\\/se\\\/wp-content\\\/uploads\\\/2022\\\/01\\\/rodriggg.jpg\",\"datePublished\":\"2022-01-21T06:15:50+00:00\",\"dateModified\":\"2022-01-21T06:15:51+00:00\",\"breadcrumb\":{\"@id\":\"https:\\\/\\\/ocoerente.com.br\\\/se\\\/2022\\\/01\\\/21\\\/rodrigo-valadares-declara-apoio-a-vereador-byron-em-pautas-sociais\\\/#breadcrumb\"},\"inLanguage\":\"pt-BR\",\"potentialAction\":[{\"@type\":\"ReadAction\",\"target\":[\"https:\\\/\\\/ocoerente.com.br\\\/se\\\/2022\\\/01\\\/21\\\/rodrigo-valadares-declara-apoio-a-vereador-byron-em-pautas-sociais\\\/\"]}]},{\"@type\":\"ImageObject\",\"inLanguage\":\"pt-BR\",\"@id\":\"https:\\\/\\\/ocoerente.com.br\\\/se\\\/2022\\\/01\\\/21\\\/rodrigo-valadares-declara-apoio-a-vereador-byron-em-pautas-sociais\\\/#primaryimage\",\"url\":\"https:\\\/\\\/ocoerente.com.br\\\/se\\\/wp-content\\\/uploads\\\/2022\\\/01\\\/rodriggg.jpg\",\"contentUrl\":\"https:\\\/\\\/ocoerente.com.br\\\/se\\\/wp-content\\\/uploads\\\/2022\\\/01\\\/rodriggg.jpg\",\"width\":1200,\"height\":933},{\"@type\":\"BreadcrumbList\",\"@id\":\"https:\\\/\\\/ocoerente.com.br\\\/se\\\/2022\\\/01\\\/21\\\/rodrigo-valadares-declara-apoio-a-vereador-byron-em-pautas-sociais\\\/#breadcrumb\",\"itemListElement\":[{\"@type\":\"ListItem\",\"position\":1,\"name\":\"In\u00edcio\",\"item\":\"https:\\\/\\\/ocoerente.com.br\\\/se\\\/\"},{\"@type\":\"ListItem\",\"position\":2,\"name\":\"Rodrigo Valadares declara apoio a Vereador Byron em pautas sociais\"}]},{\"@type\":\"WebSite\",\"@id\":\"https:\\\/\\\/ocoerente.com.br\\\/se\\\/#website\",\"url\":\"https:\\\/\\\/ocoerente.com.br\\\/se\\\/\",\"name\":\"O Coerente\",\"description\":\"\",\"publisher\":{\"@id\":\"https:\\\/\\\/ocoerente.com.br\\\/se\\\/#\\\/schema\\\/person\\\/cc6bfd9fbca465e23543b0c963d8d037\"},\"potentialAction\":[{\"@type\":\"SearchAction\",\"target\":{\"@type\":\"EntryPoint\",\"urlTemplate\":\"https:\\\/\\\/ocoerente.com.br\\\/se\\\/?s={search_term_string}\"},\"query-input\":{\"@type\":\"PropertyValueSpecification\",\"valueRequired\":true,\"valueName\":\"search_term_string\"}}],\"inLanguage\":\"pt-BR\"},{\"@type\":[\"Person\",\"Organization\"],\"@id\":\"https:\\\/\\\/ocoerente.com.br\\\/se\\\/#\\\/schema\\\/person\\\/cc6bfd9fbca465e23543b0c963d8d037\",\"name\":\"Reda\u00e7\u00e3o\",\"image\":{\"@type\":\"ImageObject\",\"inLanguage\":\"pt-BR\",\"@id\":\"https:\\\/\\\/ocoerente.com.br\\\/se\\\/wp-content\\\/uploads\\\/2020\\\/01\\\/ocoerente-1.png\",\"url\":\"https:\\\/\\\/ocoerente.com.br\\\/se\\\/wp-content\\\/uploads\\\/2020\\\/01\\\/ocoerente-1.png\",\"contentUrl\":\"https:\\\/\\\/ocoerente.com.br\\\/se\\\/wp-content\\\/uploads\\\/2020\\\/01\\\/ocoerente-1.png\",\"width\":50,\"height\":50,\"caption\":\"Reda\u00e7\u00e3o\"},\"logo\":{\"@id\":\"https:\\\/\\\/ocoerente.com.br\\\/se\\\/wp-content\\\/uploads\\\/2020\\\/01\\\/ocoerente-1.png\"},\"url\":\"https:\\\/\\\/ocoerente.com.br\\\/se\\\/author\\\/vasticlsales\\\/\"}]}<\/script>\n<!-- \/ Yoast SEO plugin. -->","yoast_head_json":{"title":"Rodrigo Valadares declara apoio a Vereador Byron em pautas sociais - O Coerente","robots":{"index":"index","follow":"follow","max-snippet":"max-snippet:-1","max-image-preview":"max-image-preview:large","max-video-preview":"max-video-preview:-1"},"canonical":"https:\/\/ocoerente.com.br\/se\/2022\/01\/21\/rodrigo-valadares-declara-apoio-a-vereador-byron-em-pautas-sociais\/","og_locale":"pt_BR","og_type":"article","og_title":"Rodrigo Valadares declara apoio a Vereador Byron em pautas sociais - O Coerente","og_description":"Na manh\u00e3 desta quarta-feira, 19, o deputado estadual por Sergipe, Rodrigo Valadares (PTB), recebeu a visita do vereador de Aracaju Sargento Byron (Republicanos) na Assembleia Legislativa de Sergipe (Alese). Na oportunidade, os parlamentares trataram sobre pautas defendidas por Byron na capital sergipana, em prol de crian\u00e7as e adolescentes com alguma defici\u00eancia, a fim de torn\u00e1-las [&hellip;]","og_url":"https:\/\/ocoerente.com.br\/se\/2022\/01\/21\/rodrigo-valadares-declara-apoio-a-vereador-byron-em-pautas-sociais\/","og_site_name":"O Coerente","article_published_time":"2022-01-21T06:15:50+00:00","article_modified_time":"2022-01-21T06:15:51+00:00","og_image":[{"width":1200,"height":933,"url":"https:\/\/ocoerente.com.br\/se\/wp-content\/uploads\/2022\/01\/rodriggg.jpg","type":"image\/jpeg"}],"author":"Reda\u00e7\u00e3o","twitter_card":"summary_large_image","twitter_misc":{"Escrito por":"Reda\u00e7\u00e3o","Est. tempo de leitura":"2 minutos"},"schema":{"@context":"https:\/\/schema.org","@graph":[{"@type":"Article","@id":"https:\/\/ocoerente.com.br\/se\/2022\/01\/21\/rodrigo-valadares-declara-apoio-a-vereador-byron-em-pautas-sociais\/#article","isPartOf":{"@id":"https:\/\/ocoerente.com.br\/se\/2022\/01\/21\/rodrigo-valadares-declara-apoio-a-vereador-byron-em-pautas-sociais\/"},"author":{"name":"Reda\u00e7\u00e3o","@id":"https:\/\/ocoerente.com.br\/se\/#\/schema\/person\/cc6bfd9fbca465e23543b0c963d8d037"},"headline":"Rodrigo Valadares declara apoio a Vereador Byron em pautas sociais","datePublished":"2022-01-21T06:15:50+00:00","dateModified":"2022-01-21T06:15:51+00:00","mainEntityOfPage":{"@id":"https:\/\/ocoerente.com.br\/se\/2022\/01\/21\/rodrigo-valadares-declara-apoio-a-vereador-byron-em-pautas-sociais\/"},"wordCount":256,"publisher":{"@id":"https:\/\/ocoerente.com.br\/se\/#\/schema\/person\/cc6bfd9fbca465e23543b0c963d8d037"},"image":{"@id":"https:\/\/ocoerente.com.br\/se\/2022\/01\/21\/rodrigo-valadares-declara-apoio-a-vereador-byron-em-pautas-sociais\/#primaryimage"},"thumbnailUrl":"https:\/\/ocoerente.com.br\/se\/wp-content\/uploads\/2022\/01\/rodriggg.jpg","articleSection":["Destaques","Pol\u00edtica"],"inLanguage":"pt-BR"},{"@type":"WebPage","@id":"https:\/\/ocoerente.com.br\/se\/2022\/01\/21\/rodrigo-valadares-declara-apoio-a-vereador-byron-em-pautas-sociais\/","url":"https:\/\/ocoerente.com.br\/se\/2022\/01\/21\/rodrigo-valadares-declara-apoio-a-vereador-byron-em-pautas-sociais\/","name":"Rodrigo Valadares declara apoio a Vereador Byron em pautas sociais - O Coerente","isPartOf":{"@id":"https:\/\/ocoerente.com.br\/se\/#website"},"primaryImageOfPage":{"@id":"https:\/\/ocoerente.com.br\/se\/2022\/01\/21\/rodrigo-valadares-declara-apoio-a-vereador-byron-em-pautas-sociais\/#primaryimage"},"image":{"@id":"https:\/\/ocoerente.com.br\/se\/2022\/01\/21\/rodrigo-valadares-declara-apoio-a-vereador-byron-em-pautas-sociais\/#primaryimage"},"thumbnailUrl":"https:\/\/ocoerente.com.br\/se\/wp-content\/uploads\/2022\/01\/rodriggg.jpg","datePublished":"2022-01-21T06:15:50+00:00","dateModified":"2022-01-21T06:15:51+00:00","breadcrumb":{"@id":"https:\/\/ocoerente.com.br\/se\/2022\/01\/21\/rodrigo-valadares-declara-apoio-a-vereador-byron-em-pautas-sociais\/#breadcrumb"},"inLanguage":"pt-BR","potentialAction":[{"@type":"ReadAction","target":["https:\/\/ocoerente.com.br\/se\/2022\/01\/21\/rodrigo-valadares-declara-apoio-a-vereador-byron-em-pautas-sociais\/"]}]},{"@type":"ImageObject","inLanguage":"pt-BR","@id":"https:\/\/ocoerente.com.br\/se\/2022\/01\/21\/rodrigo-valadares-declara-apoio-a-vereador-byron-em-pautas-sociais\/#primaryimage","url":"https:\/\/ocoerente.com.br\/se\/wp-content\/uploads\/2022\/01\/rodriggg.jpg","contentUrl":"https:\/\/ocoerente.com.br\/se\/wp-content\/uploads\/2022\/01\/rodriggg.jpg","width":1200,"height":933},{"@type":"BreadcrumbList","@id":"https:\/\/ocoerente.com.br\/se\/2022\/01\/21\/rodrigo-valadares-declara-apoio-a-vereador-byron-em-pautas-sociais\/#breadcrumb","itemListElement":[{"@type":"ListItem","position":1,"name":"In\u00edcio","item":"https:\/\/ocoerente.com.br\/se\/"},{"@type":"ListItem","position":2,"name":"Rodrigo Valadares declara apoio a Vereador Byron em pautas sociais"}]},{"@type":"WebSite","@id":"https:\/\/ocoerente.com.br\/se\/#website","url":"https:\/\/ocoerente.com.br\/se\/","name":"O Coerente","description":"","publisher":{"@id":"https:\/\/ocoerente.com.br\/se\/#\/schema\/person\/cc6bfd9fbca465e23543b0c963d8d037"},"potentialAction":[{"@type":"SearchAction","target":{"@type":"EntryPoint","urlTemplate":"https:\/\/ocoerente.com.br\/se\/?s={search_term_string}"},"query-input":{"@type":"PropertyValueSpecification","valueRequired":true,"valueName":"search_term_string"}}],"inLanguage":"pt-BR"},{"@type":["Person","Organization"],"@id":"https:\/\/ocoerente.com.br\/se\/#\/schema\/person\/cc6bfd9fbca465e23543b0c963d8d037","name":"Reda\u00e7\u00e3o","image":{"@type":"ImageObject","inLanguage":"pt-BR","@id":"https:\/\/ocoerente.com.br\/se\/wp-content\/uploads\/2020\/01\/ocoerente-1.png","url":"https:\/\/ocoerente.com.br\/se\/wp-content\/uploads\/2020\/01\/ocoerente-1.png","contentUrl":"https:\/\/ocoerente.com.br\/se\/wp-content\/uploads\/2020\/01\/ocoerente-1.png","width":50,"height":50,"caption":"Reda\u00e7\u00e3o"},"logo":{"@id":"https:\/\/ocoerente.com.br\/se\/wp-content\/uploads\/2020\/01\/ocoerente-1.png"},"url":"https:\/\/ocoerente.com.br\/se\/author\/vasticlsales\/"}]}},"_links":{"self":[{"href":"https:\/\/ocoerente.com.br\/se\/wp-json\/wp\/v2\/posts\/5187","targetHints":{"allow":["GET"]}}],"collection":[{"href":"https:\/\/ocoerente.com.br\/se\/wp-json\/wp\/v2\/posts"}],"about":[{"href":"https:\/\/ocoerente.com.br\/se\/wp-json\/wp\/v2\/types\/post"}],"author":[{"embeddable":true,"href":"https:\/\/ocoerente.com.br\/se\/wp-json\/wp\/v2\/users\/1"}],"replies":[{"embeddable":true,"href":"https:\/\/ocoerente.com.br\/se\/wp-json\/wp\/v2\/comments?post=5187"}],"version-history":[{"count":1,"href":"https:\/\/ocoerente.com.br\/se\/wp-json\/wp\/v2\/posts\/5187\/revisions"}],"predecessor-version":[{"id":5189,"href":"https:\/\/ocoerente.com.br\/se\/wp-json\/wp\/v2\/posts\/5187\/revisions\/5189"}],"wp:featuredmedia":[{"embeddable":true,"href":"https:\/\/ocoerente.com.br\/se\/wp-json\/wp\/v2\/media\/5188"}],"wp:attachment":[{"href":"https:\/\/ocoerente.com.br\/se\/wp-json\/wp\/v2\/media?parent=5187"}],"wp:term":[{"taxonomy":"category","embeddable":true,"href":"https:\/\/ocoerente.com.br\/se\/wp-json\/wp\/v2\/categories?post=5187"},{"taxonomy":"post_tag","embeddable":true,"href":"https:\/\/ocoerente.com.br\/se\/wp-json\/wp\/v2\/tags?post=5187"}],"curies":[{"name":"wp","href":"https:\/\/api.w.org\/{rel}","templated":true}]}}