{"id":5184,"date":"2022-01-21T03:14:52","date_gmt":"2022-01-21T06:14:52","guid":{"rendered":"https:\/\/ocoerente.com.br\/se\/?p=5184"},"modified":"2022-01-21T03:14:54","modified_gmt":"2022-01-21T06:14:54","slug":"viuva-de-joao-tarantella-divulga-nota-oficial-em-agradecimento-a-apoio-recebido","status":"publish","type":"post","link":"https:\/\/ocoerente.com.br\/se\/2022\/01\/21\/viuva-de-joao-tarantella-divulga-nota-oficial-em-agradecimento-a-apoio-recebido\/","title":{"rendered":"Vi\u00fava de Jo\u00e3o Tarantella divulga Nota Oficial em Agradecimento a apoio recebido"},"content":{"rendered":"\n<p>Na tarde desta ter\u00e7a-feira, 18, Maria Paes, vi\u00fava de Jo\u00e3o Tarantella, veio a p\u00fablico, por meio de uma nota, agradecer o apoio recebido neste momento de luto e durante o per\u00edodo de internamento do empres\u00e1rio e pol\u00edtico.<\/p>\n\n\n\n<p><strong>Confira a nota oficial:<\/strong><\/p>\n\n\n\n<p>\u201cA dor em perder a quem amamos \u00e9 insuport\u00e1vel e nos limita em diversos sentidos, mas ainda assim eu n\u00e3o poderia deixar de agradecer a todos que, com grande zelo, estiveram ao nosso lado durante este momento, em destaque, ao Governador do Estado, Belivaldo Chagas, e a todos que comp\u00f5e o pal\u00e1cio do governo por toda a assist\u00eancia e preocupa\u00e7\u00e3o, tamb\u00e9m a Superintend\u00eancia e toda a equipe que comp\u00f5e o ciclo hospitalar do Hospital Jo\u00e3o Alves Filho, que com muito dedica\u00e7\u00e3o cuidaram do nosso querido Jo\u00e3o.<\/p>\n\n\n\n<p>Quero demonstrar ainda gratid\u00e3o \u00e0 C\u00e2mara de Dirigentes Lojistas (CDL), em nome do Superintendente Edmilson Andrade, ao deputado Rodrigo Valadares, \u00e0 Secretaria de Seguran\u00e7a P\u00fablica (SSP) e suas for\u00e7as, em especial ao corpo de bombeiros de Sergipe, \u00e0 Pol\u00edcia Militar, ao agrupamento t\u00e1tico Getam, \u00e0 Delegacia Especial de Delitos de Tr\u00e2nsito (DEDT) respons\u00e1vel pelas investiga\u00e7\u00f5es e, por fim, \u00e0 toda equipe de funcion\u00e1rios de Jo\u00e3o e \u00e0 sociedade sergipana em geral, que externaram uma grande preocupa\u00e7\u00e3o e carinho desde o momento que souberam do acidente.<\/p>\n\n\n\n<p>\u00c9 justamente nesses momentos que entendemos a import\u00e2ncia do carinho, amor e cumplicidade que podemos compartilhar com as pessoas. Fica agora a li\u00e7\u00e3o entre todos n\u00f3s e as lembran\u00e7as do grande homem que foi o meu marido. Que Deus nos ajude e nos aben\u00e7oe\u201d.<\/p>\n\n\n\n<p>Por Lu\u00edsa Passos<\/p>\n","protected":false},"excerpt":{"rendered":"<p>Na tarde desta ter\u00e7a-feira, 18, Maria Paes, vi\u00fava de Jo\u00e3o Tarantella, veio a p\u00fablico, por meio de uma nota, agradecer o apoio recebido neste momento de luto e durante o per\u00edodo de internamento do empres\u00e1rio e pol\u00edtico. Confira a nota oficial: \u201cA dor em perder a quem amamos \u00e9 insuport\u00e1vel e nos limita em diversos [&hellip;]<\/p>\n","protected":false},"author":1,"featured_media":5185,"comment_status":"closed","ping_status":"closed","sticky":false,"template":"","format":"standard","meta":{"footnotes":""},"categories":[53,43],"tags":[],"class_list":["post-5184","post","type-post","status-publish","format-standard","has-post-thumbnail","hentry","category-destaques","category-sergipe"],"yoast_head":"<!-- This site is optimized with the Yoast SEO plugin v27.4 - https:\/\/yoast.com\/product\/yoast-seo-wordpress\/ -->\n<title>Vi\u00fava de Jo\u00e3o Tarantella divulga Nota Oficial em Agradecimento a apoio recebido - O Coerente<\/title>\n<meta name=\"robots\" content=\"index, follow, max-snippet:-1, max-image-preview:large, max-video-preview:-1\" \/>\n<link rel=\"canonical\" href=\"https:\/\/ocoerente.com.br\/se\/2022\/01\/21\/viuva-de-joao-tarantella-divulga-nota-oficial-em-agradecimento-a-apoio-recebido\/\" \/>\n<meta property=\"og:locale\" content=\"pt_BR\" \/>\n<meta property=\"og:type\" content=\"article\" \/>\n<meta property=\"og:title\" content=\"Vi\u00fava de Jo\u00e3o Tarantella divulga Nota Oficial em Agradecimento a apoio recebido - O Coerente\" \/>\n<meta property=\"og:description\" content=\"Na tarde desta ter\u00e7a-feira, 18, Maria Paes, vi\u00fava de Jo\u00e3o Tarantella, veio a p\u00fablico, por meio de uma nota, agradecer o apoio recebido neste momento de luto e durante o per\u00edodo de internamento do empres\u00e1rio e pol\u00edtico. Confira a nota oficial: \u201cA dor em perder a quem amamos \u00e9 insuport\u00e1vel e nos limita em diversos [&hellip;]\" \/>\n<meta property=\"og:url\" content=\"https:\/\/ocoerente.com.br\/se\/2022\/01\/21\/viuva-de-joao-tarantella-divulga-nota-oficial-em-agradecimento-a-apoio-recebido\/\" \/>\n<meta property=\"og:site_name\" content=\"O Coerente\" \/>\n<meta property=\"article:published_time\" content=\"2022-01-21T06:14:52+00:00\" \/>\n<meta property=\"article:modified_time\" content=\"2022-01-21T06:14:54+00:00\" \/>\n<meta property=\"og:image\" content=\"https:\/\/ocoerente.com.br\/se\/wp-content\/uploads\/2022\/01\/taram.jpg\" \/>\n\t<meta property=\"og:image:width\" content=\"768\" \/>\n\t<meta property=\"og:image:height\" content=\"545\" \/>\n\t<meta property=\"og:image:type\" content=\"image\/jpeg\" \/>\n<meta name=\"author\" content=\"Reda\u00e7\u00e3o\" \/>\n<meta name=\"twitter:card\" content=\"summary_large_image\" \/>\n<meta name=\"twitter:label1\" content=\"Escrito por\" \/>\n\t<meta name=\"twitter:data1\" content=\"Reda\u00e7\u00e3o\" \/>\n\t<meta name=\"twitter:label2\" content=\"Est. tempo de leitura\" \/>\n\t<meta name=\"twitter:data2\" content=\"2 minutos\" \/>\n<script type=\"application\/ld+json\" class=\"yoast-schema-graph\">{\"@context\":\"https:\\\/\\\/schema.org\",\"@graph\":[{\"@type\":\"Article\",\"@id\":\"https:\\\/\\\/ocoerente.com.br\\\/se\\\/2022\\\/01\\\/21\\\/viuva-de-joao-tarantella-divulga-nota-oficial-em-agradecimento-a-apoio-recebido\\\/#article\",\"isPartOf\":{\"@id\":\"https:\\\/\\\/ocoerente.com.br\\\/se\\\/2022\\\/01\\\/21\\\/viuva-de-joao-tarantella-divulga-nota-oficial-em-agradecimento-a-apoio-recebido\\\/\"},\"author\":{\"name\":\"Reda\u00e7\u00e3o\",\"@id\":\"https:\\\/\\\/ocoerente.com.br\\\/se\\\/#\\\/schema\\\/person\\\/cc6bfd9fbca465e23543b0c963d8d037\"},\"headline\":\"Vi\u00fava de Jo\u00e3o Tarantella divulga Nota Oficial em Agradecimento a apoio recebido\",\"datePublished\":\"2022-01-21T06:14:52+00:00\",\"dateModified\":\"2022-01-21T06:14:54+00:00\",\"mainEntityOfPage\":{\"@id\":\"https:\\\/\\\/ocoerente.com.br\\\/se\\\/2022\\\/01\\\/21\\\/viuva-de-joao-tarantella-divulga-nota-oficial-em-agradecimento-a-apoio-recebido\\\/\"},\"wordCount\":302,\"publisher\":{\"@id\":\"https:\\\/\\\/ocoerente.com.br\\\/se\\\/#\\\/schema\\\/person\\\/cc6bfd9fbca465e23543b0c963d8d037\"},\"image\":{\"@id\":\"https:\\\/\\\/ocoerente.com.br\\\/se\\\/2022\\\/01\\\/21\\\/viuva-de-joao-tarantella-divulga-nota-oficial-em-agradecimento-a-apoio-recebido\\\/#primaryimage\"},\"thumbnailUrl\":\"https:\\\/\\\/ocoerente.com.br\\\/se\\\/wp-content\\\/uploads\\\/2022\\\/01\\\/taram.jpg\",\"articleSection\":[\"Destaques\",\"Sergipe\"],\"inLanguage\":\"pt-BR\"},{\"@type\":\"WebPage\",\"@id\":\"https:\\\/\\\/ocoerente.com.br\\\/se\\\/2022\\\/01\\\/21\\\/viuva-de-joao-tarantella-divulga-nota-oficial-em-agradecimento-a-apoio-recebido\\\/\",\"url\":\"https:\\\/\\\/ocoerente.com.br\\\/se\\\/2022\\\/01\\\/21\\\/viuva-de-joao-tarantella-divulga-nota-oficial-em-agradecimento-a-apoio-recebido\\\/\",\"name\":\"Vi\u00fava de Jo\u00e3o Tarantella divulga Nota Oficial em Agradecimento a apoio recebido - O Coerente\",\"isPartOf\":{\"@id\":\"https:\\\/\\\/ocoerente.com.br\\\/se\\\/#website\"},\"primaryImageOfPage\":{\"@id\":\"https:\\\/\\\/ocoerente.com.br\\\/se\\\/2022\\\/01\\\/21\\\/viuva-de-joao-tarantella-divulga-nota-oficial-em-agradecimento-a-apoio-recebido\\\/#primaryimage\"},\"image\":{\"@id\":\"https:\\\/\\\/ocoerente.com.br\\\/se\\\/2022\\\/01\\\/21\\\/viuva-de-joao-tarantella-divulga-nota-oficial-em-agradecimento-a-apoio-recebido\\\/#primaryimage\"},\"thumbnailUrl\":\"https:\\\/\\\/ocoerente.com.br\\\/se\\\/wp-content\\\/uploads\\\/2022\\\/01\\\/taram.jpg\",\"datePublished\":\"2022-01-21T06:14:52+00:00\",\"dateModified\":\"2022-01-21T06:14:54+00:00\",\"breadcrumb\":{\"@id\":\"https:\\\/\\\/ocoerente.com.br\\\/se\\\/2022\\\/01\\\/21\\\/viuva-de-joao-tarantella-divulga-nota-oficial-em-agradecimento-a-apoio-recebido\\\/#breadcrumb\"},\"inLanguage\":\"pt-BR\",\"potentialAction\":[{\"@type\":\"ReadAction\",\"target\":[\"https:\\\/\\\/ocoerente.com.br\\\/se\\\/2022\\\/01\\\/21\\\/viuva-de-joao-tarantella-divulga-nota-oficial-em-agradecimento-a-apoio-recebido\\\/\"]}]},{\"@type\":\"ImageObject\",\"inLanguage\":\"pt-BR\",\"@id\":\"https:\\\/\\\/ocoerente.com.br\\\/se\\\/2022\\\/01\\\/21\\\/viuva-de-joao-tarantella-divulga-nota-oficial-em-agradecimento-a-apoio-recebido\\\/#primaryimage\",\"url\":\"https:\\\/\\\/ocoerente.com.br\\\/se\\\/wp-content\\\/uploads\\\/2022\\\/01\\\/taram.jpg\",\"contentUrl\":\"https:\\\/\\\/ocoerente.com.br\\\/se\\\/wp-content\\\/uploads\\\/2022\\\/01\\\/taram.jpg\",\"width\":768,\"height\":545},{\"@type\":\"BreadcrumbList\",\"@id\":\"https:\\\/\\\/ocoerente.com.br\\\/se\\\/2022\\\/01\\\/21\\\/viuva-de-joao-tarantella-divulga-nota-oficial-em-agradecimento-a-apoio-recebido\\\/#breadcrumb\",\"itemListElement\":[{\"@type\":\"ListItem\",\"position\":1,\"name\":\"In\u00edcio\",\"item\":\"https:\\\/\\\/ocoerente.com.br\\\/se\\\/\"},{\"@type\":\"ListItem\",\"position\":2,\"name\":\"Vi\u00fava de Jo\u00e3o Tarantella divulga Nota Oficial em Agradecimento a apoio recebido\"}]},{\"@type\":\"WebSite\",\"@id\":\"https:\\\/\\\/ocoerente.com.br\\\/se\\\/#website\",\"url\":\"https:\\\/\\\/ocoerente.com.br\\\/se\\\/\",\"name\":\"O Coerente\",\"description\":\"\",\"publisher\":{\"@id\":\"https:\\\/\\\/ocoerente.com.br\\\/se\\\/#\\\/schema\\\/person\\\/cc6bfd9fbca465e23543b0c963d8d037\"},\"potentialAction\":[{\"@type\":\"SearchAction\",\"target\":{\"@type\":\"EntryPoint\",\"urlTemplate\":\"https:\\\/\\\/ocoerente.com.br\\\/se\\\/?s={search_term_string}\"},\"query-input\":{\"@type\":\"PropertyValueSpecification\",\"valueRequired\":true,\"valueName\":\"search_term_string\"}}],\"inLanguage\":\"pt-BR\"},{\"@type\":[\"Person\",\"Organization\"],\"@id\":\"https:\\\/\\\/ocoerente.com.br\\\/se\\\/#\\\/schema\\\/person\\\/cc6bfd9fbca465e23543b0c963d8d037\",\"name\":\"Reda\u00e7\u00e3o\",\"image\":{\"@type\":\"ImageObject\",\"inLanguage\":\"pt-BR\",\"@id\":\"https:\\\/\\\/ocoerente.com.br\\\/se\\\/wp-content\\\/uploads\\\/2020\\\/01\\\/ocoerente-1.png\",\"url\":\"https:\\\/\\\/ocoerente.com.br\\\/se\\\/wp-content\\\/uploads\\\/2020\\\/01\\\/ocoerente-1.png\",\"contentUrl\":\"https:\\\/\\\/ocoerente.com.br\\\/se\\\/wp-content\\\/uploads\\\/2020\\\/01\\\/ocoerente-1.png\",\"width\":50,\"height\":50,\"caption\":\"Reda\u00e7\u00e3o\"},\"logo\":{\"@id\":\"https:\\\/\\\/ocoerente.com.br\\\/se\\\/wp-content\\\/uploads\\\/2020\\\/01\\\/ocoerente-1.png\"},\"url\":\"https:\\\/\\\/ocoerente.com.br\\\/se\\\/author\\\/vasticlsales\\\/\"}]}<\/script>\n<!-- \/ Yoast SEO plugin. -->","yoast_head_json":{"title":"Vi\u00fava de Jo\u00e3o Tarantella divulga Nota Oficial em Agradecimento a apoio recebido - O Coerente","robots":{"index":"index","follow":"follow","max-snippet":"max-snippet:-1","max-image-preview":"max-image-preview:large","max-video-preview":"max-video-preview:-1"},"canonical":"https:\/\/ocoerente.com.br\/se\/2022\/01\/21\/viuva-de-joao-tarantella-divulga-nota-oficial-em-agradecimento-a-apoio-recebido\/","og_locale":"pt_BR","og_type":"article","og_title":"Vi\u00fava de Jo\u00e3o Tarantella divulga Nota Oficial em Agradecimento a apoio recebido - O Coerente","og_description":"Na tarde desta ter\u00e7a-feira, 18, Maria Paes, vi\u00fava de Jo\u00e3o Tarantella, veio a p\u00fablico, por meio de uma nota, agradecer o apoio recebido neste momento de luto e durante o per\u00edodo de internamento do empres\u00e1rio e pol\u00edtico. Confira a nota oficial: \u201cA dor em perder a quem amamos \u00e9 insuport\u00e1vel e nos limita em diversos [&hellip;]","og_url":"https:\/\/ocoerente.com.br\/se\/2022\/01\/21\/viuva-de-joao-tarantella-divulga-nota-oficial-em-agradecimento-a-apoio-recebido\/","og_site_name":"O Coerente","article_published_time":"2022-01-21T06:14:52+00:00","article_modified_time":"2022-01-21T06:14:54+00:00","og_image":[{"width":768,"height":545,"url":"https:\/\/ocoerente.com.br\/se\/wp-content\/uploads\/2022\/01\/taram.jpg","type":"image\/jpeg"}],"author":"Reda\u00e7\u00e3o","twitter_card":"summary_large_image","twitter_misc":{"Escrito por":"Reda\u00e7\u00e3o","Est. tempo de leitura":"2 minutos"},"schema":{"@context":"https:\/\/schema.org","@graph":[{"@type":"Article","@id":"https:\/\/ocoerente.com.br\/se\/2022\/01\/21\/viuva-de-joao-tarantella-divulga-nota-oficial-em-agradecimento-a-apoio-recebido\/#article","isPartOf":{"@id":"https:\/\/ocoerente.com.br\/se\/2022\/01\/21\/viuva-de-joao-tarantella-divulga-nota-oficial-em-agradecimento-a-apoio-recebido\/"},"author":{"name":"Reda\u00e7\u00e3o","@id":"https:\/\/ocoerente.com.br\/se\/#\/schema\/person\/cc6bfd9fbca465e23543b0c963d8d037"},"headline":"Vi\u00fava de Jo\u00e3o Tarantella divulga Nota Oficial em Agradecimento a apoio recebido","datePublished":"2022-01-21T06:14:52+00:00","dateModified":"2022-01-21T06:14:54+00:00","mainEntityOfPage":{"@id":"https:\/\/ocoerente.com.br\/se\/2022\/01\/21\/viuva-de-joao-tarantella-divulga-nota-oficial-em-agradecimento-a-apoio-recebido\/"},"wordCount":302,"publisher":{"@id":"https:\/\/ocoerente.com.br\/se\/#\/schema\/person\/cc6bfd9fbca465e23543b0c963d8d037"},"image":{"@id":"https:\/\/ocoerente.com.br\/se\/2022\/01\/21\/viuva-de-joao-tarantella-divulga-nota-oficial-em-agradecimento-a-apoio-recebido\/#primaryimage"},"thumbnailUrl":"https:\/\/ocoerente.com.br\/se\/wp-content\/uploads\/2022\/01\/taram.jpg","articleSection":["Destaques","Sergipe"],"inLanguage":"pt-BR"},{"@type":"WebPage","@id":"https:\/\/ocoerente.com.br\/se\/2022\/01\/21\/viuva-de-joao-tarantella-divulga-nota-oficial-em-agradecimento-a-apoio-recebido\/","url":"https:\/\/ocoerente.com.br\/se\/2022\/01\/21\/viuva-de-joao-tarantella-divulga-nota-oficial-em-agradecimento-a-apoio-recebido\/","name":"Vi\u00fava de Jo\u00e3o Tarantella divulga Nota Oficial em Agradecimento a apoio recebido - O Coerente","isPartOf":{"@id":"https:\/\/ocoerente.com.br\/se\/#website"},"primaryImageOfPage":{"@id":"https:\/\/ocoerente.com.br\/se\/2022\/01\/21\/viuva-de-joao-tarantella-divulga-nota-oficial-em-agradecimento-a-apoio-recebido\/#primaryimage"},"image":{"@id":"https:\/\/ocoerente.com.br\/se\/2022\/01\/21\/viuva-de-joao-tarantella-divulga-nota-oficial-em-agradecimento-a-apoio-recebido\/#primaryimage"},"thumbnailUrl":"https:\/\/ocoerente.com.br\/se\/wp-content\/uploads\/2022\/01\/taram.jpg","datePublished":"2022-01-21T06:14:52+00:00","dateModified":"2022-01-21T06:14:54+00:00","breadcrumb":{"@id":"https:\/\/ocoerente.com.br\/se\/2022\/01\/21\/viuva-de-joao-tarantella-divulga-nota-oficial-em-agradecimento-a-apoio-recebido\/#breadcrumb"},"inLanguage":"pt-BR","potentialAction":[{"@type":"ReadAction","target":["https:\/\/ocoerente.com.br\/se\/2022\/01\/21\/viuva-de-joao-tarantella-divulga-nota-oficial-em-agradecimento-a-apoio-recebido\/"]}]},{"@type":"ImageObject","inLanguage":"pt-BR","@id":"https:\/\/ocoerente.com.br\/se\/2022\/01\/21\/viuva-de-joao-tarantella-divulga-nota-oficial-em-agradecimento-a-apoio-recebido\/#primaryimage","url":"https:\/\/ocoerente.com.br\/se\/wp-content\/uploads\/2022\/01\/taram.jpg","contentUrl":"https:\/\/ocoerente.com.br\/se\/wp-content\/uploads\/2022\/01\/taram.jpg","width":768,"height":545},{"@type":"BreadcrumbList","@id":"https:\/\/ocoerente.com.br\/se\/2022\/01\/21\/viuva-de-joao-tarantella-divulga-nota-oficial-em-agradecimento-a-apoio-recebido\/#breadcrumb","itemListElement":[{"@type":"ListItem","position":1,"name":"In\u00edcio","item":"https:\/\/ocoerente.com.br\/se\/"},{"@type":"ListItem","position":2,"name":"Vi\u00fava de Jo\u00e3o Tarantella divulga Nota Oficial em Agradecimento a apoio recebido"}]},{"@type":"WebSite","@id":"https:\/\/ocoerente.com.br\/se\/#website","url":"https:\/\/ocoerente.com.br\/se\/","name":"O Coerente","description":"","publisher":{"@id":"https:\/\/ocoerente.com.br\/se\/#\/schema\/person\/cc6bfd9fbca465e23543b0c963d8d037"},"potentialAction":[{"@type":"SearchAction","target":{"@type":"EntryPoint","urlTemplate":"https:\/\/ocoerente.com.br\/se\/?s={search_term_string}"},"query-input":{"@type":"PropertyValueSpecification","valueRequired":true,"valueName":"search_term_string"}}],"inLanguage":"pt-BR"},{"@type":["Person","Organization"],"@id":"https:\/\/ocoerente.com.br\/se\/#\/schema\/person\/cc6bfd9fbca465e23543b0c963d8d037","name":"Reda\u00e7\u00e3o","image":{"@type":"ImageObject","inLanguage":"pt-BR","@id":"https:\/\/ocoerente.com.br\/se\/wp-content\/uploads\/2020\/01\/ocoerente-1.png","url":"https:\/\/ocoerente.com.br\/se\/wp-content\/uploads\/2020\/01\/ocoerente-1.png","contentUrl":"https:\/\/ocoerente.com.br\/se\/wp-content\/uploads\/2020\/01\/ocoerente-1.png","width":50,"height":50,"caption":"Reda\u00e7\u00e3o"},"logo":{"@id":"https:\/\/ocoerente.com.br\/se\/wp-content\/uploads\/2020\/01\/ocoerente-1.png"},"url":"https:\/\/ocoerente.com.br\/se\/author\/vasticlsales\/"}]}},"_links":{"self":[{"href":"https:\/\/ocoerente.com.br\/se\/wp-json\/wp\/v2\/posts\/5184","targetHints":{"allow":["GET"]}}],"collection":[{"href":"https:\/\/ocoerente.com.br\/se\/wp-json\/wp\/v2\/posts"}],"about":[{"href":"https:\/\/ocoerente.com.br\/se\/wp-json\/wp\/v2\/types\/post"}],"author":[{"embeddable":true,"href":"https:\/\/ocoerente.com.br\/se\/wp-json\/wp\/v2\/users\/1"}],"replies":[{"embeddable":true,"href":"https:\/\/ocoerente.com.br\/se\/wp-json\/wp\/v2\/comments?post=5184"}],"version-history":[{"count":1,"href":"https:\/\/ocoerente.com.br\/se\/wp-json\/wp\/v2\/posts\/5184\/revisions"}],"predecessor-version":[{"id":5186,"href":"https:\/\/ocoerente.com.br\/se\/wp-json\/wp\/v2\/posts\/5184\/revisions\/5186"}],"wp:featuredmedia":[{"embeddable":true,"href":"https:\/\/ocoerente.com.br\/se\/wp-json\/wp\/v2\/media\/5185"}],"wp:attachment":[{"href":"https:\/\/ocoerente.com.br\/se\/wp-json\/wp\/v2\/media?parent=5184"}],"wp:term":[{"taxonomy":"category","embeddable":true,"href":"https:\/\/ocoerente.com.br\/se\/wp-json\/wp\/v2\/categories?post=5184"},{"taxonomy":"post_tag","embeddable":true,"href":"https:\/\/ocoerente.com.br\/se\/wp-json\/wp\/v2\/tags?post=5184"}],"curies":[{"name":"wp","href":"https:\/\/api.w.org\/{rel}","templated":true}]}}