{"id":5181,"date":"2022-01-21T03:13:52","date_gmt":"2022-01-21T06:13:52","guid":{"rendered":"https:\/\/ocoerente.com.br\/se\/?p=5181"},"modified":"2022-01-21T03:13:54","modified_gmt":"2022-01-21T06:13:54","slug":"deputado-fabio-mitidieri-esteve-na-codevasf-na-tarde-desta-terca-feira-18","status":"publish","type":"post","link":"https:\/\/ocoerente.com.br\/se\/2022\/01\/21\/deputado-fabio-mitidieri-esteve-na-codevasf-na-tarde-desta-terca-feira-18\/","title":{"rendered":"Deputado F\u00e1bio Mitidieri esteve na Codevasf, na tarde desta ter\u00e7a-feira (18)"},"content":{"rendered":"\n<p>Pensando em levar mais qualidade de vida aos moradores do munic\u00edpio de Moita Bonita, o deputado F\u00e1bio Mitidieri esteve na Codevasf, na tarde desta ter\u00e7a-feira (18), ao lado do superintendente Marcos Alves e do prefeito Dr. Vagner, onde foi assinado um conv\u00eanio de emenda do deputado, no valor de R$ 1.242.750,00 para a constru\u00e7\u00e3o e urbaniza\u00e7\u00e3o de um espa\u00e7o multiatividades no a\u00e7ude do povoado Candeias.<\/p>\n","protected":false},"excerpt":{"rendered":"<p>Pensando em levar mais qualidade de vida aos moradores do munic\u00edpio de Moita Bonita, o deputado F\u00e1bio Mitidieri esteve na Codevasf, na tarde desta ter\u00e7a-feira (18), ao lado do superintendente Marcos Alves e do prefeito Dr. Vagner, onde foi assinado um conv\u00eanio de emenda do deputado, no valor de R$ 1.242.750,00 para a constru\u00e7\u00e3o e [&hellip;]<\/p>\n","protected":false},"author":1,"featured_media":5182,"comment_status":"closed","ping_status":"closed","sticky":false,"template":"","format":"standard","meta":{"footnotes":""},"categories":[53,44],"tags":[],"class_list":["post-5181","post","type-post","status-publish","format-standard","has-post-thumbnail","hentry","category-destaques","category-politica"],"yoast_head":"<!-- This site is optimized with the Yoast SEO plugin v27.4 - https:\/\/yoast.com\/product\/yoast-seo-wordpress\/ -->\n<title>Deputado F\u00e1bio Mitidieri esteve na Codevasf, na tarde desta ter\u00e7a-feira (18) - O Coerente<\/title>\n<meta name=\"robots\" content=\"index, follow, max-snippet:-1, max-image-preview:large, max-video-preview:-1\" \/>\n<link rel=\"canonical\" href=\"https:\/\/ocoerente.com.br\/se\/2022\/01\/21\/deputado-fabio-mitidieri-esteve-na-codevasf-na-tarde-desta-terca-feira-18\/\" \/>\n<meta property=\"og:locale\" content=\"pt_BR\" \/>\n<meta property=\"og:type\" content=\"article\" \/>\n<meta property=\"og:title\" content=\"Deputado F\u00e1bio Mitidieri esteve na Codevasf, na tarde desta ter\u00e7a-feira (18) - O Coerente\" \/>\n<meta property=\"og:description\" content=\"Pensando em levar mais qualidade de vida aos moradores do munic\u00edpio de Moita Bonita, o deputado F\u00e1bio Mitidieri esteve na Codevasf, na tarde desta ter\u00e7a-feira (18), ao lado do superintendente Marcos Alves e do prefeito Dr. Vagner, onde foi assinado um conv\u00eanio de emenda do deputado, no valor de R$ 1.242.750,00 para a constru\u00e7\u00e3o e [&hellip;]\" \/>\n<meta property=\"og:url\" content=\"https:\/\/ocoerente.com.br\/se\/2022\/01\/21\/deputado-fabio-mitidieri-esteve-na-codevasf-na-tarde-desta-terca-feira-18\/\" \/>\n<meta property=\"og:site_name\" content=\"O Coerente\" \/>\n<meta property=\"article:published_time\" content=\"2022-01-21T06:13:52+00:00\" \/>\n<meta property=\"article:modified_time\" content=\"2022-01-21T06:13:54+00:00\" \/>\n<meta property=\"og:image\" content=\"https:\/\/ocoerente.com.br\/se\/wp-content\/uploads\/2022\/01\/mitifabio.jpg\" \/>\n\t<meta property=\"og:image:width\" content=\"1440\" \/>\n\t<meta property=\"og:image:height\" content=\"960\" \/>\n\t<meta property=\"og:image:type\" content=\"image\/jpeg\" \/>\n<meta name=\"author\" content=\"Reda\u00e7\u00e3o\" \/>\n<meta name=\"twitter:card\" content=\"summary_large_image\" \/>\n<meta name=\"twitter:label1\" content=\"Escrito por\" \/>\n\t<meta name=\"twitter:data1\" content=\"Reda\u00e7\u00e3o\" \/>\n\t<meta name=\"twitter:label2\" content=\"Est. tempo de leitura\" \/>\n\t<meta name=\"twitter:data2\" content=\"1 minuto\" \/>\n<script type=\"application\/ld+json\" class=\"yoast-schema-graph\">{\"@context\":\"https:\\\/\\\/schema.org\",\"@graph\":[{\"@type\":\"Article\",\"@id\":\"https:\\\/\\\/ocoerente.com.br\\\/se\\\/2022\\\/01\\\/21\\\/deputado-fabio-mitidieri-esteve-na-codevasf-na-tarde-desta-terca-feira-18\\\/#article\",\"isPartOf\":{\"@id\":\"https:\\\/\\\/ocoerente.com.br\\\/se\\\/2022\\\/01\\\/21\\\/deputado-fabio-mitidieri-esteve-na-codevasf-na-tarde-desta-terca-feira-18\\\/\"},\"author\":{\"name\":\"Reda\u00e7\u00e3o\",\"@id\":\"https:\\\/\\\/ocoerente.com.br\\\/se\\\/#\\\/schema\\\/person\\\/cc6bfd9fbca465e23543b0c963d8d037\"},\"headline\":\"Deputado F\u00e1bio Mitidieri esteve na Codevasf, na tarde desta ter\u00e7a-feira (18)\",\"datePublished\":\"2022-01-21T06:13:52+00:00\",\"dateModified\":\"2022-01-21T06:13:54+00:00\",\"mainEntityOfPage\":{\"@id\":\"https:\\\/\\\/ocoerente.com.br\\\/se\\\/2022\\\/01\\\/21\\\/deputado-fabio-mitidieri-esteve-na-codevasf-na-tarde-desta-terca-feira-18\\\/\"},\"wordCount\":83,\"publisher\":{\"@id\":\"https:\\\/\\\/ocoerente.com.br\\\/se\\\/#\\\/schema\\\/person\\\/cc6bfd9fbca465e23543b0c963d8d037\"},\"image\":{\"@id\":\"https:\\\/\\\/ocoerente.com.br\\\/se\\\/2022\\\/01\\\/21\\\/deputado-fabio-mitidieri-esteve-na-codevasf-na-tarde-desta-terca-feira-18\\\/#primaryimage\"},\"thumbnailUrl\":\"https:\\\/\\\/ocoerente.com.br\\\/se\\\/wp-content\\\/uploads\\\/2022\\\/01\\\/mitifabio.jpg\",\"articleSection\":[\"Destaques\",\"Pol\u00edtica\"],\"inLanguage\":\"pt-BR\"},{\"@type\":\"WebPage\",\"@id\":\"https:\\\/\\\/ocoerente.com.br\\\/se\\\/2022\\\/01\\\/21\\\/deputado-fabio-mitidieri-esteve-na-codevasf-na-tarde-desta-terca-feira-18\\\/\",\"url\":\"https:\\\/\\\/ocoerente.com.br\\\/se\\\/2022\\\/01\\\/21\\\/deputado-fabio-mitidieri-esteve-na-codevasf-na-tarde-desta-terca-feira-18\\\/\",\"name\":\"Deputado F\u00e1bio Mitidieri esteve na Codevasf, na tarde desta ter\u00e7a-feira (18) - O Coerente\",\"isPartOf\":{\"@id\":\"https:\\\/\\\/ocoerente.com.br\\\/se\\\/#website\"},\"primaryImageOfPage\":{\"@id\":\"https:\\\/\\\/ocoerente.com.br\\\/se\\\/2022\\\/01\\\/21\\\/deputado-fabio-mitidieri-esteve-na-codevasf-na-tarde-desta-terca-feira-18\\\/#primaryimage\"},\"image\":{\"@id\":\"https:\\\/\\\/ocoerente.com.br\\\/se\\\/2022\\\/01\\\/21\\\/deputado-fabio-mitidieri-esteve-na-codevasf-na-tarde-desta-terca-feira-18\\\/#primaryimage\"},\"thumbnailUrl\":\"https:\\\/\\\/ocoerente.com.br\\\/se\\\/wp-content\\\/uploads\\\/2022\\\/01\\\/mitifabio.jpg\",\"datePublished\":\"2022-01-21T06:13:52+00:00\",\"dateModified\":\"2022-01-21T06:13:54+00:00\",\"breadcrumb\":{\"@id\":\"https:\\\/\\\/ocoerente.com.br\\\/se\\\/2022\\\/01\\\/21\\\/deputado-fabio-mitidieri-esteve-na-codevasf-na-tarde-desta-terca-feira-18\\\/#breadcrumb\"},\"inLanguage\":\"pt-BR\",\"potentialAction\":[{\"@type\":\"ReadAction\",\"target\":[\"https:\\\/\\\/ocoerente.com.br\\\/se\\\/2022\\\/01\\\/21\\\/deputado-fabio-mitidieri-esteve-na-codevasf-na-tarde-desta-terca-feira-18\\\/\"]}]},{\"@type\":\"ImageObject\",\"inLanguage\":\"pt-BR\",\"@id\":\"https:\\\/\\\/ocoerente.com.br\\\/se\\\/2022\\\/01\\\/21\\\/deputado-fabio-mitidieri-esteve-na-codevasf-na-tarde-desta-terca-feira-18\\\/#primaryimage\",\"url\":\"https:\\\/\\\/ocoerente.com.br\\\/se\\\/wp-content\\\/uploads\\\/2022\\\/01\\\/mitifabio.jpg\",\"contentUrl\":\"https:\\\/\\\/ocoerente.com.br\\\/se\\\/wp-content\\\/uploads\\\/2022\\\/01\\\/mitifabio.jpg\",\"width\":1440,\"height\":960},{\"@type\":\"BreadcrumbList\",\"@id\":\"https:\\\/\\\/ocoerente.com.br\\\/se\\\/2022\\\/01\\\/21\\\/deputado-fabio-mitidieri-esteve-na-codevasf-na-tarde-desta-terca-feira-18\\\/#breadcrumb\",\"itemListElement\":[{\"@type\":\"ListItem\",\"position\":1,\"name\":\"In\u00edcio\",\"item\":\"https:\\\/\\\/ocoerente.com.br\\\/se\\\/\"},{\"@type\":\"ListItem\",\"position\":2,\"name\":\"Deputado F\u00e1bio Mitidieri esteve na Codevasf, na tarde desta ter\u00e7a-feira (18)\"}]},{\"@type\":\"WebSite\",\"@id\":\"https:\\\/\\\/ocoerente.com.br\\\/se\\\/#website\",\"url\":\"https:\\\/\\\/ocoerente.com.br\\\/se\\\/\",\"name\":\"O Coerente\",\"description\":\"\",\"publisher\":{\"@id\":\"https:\\\/\\\/ocoerente.com.br\\\/se\\\/#\\\/schema\\\/person\\\/cc6bfd9fbca465e23543b0c963d8d037\"},\"potentialAction\":[{\"@type\":\"SearchAction\",\"target\":{\"@type\":\"EntryPoint\",\"urlTemplate\":\"https:\\\/\\\/ocoerente.com.br\\\/se\\\/?s={search_term_string}\"},\"query-input\":{\"@type\":\"PropertyValueSpecification\",\"valueRequired\":true,\"valueName\":\"search_term_string\"}}],\"inLanguage\":\"pt-BR\"},{\"@type\":[\"Person\",\"Organization\"],\"@id\":\"https:\\\/\\\/ocoerente.com.br\\\/se\\\/#\\\/schema\\\/person\\\/cc6bfd9fbca465e23543b0c963d8d037\",\"name\":\"Reda\u00e7\u00e3o\",\"image\":{\"@type\":\"ImageObject\",\"inLanguage\":\"pt-BR\",\"@id\":\"https:\\\/\\\/ocoerente.com.br\\\/se\\\/wp-content\\\/uploads\\\/2020\\\/01\\\/ocoerente-1.png\",\"url\":\"https:\\\/\\\/ocoerente.com.br\\\/se\\\/wp-content\\\/uploads\\\/2020\\\/01\\\/ocoerente-1.png\",\"contentUrl\":\"https:\\\/\\\/ocoerente.com.br\\\/se\\\/wp-content\\\/uploads\\\/2020\\\/01\\\/ocoerente-1.png\",\"width\":50,\"height\":50,\"caption\":\"Reda\u00e7\u00e3o\"},\"logo\":{\"@id\":\"https:\\\/\\\/ocoerente.com.br\\\/se\\\/wp-content\\\/uploads\\\/2020\\\/01\\\/ocoerente-1.png\"},\"url\":\"https:\\\/\\\/ocoerente.com.br\\\/se\\\/author\\\/vasticlsales\\\/\"}]}<\/script>\n<!-- \/ Yoast SEO plugin. -->","yoast_head_json":{"title":"Deputado F\u00e1bio Mitidieri esteve na Codevasf, na tarde desta ter\u00e7a-feira (18) - O Coerente","robots":{"index":"index","follow":"follow","max-snippet":"max-snippet:-1","max-image-preview":"max-image-preview:large","max-video-preview":"max-video-preview:-1"},"canonical":"https:\/\/ocoerente.com.br\/se\/2022\/01\/21\/deputado-fabio-mitidieri-esteve-na-codevasf-na-tarde-desta-terca-feira-18\/","og_locale":"pt_BR","og_type":"article","og_title":"Deputado F\u00e1bio Mitidieri esteve na Codevasf, na tarde desta ter\u00e7a-feira (18) - O Coerente","og_description":"Pensando em levar mais qualidade de vida aos moradores do munic\u00edpio de Moita Bonita, o deputado F\u00e1bio Mitidieri esteve na Codevasf, na tarde desta ter\u00e7a-feira (18), ao lado do superintendente Marcos Alves e do prefeito Dr. Vagner, onde foi assinado um conv\u00eanio de emenda do deputado, no valor de R$ 1.242.750,00 para a constru\u00e7\u00e3o e [&hellip;]","og_url":"https:\/\/ocoerente.com.br\/se\/2022\/01\/21\/deputado-fabio-mitidieri-esteve-na-codevasf-na-tarde-desta-terca-feira-18\/","og_site_name":"O Coerente","article_published_time":"2022-01-21T06:13:52+00:00","article_modified_time":"2022-01-21T06:13:54+00:00","og_image":[{"width":1440,"height":960,"url":"https:\/\/ocoerente.com.br\/se\/wp-content\/uploads\/2022\/01\/mitifabio.jpg","type":"image\/jpeg"}],"author":"Reda\u00e7\u00e3o","twitter_card":"summary_large_image","twitter_misc":{"Escrito por":"Reda\u00e7\u00e3o","Est. tempo de leitura":"1 minuto"},"schema":{"@context":"https:\/\/schema.org","@graph":[{"@type":"Article","@id":"https:\/\/ocoerente.com.br\/se\/2022\/01\/21\/deputado-fabio-mitidieri-esteve-na-codevasf-na-tarde-desta-terca-feira-18\/#article","isPartOf":{"@id":"https:\/\/ocoerente.com.br\/se\/2022\/01\/21\/deputado-fabio-mitidieri-esteve-na-codevasf-na-tarde-desta-terca-feira-18\/"},"author":{"name":"Reda\u00e7\u00e3o","@id":"https:\/\/ocoerente.com.br\/se\/#\/schema\/person\/cc6bfd9fbca465e23543b0c963d8d037"},"headline":"Deputado F\u00e1bio Mitidieri esteve na Codevasf, na tarde desta ter\u00e7a-feira (18)","datePublished":"2022-01-21T06:13:52+00:00","dateModified":"2022-01-21T06:13:54+00:00","mainEntityOfPage":{"@id":"https:\/\/ocoerente.com.br\/se\/2022\/01\/21\/deputado-fabio-mitidieri-esteve-na-codevasf-na-tarde-desta-terca-feira-18\/"},"wordCount":83,"publisher":{"@id":"https:\/\/ocoerente.com.br\/se\/#\/schema\/person\/cc6bfd9fbca465e23543b0c963d8d037"},"image":{"@id":"https:\/\/ocoerente.com.br\/se\/2022\/01\/21\/deputado-fabio-mitidieri-esteve-na-codevasf-na-tarde-desta-terca-feira-18\/#primaryimage"},"thumbnailUrl":"https:\/\/ocoerente.com.br\/se\/wp-content\/uploads\/2022\/01\/mitifabio.jpg","articleSection":["Destaques","Pol\u00edtica"],"inLanguage":"pt-BR"},{"@type":"WebPage","@id":"https:\/\/ocoerente.com.br\/se\/2022\/01\/21\/deputado-fabio-mitidieri-esteve-na-codevasf-na-tarde-desta-terca-feira-18\/","url":"https:\/\/ocoerente.com.br\/se\/2022\/01\/21\/deputado-fabio-mitidieri-esteve-na-codevasf-na-tarde-desta-terca-feira-18\/","name":"Deputado F\u00e1bio Mitidieri esteve na Codevasf, na tarde desta ter\u00e7a-feira (18) - O Coerente","isPartOf":{"@id":"https:\/\/ocoerente.com.br\/se\/#website"},"primaryImageOfPage":{"@id":"https:\/\/ocoerente.com.br\/se\/2022\/01\/21\/deputado-fabio-mitidieri-esteve-na-codevasf-na-tarde-desta-terca-feira-18\/#primaryimage"},"image":{"@id":"https:\/\/ocoerente.com.br\/se\/2022\/01\/21\/deputado-fabio-mitidieri-esteve-na-codevasf-na-tarde-desta-terca-feira-18\/#primaryimage"},"thumbnailUrl":"https:\/\/ocoerente.com.br\/se\/wp-content\/uploads\/2022\/01\/mitifabio.jpg","datePublished":"2022-01-21T06:13:52+00:00","dateModified":"2022-01-21T06:13:54+00:00","breadcrumb":{"@id":"https:\/\/ocoerente.com.br\/se\/2022\/01\/21\/deputado-fabio-mitidieri-esteve-na-codevasf-na-tarde-desta-terca-feira-18\/#breadcrumb"},"inLanguage":"pt-BR","potentialAction":[{"@type":"ReadAction","target":["https:\/\/ocoerente.com.br\/se\/2022\/01\/21\/deputado-fabio-mitidieri-esteve-na-codevasf-na-tarde-desta-terca-feira-18\/"]}]},{"@type":"ImageObject","inLanguage":"pt-BR","@id":"https:\/\/ocoerente.com.br\/se\/2022\/01\/21\/deputado-fabio-mitidieri-esteve-na-codevasf-na-tarde-desta-terca-feira-18\/#primaryimage","url":"https:\/\/ocoerente.com.br\/se\/wp-content\/uploads\/2022\/01\/mitifabio.jpg","contentUrl":"https:\/\/ocoerente.com.br\/se\/wp-content\/uploads\/2022\/01\/mitifabio.jpg","width":1440,"height":960},{"@type":"BreadcrumbList","@id":"https:\/\/ocoerente.com.br\/se\/2022\/01\/21\/deputado-fabio-mitidieri-esteve-na-codevasf-na-tarde-desta-terca-feira-18\/#breadcrumb","itemListElement":[{"@type":"ListItem","position":1,"name":"In\u00edcio","item":"https:\/\/ocoerente.com.br\/se\/"},{"@type":"ListItem","position":2,"name":"Deputado F\u00e1bio Mitidieri esteve na Codevasf, na tarde desta ter\u00e7a-feira (18)"}]},{"@type":"WebSite","@id":"https:\/\/ocoerente.com.br\/se\/#website","url":"https:\/\/ocoerente.com.br\/se\/","name":"O Coerente","description":"","publisher":{"@id":"https:\/\/ocoerente.com.br\/se\/#\/schema\/person\/cc6bfd9fbca465e23543b0c963d8d037"},"potentialAction":[{"@type":"SearchAction","target":{"@type":"EntryPoint","urlTemplate":"https:\/\/ocoerente.com.br\/se\/?s={search_term_string}"},"query-input":{"@type":"PropertyValueSpecification","valueRequired":true,"valueName":"search_term_string"}}],"inLanguage":"pt-BR"},{"@type":["Person","Organization"],"@id":"https:\/\/ocoerente.com.br\/se\/#\/schema\/person\/cc6bfd9fbca465e23543b0c963d8d037","name":"Reda\u00e7\u00e3o","image":{"@type":"ImageObject","inLanguage":"pt-BR","@id":"https:\/\/ocoerente.com.br\/se\/wp-content\/uploads\/2020\/01\/ocoerente-1.png","url":"https:\/\/ocoerente.com.br\/se\/wp-content\/uploads\/2020\/01\/ocoerente-1.png","contentUrl":"https:\/\/ocoerente.com.br\/se\/wp-content\/uploads\/2020\/01\/ocoerente-1.png","width":50,"height":50,"caption":"Reda\u00e7\u00e3o"},"logo":{"@id":"https:\/\/ocoerente.com.br\/se\/wp-content\/uploads\/2020\/01\/ocoerente-1.png"},"url":"https:\/\/ocoerente.com.br\/se\/author\/vasticlsales\/"}]}},"_links":{"self":[{"href":"https:\/\/ocoerente.com.br\/se\/wp-json\/wp\/v2\/posts\/5181","targetHints":{"allow":["GET"]}}],"collection":[{"href":"https:\/\/ocoerente.com.br\/se\/wp-json\/wp\/v2\/posts"}],"about":[{"href":"https:\/\/ocoerente.com.br\/se\/wp-json\/wp\/v2\/types\/post"}],"author":[{"embeddable":true,"href":"https:\/\/ocoerente.com.br\/se\/wp-json\/wp\/v2\/users\/1"}],"replies":[{"embeddable":true,"href":"https:\/\/ocoerente.com.br\/se\/wp-json\/wp\/v2\/comments?post=5181"}],"version-history":[{"count":1,"href":"https:\/\/ocoerente.com.br\/se\/wp-json\/wp\/v2\/posts\/5181\/revisions"}],"predecessor-version":[{"id":5183,"href":"https:\/\/ocoerente.com.br\/se\/wp-json\/wp\/v2\/posts\/5181\/revisions\/5183"}],"wp:featuredmedia":[{"embeddable":true,"href":"https:\/\/ocoerente.com.br\/se\/wp-json\/wp\/v2\/media\/5182"}],"wp:attachment":[{"href":"https:\/\/ocoerente.com.br\/se\/wp-json\/wp\/v2\/media?parent=5181"}],"wp:term":[{"taxonomy":"category","embeddable":true,"href":"https:\/\/ocoerente.com.br\/se\/wp-json\/wp\/v2\/categories?post=5181"},{"taxonomy":"post_tag","embeddable":true,"href":"https:\/\/ocoerente.com.br\/se\/wp-json\/wp\/v2\/tags?post=5181"}],"curies":[{"name":"wp","href":"https:\/\/api.w.org\/{rel}","templated":true}]}}