{"id":5178,"date":"2022-01-21T03:12:22","date_gmt":"2022-01-21T06:12:22","guid":{"rendered":"https:\/\/ocoerente.com.br\/se\/?p=5178"},"modified":"2022-01-21T03:12:23","modified_gmt":"2022-01-21T06:12:23","slug":"joaquim-janelinha-responsavel-pelo-pl-no-312-2021","status":"publish","type":"post","link":"https:\/\/ocoerente.com.br\/se\/2022\/01\/21\/joaquim-janelinha-responsavel-pelo-pl-no-312-2021\/","title":{"rendered":"Joaquim Janelinha, respons\u00e1vel pelo PL n\u00ba 312\/2021"},"content":{"rendered":"\n<p>Respons\u00e1vel pelo Projeto de Lei de n\u00b0 312\/2021 e aprovado por unanimidade na C\u00e2mara Municipal de Aracaju (CMA), que renomeou o Centro de Especialidade Odontol\u00f3gica Dr\u00b0 David Oliveira de Souza, localizado no conjunto Augusto Franco (Farol\u00e2ndia), o vereador por Aracaju, Joaquim da Janelinha (PROS), acompanhou, em visita ao CEO, o prefeito Edvaldo Nogueira (PDT), a vice-prefeita, Katarina Feitosa (PSD); a vice-governadora, Eliane Aquino (PT); e demais autoridades presentes na manh\u00e3 de hoje, 19.<\/p>\n\n\n\n<p>O Centro j\u00e1 est\u00e1 oferecendo os tratamentos e atendimentos aos pacientes com necessidades especiais, periodontia e cirurgias em les\u00e3o de boca; nele cont\u00e9m oito consult\u00f3rios, sala de reuni\u00e3o, almoxarifado, abrigo de res\u00edduos, banheiros com acessibilidade, arquivo, dep\u00f3sitos para equipamentos, sala de laudos e salas adaptadas para receber pacientes acamados.<\/p>\n\n\n\n<p>A localiza\u00e7\u00e3o do im\u00f3vel fica precisamente na Rua Carlos Pereira de Melo, no fundo do Gin\u00e1sio do Sesi.<\/p>\n\n\n\n<p>\u201cSinto-me honrado pelo Projeto, e que o legado do Dr\u00b0 David Oliveira de fato contagie cada um de n\u00f3s\u201d, disse Joaquim.<\/p>\n\n\n\n<p>Veja mais no link:<br><a href=\"https:\/\/www.instagram.com\/p\/CY62nmWr2XB\/?utm_medium=copy_link\" target=\"_blank\" rel=\"noreferrer noopener\">https:\/\/www.instagram.com\/p\/CY62nmWr2XB\/?utm_medium=copy_link<\/a><\/p>\n","protected":false},"excerpt":{"rendered":"<p>Respons\u00e1vel pelo Projeto de Lei de n\u00b0 312\/2021 e aprovado por unanimidade na C\u00e2mara Municipal de Aracaju (CMA), que renomeou o Centro de Especialidade Odontol\u00f3gica Dr\u00b0 David Oliveira de Souza, localizado no conjunto Augusto Franco (Farol\u00e2ndia), o vereador por Aracaju, Joaquim da Janelinha (PROS), acompanhou, em visita ao CEO, o prefeito Edvaldo Nogueira (PDT), a [&hellip;]<\/p>\n","protected":false},"author":1,"featured_media":5179,"comment_status":"closed","ping_status":"closed","sticky":false,"template":"","format":"standard","meta":{"footnotes":""},"categories":[53,44],"tags":[],"class_list":["post-5178","post","type-post","status-publish","format-standard","has-post-thumbnail","hentry","category-destaques","category-politica"],"yoast_head":"<!-- This site is optimized with the Yoast SEO plugin v27.4 - https:\/\/yoast.com\/product\/yoast-seo-wordpress\/ -->\n<title>Joaquim Janelinha, respons\u00e1vel pelo PL n\u00ba 312\/2021 - O Coerente<\/title>\n<meta name=\"robots\" content=\"index, follow, max-snippet:-1, max-image-preview:large, max-video-preview:-1\" \/>\n<link rel=\"canonical\" href=\"https:\/\/ocoerente.com.br\/se\/2022\/01\/21\/joaquim-janelinha-responsavel-pelo-pl-no-312-2021\/\" \/>\n<meta property=\"og:locale\" content=\"pt_BR\" \/>\n<meta property=\"og:type\" content=\"article\" \/>\n<meta property=\"og:title\" content=\"Joaquim Janelinha, respons\u00e1vel pelo PL n\u00ba 312\/2021 - O Coerente\" \/>\n<meta property=\"og:description\" content=\"Respons\u00e1vel pelo Projeto de Lei de n\u00b0 312\/2021 e aprovado por unanimidade na C\u00e2mara Municipal de Aracaju (CMA), que renomeou o Centro de Especialidade Odontol\u00f3gica Dr\u00b0 David Oliveira de Souza, localizado no conjunto Augusto Franco (Farol\u00e2ndia), o vereador por Aracaju, Joaquim da Janelinha (PROS), acompanhou, em visita ao CEO, o prefeito Edvaldo Nogueira (PDT), a [&hellip;]\" \/>\n<meta property=\"og:url\" content=\"https:\/\/ocoerente.com.br\/se\/2022\/01\/21\/joaquim-janelinha-responsavel-pelo-pl-no-312-2021\/\" \/>\n<meta property=\"og:site_name\" content=\"O Coerente\" \/>\n<meta property=\"article:published_time\" content=\"2022-01-21T06:12:22+00:00\" \/>\n<meta property=\"article:modified_time\" content=\"2022-01-21T06:12:23+00:00\" \/>\n<meta property=\"og:image\" content=\"https:\/\/ocoerente.com.br\/se\/wp-content\/uploads\/2022\/01\/joaquiiii.jpg\" \/>\n\t<meta property=\"og:image:width\" content=\"732\" \/>\n\t<meta property=\"og:image:height\" content=\"567\" \/>\n\t<meta property=\"og:image:type\" content=\"image\/jpeg\" \/>\n<meta name=\"author\" content=\"Reda\u00e7\u00e3o\" \/>\n<meta name=\"twitter:card\" content=\"summary_large_image\" \/>\n<meta name=\"twitter:label1\" content=\"Escrito por\" \/>\n\t<meta name=\"twitter:data1\" content=\"Reda\u00e7\u00e3o\" \/>\n\t<meta name=\"twitter:label2\" content=\"Est. tempo de leitura\" \/>\n\t<meta name=\"twitter:data2\" content=\"1 minuto\" \/>\n<script type=\"application\/ld+json\" class=\"yoast-schema-graph\">{\"@context\":\"https:\\\/\\\/schema.org\",\"@graph\":[{\"@type\":\"Article\",\"@id\":\"https:\\\/\\\/ocoerente.com.br\\\/se\\\/2022\\\/01\\\/21\\\/joaquim-janelinha-responsavel-pelo-pl-no-312-2021\\\/#article\",\"isPartOf\":{\"@id\":\"https:\\\/\\\/ocoerente.com.br\\\/se\\\/2022\\\/01\\\/21\\\/joaquim-janelinha-responsavel-pelo-pl-no-312-2021\\\/\"},\"author\":{\"name\":\"Reda\u00e7\u00e3o\",\"@id\":\"https:\\\/\\\/ocoerente.com.br\\\/se\\\/#\\\/schema\\\/person\\\/cc6bfd9fbca465e23543b0c963d8d037\"},\"headline\":\"Joaquim Janelinha, respons\u00e1vel pelo PL n\u00ba 312\\\/2021\",\"datePublished\":\"2022-01-21T06:12:22+00:00\",\"dateModified\":\"2022-01-21T06:12:23+00:00\",\"mainEntityOfPage\":{\"@id\":\"https:\\\/\\\/ocoerente.com.br\\\/se\\\/2022\\\/01\\\/21\\\/joaquim-janelinha-responsavel-pelo-pl-no-312-2021\\\/\"},\"wordCount\":196,\"publisher\":{\"@id\":\"https:\\\/\\\/ocoerente.com.br\\\/se\\\/#\\\/schema\\\/person\\\/cc6bfd9fbca465e23543b0c963d8d037\"},\"image\":{\"@id\":\"https:\\\/\\\/ocoerente.com.br\\\/se\\\/2022\\\/01\\\/21\\\/joaquim-janelinha-responsavel-pelo-pl-no-312-2021\\\/#primaryimage\"},\"thumbnailUrl\":\"https:\\\/\\\/ocoerente.com.br\\\/se\\\/wp-content\\\/uploads\\\/2022\\\/01\\\/joaquiiii.jpg\",\"articleSection\":[\"Destaques\",\"Pol\u00edtica\"],\"inLanguage\":\"pt-BR\"},{\"@type\":\"WebPage\",\"@id\":\"https:\\\/\\\/ocoerente.com.br\\\/se\\\/2022\\\/01\\\/21\\\/joaquim-janelinha-responsavel-pelo-pl-no-312-2021\\\/\",\"url\":\"https:\\\/\\\/ocoerente.com.br\\\/se\\\/2022\\\/01\\\/21\\\/joaquim-janelinha-responsavel-pelo-pl-no-312-2021\\\/\",\"name\":\"Joaquim Janelinha, respons\u00e1vel pelo PL n\u00ba 312\\\/2021 - O Coerente\",\"isPartOf\":{\"@id\":\"https:\\\/\\\/ocoerente.com.br\\\/se\\\/#website\"},\"primaryImageOfPage\":{\"@id\":\"https:\\\/\\\/ocoerente.com.br\\\/se\\\/2022\\\/01\\\/21\\\/joaquim-janelinha-responsavel-pelo-pl-no-312-2021\\\/#primaryimage\"},\"image\":{\"@id\":\"https:\\\/\\\/ocoerente.com.br\\\/se\\\/2022\\\/01\\\/21\\\/joaquim-janelinha-responsavel-pelo-pl-no-312-2021\\\/#primaryimage\"},\"thumbnailUrl\":\"https:\\\/\\\/ocoerente.com.br\\\/se\\\/wp-content\\\/uploads\\\/2022\\\/01\\\/joaquiiii.jpg\",\"datePublished\":\"2022-01-21T06:12:22+00:00\",\"dateModified\":\"2022-01-21T06:12:23+00:00\",\"breadcrumb\":{\"@id\":\"https:\\\/\\\/ocoerente.com.br\\\/se\\\/2022\\\/01\\\/21\\\/joaquim-janelinha-responsavel-pelo-pl-no-312-2021\\\/#breadcrumb\"},\"inLanguage\":\"pt-BR\",\"potentialAction\":[{\"@type\":\"ReadAction\",\"target\":[\"https:\\\/\\\/ocoerente.com.br\\\/se\\\/2022\\\/01\\\/21\\\/joaquim-janelinha-responsavel-pelo-pl-no-312-2021\\\/\"]}]},{\"@type\":\"ImageObject\",\"inLanguage\":\"pt-BR\",\"@id\":\"https:\\\/\\\/ocoerente.com.br\\\/se\\\/2022\\\/01\\\/21\\\/joaquim-janelinha-responsavel-pelo-pl-no-312-2021\\\/#primaryimage\",\"url\":\"https:\\\/\\\/ocoerente.com.br\\\/se\\\/wp-content\\\/uploads\\\/2022\\\/01\\\/joaquiiii.jpg\",\"contentUrl\":\"https:\\\/\\\/ocoerente.com.br\\\/se\\\/wp-content\\\/uploads\\\/2022\\\/01\\\/joaquiiii.jpg\",\"width\":732,\"height\":567},{\"@type\":\"BreadcrumbList\",\"@id\":\"https:\\\/\\\/ocoerente.com.br\\\/se\\\/2022\\\/01\\\/21\\\/joaquim-janelinha-responsavel-pelo-pl-no-312-2021\\\/#breadcrumb\",\"itemListElement\":[{\"@type\":\"ListItem\",\"position\":1,\"name\":\"In\u00edcio\",\"item\":\"https:\\\/\\\/ocoerente.com.br\\\/se\\\/\"},{\"@type\":\"ListItem\",\"position\":2,\"name\":\"Joaquim Janelinha, respons\u00e1vel pelo PL n\u00ba 312\\\/2021\"}]},{\"@type\":\"WebSite\",\"@id\":\"https:\\\/\\\/ocoerente.com.br\\\/se\\\/#website\",\"url\":\"https:\\\/\\\/ocoerente.com.br\\\/se\\\/\",\"name\":\"O Coerente\",\"description\":\"\",\"publisher\":{\"@id\":\"https:\\\/\\\/ocoerente.com.br\\\/se\\\/#\\\/schema\\\/person\\\/cc6bfd9fbca465e23543b0c963d8d037\"},\"potentialAction\":[{\"@type\":\"SearchAction\",\"target\":{\"@type\":\"EntryPoint\",\"urlTemplate\":\"https:\\\/\\\/ocoerente.com.br\\\/se\\\/?s={search_term_string}\"},\"query-input\":{\"@type\":\"PropertyValueSpecification\",\"valueRequired\":true,\"valueName\":\"search_term_string\"}}],\"inLanguage\":\"pt-BR\"},{\"@type\":[\"Person\",\"Organization\"],\"@id\":\"https:\\\/\\\/ocoerente.com.br\\\/se\\\/#\\\/schema\\\/person\\\/cc6bfd9fbca465e23543b0c963d8d037\",\"name\":\"Reda\u00e7\u00e3o\",\"image\":{\"@type\":\"ImageObject\",\"inLanguage\":\"pt-BR\",\"@id\":\"https:\\\/\\\/ocoerente.com.br\\\/se\\\/wp-content\\\/uploads\\\/2020\\\/01\\\/ocoerente-1.png\",\"url\":\"https:\\\/\\\/ocoerente.com.br\\\/se\\\/wp-content\\\/uploads\\\/2020\\\/01\\\/ocoerente-1.png\",\"contentUrl\":\"https:\\\/\\\/ocoerente.com.br\\\/se\\\/wp-content\\\/uploads\\\/2020\\\/01\\\/ocoerente-1.png\",\"width\":50,\"height\":50,\"caption\":\"Reda\u00e7\u00e3o\"},\"logo\":{\"@id\":\"https:\\\/\\\/ocoerente.com.br\\\/se\\\/wp-content\\\/uploads\\\/2020\\\/01\\\/ocoerente-1.png\"},\"url\":\"https:\\\/\\\/ocoerente.com.br\\\/se\\\/author\\\/vasticlsales\\\/\"}]}<\/script>\n<!-- \/ Yoast SEO plugin. -->","yoast_head_json":{"title":"Joaquim Janelinha, respons\u00e1vel pelo PL n\u00ba 312\/2021 - O Coerente","robots":{"index":"index","follow":"follow","max-snippet":"max-snippet:-1","max-image-preview":"max-image-preview:large","max-video-preview":"max-video-preview:-1"},"canonical":"https:\/\/ocoerente.com.br\/se\/2022\/01\/21\/joaquim-janelinha-responsavel-pelo-pl-no-312-2021\/","og_locale":"pt_BR","og_type":"article","og_title":"Joaquim Janelinha, respons\u00e1vel pelo PL n\u00ba 312\/2021 - O Coerente","og_description":"Respons\u00e1vel pelo Projeto de Lei de n\u00b0 312\/2021 e aprovado por unanimidade na C\u00e2mara Municipal de Aracaju (CMA), que renomeou o Centro de Especialidade Odontol\u00f3gica Dr\u00b0 David Oliveira de Souza, localizado no conjunto Augusto Franco (Farol\u00e2ndia), o vereador por Aracaju, Joaquim da Janelinha (PROS), acompanhou, em visita ao CEO, o prefeito Edvaldo Nogueira (PDT), a [&hellip;]","og_url":"https:\/\/ocoerente.com.br\/se\/2022\/01\/21\/joaquim-janelinha-responsavel-pelo-pl-no-312-2021\/","og_site_name":"O Coerente","article_published_time":"2022-01-21T06:12:22+00:00","article_modified_time":"2022-01-21T06:12:23+00:00","og_image":[{"width":732,"height":567,"url":"https:\/\/ocoerente.com.br\/se\/wp-content\/uploads\/2022\/01\/joaquiiii.jpg","type":"image\/jpeg"}],"author":"Reda\u00e7\u00e3o","twitter_card":"summary_large_image","twitter_misc":{"Escrito por":"Reda\u00e7\u00e3o","Est. tempo de leitura":"1 minuto"},"schema":{"@context":"https:\/\/schema.org","@graph":[{"@type":"Article","@id":"https:\/\/ocoerente.com.br\/se\/2022\/01\/21\/joaquim-janelinha-responsavel-pelo-pl-no-312-2021\/#article","isPartOf":{"@id":"https:\/\/ocoerente.com.br\/se\/2022\/01\/21\/joaquim-janelinha-responsavel-pelo-pl-no-312-2021\/"},"author":{"name":"Reda\u00e7\u00e3o","@id":"https:\/\/ocoerente.com.br\/se\/#\/schema\/person\/cc6bfd9fbca465e23543b0c963d8d037"},"headline":"Joaquim Janelinha, respons\u00e1vel pelo PL n\u00ba 312\/2021","datePublished":"2022-01-21T06:12:22+00:00","dateModified":"2022-01-21T06:12:23+00:00","mainEntityOfPage":{"@id":"https:\/\/ocoerente.com.br\/se\/2022\/01\/21\/joaquim-janelinha-responsavel-pelo-pl-no-312-2021\/"},"wordCount":196,"publisher":{"@id":"https:\/\/ocoerente.com.br\/se\/#\/schema\/person\/cc6bfd9fbca465e23543b0c963d8d037"},"image":{"@id":"https:\/\/ocoerente.com.br\/se\/2022\/01\/21\/joaquim-janelinha-responsavel-pelo-pl-no-312-2021\/#primaryimage"},"thumbnailUrl":"https:\/\/ocoerente.com.br\/se\/wp-content\/uploads\/2022\/01\/joaquiiii.jpg","articleSection":["Destaques","Pol\u00edtica"],"inLanguage":"pt-BR"},{"@type":"WebPage","@id":"https:\/\/ocoerente.com.br\/se\/2022\/01\/21\/joaquim-janelinha-responsavel-pelo-pl-no-312-2021\/","url":"https:\/\/ocoerente.com.br\/se\/2022\/01\/21\/joaquim-janelinha-responsavel-pelo-pl-no-312-2021\/","name":"Joaquim Janelinha, respons\u00e1vel pelo PL n\u00ba 312\/2021 - O Coerente","isPartOf":{"@id":"https:\/\/ocoerente.com.br\/se\/#website"},"primaryImageOfPage":{"@id":"https:\/\/ocoerente.com.br\/se\/2022\/01\/21\/joaquim-janelinha-responsavel-pelo-pl-no-312-2021\/#primaryimage"},"image":{"@id":"https:\/\/ocoerente.com.br\/se\/2022\/01\/21\/joaquim-janelinha-responsavel-pelo-pl-no-312-2021\/#primaryimage"},"thumbnailUrl":"https:\/\/ocoerente.com.br\/se\/wp-content\/uploads\/2022\/01\/joaquiiii.jpg","datePublished":"2022-01-21T06:12:22+00:00","dateModified":"2022-01-21T06:12:23+00:00","breadcrumb":{"@id":"https:\/\/ocoerente.com.br\/se\/2022\/01\/21\/joaquim-janelinha-responsavel-pelo-pl-no-312-2021\/#breadcrumb"},"inLanguage":"pt-BR","potentialAction":[{"@type":"ReadAction","target":["https:\/\/ocoerente.com.br\/se\/2022\/01\/21\/joaquim-janelinha-responsavel-pelo-pl-no-312-2021\/"]}]},{"@type":"ImageObject","inLanguage":"pt-BR","@id":"https:\/\/ocoerente.com.br\/se\/2022\/01\/21\/joaquim-janelinha-responsavel-pelo-pl-no-312-2021\/#primaryimage","url":"https:\/\/ocoerente.com.br\/se\/wp-content\/uploads\/2022\/01\/joaquiiii.jpg","contentUrl":"https:\/\/ocoerente.com.br\/se\/wp-content\/uploads\/2022\/01\/joaquiiii.jpg","width":732,"height":567},{"@type":"BreadcrumbList","@id":"https:\/\/ocoerente.com.br\/se\/2022\/01\/21\/joaquim-janelinha-responsavel-pelo-pl-no-312-2021\/#breadcrumb","itemListElement":[{"@type":"ListItem","position":1,"name":"In\u00edcio","item":"https:\/\/ocoerente.com.br\/se\/"},{"@type":"ListItem","position":2,"name":"Joaquim Janelinha, respons\u00e1vel pelo PL n\u00ba 312\/2021"}]},{"@type":"WebSite","@id":"https:\/\/ocoerente.com.br\/se\/#website","url":"https:\/\/ocoerente.com.br\/se\/","name":"O Coerente","description":"","publisher":{"@id":"https:\/\/ocoerente.com.br\/se\/#\/schema\/person\/cc6bfd9fbca465e23543b0c963d8d037"},"potentialAction":[{"@type":"SearchAction","target":{"@type":"EntryPoint","urlTemplate":"https:\/\/ocoerente.com.br\/se\/?s={search_term_string}"},"query-input":{"@type":"PropertyValueSpecification","valueRequired":true,"valueName":"search_term_string"}}],"inLanguage":"pt-BR"},{"@type":["Person","Organization"],"@id":"https:\/\/ocoerente.com.br\/se\/#\/schema\/person\/cc6bfd9fbca465e23543b0c963d8d037","name":"Reda\u00e7\u00e3o","image":{"@type":"ImageObject","inLanguage":"pt-BR","@id":"https:\/\/ocoerente.com.br\/se\/wp-content\/uploads\/2020\/01\/ocoerente-1.png","url":"https:\/\/ocoerente.com.br\/se\/wp-content\/uploads\/2020\/01\/ocoerente-1.png","contentUrl":"https:\/\/ocoerente.com.br\/se\/wp-content\/uploads\/2020\/01\/ocoerente-1.png","width":50,"height":50,"caption":"Reda\u00e7\u00e3o"},"logo":{"@id":"https:\/\/ocoerente.com.br\/se\/wp-content\/uploads\/2020\/01\/ocoerente-1.png"},"url":"https:\/\/ocoerente.com.br\/se\/author\/vasticlsales\/"}]}},"_links":{"self":[{"href":"https:\/\/ocoerente.com.br\/se\/wp-json\/wp\/v2\/posts\/5178","targetHints":{"allow":["GET"]}}],"collection":[{"href":"https:\/\/ocoerente.com.br\/se\/wp-json\/wp\/v2\/posts"}],"about":[{"href":"https:\/\/ocoerente.com.br\/se\/wp-json\/wp\/v2\/types\/post"}],"author":[{"embeddable":true,"href":"https:\/\/ocoerente.com.br\/se\/wp-json\/wp\/v2\/users\/1"}],"replies":[{"embeddable":true,"href":"https:\/\/ocoerente.com.br\/se\/wp-json\/wp\/v2\/comments?post=5178"}],"version-history":[{"count":1,"href":"https:\/\/ocoerente.com.br\/se\/wp-json\/wp\/v2\/posts\/5178\/revisions"}],"predecessor-version":[{"id":5180,"href":"https:\/\/ocoerente.com.br\/se\/wp-json\/wp\/v2\/posts\/5178\/revisions\/5180"}],"wp:featuredmedia":[{"embeddable":true,"href":"https:\/\/ocoerente.com.br\/se\/wp-json\/wp\/v2\/media\/5179"}],"wp:attachment":[{"href":"https:\/\/ocoerente.com.br\/se\/wp-json\/wp\/v2\/media?parent=5178"}],"wp:term":[{"taxonomy":"category","embeddable":true,"href":"https:\/\/ocoerente.com.br\/se\/wp-json\/wp\/v2\/categories?post=5178"},{"taxonomy":"post_tag","embeddable":true,"href":"https:\/\/ocoerente.com.br\/se\/wp-json\/wp\/v2\/tags?post=5178"}],"curies":[{"name":"wp","href":"https:\/\/api.w.org\/{rel}","templated":true}]}}