{"id":3588,"date":"2021-06-05T03:59:07","date_gmt":"2021-06-05T06:59:07","guid":{"rendered":"https:\/\/ocoerente.com.br\/se\/?p=3588"},"modified":"2021-06-05T03:59:08","modified_gmt":"2021-06-05T06:59:08","slug":"empenho-de-profissionais-de-saude-foi-essencial-para-salvar-vidas-apos-incendio-no-nestor-piva","status":"publish","type":"post","link":"https:\/\/ocoerente.com.br\/se\/2021\/06\/05\/empenho-de-profissionais-de-saude-foi-essencial-para-salvar-vidas-apos-incendio-no-nestor-piva\/","title":{"rendered":"Empenho de profissionais de sa\u00fade foi essencial para salvar vidas ap\u00f3s inc\u00eandio no Nestor Piva"},"content":{"rendered":"\n<p>Ao optar pela \u00e1rea de sa\u00fade, muitos t\u00eam o respeito \u00e0 vida como principal mola propulsora, o norte que guiar\u00e1 a forma\u00e7\u00e3o e constru\u00e7\u00e3o da carreira. Prezar e cuidar da vida do pr\u00f3ximo, no entanto, n\u00e3o \u00e9 tarefa f\u00e1cil, envolve, sobretudo, dedica\u00e7\u00e3o e um olhar humano e acolhedor.\u00a0Express\u00f5es como essas foram vistas, na sexta-feira (28), durante o inc\u00eandio que ocorreu no Hospital Municipal Dr. Nestor Piva, quando uma for\u00e7a-tarefa de solidariedade e instinto humano foi essencial para salvar, proteger e acolher vidas.<\/p>\n\n\n\n<p>Entre os profissionais da \u00e1rea de sa\u00fade e da assist\u00eancia social da Prefeitura de Aracaju estavam trabalhadores que nem ao menos foram escalados para atuar naquele dia, mas, honrando a escolha que fizeram, decidiram sair de onde estavam para dar suporte em meio \u00e0 opera\u00e7\u00e3o realizada na unidade, tanto para retirar os pacientes da ala atingida, como tamb\u00e9m para prestar acolhimento aos familiares.\u00a0<\/p>\n\n\n\n<p>A enfermeira Andrea Dantas foi uma das profissionais que n\u00e3o estava de plant\u00e3o, mas n\u00e3o pensou duas vezes para ir ao local e oferecer o que poderia, no momento, mesmo estando vivendo um luta em sua vida pessoal.\u00a0<\/p>\n\n\n\n<p>\u201cFiquei sabendo por volta das 7h30, estava em casa e ainda me recuperando da perda da minha av\u00f3, mas n\u00e3o coloquei isso como um obst\u00e1culo. Naquele momento, s\u00f3 pensei em unir for\u00e7as. Ent\u00e3o, na verdade, o que me veio \u00e0 cabe\u00e7a foi que eu seria mais uma a somar, a fazer com que as coisas pudessem fluir melhor. Mesmo sendo capacitados para lidar em situa\u00e7\u00f5es como essa, foi um momento dif\u00edcil. Ainda assim, todos fizeram o que podiam para ajudar\u201d, conta Andrea.\u00a0<\/p>\n\n\n\n<p>A enfermeira Ariane Reis tamb\u00e9m n\u00e3o estava de plant\u00e3o, mas entende bem o seu papel profissional e humano. \u201cSomos uma equipe e precisamos unir esfor\u00e7os em toda e qualquer situa\u00e7\u00e3o, por isso, nosso papel \u00e9 prestar assist\u00eancia. Para mim, foi uma experi\u00eancia muito triste, dolorosa, mas, ainda assim, enquanto profissional, me foi muito valorosa, j\u00e1 que pude auxiliar, de alguma forma, e oferecer o meu apoio\u201d, ressalta.\u00a0<\/p>\n\n\n\n<p>Para a enfermeira e supervisora t\u00e9cnica J\u00e9ssia Fran\u00e7a, a experi\u00eancia marcou sua vida.\u00a0<\/p>\n\n\n\n<p>\u201cVer todos os nossos profissionais lutando para salvar os pacientes foi algo transformador, foi uma experi\u00eancia que vai nos marcar pro resto das nossas vidas porque, al\u00e9m de estarmos lutando contra um v\u00edrus letal, ainda vivenciamos um inc\u00eandio que, infelizmente, tamb\u00e9m tirou vidas. No entanto, fica a lembran\u00e7a da uni\u00e3o, da solidariedade e entrega de tantas pessoas que se dedicaram para ajudar, nessa situa\u00e7\u00e3o t\u00e3o dif\u00edcil\u201d, desabafa J\u00e9ssia.\u00a0<\/p>\n\n\n\n<p><strong>Assist\u00eancia<\/strong><\/p>\n\n\n\n<p>Al\u00e9m dos profissionais da pr\u00f3pria unidade, a Prefeitura atuou, durante todo o tempo, no suporte aos trabalhadores, pacientes e seus familiares.\u00a0<\/p>\n\n\n\n<p>Por meio da Secretaria Municipal da Assist\u00eancia Social, atrav\u00e9s da Coordenadoria de Programas e Benef\u00edcios Socioassistenciais da Secretaria Municipal da Assist\u00eancia Social, os familiares das v\u00edtimas foram atendidos e receberam todas as informa\u00e7\u00f5es necess\u00e1rias, incluindo o acesso ao servi\u00e7o funer\u00e1rio. No entanto, o suporte foi al\u00e9m da parte burocr\u00e1tica, e envolveu tamb\u00e9m di\u00e1logo, conforto e orienta\u00e7\u00e3o.\u00a0<\/p>\n\n\n\n<p>Al\u00e9m disso, uma equipe esteve de prontid\u00e3o para dar informa\u00e7\u00f5es e acolher as fam\u00edlias dos pacientes que foram a \u00f3bito. A Rede de Aten\u00e7\u00e3o Psicossocial da Secretaria Municipal da Sa\u00fade (SMS), em parceria com a Secretaria Municipal de Planejamento, Or\u00e7amento e Gest\u00e3o (Seplog), montou uma estrat\u00e9gia de atendimento para todos aqueles que estavam no local no momento do inc\u00eandio e que ficaram abalados psicologicamente com essa trag\u00e9dia.\u00a0<\/p>\n\n\n\n<p><strong>Inc\u00eandio<\/strong><\/p>\n\n\n\n<p>Na sexta-feira (28) ocorreu um inc\u00eandio no Hospital Nestor Piva, iniciado na sala de prescri\u00e7\u00e3o m\u00e9dica da ala covid. No momento, havia 41 pacientes na unidade, sendo 24 internados nesta ala, 14 na ala de interna\u00e7\u00e3o geral e tr\u00eas em observa\u00e7\u00e3o.<\/p>\n\n\n\n<p>Por causa das chamas, foi necess\u00e1rio evacuar e isolar toda a unidade, sendo necess\u00e1rio remover os pacientes e profissionais. Quatro pacientes foram a \u00f3bito, todas mulheres, com idade entre 49 e 77 anos. Tr\u00eas delas faleceram no local e uma durante a transfer\u00eancia.<\/p>\n\n\n\n<p>Paralelamente, a Central de Regula\u00e7\u00e3o da SMS articulou a libera\u00e7\u00e3o de leitos tanto na rede municipal quanto nas redes estadual e particular de sa\u00fade. Das pessoas transferidas da UPA, entre pacientes e profissionais, cerca de 60% foram absorvidas na pr\u00f3pria rede municipal, cuja capacidade de atendimento, ampliada pela Prefeitura em 90% entre janeiro e maio deste ano, tem evitado a desassist\u00eancia em sa\u00fade da popula\u00e7\u00e3o durante a pandemia.\u00a0Com taxa de ocupa\u00e7\u00e3o dos leitos de retaguarda inferior a 55%, na sexta-feira (28), a rede municipal dispunha de estrutura suficiente para atender a demanda emergencial decorrente do fechamento tempor\u00e1rio dos leitos do Nestor Piva.<\/p>\n\n\n\n<p>Dos 31 pacientes que permanecem internados, seis est\u00e3o no Hospital Universit\u00e1rio, dois est\u00e3o na Unidade de Tratamento para Queimados, tr\u00eas na retaguarda municipal no Huse, tr\u00eas no Fernando Franco, dois no HPM, dez na retaguarda municipal do Santa Isabel, quatro no Cirurgia.<\/p>\n","protected":false},"excerpt":{"rendered":"<p>Ao optar pela \u00e1rea de sa\u00fade, muitos t\u00eam o respeito \u00e0 vida como principal mola propulsora, o norte que guiar\u00e1 a forma\u00e7\u00e3o e constru\u00e7\u00e3o da carreira. Prezar e cuidar da vida do pr\u00f3ximo, no entanto, n\u00e3o \u00e9 tarefa f\u00e1cil, envolve, sobretudo, dedica\u00e7\u00e3o e um olhar humano e acolhedor.\u00a0Express\u00f5es como essas foram vistas, na sexta-feira (28), [&hellip;]<\/p>\n","protected":false},"author":1,"featured_media":3589,"comment_status":"closed","ping_status":"closed","sticky":false,"template":"","format":"standard","meta":{"footnotes":""},"categories":[53,54],"tags":[],"class_list":["post-3588","post","type-post","status-publish","format-standard","has-post-thumbnail","hentry","category-destaques","category-saude"],"yoast_head":"<!-- This site is optimized with the Yoast SEO plugin v27.4 - https:\/\/yoast.com\/product\/yoast-seo-wordpress\/ -->\n<title>Empenho de profissionais de sa\u00fade foi essencial para salvar vidas ap\u00f3s inc\u00eandio no Nestor Piva - O Coerente<\/title>\n<meta name=\"robots\" content=\"index, follow, max-snippet:-1, max-image-preview:large, max-video-preview:-1\" \/>\n<link rel=\"canonical\" href=\"https:\/\/ocoerente.com.br\/se\/2021\/06\/05\/empenho-de-profissionais-de-saude-foi-essencial-para-salvar-vidas-apos-incendio-no-nestor-piva\/\" \/>\n<meta property=\"og:locale\" content=\"pt_BR\" \/>\n<meta property=\"og:type\" content=\"article\" \/>\n<meta property=\"og:title\" content=\"Empenho de profissionais de sa\u00fade foi essencial para salvar vidas ap\u00f3s inc\u00eandio no Nestor Piva - O Coerente\" \/>\n<meta property=\"og:description\" content=\"Ao optar pela \u00e1rea de sa\u00fade, muitos t\u00eam o respeito \u00e0 vida como principal mola propulsora, o norte que guiar\u00e1 a forma\u00e7\u00e3o e constru\u00e7\u00e3o da carreira. Prezar e cuidar da vida do pr\u00f3ximo, no entanto, n\u00e3o \u00e9 tarefa f\u00e1cil, envolve, sobretudo, dedica\u00e7\u00e3o e um olhar humano e acolhedor.\u00a0Express\u00f5es como essas foram vistas, na sexta-feira (28), [&hellip;]\" \/>\n<meta property=\"og:url\" content=\"https:\/\/ocoerente.com.br\/se\/2021\/06\/05\/empenho-de-profissionais-de-saude-foi-essencial-para-salvar-vidas-apos-incendio-no-nestor-piva\/\" \/>\n<meta property=\"og:site_name\" content=\"O Coerente\" \/>\n<meta property=\"article:published_time\" content=\"2021-06-05T06:59:07+00:00\" \/>\n<meta property=\"article:modified_time\" content=\"2021-06-05T06:59:08+00:00\" \/>\n<meta property=\"og:image\" content=\"https:\/\/ocoerente.com.br\/se\/wp-content\/uploads\/2021\/06\/nestor_piva___foto_marcelle_cristinne.jpg\" \/>\n\t<meta property=\"og:image:width\" content=\"1400\" \/>\n\t<meta property=\"og:image:height\" content=\"933\" \/>\n\t<meta property=\"og:image:type\" content=\"image\/jpeg\" \/>\n<meta name=\"author\" content=\"Reda\u00e7\u00e3o\" \/>\n<meta name=\"twitter:card\" content=\"summary_large_image\" \/>\n<meta name=\"twitter:label1\" content=\"Escrito por\" \/>\n\t<meta name=\"twitter:data1\" content=\"Reda\u00e7\u00e3o\" \/>\n\t<meta name=\"twitter:label2\" content=\"Est. tempo de leitura\" \/>\n\t<meta name=\"twitter:data2\" content=\"4 minutos\" \/>\n<script type=\"application\/ld+json\" class=\"yoast-schema-graph\">{\"@context\":\"https:\\\/\\\/schema.org\",\"@graph\":[{\"@type\":\"Article\",\"@id\":\"https:\\\/\\\/ocoerente.com.br\\\/se\\\/2021\\\/06\\\/05\\\/empenho-de-profissionais-de-saude-foi-essencial-para-salvar-vidas-apos-incendio-no-nestor-piva\\\/#article\",\"isPartOf\":{\"@id\":\"https:\\\/\\\/ocoerente.com.br\\\/se\\\/2021\\\/06\\\/05\\\/empenho-de-profissionais-de-saude-foi-essencial-para-salvar-vidas-apos-incendio-no-nestor-piva\\\/\"},\"author\":{\"name\":\"Reda\u00e7\u00e3o\",\"@id\":\"https:\\\/\\\/ocoerente.com.br\\\/se\\\/#\\\/schema\\\/person\\\/cc6bfd9fbca465e23543b0c963d8d037\"},\"headline\":\"Empenho de profissionais de sa\u00fade foi essencial para salvar vidas ap\u00f3s inc\u00eandio no Nestor Piva\",\"datePublished\":\"2021-06-05T06:59:07+00:00\",\"dateModified\":\"2021-06-05T06:59:08+00:00\",\"mainEntityOfPage\":{\"@id\":\"https:\\\/\\\/ocoerente.com.br\\\/se\\\/2021\\\/06\\\/05\\\/empenho-de-profissionais-de-saude-foi-essencial-para-salvar-vidas-apos-incendio-no-nestor-piva\\\/\"},\"wordCount\":890,\"publisher\":{\"@id\":\"https:\\\/\\\/ocoerente.com.br\\\/se\\\/#\\\/schema\\\/person\\\/cc6bfd9fbca465e23543b0c963d8d037\"},\"image\":{\"@id\":\"https:\\\/\\\/ocoerente.com.br\\\/se\\\/2021\\\/06\\\/05\\\/empenho-de-profissionais-de-saude-foi-essencial-para-salvar-vidas-apos-incendio-no-nestor-piva\\\/#primaryimage\"},\"thumbnailUrl\":\"https:\\\/\\\/ocoerente.com.br\\\/se\\\/wp-content\\\/uploads\\\/2021\\\/06\\\/nestor_piva___foto_marcelle_cristinne.jpg\",\"articleSection\":[\"Destaques\",\"Sa\u00fade\"],\"inLanguage\":\"pt-BR\"},{\"@type\":\"WebPage\",\"@id\":\"https:\\\/\\\/ocoerente.com.br\\\/se\\\/2021\\\/06\\\/05\\\/empenho-de-profissionais-de-saude-foi-essencial-para-salvar-vidas-apos-incendio-no-nestor-piva\\\/\",\"url\":\"https:\\\/\\\/ocoerente.com.br\\\/se\\\/2021\\\/06\\\/05\\\/empenho-de-profissionais-de-saude-foi-essencial-para-salvar-vidas-apos-incendio-no-nestor-piva\\\/\",\"name\":\"Empenho de profissionais de sa\u00fade foi essencial para salvar vidas ap\u00f3s inc\u00eandio no Nestor Piva - O Coerente\",\"isPartOf\":{\"@id\":\"https:\\\/\\\/ocoerente.com.br\\\/se\\\/#website\"},\"primaryImageOfPage\":{\"@id\":\"https:\\\/\\\/ocoerente.com.br\\\/se\\\/2021\\\/06\\\/05\\\/empenho-de-profissionais-de-saude-foi-essencial-para-salvar-vidas-apos-incendio-no-nestor-piva\\\/#primaryimage\"},\"image\":{\"@id\":\"https:\\\/\\\/ocoerente.com.br\\\/se\\\/2021\\\/06\\\/05\\\/empenho-de-profissionais-de-saude-foi-essencial-para-salvar-vidas-apos-incendio-no-nestor-piva\\\/#primaryimage\"},\"thumbnailUrl\":\"https:\\\/\\\/ocoerente.com.br\\\/se\\\/wp-content\\\/uploads\\\/2021\\\/06\\\/nestor_piva___foto_marcelle_cristinne.jpg\",\"datePublished\":\"2021-06-05T06:59:07+00:00\",\"dateModified\":\"2021-06-05T06:59:08+00:00\",\"breadcrumb\":{\"@id\":\"https:\\\/\\\/ocoerente.com.br\\\/se\\\/2021\\\/06\\\/05\\\/empenho-de-profissionais-de-saude-foi-essencial-para-salvar-vidas-apos-incendio-no-nestor-piva\\\/#breadcrumb\"},\"inLanguage\":\"pt-BR\",\"potentialAction\":[{\"@type\":\"ReadAction\",\"target\":[\"https:\\\/\\\/ocoerente.com.br\\\/se\\\/2021\\\/06\\\/05\\\/empenho-de-profissionais-de-saude-foi-essencial-para-salvar-vidas-apos-incendio-no-nestor-piva\\\/\"]}]},{\"@type\":\"ImageObject\",\"inLanguage\":\"pt-BR\",\"@id\":\"https:\\\/\\\/ocoerente.com.br\\\/se\\\/2021\\\/06\\\/05\\\/empenho-de-profissionais-de-saude-foi-essencial-para-salvar-vidas-apos-incendio-no-nestor-piva\\\/#primaryimage\",\"url\":\"https:\\\/\\\/ocoerente.com.br\\\/se\\\/wp-content\\\/uploads\\\/2021\\\/06\\\/nestor_piva___foto_marcelle_cristinne.jpg\",\"contentUrl\":\"https:\\\/\\\/ocoerente.com.br\\\/se\\\/wp-content\\\/uploads\\\/2021\\\/06\\\/nestor_piva___foto_marcelle_cristinne.jpg\",\"width\":1400,\"height\":933},{\"@type\":\"BreadcrumbList\",\"@id\":\"https:\\\/\\\/ocoerente.com.br\\\/se\\\/2021\\\/06\\\/05\\\/empenho-de-profissionais-de-saude-foi-essencial-para-salvar-vidas-apos-incendio-no-nestor-piva\\\/#breadcrumb\",\"itemListElement\":[{\"@type\":\"ListItem\",\"position\":1,\"name\":\"In\u00edcio\",\"item\":\"https:\\\/\\\/ocoerente.com.br\\\/se\\\/\"},{\"@type\":\"ListItem\",\"position\":2,\"name\":\"Empenho de profissionais de sa\u00fade foi essencial para salvar vidas ap\u00f3s inc\u00eandio no Nestor Piva\"}]},{\"@type\":\"WebSite\",\"@id\":\"https:\\\/\\\/ocoerente.com.br\\\/se\\\/#website\",\"url\":\"https:\\\/\\\/ocoerente.com.br\\\/se\\\/\",\"name\":\"O Coerente\",\"description\":\"\",\"publisher\":{\"@id\":\"https:\\\/\\\/ocoerente.com.br\\\/se\\\/#\\\/schema\\\/person\\\/cc6bfd9fbca465e23543b0c963d8d037\"},\"potentialAction\":[{\"@type\":\"SearchAction\",\"target\":{\"@type\":\"EntryPoint\",\"urlTemplate\":\"https:\\\/\\\/ocoerente.com.br\\\/se\\\/?s={search_term_string}\"},\"query-input\":{\"@type\":\"PropertyValueSpecification\",\"valueRequired\":true,\"valueName\":\"search_term_string\"}}],\"inLanguage\":\"pt-BR\"},{\"@type\":[\"Person\",\"Organization\"],\"@id\":\"https:\\\/\\\/ocoerente.com.br\\\/se\\\/#\\\/schema\\\/person\\\/cc6bfd9fbca465e23543b0c963d8d037\",\"name\":\"Reda\u00e7\u00e3o\",\"image\":{\"@type\":\"ImageObject\",\"inLanguage\":\"pt-BR\",\"@id\":\"https:\\\/\\\/ocoerente.com.br\\\/se\\\/wp-content\\\/uploads\\\/2020\\\/01\\\/ocoerente-1.png\",\"url\":\"https:\\\/\\\/ocoerente.com.br\\\/se\\\/wp-content\\\/uploads\\\/2020\\\/01\\\/ocoerente-1.png\",\"contentUrl\":\"https:\\\/\\\/ocoerente.com.br\\\/se\\\/wp-content\\\/uploads\\\/2020\\\/01\\\/ocoerente-1.png\",\"width\":50,\"height\":50,\"caption\":\"Reda\u00e7\u00e3o\"},\"logo\":{\"@id\":\"https:\\\/\\\/ocoerente.com.br\\\/se\\\/wp-content\\\/uploads\\\/2020\\\/01\\\/ocoerente-1.png\"},\"url\":\"https:\\\/\\\/ocoerente.com.br\\\/se\\\/author\\\/vasticlsales\\\/\"}]}<\/script>\n<!-- \/ Yoast SEO plugin. -->","yoast_head_json":{"title":"Empenho de profissionais de sa\u00fade foi essencial para salvar vidas ap\u00f3s inc\u00eandio no Nestor Piva - O Coerente","robots":{"index":"index","follow":"follow","max-snippet":"max-snippet:-1","max-image-preview":"max-image-preview:large","max-video-preview":"max-video-preview:-1"},"canonical":"https:\/\/ocoerente.com.br\/se\/2021\/06\/05\/empenho-de-profissionais-de-saude-foi-essencial-para-salvar-vidas-apos-incendio-no-nestor-piva\/","og_locale":"pt_BR","og_type":"article","og_title":"Empenho de profissionais de sa\u00fade foi essencial para salvar vidas ap\u00f3s inc\u00eandio no Nestor Piva - O Coerente","og_description":"Ao optar pela \u00e1rea de sa\u00fade, muitos t\u00eam o respeito \u00e0 vida como principal mola propulsora, o norte que guiar\u00e1 a forma\u00e7\u00e3o e constru\u00e7\u00e3o da carreira. Prezar e cuidar da vida do pr\u00f3ximo, no entanto, n\u00e3o \u00e9 tarefa f\u00e1cil, envolve, sobretudo, dedica\u00e7\u00e3o e um olhar humano e acolhedor.\u00a0Express\u00f5es como essas foram vistas, na sexta-feira (28), [&hellip;]","og_url":"https:\/\/ocoerente.com.br\/se\/2021\/06\/05\/empenho-de-profissionais-de-saude-foi-essencial-para-salvar-vidas-apos-incendio-no-nestor-piva\/","og_site_name":"O Coerente","article_published_time":"2021-06-05T06:59:07+00:00","article_modified_time":"2021-06-05T06:59:08+00:00","og_image":[{"width":1400,"height":933,"url":"https:\/\/ocoerente.com.br\/se\/wp-content\/uploads\/2021\/06\/nestor_piva___foto_marcelle_cristinne.jpg","type":"image\/jpeg"}],"author":"Reda\u00e7\u00e3o","twitter_card":"summary_large_image","twitter_misc":{"Escrito por":"Reda\u00e7\u00e3o","Est. tempo de leitura":"4 minutos"},"schema":{"@context":"https:\/\/schema.org","@graph":[{"@type":"Article","@id":"https:\/\/ocoerente.com.br\/se\/2021\/06\/05\/empenho-de-profissionais-de-saude-foi-essencial-para-salvar-vidas-apos-incendio-no-nestor-piva\/#article","isPartOf":{"@id":"https:\/\/ocoerente.com.br\/se\/2021\/06\/05\/empenho-de-profissionais-de-saude-foi-essencial-para-salvar-vidas-apos-incendio-no-nestor-piva\/"},"author":{"name":"Reda\u00e7\u00e3o","@id":"https:\/\/ocoerente.com.br\/se\/#\/schema\/person\/cc6bfd9fbca465e23543b0c963d8d037"},"headline":"Empenho de profissionais de sa\u00fade foi essencial para salvar vidas ap\u00f3s inc\u00eandio no Nestor Piva","datePublished":"2021-06-05T06:59:07+00:00","dateModified":"2021-06-05T06:59:08+00:00","mainEntityOfPage":{"@id":"https:\/\/ocoerente.com.br\/se\/2021\/06\/05\/empenho-de-profissionais-de-saude-foi-essencial-para-salvar-vidas-apos-incendio-no-nestor-piva\/"},"wordCount":890,"publisher":{"@id":"https:\/\/ocoerente.com.br\/se\/#\/schema\/person\/cc6bfd9fbca465e23543b0c963d8d037"},"image":{"@id":"https:\/\/ocoerente.com.br\/se\/2021\/06\/05\/empenho-de-profissionais-de-saude-foi-essencial-para-salvar-vidas-apos-incendio-no-nestor-piva\/#primaryimage"},"thumbnailUrl":"https:\/\/ocoerente.com.br\/se\/wp-content\/uploads\/2021\/06\/nestor_piva___foto_marcelle_cristinne.jpg","articleSection":["Destaques","Sa\u00fade"],"inLanguage":"pt-BR"},{"@type":"WebPage","@id":"https:\/\/ocoerente.com.br\/se\/2021\/06\/05\/empenho-de-profissionais-de-saude-foi-essencial-para-salvar-vidas-apos-incendio-no-nestor-piva\/","url":"https:\/\/ocoerente.com.br\/se\/2021\/06\/05\/empenho-de-profissionais-de-saude-foi-essencial-para-salvar-vidas-apos-incendio-no-nestor-piva\/","name":"Empenho de profissionais de sa\u00fade foi essencial para salvar vidas ap\u00f3s inc\u00eandio no Nestor Piva - O Coerente","isPartOf":{"@id":"https:\/\/ocoerente.com.br\/se\/#website"},"primaryImageOfPage":{"@id":"https:\/\/ocoerente.com.br\/se\/2021\/06\/05\/empenho-de-profissionais-de-saude-foi-essencial-para-salvar-vidas-apos-incendio-no-nestor-piva\/#primaryimage"},"image":{"@id":"https:\/\/ocoerente.com.br\/se\/2021\/06\/05\/empenho-de-profissionais-de-saude-foi-essencial-para-salvar-vidas-apos-incendio-no-nestor-piva\/#primaryimage"},"thumbnailUrl":"https:\/\/ocoerente.com.br\/se\/wp-content\/uploads\/2021\/06\/nestor_piva___foto_marcelle_cristinne.jpg","datePublished":"2021-06-05T06:59:07+00:00","dateModified":"2021-06-05T06:59:08+00:00","breadcrumb":{"@id":"https:\/\/ocoerente.com.br\/se\/2021\/06\/05\/empenho-de-profissionais-de-saude-foi-essencial-para-salvar-vidas-apos-incendio-no-nestor-piva\/#breadcrumb"},"inLanguage":"pt-BR","potentialAction":[{"@type":"ReadAction","target":["https:\/\/ocoerente.com.br\/se\/2021\/06\/05\/empenho-de-profissionais-de-saude-foi-essencial-para-salvar-vidas-apos-incendio-no-nestor-piva\/"]}]},{"@type":"ImageObject","inLanguage":"pt-BR","@id":"https:\/\/ocoerente.com.br\/se\/2021\/06\/05\/empenho-de-profissionais-de-saude-foi-essencial-para-salvar-vidas-apos-incendio-no-nestor-piva\/#primaryimage","url":"https:\/\/ocoerente.com.br\/se\/wp-content\/uploads\/2021\/06\/nestor_piva___foto_marcelle_cristinne.jpg","contentUrl":"https:\/\/ocoerente.com.br\/se\/wp-content\/uploads\/2021\/06\/nestor_piva___foto_marcelle_cristinne.jpg","width":1400,"height":933},{"@type":"BreadcrumbList","@id":"https:\/\/ocoerente.com.br\/se\/2021\/06\/05\/empenho-de-profissionais-de-saude-foi-essencial-para-salvar-vidas-apos-incendio-no-nestor-piva\/#breadcrumb","itemListElement":[{"@type":"ListItem","position":1,"name":"In\u00edcio","item":"https:\/\/ocoerente.com.br\/se\/"},{"@type":"ListItem","position":2,"name":"Empenho de profissionais de sa\u00fade foi essencial para salvar vidas ap\u00f3s inc\u00eandio no Nestor Piva"}]},{"@type":"WebSite","@id":"https:\/\/ocoerente.com.br\/se\/#website","url":"https:\/\/ocoerente.com.br\/se\/","name":"O Coerente","description":"","publisher":{"@id":"https:\/\/ocoerente.com.br\/se\/#\/schema\/person\/cc6bfd9fbca465e23543b0c963d8d037"},"potentialAction":[{"@type":"SearchAction","target":{"@type":"EntryPoint","urlTemplate":"https:\/\/ocoerente.com.br\/se\/?s={search_term_string}"},"query-input":{"@type":"PropertyValueSpecification","valueRequired":true,"valueName":"search_term_string"}}],"inLanguage":"pt-BR"},{"@type":["Person","Organization"],"@id":"https:\/\/ocoerente.com.br\/se\/#\/schema\/person\/cc6bfd9fbca465e23543b0c963d8d037","name":"Reda\u00e7\u00e3o","image":{"@type":"ImageObject","inLanguage":"pt-BR","@id":"https:\/\/ocoerente.com.br\/se\/wp-content\/uploads\/2020\/01\/ocoerente-1.png","url":"https:\/\/ocoerente.com.br\/se\/wp-content\/uploads\/2020\/01\/ocoerente-1.png","contentUrl":"https:\/\/ocoerente.com.br\/se\/wp-content\/uploads\/2020\/01\/ocoerente-1.png","width":50,"height":50,"caption":"Reda\u00e7\u00e3o"},"logo":{"@id":"https:\/\/ocoerente.com.br\/se\/wp-content\/uploads\/2020\/01\/ocoerente-1.png"},"url":"https:\/\/ocoerente.com.br\/se\/author\/vasticlsales\/"}]}},"_links":{"self":[{"href":"https:\/\/ocoerente.com.br\/se\/wp-json\/wp\/v2\/posts\/3588","targetHints":{"allow":["GET"]}}],"collection":[{"href":"https:\/\/ocoerente.com.br\/se\/wp-json\/wp\/v2\/posts"}],"about":[{"href":"https:\/\/ocoerente.com.br\/se\/wp-json\/wp\/v2\/types\/post"}],"author":[{"embeddable":true,"href":"https:\/\/ocoerente.com.br\/se\/wp-json\/wp\/v2\/users\/1"}],"replies":[{"embeddable":true,"href":"https:\/\/ocoerente.com.br\/se\/wp-json\/wp\/v2\/comments?post=3588"}],"version-history":[{"count":1,"href":"https:\/\/ocoerente.com.br\/se\/wp-json\/wp\/v2\/posts\/3588\/revisions"}],"predecessor-version":[{"id":3590,"href":"https:\/\/ocoerente.com.br\/se\/wp-json\/wp\/v2\/posts\/3588\/revisions\/3590"}],"wp:featuredmedia":[{"embeddable":true,"href":"https:\/\/ocoerente.com.br\/se\/wp-json\/wp\/v2\/media\/3589"}],"wp:attachment":[{"href":"https:\/\/ocoerente.com.br\/se\/wp-json\/wp\/v2\/media?parent=3588"}],"wp:term":[{"taxonomy":"category","embeddable":true,"href":"https:\/\/ocoerente.com.br\/se\/wp-json\/wp\/v2\/categories?post=3588"},{"taxonomy":"post_tag","embeddable":true,"href":"https:\/\/ocoerente.com.br\/se\/wp-json\/wp\/v2\/tags?post=3588"}],"curies":[{"name":"wp","href":"https:\/\/api.w.org\/{rel}","templated":true}]}}