{"id":3585,"date":"2021-06-05T03:57:25","date_gmt":"2021-06-05T06:57:25","guid":{"rendered":"https:\/\/ocoerente.com.br\/se\/?p=3585"},"modified":"2021-06-05T03:57:27","modified_gmt":"2021-06-05T06:57:27","slug":"prefeitura-garante-tratamento-para-tabagismo-fator-de-risco-para-agravamento-da-covid-19","status":"publish","type":"post","link":"https:\/\/ocoerente.com.br\/se\/2021\/06\/05\/prefeitura-garante-tratamento-para-tabagismo-fator-de-risco-para-agravamento-da-covid-19\/","title":{"rendered":"Prefeitura garante tratamento para tabagismo, fator de risco para agravamento da covid-19"},"content":{"rendered":"\n<p>De acordo com dados do Instituto Nacional do C\u00e2ncer (Inca), diariamente, 443 pessoas morrem, no Brasil, em decorr\u00eancia do tabagismo. Por ano, s\u00e3o 161.853 mortes que poderiam ter sido evitadas. O 31 de maio \u00e9 lembrado como o Dia Mundial Sem Tabaco e, enquanto vivenciamos a crise sanit\u00e1ria decorrente do coronav\u00edrus, outro fator preocupante incide: fumantes t\u00eam maior risco de desenvolver doen\u00e7a grave e morte por covid-19.<\/p>\n\n\n\n<p>Apesar de ser um assunto recorrente e h\u00e1 muito tempo tido como uma quest\u00e3o de sa\u00fade p\u00fablica, sendo o tabagismo considerado uma doen\u00e7a cr\u00f4nica e que integra o grupo de transtornos mentais e comportamentais, ainda \u00e9 alto o n\u00famero de fumantes, s\u00e3o mais de 20 milh\u00f5es em todo o pa\u00eds.<\/p>\n\n\n\n<p>Em Aracaju, uma das formas de controle \u00e0 doen\u00e7a \u00e9 realizada atrav\u00e9s do&nbsp;<a href=\"https:\/\/www.aracaju.se.gov.br\/noticias\/89170\">Programa de Combate ao Tabagismo, coordenado&nbsp;pela Secretaria Municipal da Sa\u00fade (SMS)<\/a>. Por meio dele, quem tem interesse em parar de fumar encontra apoio e tratamento.&nbsp;<\/p>\n\n\n\n<p>O servi\u00e7o, porta aberta, \u00e9 ofertado no Centro de Especialidades M\u00e9dicas de Aracaju (Cemar) do Siqueira Campos, situado na rua Bahia, s\/n, de segunda a sexta-feira, das 8h \u00e0s 16h. Os interessados precisam residir na capital e apresentar o cart\u00e3o do Sistema \u00danico de Sa\u00fade (SUS).<\/p>\n\n\n\n<p>Conforme destaca a coordenadora do programa, Nazar\u00e9 Arag\u00e3o, durante a pandemia, o servi\u00e7o teve aumento na procura, justamente porque os fumantes passaram a ter maior no\u00e7\u00e3o do risco que correm.<\/p>\n\n\n\n<p>\u201cNo \u00faltimo quadrimestre, atendemos a 128 pacientes, sendo que, destes, tratamos 70 e 10 abandonaram. No entanto, para n\u00f3s, este \u00e9 um saldo positivo porque conseguimos tratar a maioria. Para o fumante \u00e9 um desafio e justamente por isso que oferecemos todo o suporte a ele. O tratamento existe, \u00e9 gratuito, a Secretaria oferece toda a medica\u00e7\u00e3o e estrutura para o paciente que queira parar de fumar\u201d, pontua Nazar\u00e9.<\/p>\n\n\n\n<p>No Programa, os profissionais sempre usam a frase \u201cvoc\u00ea n\u00e3o nasce fumando e n\u00e3o \u00e9 obrigado a morrer fumando\u201d, um est\u00edmulo inicial para mobilizar os pacientes a compreenderem que estar fumante n\u00e3o \u00e9 o mesmo que ser fumante, ou seja, a condi\u00e7\u00e3o pode ser mut\u00e1vel, desde que se busque ajude.<\/p>\n\n\n\n<p>\u201cO tratamento dura quatro meses. Com a pandemia, n\u00e3o estamos mais reunindo grupos, mas o atendimento individual continua, em que o usu\u00e1rio passa pela m\u00e9dica, j\u00e1 sai com a medica\u00e7\u00e3o e com retorno j\u00e1 marcado para trinta dias. Para o atual quadrimestre, j\u00e1 tem mais 100 pacientes para serem tratados e temos confian\u00e7a que muitos sair\u00e3o bem e sob controle de si mesmos\u201d, frisa a coordenadora.<\/p>\n\n\n\n<p>O tratamento utiliza a abordagem cognitivo-comportamental para entender os motivos do v\u00edcio e a dura\u00e7\u00e3o. Al\u00e9m disso, o programa atende, tamb\u00e9m, casos de reca\u00edda, garantindo o acompanhamento do paciente em todas as fases.<\/p>\n","protected":false},"excerpt":{"rendered":"<p>De acordo com dados do Instituto Nacional do C\u00e2ncer (Inca), diariamente, 443 pessoas morrem, no Brasil, em decorr\u00eancia do tabagismo. Por ano, s\u00e3o 161.853 mortes que poderiam ter sido evitadas. O 31 de maio \u00e9 lembrado como o Dia Mundial Sem Tabaco e, enquanto vivenciamos a crise sanit\u00e1ria decorrente do coronav\u00edrus, outro fator preocupante incide: [&hellip;]<\/p>\n","protected":false},"author":1,"featured_media":3586,"comment_status":"closed","ping_status":"closed","sticky":false,"template":"","format":"standard","meta":{"footnotes":""},"categories":[53,54],"tags":[],"class_list":["post-3585","post","type-post","status-publish","format-standard","has-post-thumbnail","hentry","category-destaques","category-saude"],"yoast_head":"<!-- This site is optimized with the Yoast SEO plugin v27.4 - https:\/\/yoast.com\/product\/yoast-seo-wordpress\/ -->\n<title>Prefeitura garante tratamento para tabagismo, fator de risco para agravamento da covid-19 - O Coerente<\/title>\n<meta name=\"robots\" content=\"index, follow, max-snippet:-1, max-image-preview:large, max-video-preview:-1\" \/>\n<link rel=\"canonical\" href=\"https:\/\/ocoerente.com.br\/se\/2021\/06\/05\/prefeitura-garante-tratamento-para-tabagismo-fator-de-risco-para-agravamento-da-covid-19\/\" \/>\n<meta property=\"og:locale\" content=\"pt_BR\" \/>\n<meta property=\"og:type\" content=\"article\" \/>\n<meta property=\"og:title\" content=\"Prefeitura garante tratamento para tabagismo, fator de risco para agravamento da covid-19 - O Coerente\" \/>\n<meta property=\"og:description\" content=\"De acordo com dados do Instituto Nacional do C\u00e2ncer (Inca), diariamente, 443 pessoas morrem, no Brasil, em decorr\u00eancia do tabagismo. Por ano, s\u00e3o 161.853 mortes que poderiam ter sido evitadas. O 31 de maio \u00e9 lembrado como o Dia Mundial Sem Tabaco e, enquanto vivenciamos a crise sanit\u00e1ria decorrente do coronav\u00edrus, outro fator preocupante incide: [&hellip;]\" \/>\n<meta property=\"og:url\" content=\"https:\/\/ocoerente.com.br\/se\/2021\/06\/05\/prefeitura-garante-tratamento-para-tabagismo-fator-de-risco-para-agravamento-da-covid-19\/\" \/>\n<meta property=\"og:site_name\" content=\"O Coerente\" \/>\n<meta property=\"article:published_time\" content=\"2021-06-05T06:57:25+00:00\" \/>\n<meta property=\"article:modified_time\" content=\"2021-06-05T06:57:27+00:00\" \/>\n<meta property=\"og:image\" content=\"https:\/\/ocoerente.com.br\/se\/wp-content\/uploads\/2021\/06\/fumante_foto_ana_licia_menezes-scaled.jpg\" \/>\n\t<meta property=\"og:image:width\" content=\"2560\" \/>\n\t<meta property=\"og:image:height\" content=\"1707\" \/>\n\t<meta property=\"og:image:type\" content=\"image\/jpeg\" \/>\n<meta name=\"author\" content=\"Reda\u00e7\u00e3o\" \/>\n<meta name=\"twitter:card\" content=\"summary_large_image\" \/>\n<meta name=\"twitter:label1\" content=\"Escrito por\" \/>\n\t<meta name=\"twitter:data1\" content=\"Reda\u00e7\u00e3o\" \/>\n\t<meta name=\"twitter:label2\" content=\"Est. tempo de leitura\" \/>\n\t<meta name=\"twitter:data2\" content=\"2 minutos\" \/>\n<script type=\"application\/ld+json\" class=\"yoast-schema-graph\">{\"@context\":\"https:\\\/\\\/schema.org\",\"@graph\":[{\"@type\":\"Article\",\"@id\":\"https:\\\/\\\/ocoerente.com.br\\\/se\\\/2021\\\/06\\\/05\\\/prefeitura-garante-tratamento-para-tabagismo-fator-de-risco-para-agravamento-da-covid-19\\\/#article\",\"isPartOf\":{\"@id\":\"https:\\\/\\\/ocoerente.com.br\\\/se\\\/2021\\\/06\\\/05\\\/prefeitura-garante-tratamento-para-tabagismo-fator-de-risco-para-agravamento-da-covid-19\\\/\"},\"author\":{\"name\":\"Reda\u00e7\u00e3o\",\"@id\":\"https:\\\/\\\/ocoerente.com.br\\\/se\\\/#\\\/schema\\\/person\\\/cc6bfd9fbca465e23543b0c963d8d037\"},\"headline\":\"Prefeitura garante tratamento para tabagismo, fator de risco para agravamento da covid-19\",\"datePublished\":\"2021-06-05T06:57:25+00:00\",\"dateModified\":\"2021-06-05T06:57:27+00:00\",\"mainEntityOfPage\":{\"@id\":\"https:\\\/\\\/ocoerente.com.br\\\/se\\\/2021\\\/06\\\/05\\\/prefeitura-garante-tratamento-para-tabagismo-fator-de-risco-para-agravamento-da-covid-19\\\/\"},\"wordCount\":493,\"publisher\":{\"@id\":\"https:\\\/\\\/ocoerente.com.br\\\/se\\\/#\\\/schema\\\/person\\\/cc6bfd9fbca465e23543b0c963d8d037\"},\"image\":{\"@id\":\"https:\\\/\\\/ocoerente.com.br\\\/se\\\/2021\\\/06\\\/05\\\/prefeitura-garante-tratamento-para-tabagismo-fator-de-risco-para-agravamento-da-covid-19\\\/#primaryimage\"},\"thumbnailUrl\":\"https:\\\/\\\/ocoerente.com.br\\\/se\\\/wp-content\\\/uploads\\\/2021\\\/06\\\/fumante_foto_ana_licia_menezes-scaled.jpg\",\"articleSection\":[\"Destaques\",\"Sa\u00fade\"],\"inLanguage\":\"pt-BR\"},{\"@type\":\"WebPage\",\"@id\":\"https:\\\/\\\/ocoerente.com.br\\\/se\\\/2021\\\/06\\\/05\\\/prefeitura-garante-tratamento-para-tabagismo-fator-de-risco-para-agravamento-da-covid-19\\\/\",\"url\":\"https:\\\/\\\/ocoerente.com.br\\\/se\\\/2021\\\/06\\\/05\\\/prefeitura-garante-tratamento-para-tabagismo-fator-de-risco-para-agravamento-da-covid-19\\\/\",\"name\":\"Prefeitura garante tratamento para tabagismo, fator de risco para agravamento da covid-19 - O Coerente\",\"isPartOf\":{\"@id\":\"https:\\\/\\\/ocoerente.com.br\\\/se\\\/#website\"},\"primaryImageOfPage\":{\"@id\":\"https:\\\/\\\/ocoerente.com.br\\\/se\\\/2021\\\/06\\\/05\\\/prefeitura-garante-tratamento-para-tabagismo-fator-de-risco-para-agravamento-da-covid-19\\\/#primaryimage\"},\"image\":{\"@id\":\"https:\\\/\\\/ocoerente.com.br\\\/se\\\/2021\\\/06\\\/05\\\/prefeitura-garante-tratamento-para-tabagismo-fator-de-risco-para-agravamento-da-covid-19\\\/#primaryimage\"},\"thumbnailUrl\":\"https:\\\/\\\/ocoerente.com.br\\\/se\\\/wp-content\\\/uploads\\\/2021\\\/06\\\/fumante_foto_ana_licia_menezes-scaled.jpg\",\"datePublished\":\"2021-06-05T06:57:25+00:00\",\"dateModified\":\"2021-06-05T06:57:27+00:00\",\"breadcrumb\":{\"@id\":\"https:\\\/\\\/ocoerente.com.br\\\/se\\\/2021\\\/06\\\/05\\\/prefeitura-garante-tratamento-para-tabagismo-fator-de-risco-para-agravamento-da-covid-19\\\/#breadcrumb\"},\"inLanguage\":\"pt-BR\",\"potentialAction\":[{\"@type\":\"ReadAction\",\"target\":[\"https:\\\/\\\/ocoerente.com.br\\\/se\\\/2021\\\/06\\\/05\\\/prefeitura-garante-tratamento-para-tabagismo-fator-de-risco-para-agravamento-da-covid-19\\\/\"]}]},{\"@type\":\"ImageObject\",\"inLanguage\":\"pt-BR\",\"@id\":\"https:\\\/\\\/ocoerente.com.br\\\/se\\\/2021\\\/06\\\/05\\\/prefeitura-garante-tratamento-para-tabagismo-fator-de-risco-para-agravamento-da-covid-19\\\/#primaryimage\",\"url\":\"https:\\\/\\\/ocoerente.com.br\\\/se\\\/wp-content\\\/uploads\\\/2021\\\/06\\\/fumante_foto_ana_licia_menezes-scaled.jpg\",\"contentUrl\":\"https:\\\/\\\/ocoerente.com.br\\\/se\\\/wp-content\\\/uploads\\\/2021\\\/06\\\/fumante_foto_ana_licia_menezes-scaled.jpg\",\"width\":2560,\"height\":1707},{\"@type\":\"BreadcrumbList\",\"@id\":\"https:\\\/\\\/ocoerente.com.br\\\/se\\\/2021\\\/06\\\/05\\\/prefeitura-garante-tratamento-para-tabagismo-fator-de-risco-para-agravamento-da-covid-19\\\/#breadcrumb\",\"itemListElement\":[{\"@type\":\"ListItem\",\"position\":1,\"name\":\"In\u00edcio\",\"item\":\"https:\\\/\\\/ocoerente.com.br\\\/se\\\/\"},{\"@type\":\"ListItem\",\"position\":2,\"name\":\"Prefeitura garante tratamento para tabagismo, fator de risco para agravamento da covid-19\"}]},{\"@type\":\"WebSite\",\"@id\":\"https:\\\/\\\/ocoerente.com.br\\\/se\\\/#website\",\"url\":\"https:\\\/\\\/ocoerente.com.br\\\/se\\\/\",\"name\":\"O Coerente\",\"description\":\"\",\"publisher\":{\"@id\":\"https:\\\/\\\/ocoerente.com.br\\\/se\\\/#\\\/schema\\\/person\\\/cc6bfd9fbca465e23543b0c963d8d037\"},\"potentialAction\":[{\"@type\":\"SearchAction\",\"target\":{\"@type\":\"EntryPoint\",\"urlTemplate\":\"https:\\\/\\\/ocoerente.com.br\\\/se\\\/?s={search_term_string}\"},\"query-input\":{\"@type\":\"PropertyValueSpecification\",\"valueRequired\":true,\"valueName\":\"search_term_string\"}}],\"inLanguage\":\"pt-BR\"},{\"@type\":[\"Person\",\"Organization\"],\"@id\":\"https:\\\/\\\/ocoerente.com.br\\\/se\\\/#\\\/schema\\\/person\\\/cc6bfd9fbca465e23543b0c963d8d037\",\"name\":\"Reda\u00e7\u00e3o\",\"image\":{\"@type\":\"ImageObject\",\"inLanguage\":\"pt-BR\",\"@id\":\"https:\\\/\\\/ocoerente.com.br\\\/se\\\/wp-content\\\/uploads\\\/2020\\\/01\\\/ocoerente-1.png\",\"url\":\"https:\\\/\\\/ocoerente.com.br\\\/se\\\/wp-content\\\/uploads\\\/2020\\\/01\\\/ocoerente-1.png\",\"contentUrl\":\"https:\\\/\\\/ocoerente.com.br\\\/se\\\/wp-content\\\/uploads\\\/2020\\\/01\\\/ocoerente-1.png\",\"width\":50,\"height\":50,\"caption\":\"Reda\u00e7\u00e3o\"},\"logo\":{\"@id\":\"https:\\\/\\\/ocoerente.com.br\\\/se\\\/wp-content\\\/uploads\\\/2020\\\/01\\\/ocoerente-1.png\"},\"url\":\"https:\\\/\\\/ocoerente.com.br\\\/se\\\/author\\\/vasticlsales\\\/\"}]}<\/script>\n<!-- \/ Yoast SEO plugin. -->","yoast_head_json":{"title":"Prefeitura garante tratamento para tabagismo, fator de risco para agravamento da covid-19 - O Coerente","robots":{"index":"index","follow":"follow","max-snippet":"max-snippet:-1","max-image-preview":"max-image-preview:large","max-video-preview":"max-video-preview:-1"},"canonical":"https:\/\/ocoerente.com.br\/se\/2021\/06\/05\/prefeitura-garante-tratamento-para-tabagismo-fator-de-risco-para-agravamento-da-covid-19\/","og_locale":"pt_BR","og_type":"article","og_title":"Prefeitura garante tratamento para tabagismo, fator de risco para agravamento da covid-19 - O Coerente","og_description":"De acordo com dados do Instituto Nacional do C\u00e2ncer (Inca), diariamente, 443 pessoas morrem, no Brasil, em decorr\u00eancia do tabagismo. Por ano, s\u00e3o 161.853 mortes que poderiam ter sido evitadas. O 31 de maio \u00e9 lembrado como o Dia Mundial Sem Tabaco e, enquanto vivenciamos a crise sanit\u00e1ria decorrente do coronav\u00edrus, outro fator preocupante incide: [&hellip;]","og_url":"https:\/\/ocoerente.com.br\/se\/2021\/06\/05\/prefeitura-garante-tratamento-para-tabagismo-fator-de-risco-para-agravamento-da-covid-19\/","og_site_name":"O Coerente","article_published_time":"2021-06-05T06:57:25+00:00","article_modified_time":"2021-06-05T06:57:27+00:00","og_image":[{"width":2560,"height":1707,"url":"https:\/\/ocoerente.com.br\/se\/wp-content\/uploads\/2021\/06\/fumante_foto_ana_licia_menezes-scaled.jpg","type":"image\/jpeg"}],"author":"Reda\u00e7\u00e3o","twitter_card":"summary_large_image","twitter_misc":{"Escrito por":"Reda\u00e7\u00e3o","Est. tempo de leitura":"2 minutos"},"schema":{"@context":"https:\/\/schema.org","@graph":[{"@type":"Article","@id":"https:\/\/ocoerente.com.br\/se\/2021\/06\/05\/prefeitura-garante-tratamento-para-tabagismo-fator-de-risco-para-agravamento-da-covid-19\/#article","isPartOf":{"@id":"https:\/\/ocoerente.com.br\/se\/2021\/06\/05\/prefeitura-garante-tratamento-para-tabagismo-fator-de-risco-para-agravamento-da-covid-19\/"},"author":{"name":"Reda\u00e7\u00e3o","@id":"https:\/\/ocoerente.com.br\/se\/#\/schema\/person\/cc6bfd9fbca465e23543b0c963d8d037"},"headline":"Prefeitura garante tratamento para tabagismo, fator de risco para agravamento da covid-19","datePublished":"2021-06-05T06:57:25+00:00","dateModified":"2021-06-05T06:57:27+00:00","mainEntityOfPage":{"@id":"https:\/\/ocoerente.com.br\/se\/2021\/06\/05\/prefeitura-garante-tratamento-para-tabagismo-fator-de-risco-para-agravamento-da-covid-19\/"},"wordCount":493,"publisher":{"@id":"https:\/\/ocoerente.com.br\/se\/#\/schema\/person\/cc6bfd9fbca465e23543b0c963d8d037"},"image":{"@id":"https:\/\/ocoerente.com.br\/se\/2021\/06\/05\/prefeitura-garante-tratamento-para-tabagismo-fator-de-risco-para-agravamento-da-covid-19\/#primaryimage"},"thumbnailUrl":"https:\/\/ocoerente.com.br\/se\/wp-content\/uploads\/2021\/06\/fumante_foto_ana_licia_menezes-scaled.jpg","articleSection":["Destaques","Sa\u00fade"],"inLanguage":"pt-BR"},{"@type":"WebPage","@id":"https:\/\/ocoerente.com.br\/se\/2021\/06\/05\/prefeitura-garante-tratamento-para-tabagismo-fator-de-risco-para-agravamento-da-covid-19\/","url":"https:\/\/ocoerente.com.br\/se\/2021\/06\/05\/prefeitura-garante-tratamento-para-tabagismo-fator-de-risco-para-agravamento-da-covid-19\/","name":"Prefeitura garante tratamento para tabagismo, fator de risco para agravamento da covid-19 - O Coerente","isPartOf":{"@id":"https:\/\/ocoerente.com.br\/se\/#website"},"primaryImageOfPage":{"@id":"https:\/\/ocoerente.com.br\/se\/2021\/06\/05\/prefeitura-garante-tratamento-para-tabagismo-fator-de-risco-para-agravamento-da-covid-19\/#primaryimage"},"image":{"@id":"https:\/\/ocoerente.com.br\/se\/2021\/06\/05\/prefeitura-garante-tratamento-para-tabagismo-fator-de-risco-para-agravamento-da-covid-19\/#primaryimage"},"thumbnailUrl":"https:\/\/ocoerente.com.br\/se\/wp-content\/uploads\/2021\/06\/fumante_foto_ana_licia_menezes-scaled.jpg","datePublished":"2021-06-05T06:57:25+00:00","dateModified":"2021-06-05T06:57:27+00:00","breadcrumb":{"@id":"https:\/\/ocoerente.com.br\/se\/2021\/06\/05\/prefeitura-garante-tratamento-para-tabagismo-fator-de-risco-para-agravamento-da-covid-19\/#breadcrumb"},"inLanguage":"pt-BR","potentialAction":[{"@type":"ReadAction","target":["https:\/\/ocoerente.com.br\/se\/2021\/06\/05\/prefeitura-garante-tratamento-para-tabagismo-fator-de-risco-para-agravamento-da-covid-19\/"]}]},{"@type":"ImageObject","inLanguage":"pt-BR","@id":"https:\/\/ocoerente.com.br\/se\/2021\/06\/05\/prefeitura-garante-tratamento-para-tabagismo-fator-de-risco-para-agravamento-da-covid-19\/#primaryimage","url":"https:\/\/ocoerente.com.br\/se\/wp-content\/uploads\/2021\/06\/fumante_foto_ana_licia_menezes-scaled.jpg","contentUrl":"https:\/\/ocoerente.com.br\/se\/wp-content\/uploads\/2021\/06\/fumante_foto_ana_licia_menezes-scaled.jpg","width":2560,"height":1707},{"@type":"BreadcrumbList","@id":"https:\/\/ocoerente.com.br\/se\/2021\/06\/05\/prefeitura-garante-tratamento-para-tabagismo-fator-de-risco-para-agravamento-da-covid-19\/#breadcrumb","itemListElement":[{"@type":"ListItem","position":1,"name":"In\u00edcio","item":"https:\/\/ocoerente.com.br\/se\/"},{"@type":"ListItem","position":2,"name":"Prefeitura garante tratamento para tabagismo, fator de risco para agravamento da covid-19"}]},{"@type":"WebSite","@id":"https:\/\/ocoerente.com.br\/se\/#website","url":"https:\/\/ocoerente.com.br\/se\/","name":"O Coerente","description":"","publisher":{"@id":"https:\/\/ocoerente.com.br\/se\/#\/schema\/person\/cc6bfd9fbca465e23543b0c963d8d037"},"potentialAction":[{"@type":"SearchAction","target":{"@type":"EntryPoint","urlTemplate":"https:\/\/ocoerente.com.br\/se\/?s={search_term_string}"},"query-input":{"@type":"PropertyValueSpecification","valueRequired":true,"valueName":"search_term_string"}}],"inLanguage":"pt-BR"},{"@type":["Person","Organization"],"@id":"https:\/\/ocoerente.com.br\/se\/#\/schema\/person\/cc6bfd9fbca465e23543b0c963d8d037","name":"Reda\u00e7\u00e3o","image":{"@type":"ImageObject","inLanguage":"pt-BR","@id":"https:\/\/ocoerente.com.br\/se\/wp-content\/uploads\/2020\/01\/ocoerente-1.png","url":"https:\/\/ocoerente.com.br\/se\/wp-content\/uploads\/2020\/01\/ocoerente-1.png","contentUrl":"https:\/\/ocoerente.com.br\/se\/wp-content\/uploads\/2020\/01\/ocoerente-1.png","width":50,"height":50,"caption":"Reda\u00e7\u00e3o"},"logo":{"@id":"https:\/\/ocoerente.com.br\/se\/wp-content\/uploads\/2020\/01\/ocoerente-1.png"},"url":"https:\/\/ocoerente.com.br\/se\/author\/vasticlsales\/"}]}},"_links":{"self":[{"href":"https:\/\/ocoerente.com.br\/se\/wp-json\/wp\/v2\/posts\/3585","targetHints":{"allow":["GET"]}}],"collection":[{"href":"https:\/\/ocoerente.com.br\/se\/wp-json\/wp\/v2\/posts"}],"about":[{"href":"https:\/\/ocoerente.com.br\/se\/wp-json\/wp\/v2\/types\/post"}],"author":[{"embeddable":true,"href":"https:\/\/ocoerente.com.br\/se\/wp-json\/wp\/v2\/users\/1"}],"replies":[{"embeddable":true,"href":"https:\/\/ocoerente.com.br\/se\/wp-json\/wp\/v2\/comments?post=3585"}],"version-history":[{"count":1,"href":"https:\/\/ocoerente.com.br\/se\/wp-json\/wp\/v2\/posts\/3585\/revisions"}],"predecessor-version":[{"id":3587,"href":"https:\/\/ocoerente.com.br\/se\/wp-json\/wp\/v2\/posts\/3585\/revisions\/3587"}],"wp:featuredmedia":[{"embeddable":true,"href":"https:\/\/ocoerente.com.br\/se\/wp-json\/wp\/v2\/media\/3586"}],"wp:attachment":[{"href":"https:\/\/ocoerente.com.br\/se\/wp-json\/wp\/v2\/media?parent=3585"}],"wp:term":[{"taxonomy":"category","embeddable":true,"href":"https:\/\/ocoerente.com.br\/se\/wp-json\/wp\/v2\/categories?post=3585"},{"taxonomy":"post_tag","embeddable":true,"href":"https:\/\/ocoerente.com.br\/se\/wp-json\/wp\/v2\/tags?post=3585"}],"curies":[{"name":"wp","href":"https:\/\/api.w.org\/{rel}","templated":true}]}}