{"id":3579,"date":"2021-05-27T21:27:14","date_gmt":"2021-05-28T00:27:14","guid":{"rendered":"https:\/\/ocoerente.com.br\/se\/?p=3579"},"modified":"2021-05-27T21:27:15","modified_gmt":"2021-05-28T00:27:15","slug":"joao-daniel-pede-acompanhamento-da-comissao-de-direitos-humanos-da-camara-em-caso-de-morte-de-crianca-em-caninde-durante-acao-policial","status":"publish","type":"post","link":"https:\/\/ocoerente.com.br\/se\/2021\/05\/27\/joao-daniel-pede-acompanhamento-da-comissao-de-direitos-humanos-da-camara-em-caso-de-morte-de-crianca-em-caninde-durante-acao-policial\/","title":{"rendered":"Jo\u00e3o Daniel pede acompanhamento da Comiss\u00e3o de Direitos Humanos da C\u00e2mara em caso de morte de crian\u00e7a em Canind\u00e9 durante a\u00e7\u00e3o policial"},"content":{"rendered":"\n<p>Acompanhando as a\u00e7\u00f5es e apura\u00e7\u00f5es que v\u00eam sendo feitas pelo Minist\u00e9rio P\u00fablico estadual da morte de um garoto de 11 anos, no munic\u00edpio de Canind\u00e9 de S\u00e3o Francisco, ocorrida no \u00faltimo domingo, dia 23, o deputado federal Jo\u00e3o Daniel (PT\/SE) publicizou o caso em discurso durante a sess\u00e3o da C\u00e2mara dos Deputados nesta quinta-feira, dia 27. O parlamentar relatou que a den\u00fancia do caso foi levada a ele por pessoas da comunidade do munic\u00edpio, em especial do bairro Olaria, dando conta de que o menino Vitor da Silva Santos foi assassinado pela pol\u00edcia, que fazia uma opera\u00e7\u00e3o na localidade.<\/p>\n\n\n\n<p>O deputado Jo\u00e3o Daniel j\u00e1 oficializou \u00e0 Co&nbsp; miss\u00e3o de Direitos Humanos da C\u00e2mara dos Deputados (CDHM) o caso e solicitou que acompanhe os desdobramentos da apura\u00e7\u00e3o desse crime. Ele informou que, em nome do Partido dos Trabalhadores, do qual ele \u00e9 presidente do Diret\u00f3rio Estadual, solicitou tamb\u00e9m ao Minist\u00e9rio P\u00fablico Estadual, \u00e0 Secretaria de Seguran\u00e7a P\u00fablica do Estado e ao Governo do Estado uma apura\u00e7\u00e3o isenta e correta, para que os fatos sejam apurados, e, em se comprovando a den\u00fancia, que sejam tomadas todas as provid\u00eancias.<\/p>\n\n\n\n<p>\u201cN\u00f3s confiamos na apura\u00e7\u00e3o Minist\u00e9rio P\u00fablico e na Secretaria de Seguran\u00e7a P\u00fablica do Governo do Estado. N\u00e3o podemos admitir que isso venha de uma pol\u00edtica nacional encabe\u00e7ada, em especial por essa forma de fazer seguran\u00e7a p\u00fablica pelo Pal\u00e1cio do Planalto, de exterm\u00ednio da juventude, de matan\u00e7a da juventude na periferia. \u00c9 vergonhoso o caso do Jacarezinho, no Rio de Janeiro, onde a Secretaria de Seguran\u00e7a e a Pol\u00edcia Civil pedem para fazer sil\u00eancio, sigilo, durante os pr\u00f3ximos cinco anos, para que n\u00e3o se apure\u201d, disse.<\/p>\n\n\n\n<p>Jo\u00e3o Daniel ressaltou que n\u00e3o se pode abrir m\u00e3o da defesa da democracia e do Estado Democr\u00e1tico de Direito. \u201cN\u00e3o podemos abrir m\u00e3o da apura\u00e7\u00e3o e da puni\u00e7\u00e3o de todos os crimes cometidos contra a juventude, contra os povos e contra os pobres neste pa\u00eds. A pol\u00edcia tem o papel de fazer a seguran\u00e7a p\u00fablica, de estar a servi\u00e7o do povo e n\u00e3o de matar o povo, n\u00e3o de humilhar e n\u00e3o de massacrar. \u00c9 esse o sentido\u201d, declarou. O parlamentar registrou ainda seu compromisso em defesa da crian\u00e7a e do adolescente, na defesa do Estatuto da Crian\u00e7a e do Adolescente (ECA) e dos direitos humanos.<\/p>\n\n\n\n<p><em>Por Edjane Oliveira, da Assessoria de Imprensa<\/em><\/p>\n","protected":false},"excerpt":{"rendered":"<p>Acompanhando as a\u00e7\u00f5es e apura\u00e7\u00f5es que v\u00eam sendo feitas pelo Minist\u00e9rio P\u00fablico estadual da morte de um garoto de 11 anos, no munic\u00edpio de Canind\u00e9 de S\u00e3o Francisco, ocorrida no \u00faltimo domingo, dia 23, o deputado federal Jo\u00e3o Daniel (PT\/SE) publicizou o caso em discurso durante a sess\u00e3o da C\u00e2mara dos Deputados nesta quinta-feira, dia [&hellip;]<\/p>\n","protected":false},"author":1,"featured_media":3580,"comment_status":"closed","ping_status":"closed","sticky":false,"template":"","format":"standard","meta":{"footnotes":""},"categories":[53,43],"tags":[],"class_list":["post-3579","post","type-post","status-publish","format-standard","has-post-thumbnail","hentry","category-destaques","category-sergipe"],"yoast_head":"<!-- This site is optimized with the Yoast SEO plugin v27.4 - https:\/\/yoast.com\/product\/yoast-seo-wordpress\/ -->\n<title>Jo\u00e3o Daniel pede acompanhamento da Comiss\u00e3o de Direitos Humanos da C\u00e2mara em caso de morte de crian\u00e7a em Canind\u00e9 durante a\u00e7\u00e3o policial - O Coerente<\/title>\n<meta name=\"robots\" content=\"index, follow, max-snippet:-1, max-image-preview:large, max-video-preview:-1\" \/>\n<link rel=\"canonical\" href=\"https:\/\/ocoerente.com.br\/se\/2021\/05\/27\/joao-daniel-pede-acompanhamento-da-comissao-de-direitos-humanos-da-camara-em-caso-de-morte-de-crianca-em-caninde-durante-acao-policial\/\" \/>\n<meta property=\"og:locale\" content=\"pt_BR\" \/>\n<meta property=\"og:type\" content=\"article\" \/>\n<meta property=\"og:title\" content=\"Jo\u00e3o Daniel pede acompanhamento da Comiss\u00e3o de Direitos Humanos da C\u00e2mara em caso de morte de crian\u00e7a em Canind\u00e9 durante a\u00e7\u00e3o policial - O Coerente\" \/>\n<meta property=\"og:description\" content=\"Acompanhando as a\u00e7\u00f5es e apura\u00e7\u00f5es que v\u00eam sendo feitas pelo Minist\u00e9rio P\u00fablico estadual da morte de um garoto de 11 anos, no munic\u00edpio de Canind\u00e9 de S\u00e3o Francisco, ocorrida no \u00faltimo domingo, dia 23, o deputado federal Jo\u00e3o Daniel (PT\/SE) publicizou o caso em discurso durante a sess\u00e3o da C\u00e2mara dos Deputados nesta quinta-feira, dia [&hellip;]\" \/>\n<meta property=\"og:url\" content=\"https:\/\/ocoerente.com.br\/se\/2021\/05\/27\/joao-daniel-pede-acompanhamento-da-comissao-de-direitos-humanos-da-camara-em-caso-de-morte-de-crianca-em-caninde-durante-acao-policial\/\" \/>\n<meta property=\"og:site_name\" content=\"O Coerente\" \/>\n<meta property=\"article:published_time\" content=\"2021-05-28T00:27:14+00:00\" \/>\n<meta property=\"article:modified_time\" content=\"2021-05-28T00:27:15+00:00\" \/>\n<meta property=\"og:image\" content=\"https:\/\/ocoerente.com.br\/se\/wp-content\/uploads\/2021\/05\/joaodanielfoto.jpg\" \/>\n\t<meta property=\"og:image:width\" content=\"1000\" \/>\n\t<meta property=\"og:image:height\" content=\"655\" \/>\n\t<meta property=\"og:image:type\" content=\"image\/jpeg\" \/>\n<meta name=\"author\" content=\"Reda\u00e7\u00e3o\" \/>\n<meta name=\"twitter:card\" content=\"summary_large_image\" \/>\n<meta name=\"twitter:label1\" content=\"Escrito por\" \/>\n\t<meta name=\"twitter:data1\" content=\"Reda\u00e7\u00e3o\" \/>\n\t<meta name=\"twitter:label2\" content=\"Est. tempo de leitura\" \/>\n\t<meta name=\"twitter:data2\" content=\"2 minutos\" \/>\n<script type=\"application\/ld+json\" class=\"yoast-schema-graph\">{\"@context\":\"https:\\\/\\\/schema.org\",\"@graph\":[{\"@type\":\"Article\",\"@id\":\"https:\\\/\\\/ocoerente.com.br\\\/se\\\/2021\\\/05\\\/27\\\/joao-daniel-pede-acompanhamento-da-comissao-de-direitos-humanos-da-camara-em-caso-de-morte-de-crianca-em-caninde-durante-acao-policial\\\/#article\",\"isPartOf\":{\"@id\":\"https:\\\/\\\/ocoerente.com.br\\\/se\\\/2021\\\/05\\\/27\\\/joao-daniel-pede-acompanhamento-da-comissao-de-direitos-humanos-da-camara-em-caso-de-morte-de-crianca-em-caninde-durante-acao-policial\\\/\"},\"author\":{\"name\":\"Reda\u00e7\u00e3o\",\"@id\":\"https:\\\/\\\/ocoerente.com.br\\\/se\\\/#\\\/schema\\\/person\\\/cc6bfd9fbca465e23543b0c963d8d037\"},\"headline\":\"Jo\u00e3o Daniel pede acompanhamento da Comiss\u00e3o de Direitos Humanos da C\u00e2mara em caso de morte de crian\u00e7a em Canind\u00e9 durante a\u00e7\u00e3o policial\",\"datePublished\":\"2021-05-28T00:27:14+00:00\",\"dateModified\":\"2021-05-28T00:27:15+00:00\",\"mainEntityOfPage\":{\"@id\":\"https:\\\/\\\/ocoerente.com.br\\\/se\\\/2021\\\/05\\\/27\\\/joao-daniel-pede-acompanhamento-da-comissao-de-direitos-humanos-da-camara-em-caso-de-morte-de-crianca-em-caninde-durante-acao-policial\\\/\"},\"wordCount\":469,\"publisher\":{\"@id\":\"https:\\\/\\\/ocoerente.com.br\\\/se\\\/#\\\/schema\\\/person\\\/cc6bfd9fbca465e23543b0c963d8d037\"},\"image\":{\"@id\":\"https:\\\/\\\/ocoerente.com.br\\\/se\\\/2021\\\/05\\\/27\\\/joao-daniel-pede-acompanhamento-da-comissao-de-direitos-humanos-da-camara-em-caso-de-morte-de-crianca-em-caninde-durante-acao-policial\\\/#primaryimage\"},\"thumbnailUrl\":\"https:\\\/\\\/ocoerente.com.br\\\/se\\\/wp-content\\\/uploads\\\/2021\\\/05\\\/joaodanielfoto.jpg\",\"articleSection\":[\"Destaques\",\"Sergipe\"],\"inLanguage\":\"pt-BR\"},{\"@type\":\"WebPage\",\"@id\":\"https:\\\/\\\/ocoerente.com.br\\\/se\\\/2021\\\/05\\\/27\\\/joao-daniel-pede-acompanhamento-da-comissao-de-direitos-humanos-da-camara-em-caso-de-morte-de-crianca-em-caninde-durante-acao-policial\\\/\",\"url\":\"https:\\\/\\\/ocoerente.com.br\\\/se\\\/2021\\\/05\\\/27\\\/joao-daniel-pede-acompanhamento-da-comissao-de-direitos-humanos-da-camara-em-caso-de-morte-de-crianca-em-caninde-durante-acao-policial\\\/\",\"name\":\"Jo\u00e3o Daniel pede acompanhamento da Comiss\u00e3o de Direitos Humanos da C\u00e2mara em caso de morte de crian\u00e7a em Canind\u00e9 durante a\u00e7\u00e3o policial - O Coerente\",\"isPartOf\":{\"@id\":\"https:\\\/\\\/ocoerente.com.br\\\/se\\\/#website\"},\"primaryImageOfPage\":{\"@id\":\"https:\\\/\\\/ocoerente.com.br\\\/se\\\/2021\\\/05\\\/27\\\/joao-daniel-pede-acompanhamento-da-comissao-de-direitos-humanos-da-camara-em-caso-de-morte-de-crianca-em-caninde-durante-acao-policial\\\/#primaryimage\"},\"image\":{\"@id\":\"https:\\\/\\\/ocoerente.com.br\\\/se\\\/2021\\\/05\\\/27\\\/joao-daniel-pede-acompanhamento-da-comissao-de-direitos-humanos-da-camara-em-caso-de-morte-de-crianca-em-caninde-durante-acao-policial\\\/#primaryimage\"},\"thumbnailUrl\":\"https:\\\/\\\/ocoerente.com.br\\\/se\\\/wp-content\\\/uploads\\\/2021\\\/05\\\/joaodanielfoto.jpg\",\"datePublished\":\"2021-05-28T00:27:14+00:00\",\"dateModified\":\"2021-05-28T00:27:15+00:00\",\"breadcrumb\":{\"@id\":\"https:\\\/\\\/ocoerente.com.br\\\/se\\\/2021\\\/05\\\/27\\\/joao-daniel-pede-acompanhamento-da-comissao-de-direitos-humanos-da-camara-em-caso-de-morte-de-crianca-em-caninde-durante-acao-policial\\\/#breadcrumb\"},\"inLanguage\":\"pt-BR\",\"potentialAction\":[{\"@type\":\"ReadAction\",\"target\":[\"https:\\\/\\\/ocoerente.com.br\\\/se\\\/2021\\\/05\\\/27\\\/joao-daniel-pede-acompanhamento-da-comissao-de-direitos-humanos-da-camara-em-caso-de-morte-de-crianca-em-caninde-durante-acao-policial\\\/\"]}]},{\"@type\":\"ImageObject\",\"inLanguage\":\"pt-BR\",\"@id\":\"https:\\\/\\\/ocoerente.com.br\\\/se\\\/2021\\\/05\\\/27\\\/joao-daniel-pede-acompanhamento-da-comissao-de-direitos-humanos-da-camara-em-caso-de-morte-de-crianca-em-caninde-durante-acao-policial\\\/#primaryimage\",\"url\":\"https:\\\/\\\/ocoerente.com.br\\\/se\\\/wp-content\\\/uploads\\\/2021\\\/05\\\/joaodanielfoto.jpg\",\"contentUrl\":\"https:\\\/\\\/ocoerente.com.br\\\/se\\\/wp-content\\\/uploads\\\/2021\\\/05\\\/joaodanielfoto.jpg\",\"width\":1000,\"height\":655},{\"@type\":\"BreadcrumbList\",\"@id\":\"https:\\\/\\\/ocoerente.com.br\\\/se\\\/2021\\\/05\\\/27\\\/joao-daniel-pede-acompanhamento-da-comissao-de-direitos-humanos-da-camara-em-caso-de-morte-de-crianca-em-caninde-durante-acao-policial\\\/#breadcrumb\",\"itemListElement\":[{\"@type\":\"ListItem\",\"position\":1,\"name\":\"In\u00edcio\",\"item\":\"https:\\\/\\\/ocoerente.com.br\\\/se\\\/\"},{\"@type\":\"ListItem\",\"position\":2,\"name\":\"Jo\u00e3o Daniel pede acompanhamento da Comiss\u00e3o de Direitos Humanos da C\u00e2mara em caso de morte de crian\u00e7a em Canind\u00e9 durante a\u00e7\u00e3o policial\"}]},{\"@type\":\"WebSite\",\"@id\":\"https:\\\/\\\/ocoerente.com.br\\\/se\\\/#website\",\"url\":\"https:\\\/\\\/ocoerente.com.br\\\/se\\\/\",\"name\":\"O Coerente\",\"description\":\"\",\"publisher\":{\"@id\":\"https:\\\/\\\/ocoerente.com.br\\\/se\\\/#\\\/schema\\\/person\\\/cc6bfd9fbca465e23543b0c963d8d037\"},\"potentialAction\":[{\"@type\":\"SearchAction\",\"target\":{\"@type\":\"EntryPoint\",\"urlTemplate\":\"https:\\\/\\\/ocoerente.com.br\\\/se\\\/?s={search_term_string}\"},\"query-input\":{\"@type\":\"PropertyValueSpecification\",\"valueRequired\":true,\"valueName\":\"search_term_string\"}}],\"inLanguage\":\"pt-BR\"},{\"@type\":[\"Person\",\"Organization\"],\"@id\":\"https:\\\/\\\/ocoerente.com.br\\\/se\\\/#\\\/schema\\\/person\\\/cc6bfd9fbca465e23543b0c963d8d037\",\"name\":\"Reda\u00e7\u00e3o\",\"image\":{\"@type\":\"ImageObject\",\"inLanguage\":\"pt-BR\",\"@id\":\"https:\\\/\\\/ocoerente.com.br\\\/se\\\/wp-content\\\/uploads\\\/2020\\\/01\\\/ocoerente-1.png\",\"url\":\"https:\\\/\\\/ocoerente.com.br\\\/se\\\/wp-content\\\/uploads\\\/2020\\\/01\\\/ocoerente-1.png\",\"contentUrl\":\"https:\\\/\\\/ocoerente.com.br\\\/se\\\/wp-content\\\/uploads\\\/2020\\\/01\\\/ocoerente-1.png\",\"width\":50,\"height\":50,\"caption\":\"Reda\u00e7\u00e3o\"},\"logo\":{\"@id\":\"https:\\\/\\\/ocoerente.com.br\\\/se\\\/wp-content\\\/uploads\\\/2020\\\/01\\\/ocoerente-1.png\"},\"url\":\"https:\\\/\\\/ocoerente.com.br\\\/se\\\/author\\\/vasticlsales\\\/\"}]}<\/script>\n<!-- \/ Yoast SEO plugin. -->","yoast_head_json":{"title":"Jo\u00e3o Daniel pede acompanhamento da Comiss\u00e3o de Direitos Humanos da C\u00e2mara em caso de morte de crian\u00e7a em Canind\u00e9 durante a\u00e7\u00e3o policial - O Coerente","robots":{"index":"index","follow":"follow","max-snippet":"max-snippet:-1","max-image-preview":"max-image-preview:large","max-video-preview":"max-video-preview:-1"},"canonical":"https:\/\/ocoerente.com.br\/se\/2021\/05\/27\/joao-daniel-pede-acompanhamento-da-comissao-de-direitos-humanos-da-camara-em-caso-de-morte-de-crianca-em-caninde-durante-acao-policial\/","og_locale":"pt_BR","og_type":"article","og_title":"Jo\u00e3o Daniel pede acompanhamento da Comiss\u00e3o de Direitos Humanos da C\u00e2mara em caso de morte de crian\u00e7a em Canind\u00e9 durante a\u00e7\u00e3o policial - O Coerente","og_description":"Acompanhando as a\u00e7\u00f5es e apura\u00e7\u00f5es que v\u00eam sendo feitas pelo Minist\u00e9rio P\u00fablico estadual da morte de um garoto de 11 anos, no munic\u00edpio de Canind\u00e9 de S\u00e3o Francisco, ocorrida no \u00faltimo domingo, dia 23, o deputado federal Jo\u00e3o Daniel (PT\/SE) publicizou o caso em discurso durante a sess\u00e3o da C\u00e2mara dos Deputados nesta quinta-feira, dia [&hellip;]","og_url":"https:\/\/ocoerente.com.br\/se\/2021\/05\/27\/joao-daniel-pede-acompanhamento-da-comissao-de-direitos-humanos-da-camara-em-caso-de-morte-de-crianca-em-caninde-durante-acao-policial\/","og_site_name":"O Coerente","article_published_time":"2021-05-28T00:27:14+00:00","article_modified_time":"2021-05-28T00:27:15+00:00","og_image":[{"width":1000,"height":655,"url":"https:\/\/ocoerente.com.br\/se\/wp-content\/uploads\/2021\/05\/joaodanielfoto.jpg","type":"image\/jpeg"}],"author":"Reda\u00e7\u00e3o","twitter_card":"summary_large_image","twitter_misc":{"Escrito por":"Reda\u00e7\u00e3o","Est. tempo de leitura":"2 minutos"},"schema":{"@context":"https:\/\/schema.org","@graph":[{"@type":"Article","@id":"https:\/\/ocoerente.com.br\/se\/2021\/05\/27\/joao-daniel-pede-acompanhamento-da-comissao-de-direitos-humanos-da-camara-em-caso-de-morte-de-crianca-em-caninde-durante-acao-policial\/#article","isPartOf":{"@id":"https:\/\/ocoerente.com.br\/se\/2021\/05\/27\/joao-daniel-pede-acompanhamento-da-comissao-de-direitos-humanos-da-camara-em-caso-de-morte-de-crianca-em-caninde-durante-acao-policial\/"},"author":{"name":"Reda\u00e7\u00e3o","@id":"https:\/\/ocoerente.com.br\/se\/#\/schema\/person\/cc6bfd9fbca465e23543b0c963d8d037"},"headline":"Jo\u00e3o Daniel pede acompanhamento da Comiss\u00e3o de Direitos Humanos da C\u00e2mara em caso de morte de crian\u00e7a em Canind\u00e9 durante a\u00e7\u00e3o policial","datePublished":"2021-05-28T00:27:14+00:00","dateModified":"2021-05-28T00:27:15+00:00","mainEntityOfPage":{"@id":"https:\/\/ocoerente.com.br\/se\/2021\/05\/27\/joao-daniel-pede-acompanhamento-da-comissao-de-direitos-humanos-da-camara-em-caso-de-morte-de-crianca-em-caninde-durante-acao-policial\/"},"wordCount":469,"publisher":{"@id":"https:\/\/ocoerente.com.br\/se\/#\/schema\/person\/cc6bfd9fbca465e23543b0c963d8d037"},"image":{"@id":"https:\/\/ocoerente.com.br\/se\/2021\/05\/27\/joao-daniel-pede-acompanhamento-da-comissao-de-direitos-humanos-da-camara-em-caso-de-morte-de-crianca-em-caninde-durante-acao-policial\/#primaryimage"},"thumbnailUrl":"https:\/\/ocoerente.com.br\/se\/wp-content\/uploads\/2021\/05\/joaodanielfoto.jpg","articleSection":["Destaques","Sergipe"],"inLanguage":"pt-BR"},{"@type":"WebPage","@id":"https:\/\/ocoerente.com.br\/se\/2021\/05\/27\/joao-daniel-pede-acompanhamento-da-comissao-de-direitos-humanos-da-camara-em-caso-de-morte-de-crianca-em-caninde-durante-acao-policial\/","url":"https:\/\/ocoerente.com.br\/se\/2021\/05\/27\/joao-daniel-pede-acompanhamento-da-comissao-de-direitos-humanos-da-camara-em-caso-de-morte-de-crianca-em-caninde-durante-acao-policial\/","name":"Jo\u00e3o Daniel pede acompanhamento da Comiss\u00e3o de Direitos Humanos da C\u00e2mara em caso de morte de crian\u00e7a em Canind\u00e9 durante a\u00e7\u00e3o policial - O Coerente","isPartOf":{"@id":"https:\/\/ocoerente.com.br\/se\/#website"},"primaryImageOfPage":{"@id":"https:\/\/ocoerente.com.br\/se\/2021\/05\/27\/joao-daniel-pede-acompanhamento-da-comissao-de-direitos-humanos-da-camara-em-caso-de-morte-de-crianca-em-caninde-durante-acao-policial\/#primaryimage"},"image":{"@id":"https:\/\/ocoerente.com.br\/se\/2021\/05\/27\/joao-daniel-pede-acompanhamento-da-comissao-de-direitos-humanos-da-camara-em-caso-de-morte-de-crianca-em-caninde-durante-acao-policial\/#primaryimage"},"thumbnailUrl":"https:\/\/ocoerente.com.br\/se\/wp-content\/uploads\/2021\/05\/joaodanielfoto.jpg","datePublished":"2021-05-28T00:27:14+00:00","dateModified":"2021-05-28T00:27:15+00:00","breadcrumb":{"@id":"https:\/\/ocoerente.com.br\/se\/2021\/05\/27\/joao-daniel-pede-acompanhamento-da-comissao-de-direitos-humanos-da-camara-em-caso-de-morte-de-crianca-em-caninde-durante-acao-policial\/#breadcrumb"},"inLanguage":"pt-BR","potentialAction":[{"@type":"ReadAction","target":["https:\/\/ocoerente.com.br\/se\/2021\/05\/27\/joao-daniel-pede-acompanhamento-da-comissao-de-direitos-humanos-da-camara-em-caso-de-morte-de-crianca-em-caninde-durante-acao-policial\/"]}]},{"@type":"ImageObject","inLanguage":"pt-BR","@id":"https:\/\/ocoerente.com.br\/se\/2021\/05\/27\/joao-daniel-pede-acompanhamento-da-comissao-de-direitos-humanos-da-camara-em-caso-de-morte-de-crianca-em-caninde-durante-acao-policial\/#primaryimage","url":"https:\/\/ocoerente.com.br\/se\/wp-content\/uploads\/2021\/05\/joaodanielfoto.jpg","contentUrl":"https:\/\/ocoerente.com.br\/se\/wp-content\/uploads\/2021\/05\/joaodanielfoto.jpg","width":1000,"height":655},{"@type":"BreadcrumbList","@id":"https:\/\/ocoerente.com.br\/se\/2021\/05\/27\/joao-daniel-pede-acompanhamento-da-comissao-de-direitos-humanos-da-camara-em-caso-de-morte-de-crianca-em-caninde-durante-acao-policial\/#breadcrumb","itemListElement":[{"@type":"ListItem","position":1,"name":"In\u00edcio","item":"https:\/\/ocoerente.com.br\/se\/"},{"@type":"ListItem","position":2,"name":"Jo\u00e3o Daniel pede acompanhamento da Comiss\u00e3o de Direitos Humanos da C\u00e2mara em caso de morte de crian\u00e7a em Canind\u00e9 durante a\u00e7\u00e3o policial"}]},{"@type":"WebSite","@id":"https:\/\/ocoerente.com.br\/se\/#website","url":"https:\/\/ocoerente.com.br\/se\/","name":"O Coerente","description":"","publisher":{"@id":"https:\/\/ocoerente.com.br\/se\/#\/schema\/person\/cc6bfd9fbca465e23543b0c963d8d037"},"potentialAction":[{"@type":"SearchAction","target":{"@type":"EntryPoint","urlTemplate":"https:\/\/ocoerente.com.br\/se\/?s={search_term_string}"},"query-input":{"@type":"PropertyValueSpecification","valueRequired":true,"valueName":"search_term_string"}}],"inLanguage":"pt-BR"},{"@type":["Person","Organization"],"@id":"https:\/\/ocoerente.com.br\/se\/#\/schema\/person\/cc6bfd9fbca465e23543b0c963d8d037","name":"Reda\u00e7\u00e3o","image":{"@type":"ImageObject","inLanguage":"pt-BR","@id":"https:\/\/ocoerente.com.br\/se\/wp-content\/uploads\/2020\/01\/ocoerente-1.png","url":"https:\/\/ocoerente.com.br\/se\/wp-content\/uploads\/2020\/01\/ocoerente-1.png","contentUrl":"https:\/\/ocoerente.com.br\/se\/wp-content\/uploads\/2020\/01\/ocoerente-1.png","width":50,"height":50,"caption":"Reda\u00e7\u00e3o"},"logo":{"@id":"https:\/\/ocoerente.com.br\/se\/wp-content\/uploads\/2020\/01\/ocoerente-1.png"},"url":"https:\/\/ocoerente.com.br\/se\/author\/vasticlsales\/"}]}},"_links":{"self":[{"href":"https:\/\/ocoerente.com.br\/se\/wp-json\/wp\/v2\/posts\/3579","targetHints":{"allow":["GET"]}}],"collection":[{"href":"https:\/\/ocoerente.com.br\/se\/wp-json\/wp\/v2\/posts"}],"about":[{"href":"https:\/\/ocoerente.com.br\/se\/wp-json\/wp\/v2\/types\/post"}],"author":[{"embeddable":true,"href":"https:\/\/ocoerente.com.br\/se\/wp-json\/wp\/v2\/users\/1"}],"replies":[{"embeddable":true,"href":"https:\/\/ocoerente.com.br\/se\/wp-json\/wp\/v2\/comments?post=3579"}],"version-history":[{"count":1,"href":"https:\/\/ocoerente.com.br\/se\/wp-json\/wp\/v2\/posts\/3579\/revisions"}],"predecessor-version":[{"id":3581,"href":"https:\/\/ocoerente.com.br\/se\/wp-json\/wp\/v2\/posts\/3579\/revisions\/3581"}],"wp:featuredmedia":[{"embeddable":true,"href":"https:\/\/ocoerente.com.br\/se\/wp-json\/wp\/v2\/media\/3580"}],"wp:attachment":[{"href":"https:\/\/ocoerente.com.br\/se\/wp-json\/wp\/v2\/media?parent=3579"}],"wp:term":[{"taxonomy":"category","embeddable":true,"href":"https:\/\/ocoerente.com.br\/se\/wp-json\/wp\/v2\/categories?post=3579"},{"taxonomy":"post_tag","embeddable":true,"href":"https:\/\/ocoerente.com.br\/se\/wp-json\/wp\/v2\/tags?post=3579"}],"curies":[{"name":"wp","href":"https:\/\/api.w.org\/{rel}","templated":true}]}}