{"id":3574,"date":"2021-05-26T23:29:05","date_gmt":"2021-05-27T02:29:05","guid":{"rendered":"https:\/\/ocoerente.com.br\/se\/?p=3574"},"modified":"2021-05-26T23:29:06","modified_gmt":"2021-05-27T02:29:06","slug":"governador-belivaldo-autoriza-convocacao-de-555-aprovados-nos-concursos-de-seguranca-publica","status":"publish","type":"post","link":"https:\/\/ocoerente.com.br\/se\/2021\/05\/26\/governador-belivaldo-autoriza-convocacao-de-555-aprovados-nos-concursos-de-seguranca-publica\/","title":{"rendered":"Governador Belivaldo autoriza convoca\u00e7\u00e3o de 555 aprovados nos concursos de Seguran\u00e7a P\u00fablica"},"content":{"rendered":"\n<p>Ser\u00e3o 370 convoca\u00e7\u00f5es somente para a Pol\u00edcia Militar, sendo 340 para a fun\u00e7\u00e3o de pra\u00e7as e e 30 oficiais. J\u00e1 para o cargo de Guarda de Seguran\u00e7a do Sistema Prisional (Pol\u00edcia Penal), ser\u00e3o 150 convoca\u00e7\u00f5es, al\u00e9m de 13 novos delegados.<\/p>\n\n\n\n<p>O governador Belivaldo Chagas anunciou, na tarde desta ter\u00e7a-feira (25), a autoriza\u00e7\u00e3o para convoca\u00e7\u00e3o de 555 novas convoca\u00e7\u00f5es dos aprovados dos concursos que est\u00e3o em vigor das pol\u00edcias Militar, Civil, Penal, do Corpo de Bombeiros e do concurso para gestores p\u00fablicos.<\/p>\n\n\n\n<p>Ser\u00e3o 370 convoca\u00e7\u00f5es somente para a Pol\u00edcia Militar, sendo 340 para a fun\u00e7\u00e3o de pra\u00e7as e e 30 oficiais. J\u00e1 para o cargo de Guarda de Seguran\u00e7a do Sistema Prisional (Pol\u00edcia Penal), ser\u00e3o 150 convoca\u00e7\u00f5es, al\u00e9m de 13 novos delegados.<\/p>\n\n\n\n<p>Para o Corpo de Bombeiros do Estado de Sergipe (CBMSE), est\u00e3o sendo convocados 10 novos oficiais, totalizando um refor\u00e7o de 543 homens e mulheres que passar\u00e3o a atuar na \u00e1rea de seguran\u00e7a do estado.<\/p>\n\n\n\n<p>O Governo do Estado convocou, ainda, 12 novos aprovados para a fun\u00e7\u00e3o de Gestor P\u00fablico, que ir\u00e3o atuar na administra\u00e7\u00e3o p\u00fablica do estado, totalizando 555 novos servidores p\u00fablicos estaduais.<\/p>\n\n\n\n<p>\u201cTodos estes 555 profissionais servir\u00e3o para compor o quadro do funcionalismo p\u00fablico estadual e melhorar ainda mais o servi\u00e7o, especialmente na \u00e1rea da Seguran\u00e7a do nosso estado que j\u00e1 apresenta \u00f3timos resultados. A ideia \u00e9 convocar, dentro do prazo de validade do concurso, todo o restante de aprovados, mas estamos realizando a convoca\u00e7\u00e3o por etapas, de acordo com o andamento de cada curso de forma\u00e7\u00e3o\u201d, ressaltou o governador.<\/p>\n\n\n\n<p>O an\u00fancio das convoca\u00e7\u00f5es foi realizado em reuni\u00e3o&nbsp;com representantes dos \u00f3rg\u00e3os de seguran\u00e7a do estado, no Pal\u00e1cio de Despachos. Participaram da reuni\u00e3o os secret\u00e1rios de Governo, Jos\u00e9 Carlos Felizola; de Seguran\u00e7a P\u00fablica (SSP), Jo\u00e3o Eloy; da Administra\u00e7\u00e3o, George Trindade; da Justi\u00e7a, do Trabalho e&nbsp;do Direito do Consumidor, Cristiano Barreto; o delegado-geral da Pol\u00edcia Civil, Thiago Leandro; o comandante-geral da PMSE; coronel Marcony Cabral; o comandante-geral do CBMSE, coronel Alexandre Alves; o procurador geral do Estado em exerc\u00edcio (PGE), Vladimir Macedo, e do superintendente especial de atos legislativos (Superlegis), Manoel Dantas Neto.<\/p>\n\n\n\n<p><strong>Projeto de Lei<\/strong><\/p>\n\n\n\n<p>Tamb\u00e9m na reuni\u00e3o, foi apresentado um Projeto de Lei que ser\u00e1 enviado \u00e0 Assembleia Legislativa de Sergipe, que solicita a cria\u00e7\u00e3o de 150 cargos de Guarda de Seguran\u00e7a do Sistema Prisional da Pol\u00edcia Penal. No m\u00eas de fevereiro deste ano, o Governo do Estado avan\u00e7ou na cria\u00e7\u00e3o da Pol\u00edcia Penal de Sergipe com a entrega da proposta de emenda \u00e0 Constitui\u00e7\u00e3o (PEC), \u00e0 Assembleia Legislativa de Sergipe (Alese).<\/p>\n\n\n\n<p>Com a cria\u00e7\u00e3o da Pol\u00edcia Penal, os cargos de carreira de agente de seguran\u00e7a penitenci\u00e1rio, de agente auxiliar de seguran\u00e7a penitenci\u00e1rio, de guarda de seguran\u00e7a do sistema prisional, e dos cargos isolados e equivalentes, ser\u00e3o transformados em fun\u00e7\u00f5es dos policiais penais.<\/p>\n\n\n\n<p>De acordo com o secret\u00e1rio da Sejuc, Cristiano Barreto, com a cria\u00e7\u00e3o destas novas vagas, e da PEC que trata sobre a cria\u00e7\u00e3o da Pol\u00edcia Penal, o Governo do Estado passar\u00e1 a contar com cerca de 850 policiais penais.<\/p>\n\n\n\n<p>\u201cN\u00f3s t\u00ednhamos 400 agentes penitenci\u00e1rios e, ao longo da gest\u00e3o, criamos mais 100 cargos em 2017, criamos 150 neste ano e, por meio da PEC, estamos absorvendo tamb\u00e9m um quantitativo de cerca de 200 servidores\u201d, explicou.<\/p>\n\n\n\n<p><em>Fonte: Ag\u00eancia Sergipe de Not\u00edcias\/Governo de Sergipe<\/em><\/p>\n","protected":false},"excerpt":{"rendered":"<p>Ser\u00e3o 370 convoca\u00e7\u00f5es somente para a Pol\u00edcia Militar, sendo 340 para a fun\u00e7\u00e3o de pra\u00e7as e e 30 oficiais. J\u00e1 para o cargo de Guarda de Seguran\u00e7a do Sistema Prisional (Pol\u00edcia Penal), ser\u00e3o 150 convoca\u00e7\u00f5es, al\u00e9m de 13 novos delegados. O governador Belivaldo Chagas anunciou, na tarde desta ter\u00e7a-feira (25), a autoriza\u00e7\u00e3o para convoca\u00e7\u00e3o de [&hellip;]<\/p>\n","protected":false},"author":1,"featured_media":3575,"comment_status":"closed","ping_status":"closed","sticky":false,"template":"","format":"standard","meta":{"footnotes":""},"categories":[53,43],"tags":[],"class_list":["post-3574","post","type-post","status-publish","format-standard","has-post-thumbnail","hentry","category-destaques","category-sergipe"],"yoast_head":"<!-- This site is optimized with the Yoast SEO plugin v27.4 - https:\/\/yoast.com\/product\/yoast-seo-wordpress\/ -->\n<title>Governador Belivaldo autoriza convoca\u00e7\u00e3o de 555 aprovados nos concursos de Seguran\u00e7a P\u00fablica - O Coerente<\/title>\n<meta name=\"robots\" content=\"index, follow, max-snippet:-1, max-image-preview:large, max-video-preview:-1\" \/>\n<link rel=\"canonical\" href=\"https:\/\/ocoerente.com.br\/se\/2021\/05\/26\/governador-belivaldo-autoriza-convocacao-de-555-aprovados-nos-concursos-de-seguranca-publica\/\" \/>\n<meta property=\"og:locale\" content=\"pt_BR\" \/>\n<meta property=\"og:type\" content=\"article\" \/>\n<meta property=\"og:title\" content=\"Governador Belivaldo autoriza convoca\u00e7\u00e3o de 555 aprovados nos concursos de Seguran\u00e7a P\u00fablica - O Coerente\" \/>\n<meta property=\"og:description\" content=\"Ser\u00e3o 370 convoca\u00e7\u00f5es somente para a Pol\u00edcia Militar, sendo 340 para a fun\u00e7\u00e3o de pra\u00e7as e e 30 oficiais. J\u00e1 para o cargo de Guarda de Seguran\u00e7a do Sistema Prisional (Pol\u00edcia Penal), ser\u00e3o 150 convoca\u00e7\u00f5es, al\u00e9m de 13 novos delegados. O governador Belivaldo Chagas anunciou, na tarde desta ter\u00e7a-feira (25), a autoriza\u00e7\u00e3o para convoca\u00e7\u00e3o de [&hellip;]\" \/>\n<meta property=\"og:url\" content=\"https:\/\/ocoerente.com.br\/se\/2021\/05\/26\/governador-belivaldo-autoriza-convocacao-de-555-aprovados-nos-concursos-de-seguranca-publica\/\" \/>\n<meta property=\"og:site_name\" content=\"O Coerente\" \/>\n<meta property=\"article:published_time\" content=\"2021-05-27T02:29:05+00:00\" \/>\n<meta property=\"article:modified_time\" content=\"2021-05-27T02:29:06+00:00\" \/>\n<meta property=\"og:image\" content=\"https:\/\/ocoerente.com.br\/se\/wp-content\/uploads\/2021\/05\/belivaldoooo.jpg\" \/>\n\t<meta property=\"og:image:width\" content=\"921\" \/>\n\t<meta property=\"og:image:height\" content=\"622\" \/>\n\t<meta property=\"og:image:type\" content=\"image\/jpeg\" \/>\n<meta name=\"author\" content=\"Reda\u00e7\u00e3o\" \/>\n<meta name=\"twitter:card\" content=\"summary_large_image\" \/>\n<meta name=\"twitter:label1\" content=\"Escrito por\" \/>\n\t<meta name=\"twitter:data1\" content=\"Reda\u00e7\u00e3o\" \/>\n\t<meta name=\"twitter:label2\" content=\"Est. tempo de leitura\" \/>\n\t<meta name=\"twitter:data2\" content=\"3 minutos\" \/>\n<script type=\"application\/ld+json\" class=\"yoast-schema-graph\">{\"@context\":\"https:\\\/\\\/schema.org\",\"@graph\":[{\"@type\":\"Article\",\"@id\":\"https:\\\/\\\/ocoerente.com.br\\\/se\\\/2021\\\/05\\\/26\\\/governador-belivaldo-autoriza-convocacao-de-555-aprovados-nos-concursos-de-seguranca-publica\\\/#article\",\"isPartOf\":{\"@id\":\"https:\\\/\\\/ocoerente.com.br\\\/se\\\/2021\\\/05\\\/26\\\/governador-belivaldo-autoriza-convocacao-de-555-aprovados-nos-concursos-de-seguranca-publica\\\/\"},\"author\":{\"name\":\"Reda\u00e7\u00e3o\",\"@id\":\"https:\\\/\\\/ocoerente.com.br\\\/se\\\/#\\\/schema\\\/person\\\/cc6bfd9fbca465e23543b0c963d8d037\"},\"headline\":\"Governador Belivaldo autoriza convoca\u00e7\u00e3o de 555 aprovados nos concursos de Seguran\u00e7a P\u00fablica\",\"datePublished\":\"2021-05-27T02:29:05+00:00\",\"dateModified\":\"2021-05-27T02:29:06+00:00\",\"mainEntityOfPage\":{\"@id\":\"https:\\\/\\\/ocoerente.com.br\\\/se\\\/2021\\\/05\\\/26\\\/governador-belivaldo-autoriza-convocacao-de-555-aprovados-nos-concursos-de-seguranca-publica\\\/\"},\"wordCount\":616,\"publisher\":{\"@id\":\"https:\\\/\\\/ocoerente.com.br\\\/se\\\/#\\\/schema\\\/person\\\/cc6bfd9fbca465e23543b0c963d8d037\"},\"image\":{\"@id\":\"https:\\\/\\\/ocoerente.com.br\\\/se\\\/2021\\\/05\\\/26\\\/governador-belivaldo-autoriza-convocacao-de-555-aprovados-nos-concursos-de-seguranca-publica\\\/#primaryimage\"},\"thumbnailUrl\":\"https:\\\/\\\/ocoerente.com.br\\\/se\\\/wp-content\\\/uploads\\\/2021\\\/05\\\/belivaldoooo.jpg\",\"articleSection\":[\"Destaques\",\"Sergipe\"],\"inLanguage\":\"pt-BR\"},{\"@type\":\"WebPage\",\"@id\":\"https:\\\/\\\/ocoerente.com.br\\\/se\\\/2021\\\/05\\\/26\\\/governador-belivaldo-autoriza-convocacao-de-555-aprovados-nos-concursos-de-seguranca-publica\\\/\",\"url\":\"https:\\\/\\\/ocoerente.com.br\\\/se\\\/2021\\\/05\\\/26\\\/governador-belivaldo-autoriza-convocacao-de-555-aprovados-nos-concursos-de-seguranca-publica\\\/\",\"name\":\"Governador Belivaldo autoriza convoca\u00e7\u00e3o de 555 aprovados nos concursos de Seguran\u00e7a P\u00fablica - O Coerente\",\"isPartOf\":{\"@id\":\"https:\\\/\\\/ocoerente.com.br\\\/se\\\/#website\"},\"primaryImageOfPage\":{\"@id\":\"https:\\\/\\\/ocoerente.com.br\\\/se\\\/2021\\\/05\\\/26\\\/governador-belivaldo-autoriza-convocacao-de-555-aprovados-nos-concursos-de-seguranca-publica\\\/#primaryimage\"},\"image\":{\"@id\":\"https:\\\/\\\/ocoerente.com.br\\\/se\\\/2021\\\/05\\\/26\\\/governador-belivaldo-autoriza-convocacao-de-555-aprovados-nos-concursos-de-seguranca-publica\\\/#primaryimage\"},\"thumbnailUrl\":\"https:\\\/\\\/ocoerente.com.br\\\/se\\\/wp-content\\\/uploads\\\/2021\\\/05\\\/belivaldoooo.jpg\",\"datePublished\":\"2021-05-27T02:29:05+00:00\",\"dateModified\":\"2021-05-27T02:29:06+00:00\",\"breadcrumb\":{\"@id\":\"https:\\\/\\\/ocoerente.com.br\\\/se\\\/2021\\\/05\\\/26\\\/governador-belivaldo-autoriza-convocacao-de-555-aprovados-nos-concursos-de-seguranca-publica\\\/#breadcrumb\"},\"inLanguage\":\"pt-BR\",\"potentialAction\":[{\"@type\":\"ReadAction\",\"target\":[\"https:\\\/\\\/ocoerente.com.br\\\/se\\\/2021\\\/05\\\/26\\\/governador-belivaldo-autoriza-convocacao-de-555-aprovados-nos-concursos-de-seguranca-publica\\\/\"]}]},{\"@type\":\"ImageObject\",\"inLanguage\":\"pt-BR\",\"@id\":\"https:\\\/\\\/ocoerente.com.br\\\/se\\\/2021\\\/05\\\/26\\\/governador-belivaldo-autoriza-convocacao-de-555-aprovados-nos-concursos-de-seguranca-publica\\\/#primaryimage\",\"url\":\"https:\\\/\\\/ocoerente.com.br\\\/se\\\/wp-content\\\/uploads\\\/2021\\\/05\\\/belivaldoooo.jpg\",\"contentUrl\":\"https:\\\/\\\/ocoerente.com.br\\\/se\\\/wp-content\\\/uploads\\\/2021\\\/05\\\/belivaldoooo.jpg\",\"width\":921,\"height\":622},{\"@type\":\"BreadcrumbList\",\"@id\":\"https:\\\/\\\/ocoerente.com.br\\\/se\\\/2021\\\/05\\\/26\\\/governador-belivaldo-autoriza-convocacao-de-555-aprovados-nos-concursos-de-seguranca-publica\\\/#breadcrumb\",\"itemListElement\":[{\"@type\":\"ListItem\",\"position\":1,\"name\":\"In\u00edcio\",\"item\":\"https:\\\/\\\/ocoerente.com.br\\\/se\\\/\"},{\"@type\":\"ListItem\",\"position\":2,\"name\":\"Governador Belivaldo autoriza convoca\u00e7\u00e3o de 555 aprovados nos concursos de Seguran\u00e7a P\u00fablica\"}]},{\"@type\":\"WebSite\",\"@id\":\"https:\\\/\\\/ocoerente.com.br\\\/se\\\/#website\",\"url\":\"https:\\\/\\\/ocoerente.com.br\\\/se\\\/\",\"name\":\"O Coerente\",\"description\":\"\",\"publisher\":{\"@id\":\"https:\\\/\\\/ocoerente.com.br\\\/se\\\/#\\\/schema\\\/person\\\/cc6bfd9fbca465e23543b0c963d8d037\"},\"potentialAction\":[{\"@type\":\"SearchAction\",\"target\":{\"@type\":\"EntryPoint\",\"urlTemplate\":\"https:\\\/\\\/ocoerente.com.br\\\/se\\\/?s={search_term_string}\"},\"query-input\":{\"@type\":\"PropertyValueSpecification\",\"valueRequired\":true,\"valueName\":\"search_term_string\"}}],\"inLanguage\":\"pt-BR\"},{\"@type\":[\"Person\",\"Organization\"],\"@id\":\"https:\\\/\\\/ocoerente.com.br\\\/se\\\/#\\\/schema\\\/person\\\/cc6bfd9fbca465e23543b0c963d8d037\",\"name\":\"Reda\u00e7\u00e3o\",\"image\":{\"@type\":\"ImageObject\",\"inLanguage\":\"pt-BR\",\"@id\":\"https:\\\/\\\/ocoerente.com.br\\\/se\\\/wp-content\\\/uploads\\\/2020\\\/01\\\/ocoerente-1.png\",\"url\":\"https:\\\/\\\/ocoerente.com.br\\\/se\\\/wp-content\\\/uploads\\\/2020\\\/01\\\/ocoerente-1.png\",\"contentUrl\":\"https:\\\/\\\/ocoerente.com.br\\\/se\\\/wp-content\\\/uploads\\\/2020\\\/01\\\/ocoerente-1.png\",\"width\":50,\"height\":50,\"caption\":\"Reda\u00e7\u00e3o\"},\"logo\":{\"@id\":\"https:\\\/\\\/ocoerente.com.br\\\/se\\\/wp-content\\\/uploads\\\/2020\\\/01\\\/ocoerente-1.png\"},\"url\":\"https:\\\/\\\/ocoerente.com.br\\\/se\\\/author\\\/vasticlsales\\\/\"}]}<\/script>\n<!-- \/ Yoast SEO plugin. -->","yoast_head_json":{"title":"Governador Belivaldo autoriza convoca\u00e7\u00e3o de 555 aprovados nos concursos de Seguran\u00e7a P\u00fablica - O Coerente","robots":{"index":"index","follow":"follow","max-snippet":"max-snippet:-1","max-image-preview":"max-image-preview:large","max-video-preview":"max-video-preview:-1"},"canonical":"https:\/\/ocoerente.com.br\/se\/2021\/05\/26\/governador-belivaldo-autoriza-convocacao-de-555-aprovados-nos-concursos-de-seguranca-publica\/","og_locale":"pt_BR","og_type":"article","og_title":"Governador Belivaldo autoriza convoca\u00e7\u00e3o de 555 aprovados nos concursos de Seguran\u00e7a P\u00fablica - O Coerente","og_description":"Ser\u00e3o 370 convoca\u00e7\u00f5es somente para a Pol\u00edcia Militar, sendo 340 para a fun\u00e7\u00e3o de pra\u00e7as e e 30 oficiais. J\u00e1 para o cargo de Guarda de Seguran\u00e7a do Sistema Prisional (Pol\u00edcia Penal), ser\u00e3o 150 convoca\u00e7\u00f5es, al\u00e9m de 13 novos delegados. O governador Belivaldo Chagas anunciou, na tarde desta ter\u00e7a-feira (25), a autoriza\u00e7\u00e3o para convoca\u00e7\u00e3o de [&hellip;]","og_url":"https:\/\/ocoerente.com.br\/se\/2021\/05\/26\/governador-belivaldo-autoriza-convocacao-de-555-aprovados-nos-concursos-de-seguranca-publica\/","og_site_name":"O Coerente","article_published_time":"2021-05-27T02:29:05+00:00","article_modified_time":"2021-05-27T02:29:06+00:00","og_image":[{"width":921,"height":622,"url":"https:\/\/ocoerente.com.br\/se\/wp-content\/uploads\/2021\/05\/belivaldoooo.jpg","type":"image\/jpeg"}],"author":"Reda\u00e7\u00e3o","twitter_card":"summary_large_image","twitter_misc":{"Escrito por":"Reda\u00e7\u00e3o","Est. tempo de leitura":"3 minutos"},"schema":{"@context":"https:\/\/schema.org","@graph":[{"@type":"Article","@id":"https:\/\/ocoerente.com.br\/se\/2021\/05\/26\/governador-belivaldo-autoriza-convocacao-de-555-aprovados-nos-concursos-de-seguranca-publica\/#article","isPartOf":{"@id":"https:\/\/ocoerente.com.br\/se\/2021\/05\/26\/governador-belivaldo-autoriza-convocacao-de-555-aprovados-nos-concursos-de-seguranca-publica\/"},"author":{"name":"Reda\u00e7\u00e3o","@id":"https:\/\/ocoerente.com.br\/se\/#\/schema\/person\/cc6bfd9fbca465e23543b0c963d8d037"},"headline":"Governador Belivaldo autoriza convoca\u00e7\u00e3o de 555 aprovados nos concursos de Seguran\u00e7a P\u00fablica","datePublished":"2021-05-27T02:29:05+00:00","dateModified":"2021-05-27T02:29:06+00:00","mainEntityOfPage":{"@id":"https:\/\/ocoerente.com.br\/se\/2021\/05\/26\/governador-belivaldo-autoriza-convocacao-de-555-aprovados-nos-concursos-de-seguranca-publica\/"},"wordCount":616,"publisher":{"@id":"https:\/\/ocoerente.com.br\/se\/#\/schema\/person\/cc6bfd9fbca465e23543b0c963d8d037"},"image":{"@id":"https:\/\/ocoerente.com.br\/se\/2021\/05\/26\/governador-belivaldo-autoriza-convocacao-de-555-aprovados-nos-concursos-de-seguranca-publica\/#primaryimage"},"thumbnailUrl":"https:\/\/ocoerente.com.br\/se\/wp-content\/uploads\/2021\/05\/belivaldoooo.jpg","articleSection":["Destaques","Sergipe"],"inLanguage":"pt-BR"},{"@type":"WebPage","@id":"https:\/\/ocoerente.com.br\/se\/2021\/05\/26\/governador-belivaldo-autoriza-convocacao-de-555-aprovados-nos-concursos-de-seguranca-publica\/","url":"https:\/\/ocoerente.com.br\/se\/2021\/05\/26\/governador-belivaldo-autoriza-convocacao-de-555-aprovados-nos-concursos-de-seguranca-publica\/","name":"Governador Belivaldo autoriza convoca\u00e7\u00e3o de 555 aprovados nos concursos de Seguran\u00e7a P\u00fablica - O Coerente","isPartOf":{"@id":"https:\/\/ocoerente.com.br\/se\/#website"},"primaryImageOfPage":{"@id":"https:\/\/ocoerente.com.br\/se\/2021\/05\/26\/governador-belivaldo-autoriza-convocacao-de-555-aprovados-nos-concursos-de-seguranca-publica\/#primaryimage"},"image":{"@id":"https:\/\/ocoerente.com.br\/se\/2021\/05\/26\/governador-belivaldo-autoriza-convocacao-de-555-aprovados-nos-concursos-de-seguranca-publica\/#primaryimage"},"thumbnailUrl":"https:\/\/ocoerente.com.br\/se\/wp-content\/uploads\/2021\/05\/belivaldoooo.jpg","datePublished":"2021-05-27T02:29:05+00:00","dateModified":"2021-05-27T02:29:06+00:00","breadcrumb":{"@id":"https:\/\/ocoerente.com.br\/se\/2021\/05\/26\/governador-belivaldo-autoriza-convocacao-de-555-aprovados-nos-concursos-de-seguranca-publica\/#breadcrumb"},"inLanguage":"pt-BR","potentialAction":[{"@type":"ReadAction","target":["https:\/\/ocoerente.com.br\/se\/2021\/05\/26\/governador-belivaldo-autoriza-convocacao-de-555-aprovados-nos-concursos-de-seguranca-publica\/"]}]},{"@type":"ImageObject","inLanguage":"pt-BR","@id":"https:\/\/ocoerente.com.br\/se\/2021\/05\/26\/governador-belivaldo-autoriza-convocacao-de-555-aprovados-nos-concursos-de-seguranca-publica\/#primaryimage","url":"https:\/\/ocoerente.com.br\/se\/wp-content\/uploads\/2021\/05\/belivaldoooo.jpg","contentUrl":"https:\/\/ocoerente.com.br\/se\/wp-content\/uploads\/2021\/05\/belivaldoooo.jpg","width":921,"height":622},{"@type":"BreadcrumbList","@id":"https:\/\/ocoerente.com.br\/se\/2021\/05\/26\/governador-belivaldo-autoriza-convocacao-de-555-aprovados-nos-concursos-de-seguranca-publica\/#breadcrumb","itemListElement":[{"@type":"ListItem","position":1,"name":"In\u00edcio","item":"https:\/\/ocoerente.com.br\/se\/"},{"@type":"ListItem","position":2,"name":"Governador Belivaldo autoriza convoca\u00e7\u00e3o de 555 aprovados nos concursos de Seguran\u00e7a P\u00fablica"}]},{"@type":"WebSite","@id":"https:\/\/ocoerente.com.br\/se\/#website","url":"https:\/\/ocoerente.com.br\/se\/","name":"O Coerente","description":"","publisher":{"@id":"https:\/\/ocoerente.com.br\/se\/#\/schema\/person\/cc6bfd9fbca465e23543b0c963d8d037"},"potentialAction":[{"@type":"SearchAction","target":{"@type":"EntryPoint","urlTemplate":"https:\/\/ocoerente.com.br\/se\/?s={search_term_string}"},"query-input":{"@type":"PropertyValueSpecification","valueRequired":true,"valueName":"search_term_string"}}],"inLanguage":"pt-BR"},{"@type":["Person","Organization"],"@id":"https:\/\/ocoerente.com.br\/se\/#\/schema\/person\/cc6bfd9fbca465e23543b0c963d8d037","name":"Reda\u00e7\u00e3o","image":{"@type":"ImageObject","inLanguage":"pt-BR","@id":"https:\/\/ocoerente.com.br\/se\/wp-content\/uploads\/2020\/01\/ocoerente-1.png","url":"https:\/\/ocoerente.com.br\/se\/wp-content\/uploads\/2020\/01\/ocoerente-1.png","contentUrl":"https:\/\/ocoerente.com.br\/se\/wp-content\/uploads\/2020\/01\/ocoerente-1.png","width":50,"height":50,"caption":"Reda\u00e7\u00e3o"},"logo":{"@id":"https:\/\/ocoerente.com.br\/se\/wp-content\/uploads\/2020\/01\/ocoerente-1.png"},"url":"https:\/\/ocoerente.com.br\/se\/author\/vasticlsales\/"}]}},"_links":{"self":[{"href":"https:\/\/ocoerente.com.br\/se\/wp-json\/wp\/v2\/posts\/3574","targetHints":{"allow":["GET"]}}],"collection":[{"href":"https:\/\/ocoerente.com.br\/se\/wp-json\/wp\/v2\/posts"}],"about":[{"href":"https:\/\/ocoerente.com.br\/se\/wp-json\/wp\/v2\/types\/post"}],"author":[{"embeddable":true,"href":"https:\/\/ocoerente.com.br\/se\/wp-json\/wp\/v2\/users\/1"}],"replies":[{"embeddable":true,"href":"https:\/\/ocoerente.com.br\/se\/wp-json\/wp\/v2\/comments?post=3574"}],"version-history":[{"count":1,"href":"https:\/\/ocoerente.com.br\/se\/wp-json\/wp\/v2\/posts\/3574\/revisions"}],"predecessor-version":[{"id":3576,"href":"https:\/\/ocoerente.com.br\/se\/wp-json\/wp\/v2\/posts\/3574\/revisions\/3576"}],"wp:featuredmedia":[{"embeddable":true,"href":"https:\/\/ocoerente.com.br\/se\/wp-json\/wp\/v2\/media\/3575"}],"wp:attachment":[{"href":"https:\/\/ocoerente.com.br\/se\/wp-json\/wp\/v2\/media?parent=3574"}],"wp:term":[{"taxonomy":"category","embeddable":true,"href":"https:\/\/ocoerente.com.br\/se\/wp-json\/wp\/v2\/categories?post=3574"},{"taxonomy":"post_tag","embeddable":true,"href":"https:\/\/ocoerente.com.br\/se\/wp-json\/wp\/v2\/tags?post=3574"}],"curies":[{"name":"wp","href":"https:\/\/api.w.org\/{rel}","templated":true}]}}