{"id":3570,"date":"2021-05-26T23:26:09","date_gmt":"2021-05-27T02:26:09","guid":{"rendered":"https:\/\/ocoerente.com.br\/se\/?p=3570"},"modified":"2021-05-26T23:26:10","modified_gmt":"2021-05-27T02:26:10","slug":"nota-de-esclarecimento-2","status":"publish","type":"post","link":"https:\/\/ocoerente.com.br\/se\/2021\/05\/26\/nota-de-esclarecimento-2\/","title":{"rendered":"Nota de Esclarecimento"},"content":{"rendered":"\n<p>A Justi\u00e7a inocentou o deputado federal Jo\u00e3o Daniel (PT) da acusa\u00e7\u00e3o de ter utilizado irregularmente recursos da Assembleia Legislativa no per\u00edodo de 2011 a 2014, quando era parlamentar estadual. \u00c0 \u00e9poca, o Minist\u00e9rio P\u00fablico de Sergipe considerou que houve improbidade administrativa do petista ao liberar R$ 213 mil e R$ 220 mil, respectivamente, para a Associa\u00e7\u00e3o de Coopera\u00e7\u00e3o Agr\u00edcola e o Centro Comunit\u00e1rio de Forma\u00e7\u00e3o em Agropecu\u00e1ria Dom Jos\u00e9 Brand\u00e3o de Castro.<\/p>\n\n\n\n<p>Em sua decis\u00e3o, a ju\u00edza de direito Simone de Oliveira Fraga, da 3\u00aa Vara C\u00edvel de Aracaju, julgou improcedente o pedido do MPE para condenar o deputado Jo\u00e3o Daniel e outros tr\u00eas r\u00e9us. A magistrada entendeu n\u00e3o existir na documenta\u00e7\u00e3o apresentada pelo MPE, nada que demonstre terem sido os valores utilizados em proveito pessoal do parlamentar. \u201cN\u00e3o existe nos autos comprova\u00e7\u00e3o de que as verbas de subven\u00e7\u00f5es tenham sido utilizadas para outras finalidades al\u00e9m daquelas que a lei, em sua amplitude, permitia\u201d, frisa a ju\u00edza em sua decis\u00e3o.<\/p>\n\n\n\n<p><strong>Ap\u00f3s ser inocentado da acusa\u00e7\u00e3o, o deputado federal Jo\u00e3o Daniel divulgou a seguinte nota oficial:<\/strong><\/p>\n\n\n\n<p><em>Com a mesma tranquilidade com que lidei desde o in\u00edcio com os processos relacionados \u00e0 quest\u00e3o das verbas de subven\u00e7\u00e3o na Assembleia Legislativa, quando era deputado estadual, recebi hoje, atrav\u00e9s da nossa Assessoria Jur\u00eddica, a senten\u00e7a da ju\u00edza da 3\u00aa Vara C\u00edvel de Aracaju, Simone de Oliveira Fraga, que julgou improcedente o processo de improbidade administrativa na a\u00e7\u00e3o requerida pelo Minist\u00e9rio P\u00fablico do Estado de Sergipe. Sempre afirmei que tinha a consci\u00eancia tranquila, pois havia apenas destinado as verbas que eram disponibilizadas \u00e0 \u00e9poca para entidades que cumpriam as exig\u00eancias para receber os recursos.<\/em><\/p>\n\n\n\n<p><em>Na senten\u00e7a, a ju\u00edza afirma que \u201cconstata-se que os recursos foram efetivamente gastos nos programas a que se dirigiam os conv\u00eanios, n\u00e3o estando provado que estas irregularidades tenham sido praticados com dolo ou culpa ou se causaram um preju\u00edzo financeiro ao er\u00e1rio (sic)\u201d. Ela ressalta que n\u00e3o existe na documenta\u00e7\u00e3o apresentada no processo nada que demonstre \u2013 embora as entidades trabalhem com movimentos sociais ligados com atividades do campo, nossa base eleitoral \u2013 terem sido os valores utilizados em nosso proveito pessoal.<\/em><\/p>\n\n\n\n<p><em>A magistrada refutou a tentativa de criminaliza\u00e7\u00e3o pelo fato de eu ser ligado ao Movimento dos Trabalhadores Sem Terra, como foi tentado durante todo processo, ao afirmar na senten\u00e7a que \u201co fato do requerido JO\u00c3O DANIEL, \u00e0 \u00e9poca deputado estadual, estar ligado pessoalmente ao MST, n\u00e3o justificaria, por si s\u00f3, a proced\u00eancia do pedido inicial, uma vez que, que esse movimento social n\u00e3o \u00e9 ilegal\u201d. Quanto \u00e0s demais pessoas das entidades inclu\u00eddas no processo, a ju\u00edza acrescentou que \u201cn\u00e3o existe nos autos comprova\u00e7\u00e3o de que as verbas de subven\u00e7\u00f5es tenham sido utilizadas para outras finalidades al\u00e9m daquelas que a lei, em sua amplitude, permitia\u201d.<\/em><\/p>\n\n\n\n<p><em>Ou seja, no julgamento do m\u00e9rito dessa a\u00e7\u00e3o, eu e as demais pessoas arroladas pelo MP como r\u00e9us nessa a\u00e7\u00e3o \u2013 ligadas a entidades que destinamos os recursos \u2013 fomos todos absolvidos.<\/em><\/p>\n\n\n\n<p><em>Sempre acreditei na verdade e na Justi\u00e7a!<\/em><\/p>\n\n\n\n<p><strong>Deputado federal Jo\u00e3o Daniel (PT\/SE)<\/strong><\/p>\n\n\n\n<p><strong>SENTEN\u00c7A NA \u00cdNTEGRA<\/strong>:<\/p>\n\n\n\n<div class=\"wp-block-algori-pdf-viewer-block-algori-pdf-viewer\"><iframe class=\"wp-block-algori-pdf-viewer-block-algori-pdf-viewer-iframe\" src=\"https:\/\/ocoerente.com.br\/se\/wp-content\/plugins\/algori-pdf-viewer\/dist\/web\/viewer.html?file=https%3A%2F%2Focoerente.com.br%2Fse%2Fwp-content%2Fuploads%2F2021%2F05%2FSENTENCA.pdf\" style=\"width:600px;height:850px\"><\/iframe><\/div>\n","protected":false},"excerpt":{"rendered":"<p>A Justi\u00e7a inocentou o deputado federal Jo\u00e3o Daniel (PT) da acusa\u00e7\u00e3o de ter utilizado irregularmente recursos da Assembleia Legislativa no per\u00edodo de 2011 a 2014, quando era parlamentar estadual. \u00c0 \u00e9poca, o Minist\u00e9rio P\u00fablico de Sergipe considerou que houve improbidade administrativa do petista ao liberar R$ 213 mil e R$ 220 mil, respectivamente, para a [&hellip;]<\/p>\n","protected":false},"author":1,"featured_media":3571,"comment_status":"closed","ping_status":"closed","sticky":false,"template":"","format":"standard","meta":{"footnotes":""},"categories":[53,44],"tags":[],"class_list":["post-3570","post","type-post","status-publish","format-standard","has-post-thumbnail","hentry","category-destaques","category-politica"],"yoast_head":"<!-- This site is optimized with the Yoast SEO plugin v27.4 - https:\/\/yoast.com\/product\/yoast-seo-wordpress\/ -->\n<title>Nota de Esclarecimento - O Coerente<\/title>\n<meta name=\"robots\" content=\"index, follow, max-snippet:-1, max-image-preview:large, max-video-preview:-1\" \/>\n<link rel=\"canonical\" href=\"https:\/\/ocoerente.com.br\/se\/2021\/05\/26\/nota-de-esclarecimento-2\/\" \/>\n<meta property=\"og:locale\" content=\"pt_BR\" \/>\n<meta property=\"og:type\" content=\"article\" \/>\n<meta property=\"og:title\" content=\"Nota de Esclarecimento - O Coerente\" \/>\n<meta property=\"og:description\" content=\"A Justi\u00e7a inocentou o deputado federal Jo\u00e3o Daniel (PT) da acusa\u00e7\u00e3o de ter utilizado irregularmente recursos da Assembleia Legislativa no per\u00edodo de 2011 a 2014, quando era parlamentar estadual. \u00c0 \u00e9poca, o Minist\u00e9rio P\u00fablico de Sergipe considerou que houve improbidade administrativa do petista ao liberar R$ 213 mil e R$ 220 mil, respectivamente, para a [&hellip;]\" \/>\n<meta property=\"og:url\" content=\"https:\/\/ocoerente.com.br\/se\/2021\/05\/26\/nota-de-esclarecimento-2\/\" \/>\n<meta property=\"og:site_name\" content=\"O Coerente\" \/>\n<meta property=\"article:published_time\" content=\"2021-05-27T02:26:09+00:00\" \/>\n<meta property=\"article:modified_time\" content=\"2021-05-27T02:26:10+00:00\" \/>\n<meta property=\"og:image\" content=\"https:\/\/ocoerente.com.br\/se\/wp-content\/uploads\/2021\/05\/joao-daniel.jpg\" \/>\n\t<meta property=\"og:image:width\" content=\"640\" \/>\n\t<meta property=\"og:image:height\" content=\"480\" \/>\n\t<meta property=\"og:image:type\" content=\"image\/jpeg\" \/>\n<meta name=\"author\" content=\"Reda\u00e7\u00e3o\" \/>\n<meta name=\"twitter:card\" content=\"summary_large_image\" \/>\n<meta name=\"twitter:label1\" content=\"Escrito por\" \/>\n\t<meta name=\"twitter:data1\" content=\"Reda\u00e7\u00e3o\" \/>\n\t<meta name=\"twitter:label2\" content=\"Est. tempo de leitura\" \/>\n\t<meta name=\"twitter:data2\" content=\"3 minutos\" \/>\n<script type=\"application\/ld+json\" class=\"yoast-schema-graph\">{\"@context\":\"https:\\\/\\\/schema.org\",\"@graph\":[{\"@type\":\"Article\",\"@id\":\"https:\\\/\\\/ocoerente.com.br\\\/se\\\/2021\\\/05\\\/26\\\/nota-de-esclarecimento-2\\\/#article\",\"isPartOf\":{\"@id\":\"https:\\\/\\\/ocoerente.com.br\\\/se\\\/2021\\\/05\\\/26\\\/nota-de-esclarecimento-2\\\/\"},\"author\":{\"name\":\"Reda\u00e7\u00e3o\",\"@id\":\"https:\\\/\\\/ocoerente.com.br\\\/se\\\/#\\\/schema\\\/person\\\/cc6bfd9fbca465e23543b0c963d8d037\"},\"headline\":\"Nota de Esclarecimento\",\"datePublished\":\"2021-05-27T02:26:09+00:00\",\"dateModified\":\"2021-05-27T02:26:10+00:00\",\"mainEntityOfPage\":{\"@id\":\"https:\\\/\\\/ocoerente.com.br\\\/se\\\/2021\\\/05\\\/26\\\/nota-de-esclarecimento-2\\\/\"},\"wordCount\":561,\"publisher\":{\"@id\":\"https:\\\/\\\/ocoerente.com.br\\\/se\\\/#\\\/schema\\\/person\\\/cc6bfd9fbca465e23543b0c963d8d037\"},\"image\":{\"@id\":\"https:\\\/\\\/ocoerente.com.br\\\/se\\\/2021\\\/05\\\/26\\\/nota-de-esclarecimento-2\\\/#primaryimage\"},\"thumbnailUrl\":\"https:\\\/\\\/ocoerente.com.br\\\/se\\\/wp-content\\\/uploads\\\/2021\\\/05\\\/joao-daniel.jpg\",\"articleSection\":[\"Destaques\",\"Pol\u00edtica\"],\"inLanguage\":\"pt-BR\"},{\"@type\":\"WebPage\",\"@id\":\"https:\\\/\\\/ocoerente.com.br\\\/se\\\/2021\\\/05\\\/26\\\/nota-de-esclarecimento-2\\\/\",\"url\":\"https:\\\/\\\/ocoerente.com.br\\\/se\\\/2021\\\/05\\\/26\\\/nota-de-esclarecimento-2\\\/\",\"name\":\"Nota de Esclarecimento - O Coerente\",\"isPartOf\":{\"@id\":\"https:\\\/\\\/ocoerente.com.br\\\/se\\\/#website\"},\"primaryImageOfPage\":{\"@id\":\"https:\\\/\\\/ocoerente.com.br\\\/se\\\/2021\\\/05\\\/26\\\/nota-de-esclarecimento-2\\\/#primaryimage\"},\"image\":{\"@id\":\"https:\\\/\\\/ocoerente.com.br\\\/se\\\/2021\\\/05\\\/26\\\/nota-de-esclarecimento-2\\\/#primaryimage\"},\"thumbnailUrl\":\"https:\\\/\\\/ocoerente.com.br\\\/se\\\/wp-content\\\/uploads\\\/2021\\\/05\\\/joao-daniel.jpg\",\"datePublished\":\"2021-05-27T02:26:09+00:00\",\"dateModified\":\"2021-05-27T02:26:10+00:00\",\"breadcrumb\":{\"@id\":\"https:\\\/\\\/ocoerente.com.br\\\/se\\\/2021\\\/05\\\/26\\\/nota-de-esclarecimento-2\\\/#breadcrumb\"},\"inLanguage\":\"pt-BR\",\"potentialAction\":[{\"@type\":\"ReadAction\",\"target\":[\"https:\\\/\\\/ocoerente.com.br\\\/se\\\/2021\\\/05\\\/26\\\/nota-de-esclarecimento-2\\\/\"]}]},{\"@type\":\"ImageObject\",\"inLanguage\":\"pt-BR\",\"@id\":\"https:\\\/\\\/ocoerente.com.br\\\/se\\\/2021\\\/05\\\/26\\\/nota-de-esclarecimento-2\\\/#primaryimage\",\"url\":\"https:\\\/\\\/ocoerente.com.br\\\/se\\\/wp-content\\\/uploads\\\/2021\\\/05\\\/joao-daniel.jpg\",\"contentUrl\":\"https:\\\/\\\/ocoerente.com.br\\\/se\\\/wp-content\\\/uploads\\\/2021\\\/05\\\/joao-daniel.jpg\",\"width\":640,\"height\":480},{\"@type\":\"BreadcrumbList\",\"@id\":\"https:\\\/\\\/ocoerente.com.br\\\/se\\\/2021\\\/05\\\/26\\\/nota-de-esclarecimento-2\\\/#breadcrumb\",\"itemListElement\":[{\"@type\":\"ListItem\",\"position\":1,\"name\":\"In\u00edcio\",\"item\":\"https:\\\/\\\/ocoerente.com.br\\\/se\\\/\"},{\"@type\":\"ListItem\",\"position\":2,\"name\":\"Nota de Esclarecimento\"}]},{\"@type\":\"WebSite\",\"@id\":\"https:\\\/\\\/ocoerente.com.br\\\/se\\\/#website\",\"url\":\"https:\\\/\\\/ocoerente.com.br\\\/se\\\/\",\"name\":\"O Coerente\",\"description\":\"\",\"publisher\":{\"@id\":\"https:\\\/\\\/ocoerente.com.br\\\/se\\\/#\\\/schema\\\/person\\\/cc6bfd9fbca465e23543b0c963d8d037\"},\"potentialAction\":[{\"@type\":\"SearchAction\",\"target\":{\"@type\":\"EntryPoint\",\"urlTemplate\":\"https:\\\/\\\/ocoerente.com.br\\\/se\\\/?s={search_term_string}\"},\"query-input\":{\"@type\":\"PropertyValueSpecification\",\"valueRequired\":true,\"valueName\":\"search_term_string\"}}],\"inLanguage\":\"pt-BR\"},{\"@type\":[\"Person\",\"Organization\"],\"@id\":\"https:\\\/\\\/ocoerente.com.br\\\/se\\\/#\\\/schema\\\/person\\\/cc6bfd9fbca465e23543b0c963d8d037\",\"name\":\"Reda\u00e7\u00e3o\",\"image\":{\"@type\":\"ImageObject\",\"inLanguage\":\"pt-BR\",\"@id\":\"https:\\\/\\\/ocoerente.com.br\\\/se\\\/wp-content\\\/uploads\\\/2020\\\/01\\\/ocoerente-1.png\",\"url\":\"https:\\\/\\\/ocoerente.com.br\\\/se\\\/wp-content\\\/uploads\\\/2020\\\/01\\\/ocoerente-1.png\",\"contentUrl\":\"https:\\\/\\\/ocoerente.com.br\\\/se\\\/wp-content\\\/uploads\\\/2020\\\/01\\\/ocoerente-1.png\",\"width\":50,\"height\":50,\"caption\":\"Reda\u00e7\u00e3o\"},\"logo\":{\"@id\":\"https:\\\/\\\/ocoerente.com.br\\\/se\\\/wp-content\\\/uploads\\\/2020\\\/01\\\/ocoerente-1.png\"},\"url\":\"https:\\\/\\\/ocoerente.com.br\\\/se\\\/author\\\/vasticlsales\\\/\"}]}<\/script>\n<!-- \/ Yoast SEO plugin. -->","yoast_head_json":{"title":"Nota de Esclarecimento - O Coerente","robots":{"index":"index","follow":"follow","max-snippet":"max-snippet:-1","max-image-preview":"max-image-preview:large","max-video-preview":"max-video-preview:-1"},"canonical":"https:\/\/ocoerente.com.br\/se\/2021\/05\/26\/nota-de-esclarecimento-2\/","og_locale":"pt_BR","og_type":"article","og_title":"Nota de Esclarecimento - O Coerente","og_description":"A Justi\u00e7a inocentou o deputado federal Jo\u00e3o Daniel (PT) da acusa\u00e7\u00e3o de ter utilizado irregularmente recursos da Assembleia Legislativa no per\u00edodo de 2011 a 2014, quando era parlamentar estadual. \u00c0 \u00e9poca, o Minist\u00e9rio P\u00fablico de Sergipe considerou que houve improbidade administrativa do petista ao liberar R$ 213 mil e R$ 220 mil, respectivamente, para a [&hellip;]","og_url":"https:\/\/ocoerente.com.br\/se\/2021\/05\/26\/nota-de-esclarecimento-2\/","og_site_name":"O Coerente","article_published_time":"2021-05-27T02:26:09+00:00","article_modified_time":"2021-05-27T02:26:10+00:00","og_image":[{"width":640,"height":480,"url":"https:\/\/ocoerente.com.br\/se\/wp-content\/uploads\/2021\/05\/joao-daniel.jpg","type":"image\/jpeg"}],"author":"Reda\u00e7\u00e3o","twitter_card":"summary_large_image","twitter_misc":{"Escrito por":"Reda\u00e7\u00e3o","Est. tempo de leitura":"3 minutos"},"schema":{"@context":"https:\/\/schema.org","@graph":[{"@type":"Article","@id":"https:\/\/ocoerente.com.br\/se\/2021\/05\/26\/nota-de-esclarecimento-2\/#article","isPartOf":{"@id":"https:\/\/ocoerente.com.br\/se\/2021\/05\/26\/nota-de-esclarecimento-2\/"},"author":{"name":"Reda\u00e7\u00e3o","@id":"https:\/\/ocoerente.com.br\/se\/#\/schema\/person\/cc6bfd9fbca465e23543b0c963d8d037"},"headline":"Nota de Esclarecimento","datePublished":"2021-05-27T02:26:09+00:00","dateModified":"2021-05-27T02:26:10+00:00","mainEntityOfPage":{"@id":"https:\/\/ocoerente.com.br\/se\/2021\/05\/26\/nota-de-esclarecimento-2\/"},"wordCount":561,"publisher":{"@id":"https:\/\/ocoerente.com.br\/se\/#\/schema\/person\/cc6bfd9fbca465e23543b0c963d8d037"},"image":{"@id":"https:\/\/ocoerente.com.br\/se\/2021\/05\/26\/nota-de-esclarecimento-2\/#primaryimage"},"thumbnailUrl":"https:\/\/ocoerente.com.br\/se\/wp-content\/uploads\/2021\/05\/joao-daniel.jpg","articleSection":["Destaques","Pol\u00edtica"],"inLanguage":"pt-BR"},{"@type":"WebPage","@id":"https:\/\/ocoerente.com.br\/se\/2021\/05\/26\/nota-de-esclarecimento-2\/","url":"https:\/\/ocoerente.com.br\/se\/2021\/05\/26\/nota-de-esclarecimento-2\/","name":"Nota de Esclarecimento - O Coerente","isPartOf":{"@id":"https:\/\/ocoerente.com.br\/se\/#website"},"primaryImageOfPage":{"@id":"https:\/\/ocoerente.com.br\/se\/2021\/05\/26\/nota-de-esclarecimento-2\/#primaryimage"},"image":{"@id":"https:\/\/ocoerente.com.br\/se\/2021\/05\/26\/nota-de-esclarecimento-2\/#primaryimage"},"thumbnailUrl":"https:\/\/ocoerente.com.br\/se\/wp-content\/uploads\/2021\/05\/joao-daniel.jpg","datePublished":"2021-05-27T02:26:09+00:00","dateModified":"2021-05-27T02:26:10+00:00","breadcrumb":{"@id":"https:\/\/ocoerente.com.br\/se\/2021\/05\/26\/nota-de-esclarecimento-2\/#breadcrumb"},"inLanguage":"pt-BR","potentialAction":[{"@type":"ReadAction","target":["https:\/\/ocoerente.com.br\/se\/2021\/05\/26\/nota-de-esclarecimento-2\/"]}]},{"@type":"ImageObject","inLanguage":"pt-BR","@id":"https:\/\/ocoerente.com.br\/se\/2021\/05\/26\/nota-de-esclarecimento-2\/#primaryimage","url":"https:\/\/ocoerente.com.br\/se\/wp-content\/uploads\/2021\/05\/joao-daniel.jpg","contentUrl":"https:\/\/ocoerente.com.br\/se\/wp-content\/uploads\/2021\/05\/joao-daniel.jpg","width":640,"height":480},{"@type":"BreadcrumbList","@id":"https:\/\/ocoerente.com.br\/se\/2021\/05\/26\/nota-de-esclarecimento-2\/#breadcrumb","itemListElement":[{"@type":"ListItem","position":1,"name":"In\u00edcio","item":"https:\/\/ocoerente.com.br\/se\/"},{"@type":"ListItem","position":2,"name":"Nota de Esclarecimento"}]},{"@type":"WebSite","@id":"https:\/\/ocoerente.com.br\/se\/#website","url":"https:\/\/ocoerente.com.br\/se\/","name":"O Coerente","description":"","publisher":{"@id":"https:\/\/ocoerente.com.br\/se\/#\/schema\/person\/cc6bfd9fbca465e23543b0c963d8d037"},"potentialAction":[{"@type":"SearchAction","target":{"@type":"EntryPoint","urlTemplate":"https:\/\/ocoerente.com.br\/se\/?s={search_term_string}"},"query-input":{"@type":"PropertyValueSpecification","valueRequired":true,"valueName":"search_term_string"}}],"inLanguage":"pt-BR"},{"@type":["Person","Organization"],"@id":"https:\/\/ocoerente.com.br\/se\/#\/schema\/person\/cc6bfd9fbca465e23543b0c963d8d037","name":"Reda\u00e7\u00e3o","image":{"@type":"ImageObject","inLanguage":"pt-BR","@id":"https:\/\/ocoerente.com.br\/se\/wp-content\/uploads\/2020\/01\/ocoerente-1.png","url":"https:\/\/ocoerente.com.br\/se\/wp-content\/uploads\/2020\/01\/ocoerente-1.png","contentUrl":"https:\/\/ocoerente.com.br\/se\/wp-content\/uploads\/2020\/01\/ocoerente-1.png","width":50,"height":50,"caption":"Reda\u00e7\u00e3o"},"logo":{"@id":"https:\/\/ocoerente.com.br\/se\/wp-content\/uploads\/2020\/01\/ocoerente-1.png"},"url":"https:\/\/ocoerente.com.br\/se\/author\/vasticlsales\/"}]}},"_links":{"self":[{"href":"https:\/\/ocoerente.com.br\/se\/wp-json\/wp\/v2\/posts\/3570","targetHints":{"allow":["GET"]}}],"collection":[{"href":"https:\/\/ocoerente.com.br\/se\/wp-json\/wp\/v2\/posts"}],"about":[{"href":"https:\/\/ocoerente.com.br\/se\/wp-json\/wp\/v2\/types\/post"}],"author":[{"embeddable":true,"href":"https:\/\/ocoerente.com.br\/se\/wp-json\/wp\/v2\/users\/1"}],"replies":[{"embeddable":true,"href":"https:\/\/ocoerente.com.br\/se\/wp-json\/wp\/v2\/comments?post=3570"}],"version-history":[{"count":1,"href":"https:\/\/ocoerente.com.br\/se\/wp-json\/wp\/v2\/posts\/3570\/revisions"}],"predecessor-version":[{"id":3573,"href":"https:\/\/ocoerente.com.br\/se\/wp-json\/wp\/v2\/posts\/3570\/revisions\/3573"}],"wp:featuredmedia":[{"embeddable":true,"href":"https:\/\/ocoerente.com.br\/se\/wp-json\/wp\/v2\/media\/3571"}],"wp:attachment":[{"href":"https:\/\/ocoerente.com.br\/se\/wp-json\/wp\/v2\/media?parent=3570"}],"wp:term":[{"taxonomy":"category","embeddable":true,"href":"https:\/\/ocoerente.com.br\/se\/wp-json\/wp\/v2\/categories?post=3570"},{"taxonomy":"post_tag","embeddable":true,"href":"https:\/\/ocoerente.com.br\/se\/wp-json\/wp\/v2\/tags?post=3570"}],"curies":[{"name":"wp","href":"https:\/\/api.w.org\/{rel}","templated":true}]}}