{"id":3567,"date":"2021-05-26T23:17:51","date_gmt":"2021-05-27T02:17:51","guid":{"rendered":"https:\/\/ocoerente.com.br\/se\/?p=3567"},"modified":"2021-05-26T23:17:52","modified_gmt":"2021-05-27T02:17:52","slug":"fabio-henrique-pec-acaba-com-estabilidade-dos-servidores-publicos","status":"publish","type":"post","link":"https:\/\/ocoerente.com.br\/se\/2021\/05\/26\/fabio-henrique-pec-acaba-com-estabilidade-dos-servidores-publicos\/","title":{"rendered":"F\u00e1bio Henrique: PEC acaba com estabilidade dos servidores p\u00fablicos"},"content":{"rendered":"\n<p>A Comiss\u00e3o de Constitui\u00e7\u00e3o e Justi\u00e7a (CCJ) aprovou a Proposta de Emenda \u00e0 Constitui\u00e7\u00e3o (PEC) 32\/2020, na tarde desta ter\u00e7a (25), que muda regras para servidores e altera organiza\u00e7\u00e3o da administra\u00e7\u00e3o p\u00fablica. Por 39 votos a 26, os deputados governistas aprovaram a continuidade da PEC que \u00e9 considerada \u2018Nova Reforma Administrativa\u2019. Para o deputado federal F\u00e1bio Henrique (PDT\/SE) essa mais uma maldade do Governo Federal ao criar uma proposta que restringe a estabilidade no servi\u00e7o p\u00fablico a delimita carreiras t\u00edpicas de Estado.<\/p>\n\n\n\n<p>\u201cSou completamente contra, votei n\u00e3o, na PEC da Reforma Administrativa. Ela \u00e9 muito ruim para o servi\u00e7o p\u00fablico. Eu jamais votarei contra o trabalhador e essa PEC, dentre tantos aspectos, acaba com a estabilidade do servidor p\u00fablico, cria divis\u00f5es e dificulta a realiza\u00e7\u00e3o de concursos\u201d, explicou o deputado F\u00e1bio Henrique.<\/p>\n\n\n\n<p>Essa \u00e9 uma proposta foi criada pelo Poder Executivo e altera dispositivos sobre servidores e empregados p\u00fablicos e modifica a organiza\u00e7\u00e3o da administra\u00e7\u00e3o p\u00fablica direta e indireta de qualquer dos Poderes da Uni\u00e3o, dos estados, do Distrito Federal e dos munic\u00edpios. A proposta altera 27 trechos da Constitui\u00e7\u00e3o e introduz 87 novos, sendo quatro artigos inteiros.<\/p>\n\n\n\n<p>As principais medidas tratam da contrata\u00e7\u00e3o, da remunera\u00e7\u00e3o e do desligamento de pessoal, v\u00e1lidas somente para quem ingressar no setor p\u00fablico ap\u00f3s a aprova\u00e7\u00e3o das mudan\u00e7as. \u201cO texto foi aprovado na CCJ e ser\u00e1 submetido a uma comiss\u00e3o especial, que avaliar\u00e1 o m\u00e9rito; e ter\u00e1 como a \u00faltima etapa na C\u00e2mara a vota\u00e7\u00e3o em Plen\u00e1rio. \u00c9 preciso que os servidores acompanhem como os deputados ir\u00e3o votar no Plen\u00e1rio\u201d, finalizou F\u00e1bio Henrique.<\/p>\n","protected":false},"excerpt":{"rendered":"<p>A Comiss\u00e3o de Constitui\u00e7\u00e3o e Justi\u00e7a (CCJ) aprovou a Proposta de Emenda \u00e0 Constitui\u00e7\u00e3o (PEC) 32\/2020, na tarde desta ter\u00e7a (25), que muda regras para servidores e altera organiza\u00e7\u00e3o da administra\u00e7\u00e3o p\u00fablica. Por 39 votos a 26, os deputados governistas aprovaram a continuidade da PEC que \u00e9 considerada \u2018Nova Reforma Administrativa\u2019. Para o deputado federal [&hellip;]<\/p>\n","protected":false},"author":1,"featured_media":3568,"comment_status":"closed","ping_status":"closed","sticky":false,"template":"","format":"standard","meta":{"footnotes":""},"categories":[53,44],"tags":[],"class_list":["post-3567","post","type-post","status-publish","format-standard","has-post-thumbnail","hentry","category-destaques","category-politica"],"yoast_head":"<!-- This site is optimized with the Yoast SEO plugin v27.4 - https:\/\/yoast.com\/product\/yoast-seo-wordpress\/ -->\n<title>F\u00e1bio Henrique: PEC acaba com estabilidade dos servidores p\u00fablicos - O Coerente<\/title>\n<meta name=\"robots\" content=\"index, follow, max-snippet:-1, max-image-preview:large, max-video-preview:-1\" \/>\n<link rel=\"canonical\" href=\"https:\/\/ocoerente.com.br\/se\/2021\/05\/26\/fabio-henrique-pec-acaba-com-estabilidade-dos-servidores-publicos\/\" \/>\n<meta property=\"og:locale\" content=\"pt_BR\" \/>\n<meta property=\"og:type\" content=\"article\" \/>\n<meta property=\"og:title\" content=\"F\u00e1bio Henrique: PEC acaba com estabilidade dos servidores p\u00fablicos - O Coerente\" \/>\n<meta property=\"og:description\" content=\"A Comiss\u00e3o de Constitui\u00e7\u00e3o e Justi\u00e7a (CCJ) aprovou a Proposta de Emenda \u00e0 Constitui\u00e7\u00e3o (PEC) 32\/2020, na tarde desta ter\u00e7a (25), que muda regras para servidores e altera organiza\u00e7\u00e3o da administra\u00e7\u00e3o p\u00fablica. Por 39 votos a 26, os deputados governistas aprovaram a continuidade da PEC que \u00e9 considerada \u2018Nova Reforma Administrativa\u2019. Para o deputado federal [&hellip;]\" \/>\n<meta property=\"og:url\" content=\"https:\/\/ocoerente.com.br\/se\/2021\/05\/26\/fabio-henrique-pec-acaba-com-estabilidade-dos-servidores-publicos\/\" \/>\n<meta property=\"og:site_name\" content=\"O Coerente\" \/>\n<meta property=\"article:published_time\" content=\"2021-05-27T02:17:51+00:00\" \/>\n<meta property=\"article:modified_time\" content=\"2021-05-27T02:17:52+00:00\" \/>\n<meta property=\"og:image\" content=\"https:\/\/ocoerente.com.br\/se\/wp-content\/uploads\/2021\/05\/fabiohenrique_PEC.jpg\" \/>\n\t<meta property=\"og:image:width\" content=\"512\" \/>\n\t<meta property=\"og:image:height\" content=\"331\" \/>\n\t<meta property=\"og:image:type\" content=\"image\/jpeg\" \/>\n<meta name=\"author\" content=\"Reda\u00e7\u00e3o\" \/>\n<meta name=\"twitter:card\" content=\"summary_large_image\" \/>\n<meta name=\"twitter:label1\" content=\"Escrito por\" \/>\n\t<meta name=\"twitter:data1\" content=\"Reda\u00e7\u00e3o\" \/>\n\t<meta name=\"twitter:label2\" content=\"Est. tempo de leitura\" \/>\n\t<meta name=\"twitter:data2\" content=\"2 minutos\" \/>\n<script type=\"application\/ld+json\" class=\"yoast-schema-graph\">{\"@context\":\"https:\\\/\\\/schema.org\",\"@graph\":[{\"@type\":\"Article\",\"@id\":\"https:\\\/\\\/ocoerente.com.br\\\/se\\\/2021\\\/05\\\/26\\\/fabio-henrique-pec-acaba-com-estabilidade-dos-servidores-publicos\\\/#article\",\"isPartOf\":{\"@id\":\"https:\\\/\\\/ocoerente.com.br\\\/se\\\/2021\\\/05\\\/26\\\/fabio-henrique-pec-acaba-com-estabilidade-dos-servidores-publicos\\\/\"},\"author\":{\"name\":\"Reda\u00e7\u00e3o\",\"@id\":\"https:\\\/\\\/ocoerente.com.br\\\/se\\\/#\\\/schema\\\/person\\\/cc6bfd9fbca465e23543b0c963d8d037\"},\"headline\":\"F\u00e1bio Henrique: PEC acaba com estabilidade dos servidores p\u00fablicos\",\"datePublished\":\"2021-05-27T02:17:51+00:00\",\"dateModified\":\"2021-05-27T02:17:52+00:00\",\"mainEntityOfPage\":{\"@id\":\"https:\\\/\\\/ocoerente.com.br\\\/se\\\/2021\\\/05\\\/26\\\/fabio-henrique-pec-acaba-com-estabilidade-dos-servidores-publicos\\\/\"},\"wordCount\":301,\"publisher\":{\"@id\":\"https:\\\/\\\/ocoerente.com.br\\\/se\\\/#\\\/schema\\\/person\\\/cc6bfd9fbca465e23543b0c963d8d037\"},\"image\":{\"@id\":\"https:\\\/\\\/ocoerente.com.br\\\/se\\\/2021\\\/05\\\/26\\\/fabio-henrique-pec-acaba-com-estabilidade-dos-servidores-publicos\\\/#primaryimage\"},\"thumbnailUrl\":\"https:\\\/\\\/ocoerente.com.br\\\/se\\\/wp-content\\\/uploads\\\/2021\\\/05\\\/fabiohenrique_PEC.jpg\",\"articleSection\":[\"Destaques\",\"Pol\u00edtica\"],\"inLanguage\":\"pt-BR\"},{\"@type\":\"WebPage\",\"@id\":\"https:\\\/\\\/ocoerente.com.br\\\/se\\\/2021\\\/05\\\/26\\\/fabio-henrique-pec-acaba-com-estabilidade-dos-servidores-publicos\\\/\",\"url\":\"https:\\\/\\\/ocoerente.com.br\\\/se\\\/2021\\\/05\\\/26\\\/fabio-henrique-pec-acaba-com-estabilidade-dos-servidores-publicos\\\/\",\"name\":\"F\u00e1bio Henrique: PEC acaba com estabilidade dos servidores p\u00fablicos - O Coerente\",\"isPartOf\":{\"@id\":\"https:\\\/\\\/ocoerente.com.br\\\/se\\\/#website\"},\"primaryImageOfPage\":{\"@id\":\"https:\\\/\\\/ocoerente.com.br\\\/se\\\/2021\\\/05\\\/26\\\/fabio-henrique-pec-acaba-com-estabilidade-dos-servidores-publicos\\\/#primaryimage\"},\"image\":{\"@id\":\"https:\\\/\\\/ocoerente.com.br\\\/se\\\/2021\\\/05\\\/26\\\/fabio-henrique-pec-acaba-com-estabilidade-dos-servidores-publicos\\\/#primaryimage\"},\"thumbnailUrl\":\"https:\\\/\\\/ocoerente.com.br\\\/se\\\/wp-content\\\/uploads\\\/2021\\\/05\\\/fabiohenrique_PEC.jpg\",\"datePublished\":\"2021-05-27T02:17:51+00:00\",\"dateModified\":\"2021-05-27T02:17:52+00:00\",\"breadcrumb\":{\"@id\":\"https:\\\/\\\/ocoerente.com.br\\\/se\\\/2021\\\/05\\\/26\\\/fabio-henrique-pec-acaba-com-estabilidade-dos-servidores-publicos\\\/#breadcrumb\"},\"inLanguage\":\"pt-BR\",\"potentialAction\":[{\"@type\":\"ReadAction\",\"target\":[\"https:\\\/\\\/ocoerente.com.br\\\/se\\\/2021\\\/05\\\/26\\\/fabio-henrique-pec-acaba-com-estabilidade-dos-servidores-publicos\\\/\"]}]},{\"@type\":\"ImageObject\",\"inLanguage\":\"pt-BR\",\"@id\":\"https:\\\/\\\/ocoerente.com.br\\\/se\\\/2021\\\/05\\\/26\\\/fabio-henrique-pec-acaba-com-estabilidade-dos-servidores-publicos\\\/#primaryimage\",\"url\":\"https:\\\/\\\/ocoerente.com.br\\\/se\\\/wp-content\\\/uploads\\\/2021\\\/05\\\/fabiohenrique_PEC.jpg\",\"contentUrl\":\"https:\\\/\\\/ocoerente.com.br\\\/se\\\/wp-content\\\/uploads\\\/2021\\\/05\\\/fabiohenrique_PEC.jpg\",\"width\":512,\"height\":331},{\"@type\":\"BreadcrumbList\",\"@id\":\"https:\\\/\\\/ocoerente.com.br\\\/se\\\/2021\\\/05\\\/26\\\/fabio-henrique-pec-acaba-com-estabilidade-dos-servidores-publicos\\\/#breadcrumb\",\"itemListElement\":[{\"@type\":\"ListItem\",\"position\":1,\"name\":\"In\u00edcio\",\"item\":\"https:\\\/\\\/ocoerente.com.br\\\/se\\\/\"},{\"@type\":\"ListItem\",\"position\":2,\"name\":\"F\u00e1bio Henrique: PEC acaba com estabilidade dos servidores p\u00fablicos\"}]},{\"@type\":\"WebSite\",\"@id\":\"https:\\\/\\\/ocoerente.com.br\\\/se\\\/#website\",\"url\":\"https:\\\/\\\/ocoerente.com.br\\\/se\\\/\",\"name\":\"O Coerente\",\"description\":\"\",\"publisher\":{\"@id\":\"https:\\\/\\\/ocoerente.com.br\\\/se\\\/#\\\/schema\\\/person\\\/cc6bfd9fbca465e23543b0c963d8d037\"},\"potentialAction\":[{\"@type\":\"SearchAction\",\"target\":{\"@type\":\"EntryPoint\",\"urlTemplate\":\"https:\\\/\\\/ocoerente.com.br\\\/se\\\/?s={search_term_string}\"},\"query-input\":{\"@type\":\"PropertyValueSpecification\",\"valueRequired\":true,\"valueName\":\"search_term_string\"}}],\"inLanguage\":\"pt-BR\"},{\"@type\":[\"Person\",\"Organization\"],\"@id\":\"https:\\\/\\\/ocoerente.com.br\\\/se\\\/#\\\/schema\\\/person\\\/cc6bfd9fbca465e23543b0c963d8d037\",\"name\":\"Reda\u00e7\u00e3o\",\"image\":{\"@type\":\"ImageObject\",\"inLanguage\":\"pt-BR\",\"@id\":\"https:\\\/\\\/ocoerente.com.br\\\/se\\\/wp-content\\\/uploads\\\/2020\\\/01\\\/ocoerente-1.png\",\"url\":\"https:\\\/\\\/ocoerente.com.br\\\/se\\\/wp-content\\\/uploads\\\/2020\\\/01\\\/ocoerente-1.png\",\"contentUrl\":\"https:\\\/\\\/ocoerente.com.br\\\/se\\\/wp-content\\\/uploads\\\/2020\\\/01\\\/ocoerente-1.png\",\"width\":50,\"height\":50,\"caption\":\"Reda\u00e7\u00e3o\"},\"logo\":{\"@id\":\"https:\\\/\\\/ocoerente.com.br\\\/se\\\/wp-content\\\/uploads\\\/2020\\\/01\\\/ocoerente-1.png\"},\"url\":\"https:\\\/\\\/ocoerente.com.br\\\/se\\\/author\\\/vasticlsales\\\/\"}]}<\/script>\n<!-- \/ Yoast SEO plugin. -->","yoast_head_json":{"title":"F\u00e1bio Henrique: PEC acaba com estabilidade dos servidores p\u00fablicos - O Coerente","robots":{"index":"index","follow":"follow","max-snippet":"max-snippet:-1","max-image-preview":"max-image-preview:large","max-video-preview":"max-video-preview:-1"},"canonical":"https:\/\/ocoerente.com.br\/se\/2021\/05\/26\/fabio-henrique-pec-acaba-com-estabilidade-dos-servidores-publicos\/","og_locale":"pt_BR","og_type":"article","og_title":"F\u00e1bio Henrique: PEC acaba com estabilidade dos servidores p\u00fablicos - O Coerente","og_description":"A Comiss\u00e3o de Constitui\u00e7\u00e3o e Justi\u00e7a (CCJ) aprovou a Proposta de Emenda \u00e0 Constitui\u00e7\u00e3o (PEC) 32\/2020, na tarde desta ter\u00e7a (25), que muda regras para servidores e altera organiza\u00e7\u00e3o da administra\u00e7\u00e3o p\u00fablica. Por 39 votos a 26, os deputados governistas aprovaram a continuidade da PEC que \u00e9 considerada \u2018Nova Reforma Administrativa\u2019. Para o deputado federal [&hellip;]","og_url":"https:\/\/ocoerente.com.br\/se\/2021\/05\/26\/fabio-henrique-pec-acaba-com-estabilidade-dos-servidores-publicos\/","og_site_name":"O Coerente","article_published_time":"2021-05-27T02:17:51+00:00","article_modified_time":"2021-05-27T02:17:52+00:00","og_image":[{"width":512,"height":331,"url":"https:\/\/ocoerente.com.br\/se\/wp-content\/uploads\/2021\/05\/fabiohenrique_PEC.jpg","type":"image\/jpeg"}],"author":"Reda\u00e7\u00e3o","twitter_card":"summary_large_image","twitter_misc":{"Escrito por":"Reda\u00e7\u00e3o","Est. tempo de leitura":"2 minutos"},"schema":{"@context":"https:\/\/schema.org","@graph":[{"@type":"Article","@id":"https:\/\/ocoerente.com.br\/se\/2021\/05\/26\/fabio-henrique-pec-acaba-com-estabilidade-dos-servidores-publicos\/#article","isPartOf":{"@id":"https:\/\/ocoerente.com.br\/se\/2021\/05\/26\/fabio-henrique-pec-acaba-com-estabilidade-dos-servidores-publicos\/"},"author":{"name":"Reda\u00e7\u00e3o","@id":"https:\/\/ocoerente.com.br\/se\/#\/schema\/person\/cc6bfd9fbca465e23543b0c963d8d037"},"headline":"F\u00e1bio Henrique: PEC acaba com estabilidade dos servidores p\u00fablicos","datePublished":"2021-05-27T02:17:51+00:00","dateModified":"2021-05-27T02:17:52+00:00","mainEntityOfPage":{"@id":"https:\/\/ocoerente.com.br\/se\/2021\/05\/26\/fabio-henrique-pec-acaba-com-estabilidade-dos-servidores-publicos\/"},"wordCount":301,"publisher":{"@id":"https:\/\/ocoerente.com.br\/se\/#\/schema\/person\/cc6bfd9fbca465e23543b0c963d8d037"},"image":{"@id":"https:\/\/ocoerente.com.br\/se\/2021\/05\/26\/fabio-henrique-pec-acaba-com-estabilidade-dos-servidores-publicos\/#primaryimage"},"thumbnailUrl":"https:\/\/ocoerente.com.br\/se\/wp-content\/uploads\/2021\/05\/fabiohenrique_PEC.jpg","articleSection":["Destaques","Pol\u00edtica"],"inLanguage":"pt-BR"},{"@type":"WebPage","@id":"https:\/\/ocoerente.com.br\/se\/2021\/05\/26\/fabio-henrique-pec-acaba-com-estabilidade-dos-servidores-publicos\/","url":"https:\/\/ocoerente.com.br\/se\/2021\/05\/26\/fabio-henrique-pec-acaba-com-estabilidade-dos-servidores-publicos\/","name":"F\u00e1bio Henrique: PEC acaba com estabilidade dos servidores p\u00fablicos - O Coerente","isPartOf":{"@id":"https:\/\/ocoerente.com.br\/se\/#website"},"primaryImageOfPage":{"@id":"https:\/\/ocoerente.com.br\/se\/2021\/05\/26\/fabio-henrique-pec-acaba-com-estabilidade-dos-servidores-publicos\/#primaryimage"},"image":{"@id":"https:\/\/ocoerente.com.br\/se\/2021\/05\/26\/fabio-henrique-pec-acaba-com-estabilidade-dos-servidores-publicos\/#primaryimage"},"thumbnailUrl":"https:\/\/ocoerente.com.br\/se\/wp-content\/uploads\/2021\/05\/fabiohenrique_PEC.jpg","datePublished":"2021-05-27T02:17:51+00:00","dateModified":"2021-05-27T02:17:52+00:00","breadcrumb":{"@id":"https:\/\/ocoerente.com.br\/se\/2021\/05\/26\/fabio-henrique-pec-acaba-com-estabilidade-dos-servidores-publicos\/#breadcrumb"},"inLanguage":"pt-BR","potentialAction":[{"@type":"ReadAction","target":["https:\/\/ocoerente.com.br\/se\/2021\/05\/26\/fabio-henrique-pec-acaba-com-estabilidade-dos-servidores-publicos\/"]}]},{"@type":"ImageObject","inLanguage":"pt-BR","@id":"https:\/\/ocoerente.com.br\/se\/2021\/05\/26\/fabio-henrique-pec-acaba-com-estabilidade-dos-servidores-publicos\/#primaryimage","url":"https:\/\/ocoerente.com.br\/se\/wp-content\/uploads\/2021\/05\/fabiohenrique_PEC.jpg","contentUrl":"https:\/\/ocoerente.com.br\/se\/wp-content\/uploads\/2021\/05\/fabiohenrique_PEC.jpg","width":512,"height":331},{"@type":"BreadcrumbList","@id":"https:\/\/ocoerente.com.br\/se\/2021\/05\/26\/fabio-henrique-pec-acaba-com-estabilidade-dos-servidores-publicos\/#breadcrumb","itemListElement":[{"@type":"ListItem","position":1,"name":"In\u00edcio","item":"https:\/\/ocoerente.com.br\/se\/"},{"@type":"ListItem","position":2,"name":"F\u00e1bio Henrique: PEC acaba com estabilidade dos servidores p\u00fablicos"}]},{"@type":"WebSite","@id":"https:\/\/ocoerente.com.br\/se\/#website","url":"https:\/\/ocoerente.com.br\/se\/","name":"O Coerente","description":"","publisher":{"@id":"https:\/\/ocoerente.com.br\/se\/#\/schema\/person\/cc6bfd9fbca465e23543b0c963d8d037"},"potentialAction":[{"@type":"SearchAction","target":{"@type":"EntryPoint","urlTemplate":"https:\/\/ocoerente.com.br\/se\/?s={search_term_string}"},"query-input":{"@type":"PropertyValueSpecification","valueRequired":true,"valueName":"search_term_string"}}],"inLanguage":"pt-BR"},{"@type":["Person","Organization"],"@id":"https:\/\/ocoerente.com.br\/se\/#\/schema\/person\/cc6bfd9fbca465e23543b0c963d8d037","name":"Reda\u00e7\u00e3o","image":{"@type":"ImageObject","inLanguage":"pt-BR","@id":"https:\/\/ocoerente.com.br\/se\/wp-content\/uploads\/2020\/01\/ocoerente-1.png","url":"https:\/\/ocoerente.com.br\/se\/wp-content\/uploads\/2020\/01\/ocoerente-1.png","contentUrl":"https:\/\/ocoerente.com.br\/se\/wp-content\/uploads\/2020\/01\/ocoerente-1.png","width":50,"height":50,"caption":"Reda\u00e7\u00e3o"},"logo":{"@id":"https:\/\/ocoerente.com.br\/se\/wp-content\/uploads\/2020\/01\/ocoerente-1.png"},"url":"https:\/\/ocoerente.com.br\/se\/author\/vasticlsales\/"}]}},"_links":{"self":[{"href":"https:\/\/ocoerente.com.br\/se\/wp-json\/wp\/v2\/posts\/3567","targetHints":{"allow":["GET"]}}],"collection":[{"href":"https:\/\/ocoerente.com.br\/se\/wp-json\/wp\/v2\/posts"}],"about":[{"href":"https:\/\/ocoerente.com.br\/se\/wp-json\/wp\/v2\/types\/post"}],"author":[{"embeddable":true,"href":"https:\/\/ocoerente.com.br\/se\/wp-json\/wp\/v2\/users\/1"}],"replies":[{"embeddable":true,"href":"https:\/\/ocoerente.com.br\/se\/wp-json\/wp\/v2\/comments?post=3567"}],"version-history":[{"count":1,"href":"https:\/\/ocoerente.com.br\/se\/wp-json\/wp\/v2\/posts\/3567\/revisions"}],"predecessor-version":[{"id":3569,"href":"https:\/\/ocoerente.com.br\/se\/wp-json\/wp\/v2\/posts\/3567\/revisions\/3569"}],"wp:featuredmedia":[{"embeddable":true,"href":"https:\/\/ocoerente.com.br\/se\/wp-json\/wp\/v2\/media\/3568"}],"wp:attachment":[{"href":"https:\/\/ocoerente.com.br\/se\/wp-json\/wp\/v2\/media?parent=3567"}],"wp:term":[{"taxonomy":"category","embeddable":true,"href":"https:\/\/ocoerente.com.br\/se\/wp-json\/wp\/v2\/categories?post=3567"},{"taxonomy":"post_tag","embeddable":true,"href":"https:\/\/ocoerente.com.br\/se\/wp-json\/wp\/v2\/tags?post=3567"}],"curies":[{"name":"wp","href":"https:\/\/api.w.org\/{rel}","templated":true}]}}