{"id":3563,"date":"2021-05-25T01:45:43","date_gmt":"2021-05-25T04:45:43","guid":{"rendered":"https:\/\/ocoerente.com.br\/se\/?p=3563"},"modified":"2021-05-25T01:46:28","modified_gmt":"2021-05-25T04:46:28","slug":"nota-pcdob-se-repudia-despejo-das-familias-da-ocupacao-joao-mulungu-em-plena-pandemia","status":"publish","type":"post","link":"https:\/\/ocoerente.com.br\/se\/2021\/05\/25\/nota-pcdob-se-repudia-despejo-das-familias-da-ocupacao-joao-mulungu-em-plena-pandemia\/","title":{"rendered":"Nota: PCdoB\/SE repudia despejo das fam\u00edlias da ocupa\u00e7\u00e3o Jo\u00e3o Mulungu em plena pandemia"},"content":{"rendered":"\n<p>O Partido Comunista do Brasil (PCdoB) em Sergipe repudia a a\u00e7\u00e3o da Pol\u00edcia Militar, que na manh\u00e3 do \u00faltimo domingo, 23, realizou ato de reintegra\u00e7\u00e3o de posse na \u201cOcupa\u00e7\u00e3o Jo\u00e3o Mulungu\u201d, na avenida Ivo do Prado, no centro de Aracaju.<\/p>\n\n\n\n<p>O Partido entende que faltou sensibilidade ao poder judici\u00e1rio em determinar o cumprimento da decis\u00e3o judicial, pois estamos vivendo em um momento de grave crise sanit\u00e1ria, que ceifou a vida de 440 mil brasileiros. O partido ainda entende que, em situa\u00e7\u00e3o similar, as secretarias de Estado e Munic\u00edpio da A\u00e7\u00e3o Social e Sa\u00fade precisam ser ouvidas antes do seu cumprimento, para que se possa preservar a sa\u00fade, a integridade f\u00edsica e a vida de todos os envolvidos.<\/p>\n\n\n\n<p>O poder judici\u00e1rio tem o dever de compreender que a propriedade privada n\u00e3o \u00e9 um direito absoluto, e exige-se o cumprimento de sua fun\u00e7\u00e3o social como determina a constitui\u00e7\u00e3o para a manuten\u00e7\u00e3o desse direito, bem como \u00e9 necess\u00e1rio garantir a todo cidad\u00e3o o devido processo legal e a paridade de armas.<\/p>\n\n\n\n<p>H\u00e1 den\u00fancia de verdadeiros abusos no cumprimento da decis\u00e3o judicial, neste sentido, o PCdoB e a sociedade, exigem a apura\u00e7\u00e3o rigorosa das den\u00fancias e a consequente puni\u00e7\u00e3o dos culpados caso assim fique comprovado.<\/p>\n\n\n\n<p>O partido entende que o Estado deve repensar a forma que as for\u00e7as de seguran\u00e7a agem nessas ocorr\u00eancias, pelo simples fato que n\u00e3o est\u00e3o enfrentando bandidos, mas trabalhadores reivindicando o direito constitucional de uma moradia digna.<\/p>\n\n\n\n<p>Em nome de todos que comp\u00f5em o PCdoB em Sergipe, lamentamos a condu\u00e7\u00e3o desse ato e externamos a nossa solidariedade \u00e0s fam\u00edlias despejadas e a todos os militantes que foram presos. Lutaremos para que eles recuperem a liberdade o mais r\u00e1pido poss\u00edvel.<\/p>\n\n\n\n<p>Dire\u00e7\u00e3o Estadual do PCdoB<\/p>\n\n\n\n<figure class=\"wp-block-image size-large is-resized\"><img loading=\"lazy\" decoding=\"async\" src=\"https:\/\/ocoerente.com.br\/se\/wp-content\/uploads\/2021\/05\/caminhonei.jpg\" alt=\"\" class=\"wp-image-3561\" width=\"533\" height=\"483\" srcset=\"https:\/\/ocoerente.com.br\/se\/wp-content\/uploads\/2021\/05\/caminhonei.jpg 927w, https:\/\/ocoerente.com.br\/se\/wp-content\/uploads\/2021\/05\/caminhonei-300x272.jpg 300w, https:\/\/ocoerente.com.br\/se\/wp-content\/uploads\/2021\/05\/caminhonei-768x696.jpg 768w, https:\/\/ocoerente.com.br\/se\/wp-content\/uploads\/2021\/05\/caminhonei-750x680.jpg 750w\" sizes=\"auto, (max-width: 533px) 100vw, 533px\" \/><\/figure>\n","protected":false},"excerpt":{"rendered":"<p>O Partido Comunista do Brasil (PCdoB) em Sergipe repudia a a\u00e7\u00e3o da Pol\u00edcia Militar, que na manh\u00e3 do \u00faltimo domingo, 23, realizou ato de reintegra\u00e7\u00e3o de posse na \u201cOcupa\u00e7\u00e3o Jo\u00e3o Mulungu\u201d, na avenida Ivo do Prado, no centro de Aracaju. O Partido entende que faltou sensibilidade ao poder judici\u00e1rio em determinar o cumprimento da decis\u00e3o [&hellip;]<\/p>\n","protected":false},"author":1,"featured_media":3564,"comment_status":"closed","ping_status":"closed","sticky":false,"template":"","format":"standard","meta":{"footnotes":""},"categories":[53,44],"tags":[],"class_list":["post-3563","post","type-post","status-publish","format-standard","has-post-thumbnail","hentry","category-destaques","category-politica"],"yoast_head":"<!-- This site is optimized with the Yoast SEO plugin v27.4 - https:\/\/yoast.com\/product\/yoast-seo-wordpress\/ -->\n<title>Nota: PCdoB\/SE repudia despejo das fam\u00edlias da ocupa\u00e7\u00e3o Jo\u00e3o Mulungu em plena pandemia - O Coerente<\/title>\n<meta name=\"robots\" content=\"index, follow, max-snippet:-1, max-image-preview:large, max-video-preview:-1\" \/>\n<link rel=\"canonical\" href=\"https:\/\/ocoerente.com.br\/se\/2021\/05\/25\/nota-pcdob-se-repudia-despejo-das-familias-da-ocupacao-joao-mulungu-em-plena-pandemia\/\" \/>\n<meta property=\"og:locale\" content=\"pt_BR\" \/>\n<meta property=\"og:type\" content=\"article\" \/>\n<meta property=\"og:title\" content=\"Nota: PCdoB\/SE repudia despejo das fam\u00edlias da ocupa\u00e7\u00e3o Jo\u00e3o Mulungu em plena pandemia - O Coerente\" \/>\n<meta property=\"og:description\" content=\"O Partido Comunista do Brasil (PCdoB) em Sergipe repudia a a\u00e7\u00e3o da Pol\u00edcia Militar, que na manh\u00e3 do \u00faltimo domingo, 23, realizou ato de reintegra\u00e7\u00e3o de posse na \u201cOcupa\u00e7\u00e3o Jo\u00e3o Mulungu\u201d, na avenida Ivo do Prado, no centro de Aracaju. O Partido entende que faltou sensibilidade ao poder judici\u00e1rio em determinar o cumprimento da decis\u00e3o [&hellip;]\" \/>\n<meta property=\"og:url\" content=\"https:\/\/ocoerente.com.br\/se\/2021\/05\/25\/nota-pcdob-se-repudia-despejo-das-familias-da-ocupacao-joao-mulungu-em-plena-pandemia\/\" \/>\n<meta property=\"og:site_name\" content=\"O Coerente\" \/>\n<meta property=\"article:published_time\" content=\"2021-05-25T04:45:43+00:00\" \/>\n<meta property=\"article:modified_time\" content=\"2021-05-25T04:46:28+00:00\" \/>\n<meta property=\"og:image\" content=\"https:\/\/ocoerente.com.br\/se\/wp-content\/uploads\/2021\/05\/PCdoB_flag.svg_.png\" \/>\n\t<meta property=\"og:image:width\" content=\"1200\" \/>\n\t<meta property=\"og:image:height\" content=\"778\" \/>\n\t<meta property=\"og:image:type\" content=\"image\/png\" \/>\n<meta name=\"author\" content=\"Reda\u00e7\u00e3o\" \/>\n<meta name=\"twitter:card\" content=\"summary_large_image\" \/>\n<meta name=\"twitter:label1\" content=\"Escrito por\" \/>\n\t<meta name=\"twitter:data1\" content=\"Reda\u00e7\u00e3o\" \/>\n\t<meta name=\"twitter:label2\" content=\"Est. tempo de leitura\" \/>\n\t<meta name=\"twitter:data2\" content=\"2 minutos\" \/>\n<script type=\"application\/ld+json\" class=\"yoast-schema-graph\">{\"@context\":\"https:\\\/\\\/schema.org\",\"@graph\":[{\"@type\":\"Article\",\"@id\":\"https:\\\/\\\/ocoerente.com.br\\\/se\\\/2021\\\/05\\\/25\\\/nota-pcdob-se-repudia-despejo-das-familias-da-ocupacao-joao-mulungu-em-plena-pandemia\\\/#article\",\"isPartOf\":{\"@id\":\"https:\\\/\\\/ocoerente.com.br\\\/se\\\/2021\\\/05\\\/25\\\/nota-pcdob-se-repudia-despejo-das-familias-da-ocupacao-joao-mulungu-em-plena-pandemia\\\/\"},\"author\":{\"name\":\"Reda\u00e7\u00e3o\",\"@id\":\"https:\\\/\\\/ocoerente.com.br\\\/se\\\/#\\\/schema\\\/person\\\/cc6bfd9fbca465e23543b0c963d8d037\"},\"headline\":\"Nota: PCdoB\\\/SE repudia despejo das fam\u00edlias da ocupa\u00e7\u00e3o Jo\u00e3o Mulungu em plena pandemia\",\"datePublished\":\"2021-05-25T04:45:43+00:00\",\"dateModified\":\"2021-05-25T04:46:28+00:00\",\"mainEntityOfPage\":{\"@id\":\"https:\\\/\\\/ocoerente.com.br\\\/se\\\/2021\\\/05\\\/25\\\/nota-pcdob-se-repudia-despejo-das-familias-da-ocupacao-joao-mulungu-em-plena-pandemia\\\/\"},\"wordCount\":333,\"publisher\":{\"@id\":\"https:\\\/\\\/ocoerente.com.br\\\/se\\\/#\\\/schema\\\/person\\\/cc6bfd9fbca465e23543b0c963d8d037\"},\"image\":{\"@id\":\"https:\\\/\\\/ocoerente.com.br\\\/se\\\/2021\\\/05\\\/25\\\/nota-pcdob-se-repudia-despejo-das-familias-da-ocupacao-joao-mulungu-em-plena-pandemia\\\/#primaryimage\"},\"thumbnailUrl\":\"https:\\\/\\\/ocoerente.com.br\\\/se\\\/wp-content\\\/uploads\\\/2021\\\/05\\\/PCdoB_flag.svg_.png\",\"articleSection\":[\"Destaques\",\"Pol\u00edtica\"],\"inLanguage\":\"pt-BR\"},{\"@type\":\"WebPage\",\"@id\":\"https:\\\/\\\/ocoerente.com.br\\\/se\\\/2021\\\/05\\\/25\\\/nota-pcdob-se-repudia-despejo-das-familias-da-ocupacao-joao-mulungu-em-plena-pandemia\\\/\",\"url\":\"https:\\\/\\\/ocoerente.com.br\\\/se\\\/2021\\\/05\\\/25\\\/nota-pcdob-se-repudia-despejo-das-familias-da-ocupacao-joao-mulungu-em-plena-pandemia\\\/\",\"name\":\"Nota: PCdoB\\\/SE repudia despejo das fam\u00edlias da ocupa\u00e7\u00e3o Jo\u00e3o Mulungu em plena pandemia - O Coerente\",\"isPartOf\":{\"@id\":\"https:\\\/\\\/ocoerente.com.br\\\/se\\\/#website\"},\"primaryImageOfPage\":{\"@id\":\"https:\\\/\\\/ocoerente.com.br\\\/se\\\/2021\\\/05\\\/25\\\/nota-pcdob-se-repudia-despejo-das-familias-da-ocupacao-joao-mulungu-em-plena-pandemia\\\/#primaryimage\"},\"image\":{\"@id\":\"https:\\\/\\\/ocoerente.com.br\\\/se\\\/2021\\\/05\\\/25\\\/nota-pcdob-se-repudia-despejo-das-familias-da-ocupacao-joao-mulungu-em-plena-pandemia\\\/#primaryimage\"},\"thumbnailUrl\":\"https:\\\/\\\/ocoerente.com.br\\\/se\\\/wp-content\\\/uploads\\\/2021\\\/05\\\/PCdoB_flag.svg_.png\",\"datePublished\":\"2021-05-25T04:45:43+00:00\",\"dateModified\":\"2021-05-25T04:46:28+00:00\",\"breadcrumb\":{\"@id\":\"https:\\\/\\\/ocoerente.com.br\\\/se\\\/2021\\\/05\\\/25\\\/nota-pcdob-se-repudia-despejo-das-familias-da-ocupacao-joao-mulungu-em-plena-pandemia\\\/#breadcrumb\"},\"inLanguage\":\"pt-BR\",\"potentialAction\":[{\"@type\":\"ReadAction\",\"target\":[\"https:\\\/\\\/ocoerente.com.br\\\/se\\\/2021\\\/05\\\/25\\\/nota-pcdob-se-repudia-despejo-das-familias-da-ocupacao-joao-mulungu-em-plena-pandemia\\\/\"]}]},{\"@type\":\"ImageObject\",\"inLanguage\":\"pt-BR\",\"@id\":\"https:\\\/\\\/ocoerente.com.br\\\/se\\\/2021\\\/05\\\/25\\\/nota-pcdob-se-repudia-despejo-das-familias-da-ocupacao-joao-mulungu-em-plena-pandemia\\\/#primaryimage\",\"url\":\"https:\\\/\\\/ocoerente.com.br\\\/se\\\/wp-content\\\/uploads\\\/2021\\\/05\\\/PCdoB_flag.svg_.png\",\"contentUrl\":\"https:\\\/\\\/ocoerente.com.br\\\/se\\\/wp-content\\\/uploads\\\/2021\\\/05\\\/PCdoB_flag.svg_.png\",\"width\":1200,\"height\":778},{\"@type\":\"BreadcrumbList\",\"@id\":\"https:\\\/\\\/ocoerente.com.br\\\/se\\\/2021\\\/05\\\/25\\\/nota-pcdob-se-repudia-despejo-das-familias-da-ocupacao-joao-mulungu-em-plena-pandemia\\\/#breadcrumb\",\"itemListElement\":[{\"@type\":\"ListItem\",\"position\":1,\"name\":\"In\u00edcio\",\"item\":\"https:\\\/\\\/ocoerente.com.br\\\/se\\\/\"},{\"@type\":\"ListItem\",\"position\":2,\"name\":\"Nota: PCdoB\\\/SE repudia despejo das fam\u00edlias da ocupa\u00e7\u00e3o Jo\u00e3o Mulungu em plena pandemia\"}]},{\"@type\":\"WebSite\",\"@id\":\"https:\\\/\\\/ocoerente.com.br\\\/se\\\/#website\",\"url\":\"https:\\\/\\\/ocoerente.com.br\\\/se\\\/\",\"name\":\"O Coerente\",\"description\":\"\",\"publisher\":{\"@id\":\"https:\\\/\\\/ocoerente.com.br\\\/se\\\/#\\\/schema\\\/person\\\/cc6bfd9fbca465e23543b0c963d8d037\"},\"potentialAction\":[{\"@type\":\"SearchAction\",\"target\":{\"@type\":\"EntryPoint\",\"urlTemplate\":\"https:\\\/\\\/ocoerente.com.br\\\/se\\\/?s={search_term_string}\"},\"query-input\":{\"@type\":\"PropertyValueSpecification\",\"valueRequired\":true,\"valueName\":\"search_term_string\"}}],\"inLanguage\":\"pt-BR\"},{\"@type\":[\"Person\",\"Organization\"],\"@id\":\"https:\\\/\\\/ocoerente.com.br\\\/se\\\/#\\\/schema\\\/person\\\/cc6bfd9fbca465e23543b0c963d8d037\",\"name\":\"Reda\u00e7\u00e3o\",\"image\":{\"@type\":\"ImageObject\",\"inLanguage\":\"pt-BR\",\"@id\":\"https:\\\/\\\/ocoerente.com.br\\\/se\\\/wp-content\\\/uploads\\\/2020\\\/01\\\/ocoerente-1.png\",\"url\":\"https:\\\/\\\/ocoerente.com.br\\\/se\\\/wp-content\\\/uploads\\\/2020\\\/01\\\/ocoerente-1.png\",\"contentUrl\":\"https:\\\/\\\/ocoerente.com.br\\\/se\\\/wp-content\\\/uploads\\\/2020\\\/01\\\/ocoerente-1.png\",\"width\":50,\"height\":50,\"caption\":\"Reda\u00e7\u00e3o\"},\"logo\":{\"@id\":\"https:\\\/\\\/ocoerente.com.br\\\/se\\\/wp-content\\\/uploads\\\/2020\\\/01\\\/ocoerente-1.png\"},\"url\":\"https:\\\/\\\/ocoerente.com.br\\\/se\\\/author\\\/vasticlsales\\\/\"}]}<\/script>\n<!-- \/ Yoast SEO plugin. -->","yoast_head_json":{"title":"Nota: PCdoB\/SE repudia despejo das fam\u00edlias da ocupa\u00e7\u00e3o Jo\u00e3o Mulungu em plena pandemia - O Coerente","robots":{"index":"index","follow":"follow","max-snippet":"max-snippet:-1","max-image-preview":"max-image-preview:large","max-video-preview":"max-video-preview:-1"},"canonical":"https:\/\/ocoerente.com.br\/se\/2021\/05\/25\/nota-pcdob-se-repudia-despejo-das-familias-da-ocupacao-joao-mulungu-em-plena-pandemia\/","og_locale":"pt_BR","og_type":"article","og_title":"Nota: PCdoB\/SE repudia despejo das fam\u00edlias da ocupa\u00e7\u00e3o Jo\u00e3o Mulungu em plena pandemia - O Coerente","og_description":"O Partido Comunista do Brasil (PCdoB) em Sergipe repudia a a\u00e7\u00e3o da Pol\u00edcia Militar, que na manh\u00e3 do \u00faltimo domingo, 23, realizou ato de reintegra\u00e7\u00e3o de posse na \u201cOcupa\u00e7\u00e3o Jo\u00e3o Mulungu\u201d, na avenida Ivo do Prado, no centro de Aracaju. O Partido entende que faltou sensibilidade ao poder judici\u00e1rio em determinar o cumprimento da decis\u00e3o [&hellip;]","og_url":"https:\/\/ocoerente.com.br\/se\/2021\/05\/25\/nota-pcdob-se-repudia-despejo-das-familias-da-ocupacao-joao-mulungu-em-plena-pandemia\/","og_site_name":"O Coerente","article_published_time":"2021-05-25T04:45:43+00:00","article_modified_time":"2021-05-25T04:46:28+00:00","og_image":[{"width":1200,"height":778,"url":"https:\/\/ocoerente.com.br\/se\/wp-content\/uploads\/2021\/05\/PCdoB_flag.svg_.png","type":"image\/png"}],"author":"Reda\u00e7\u00e3o","twitter_card":"summary_large_image","twitter_misc":{"Escrito por":"Reda\u00e7\u00e3o","Est. tempo de leitura":"2 minutos"},"schema":{"@context":"https:\/\/schema.org","@graph":[{"@type":"Article","@id":"https:\/\/ocoerente.com.br\/se\/2021\/05\/25\/nota-pcdob-se-repudia-despejo-das-familias-da-ocupacao-joao-mulungu-em-plena-pandemia\/#article","isPartOf":{"@id":"https:\/\/ocoerente.com.br\/se\/2021\/05\/25\/nota-pcdob-se-repudia-despejo-das-familias-da-ocupacao-joao-mulungu-em-plena-pandemia\/"},"author":{"name":"Reda\u00e7\u00e3o","@id":"https:\/\/ocoerente.com.br\/se\/#\/schema\/person\/cc6bfd9fbca465e23543b0c963d8d037"},"headline":"Nota: PCdoB\/SE repudia despejo das fam\u00edlias da ocupa\u00e7\u00e3o Jo\u00e3o Mulungu em plena pandemia","datePublished":"2021-05-25T04:45:43+00:00","dateModified":"2021-05-25T04:46:28+00:00","mainEntityOfPage":{"@id":"https:\/\/ocoerente.com.br\/se\/2021\/05\/25\/nota-pcdob-se-repudia-despejo-das-familias-da-ocupacao-joao-mulungu-em-plena-pandemia\/"},"wordCount":333,"publisher":{"@id":"https:\/\/ocoerente.com.br\/se\/#\/schema\/person\/cc6bfd9fbca465e23543b0c963d8d037"},"image":{"@id":"https:\/\/ocoerente.com.br\/se\/2021\/05\/25\/nota-pcdob-se-repudia-despejo-das-familias-da-ocupacao-joao-mulungu-em-plena-pandemia\/#primaryimage"},"thumbnailUrl":"https:\/\/ocoerente.com.br\/se\/wp-content\/uploads\/2021\/05\/PCdoB_flag.svg_.png","articleSection":["Destaques","Pol\u00edtica"],"inLanguage":"pt-BR"},{"@type":"WebPage","@id":"https:\/\/ocoerente.com.br\/se\/2021\/05\/25\/nota-pcdob-se-repudia-despejo-das-familias-da-ocupacao-joao-mulungu-em-plena-pandemia\/","url":"https:\/\/ocoerente.com.br\/se\/2021\/05\/25\/nota-pcdob-se-repudia-despejo-das-familias-da-ocupacao-joao-mulungu-em-plena-pandemia\/","name":"Nota: PCdoB\/SE repudia despejo das fam\u00edlias da ocupa\u00e7\u00e3o Jo\u00e3o Mulungu em plena pandemia - O Coerente","isPartOf":{"@id":"https:\/\/ocoerente.com.br\/se\/#website"},"primaryImageOfPage":{"@id":"https:\/\/ocoerente.com.br\/se\/2021\/05\/25\/nota-pcdob-se-repudia-despejo-das-familias-da-ocupacao-joao-mulungu-em-plena-pandemia\/#primaryimage"},"image":{"@id":"https:\/\/ocoerente.com.br\/se\/2021\/05\/25\/nota-pcdob-se-repudia-despejo-das-familias-da-ocupacao-joao-mulungu-em-plena-pandemia\/#primaryimage"},"thumbnailUrl":"https:\/\/ocoerente.com.br\/se\/wp-content\/uploads\/2021\/05\/PCdoB_flag.svg_.png","datePublished":"2021-05-25T04:45:43+00:00","dateModified":"2021-05-25T04:46:28+00:00","breadcrumb":{"@id":"https:\/\/ocoerente.com.br\/se\/2021\/05\/25\/nota-pcdob-se-repudia-despejo-das-familias-da-ocupacao-joao-mulungu-em-plena-pandemia\/#breadcrumb"},"inLanguage":"pt-BR","potentialAction":[{"@type":"ReadAction","target":["https:\/\/ocoerente.com.br\/se\/2021\/05\/25\/nota-pcdob-se-repudia-despejo-das-familias-da-ocupacao-joao-mulungu-em-plena-pandemia\/"]}]},{"@type":"ImageObject","inLanguage":"pt-BR","@id":"https:\/\/ocoerente.com.br\/se\/2021\/05\/25\/nota-pcdob-se-repudia-despejo-das-familias-da-ocupacao-joao-mulungu-em-plena-pandemia\/#primaryimage","url":"https:\/\/ocoerente.com.br\/se\/wp-content\/uploads\/2021\/05\/PCdoB_flag.svg_.png","contentUrl":"https:\/\/ocoerente.com.br\/se\/wp-content\/uploads\/2021\/05\/PCdoB_flag.svg_.png","width":1200,"height":778},{"@type":"BreadcrumbList","@id":"https:\/\/ocoerente.com.br\/se\/2021\/05\/25\/nota-pcdob-se-repudia-despejo-das-familias-da-ocupacao-joao-mulungu-em-plena-pandemia\/#breadcrumb","itemListElement":[{"@type":"ListItem","position":1,"name":"In\u00edcio","item":"https:\/\/ocoerente.com.br\/se\/"},{"@type":"ListItem","position":2,"name":"Nota: PCdoB\/SE repudia despejo das fam\u00edlias da ocupa\u00e7\u00e3o Jo\u00e3o Mulungu em plena pandemia"}]},{"@type":"WebSite","@id":"https:\/\/ocoerente.com.br\/se\/#website","url":"https:\/\/ocoerente.com.br\/se\/","name":"O Coerente","description":"","publisher":{"@id":"https:\/\/ocoerente.com.br\/se\/#\/schema\/person\/cc6bfd9fbca465e23543b0c963d8d037"},"potentialAction":[{"@type":"SearchAction","target":{"@type":"EntryPoint","urlTemplate":"https:\/\/ocoerente.com.br\/se\/?s={search_term_string}"},"query-input":{"@type":"PropertyValueSpecification","valueRequired":true,"valueName":"search_term_string"}}],"inLanguage":"pt-BR"},{"@type":["Person","Organization"],"@id":"https:\/\/ocoerente.com.br\/se\/#\/schema\/person\/cc6bfd9fbca465e23543b0c963d8d037","name":"Reda\u00e7\u00e3o","image":{"@type":"ImageObject","inLanguage":"pt-BR","@id":"https:\/\/ocoerente.com.br\/se\/wp-content\/uploads\/2020\/01\/ocoerente-1.png","url":"https:\/\/ocoerente.com.br\/se\/wp-content\/uploads\/2020\/01\/ocoerente-1.png","contentUrl":"https:\/\/ocoerente.com.br\/se\/wp-content\/uploads\/2020\/01\/ocoerente-1.png","width":50,"height":50,"caption":"Reda\u00e7\u00e3o"},"logo":{"@id":"https:\/\/ocoerente.com.br\/se\/wp-content\/uploads\/2020\/01\/ocoerente-1.png"},"url":"https:\/\/ocoerente.com.br\/se\/author\/vasticlsales\/"}]}},"_links":{"self":[{"href":"https:\/\/ocoerente.com.br\/se\/wp-json\/wp\/v2\/posts\/3563","targetHints":{"allow":["GET"]}}],"collection":[{"href":"https:\/\/ocoerente.com.br\/se\/wp-json\/wp\/v2\/posts"}],"about":[{"href":"https:\/\/ocoerente.com.br\/se\/wp-json\/wp\/v2\/types\/post"}],"author":[{"embeddable":true,"href":"https:\/\/ocoerente.com.br\/se\/wp-json\/wp\/v2\/users\/1"}],"replies":[{"embeddable":true,"href":"https:\/\/ocoerente.com.br\/se\/wp-json\/wp\/v2\/comments?post=3563"}],"version-history":[{"count":2,"href":"https:\/\/ocoerente.com.br\/se\/wp-json\/wp\/v2\/posts\/3563\/revisions"}],"predecessor-version":[{"id":3566,"href":"https:\/\/ocoerente.com.br\/se\/wp-json\/wp\/v2\/posts\/3563\/revisions\/3566"}],"wp:featuredmedia":[{"embeddable":true,"href":"https:\/\/ocoerente.com.br\/se\/wp-json\/wp\/v2\/media\/3564"}],"wp:attachment":[{"href":"https:\/\/ocoerente.com.br\/se\/wp-json\/wp\/v2\/media?parent=3563"}],"wp:term":[{"taxonomy":"category","embeddable":true,"href":"https:\/\/ocoerente.com.br\/se\/wp-json\/wp\/v2\/categories?post=3563"},{"taxonomy":"post_tag","embeddable":true,"href":"https:\/\/ocoerente.com.br\/se\/wp-json\/wp\/v2\/tags?post=3563"}],"curies":[{"name":"wp","href":"https:\/\/api.w.org\/{rel}","templated":true}]}}