{"id":3536,"date":"2021-05-20T22:29:03","date_gmt":"2021-05-21T01:29:03","guid":{"rendered":"https:\/\/ocoerente.com.br\/se\/?p=3536"},"modified":"2021-05-20T22:29:04","modified_gmt":"2021-05-21T01:29:04","slug":"chuvas-ja-ultrapassaram-media-historica-do-mes-e-prefeitura-segue-monitorando-a-cidade","status":"publish","type":"post","link":"https:\/\/ocoerente.com.br\/se\/2021\/05\/20\/chuvas-ja-ultrapassaram-media-historica-do-mes-e-prefeitura-segue-monitorando-a-cidade\/","title":{"rendered":"Chuvas j\u00e1 ultrapassaram m\u00e9dia hist\u00f3rica do m\u00eas e Prefeitura segue monitorando a cidade"},"content":{"rendered":"\n<p>Em mais uma manh\u00e3 chuvosa, a Prefeitura de Aracaju continua com equipes mobilizadas em a\u00e7\u00f5es preventivas e de prontid\u00e3o para atender poss\u00edveis ocorr\u00eancias. At\u00e9 o momento, j\u00e1 foram registrados 272 mm de precipita\u00e7\u00f5es nos primeiros vinte dias de maio, superando o previsto para todo o m\u00eas.<\/p>\n\n\n\n<p>Nas \u00faltimas seis horas, foram registrados 37 mm, sendo 33 mm em apenas uma hora. Essa concentra\u00e7\u00e3o da chuva em um curto per\u00edodo resultou em alguns pontos de alagamento na cidade, mas sem maiores transtornos, como explica o coordenador da Defesa Civil de Aracaju, major Silvio Prado.<\/p>\n\n\n\n<p>\u201cDevido ao grande volume de chuvas em apenas uma hora, n\u00e3o d\u00e1 tempo da \u00e1gua da chuva escoar na mesma velocidade que cai, devido \u00e0 intensidade da chuva. Isso gera alguns pontos de alagamento, mas que n\u00e3o ensejaram na interdi\u00e7\u00e3o de vias, nem desvio de ruas\u201d, pontua.<\/p>\n\n\n\n<p>Ainda segundo o coordenador, a Defesa Civil registrou uma ocorr\u00eancia no bairro Siqueira Campos, com risco de desabamento e as equipes foram mobilizadas at\u00e9 o local. Al\u00e9m disso, os agentes estiveram fazendo o monitoramento da situa\u00e7\u00e3o em diversos pontos da cidade, como na avenida Euclides Figueiredo e Marechal Rondon.<\/p>\n\n\n\n<p>Em rela\u00e7\u00e3o ao tr\u00e2nsito, a Superintend\u00eancia Municipal de Tr\u00e2nsito e Transporte (SMTT) n\u00e3o registrou nenhuma ocorr\u00eancia. As empresas municipais de Servi\u00e7os Urbanos (Emsurb) e de Obras e Urbaniza\u00e7\u00e3o (Emurb) tamb\u00e9m n\u00e3o registraram nenhum incidente.<\/p>\n\n\n\n<p>As a\u00e7\u00f5es preventivas realizadas pelos \u00f3rg\u00e3os municipais garantem que a cidade suporte bem esse per\u00edodo chuvoso. Desde o in\u00edcio do ano, as equipes municipais trabalham em conjunto em medidas que evitam transtornos nesse per\u00edodo, como os servi\u00e7os de poda, o servi\u00e7o de monitoramento de rede de drenagem e o servi\u00e7o de limpeza de canais.<\/p>\n\n\n\n<p>Previs\u00e3o<br>Para os pr\u00f3ximos tr\u00eas dias, a previs\u00e3o \u00e9 de chuva leve, com 5 mm nesta sexta-feira, dia 21, 3 mm no s\u00e1bado, 22, e 2 mm no domingo, 23. Em caso de ocorr\u00eancias, os aracajuanos podem entrar em contato com a Defesa Civil atrav\u00e9s do n\u00famero 199.<\/p>\n\n\n\n<p>Al\u00e9m disso, \u00e9 poss\u00edvel se cadastrar para receber alertas via SMS do \u00f3rg\u00e3o enviando uma mensagem de texto com o CEP da resid\u00eancia para o n\u00famero 40199. Os cidad\u00e3os tamb\u00e9m podem acompanhar a situa\u00e7\u00e3o clim\u00e1tica da cidade em tempo real atrav\u00e9s da plataforma ClimAju.<\/p>\n\n\n\n<p>AAN<\/p>\n","protected":false},"excerpt":{"rendered":"<p>Em mais uma manh\u00e3 chuvosa, a Prefeitura de Aracaju continua com equipes mobilizadas em a\u00e7\u00f5es preventivas e de prontid\u00e3o para atender poss\u00edveis ocorr\u00eancias. At\u00e9 o momento, j\u00e1 foram registrados 272 mm de precipita\u00e7\u00f5es nos primeiros vinte dias de maio, superando o previsto para todo o m\u00eas. Nas \u00faltimas seis horas, foram registrados 37 mm, sendo [&hellip;]<\/p>\n","protected":false},"author":1,"featured_media":3537,"comment_status":"closed","ping_status":"closed","sticky":false,"template":"","format":"standard","meta":{"footnotes":""},"categories":[53,43],"tags":[],"class_list":["post-3536","post","type-post","status-publish","format-standard","has-post-thumbnail","hentry","category-destaques","category-sergipe"],"yoast_head":"<!-- This site is optimized with the Yoast SEO plugin v27.4 - https:\/\/yoast.com\/product\/yoast-seo-wordpress\/ -->\n<title>Chuvas j\u00e1 ultrapassaram m\u00e9dia hist\u00f3rica do m\u00eas e Prefeitura segue monitorando a cidade - O Coerente<\/title>\n<meta name=\"robots\" content=\"index, follow, max-snippet:-1, max-image-preview:large, max-video-preview:-1\" \/>\n<link rel=\"canonical\" href=\"https:\/\/ocoerente.com.br\/se\/2021\/05\/20\/chuvas-ja-ultrapassaram-media-historica-do-mes-e-prefeitura-segue-monitorando-a-cidade\/\" \/>\n<meta property=\"og:locale\" content=\"pt_BR\" \/>\n<meta property=\"og:type\" content=\"article\" \/>\n<meta property=\"og:title\" content=\"Chuvas j\u00e1 ultrapassaram m\u00e9dia hist\u00f3rica do m\u00eas e Prefeitura segue monitorando a cidade - O Coerente\" \/>\n<meta property=\"og:description\" content=\"Em mais uma manh\u00e3 chuvosa, a Prefeitura de Aracaju continua com equipes mobilizadas em a\u00e7\u00f5es preventivas e de prontid\u00e3o para atender poss\u00edveis ocorr\u00eancias. At\u00e9 o momento, j\u00e1 foram registrados 272 mm de precipita\u00e7\u00f5es nos primeiros vinte dias de maio, superando o previsto para todo o m\u00eas. Nas \u00faltimas seis horas, foram registrados 37 mm, sendo [&hellip;]\" \/>\n<meta property=\"og:url\" content=\"https:\/\/ocoerente.com.br\/se\/2021\/05\/20\/chuvas-ja-ultrapassaram-media-historica-do-mes-e-prefeitura-segue-monitorando-a-cidade\/\" \/>\n<meta property=\"og:site_name\" content=\"O Coerente\" \/>\n<meta property=\"article:published_time\" content=\"2021-05-21T01:29:03+00:00\" \/>\n<meta property=\"article:modified_time\" content=\"2021-05-21T01:29:04+00:00\" \/>\n<meta property=\"og:image\" content=\"https:\/\/ocoerente.com.br\/se\/wp-content\/uploads\/2021\/05\/chuva___cristinne.jpg\" \/>\n\t<meta property=\"og:image:width\" content=\"1400\" \/>\n\t<meta property=\"og:image:height\" content=\"933\" \/>\n\t<meta property=\"og:image:type\" content=\"image\/jpeg\" \/>\n<meta name=\"author\" content=\"Reda\u00e7\u00e3o\" \/>\n<meta name=\"twitter:card\" content=\"summary_large_image\" \/>\n<meta name=\"twitter:label1\" content=\"Escrito por\" \/>\n\t<meta name=\"twitter:data1\" content=\"Reda\u00e7\u00e3o\" \/>\n\t<meta name=\"twitter:label2\" content=\"Est. tempo de leitura\" \/>\n\t<meta name=\"twitter:data2\" content=\"2 minutos\" \/>\n<script type=\"application\/ld+json\" class=\"yoast-schema-graph\">{\"@context\":\"https:\\\/\\\/schema.org\",\"@graph\":[{\"@type\":\"Article\",\"@id\":\"https:\\\/\\\/ocoerente.com.br\\\/se\\\/2021\\\/05\\\/20\\\/chuvas-ja-ultrapassaram-media-historica-do-mes-e-prefeitura-segue-monitorando-a-cidade\\\/#article\",\"isPartOf\":{\"@id\":\"https:\\\/\\\/ocoerente.com.br\\\/se\\\/2021\\\/05\\\/20\\\/chuvas-ja-ultrapassaram-media-historica-do-mes-e-prefeitura-segue-monitorando-a-cidade\\\/\"},\"author\":{\"name\":\"Reda\u00e7\u00e3o\",\"@id\":\"https:\\\/\\\/ocoerente.com.br\\\/se\\\/#\\\/schema\\\/person\\\/cc6bfd9fbca465e23543b0c963d8d037\"},\"headline\":\"Chuvas j\u00e1 ultrapassaram m\u00e9dia hist\u00f3rica do m\u00eas e Prefeitura segue monitorando a cidade\",\"datePublished\":\"2021-05-21T01:29:03+00:00\",\"dateModified\":\"2021-05-21T01:29:04+00:00\",\"mainEntityOfPage\":{\"@id\":\"https:\\\/\\\/ocoerente.com.br\\\/se\\\/2021\\\/05\\\/20\\\/chuvas-ja-ultrapassaram-media-historica-do-mes-e-prefeitura-segue-monitorando-a-cidade\\\/\"},\"wordCount\":421,\"publisher\":{\"@id\":\"https:\\\/\\\/ocoerente.com.br\\\/se\\\/#\\\/schema\\\/person\\\/cc6bfd9fbca465e23543b0c963d8d037\"},\"image\":{\"@id\":\"https:\\\/\\\/ocoerente.com.br\\\/se\\\/2021\\\/05\\\/20\\\/chuvas-ja-ultrapassaram-media-historica-do-mes-e-prefeitura-segue-monitorando-a-cidade\\\/#primaryimage\"},\"thumbnailUrl\":\"https:\\\/\\\/ocoerente.com.br\\\/se\\\/wp-content\\\/uploads\\\/2021\\\/05\\\/chuva___cristinne.jpg\",\"articleSection\":[\"Destaques\",\"Sergipe\"],\"inLanguage\":\"pt-BR\"},{\"@type\":\"WebPage\",\"@id\":\"https:\\\/\\\/ocoerente.com.br\\\/se\\\/2021\\\/05\\\/20\\\/chuvas-ja-ultrapassaram-media-historica-do-mes-e-prefeitura-segue-monitorando-a-cidade\\\/\",\"url\":\"https:\\\/\\\/ocoerente.com.br\\\/se\\\/2021\\\/05\\\/20\\\/chuvas-ja-ultrapassaram-media-historica-do-mes-e-prefeitura-segue-monitorando-a-cidade\\\/\",\"name\":\"Chuvas j\u00e1 ultrapassaram m\u00e9dia hist\u00f3rica do m\u00eas e Prefeitura segue monitorando a cidade - O Coerente\",\"isPartOf\":{\"@id\":\"https:\\\/\\\/ocoerente.com.br\\\/se\\\/#website\"},\"primaryImageOfPage\":{\"@id\":\"https:\\\/\\\/ocoerente.com.br\\\/se\\\/2021\\\/05\\\/20\\\/chuvas-ja-ultrapassaram-media-historica-do-mes-e-prefeitura-segue-monitorando-a-cidade\\\/#primaryimage\"},\"image\":{\"@id\":\"https:\\\/\\\/ocoerente.com.br\\\/se\\\/2021\\\/05\\\/20\\\/chuvas-ja-ultrapassaram-media-historica-do-mes-e-prefeitura-segue-monitorando-a-cidade\\\/#primaryimage\"},\"thumbnailUrl\":\"https:\\\/\\\/ocoerente.com.br\\\/se\\\/wp-content\\\/uploads\\\/2021\\\/05\\\/chuva___cristinne.jpg\",\"datePublished\":\"2021-05-21T01:29:03+00:00\",\"dateModified\":\"2021-05-21T01:29:04+00:00\",\"breadcrumb\":{\"@id\":\"https:\\\/\\\/ocoerente.com.br\\\/se\\\/2021\\\/05\\\/20\\\/chuvas-ja-ultrapassaram-media-historica-do-mes-e-prefeitura-segue-monitorando-a-cidade\\\/#breadcrumb\"},\"inLanguage\":\"pt-BR\",\"potentialAction\":[{\"@type\":\"ReadAction\",\"target\":[\"https:\\\/\\\/ocoerente.com.br\\\/se\\\/2021\\\/05\\\/20\\\/chuvas-ja-ultrapassaram-media-historica-do-mes-e-prefeitura-segue-monitorando-a-cidade\\\/\"]}]},{\"@type\":\"ImageObject\",\"inLanguage\":\"pt-BR\",\"@id\":\"https:\\\/\\\/ocoerente.com.br\\\/se\\\/2021\\\/05\\\/20\\\/chuvas-ja-ultrapassaram-media-historica-do-mes-e-prefeitura-segue-monitorando-a-cidade\\\/#primaryimage\",\"url\":\"https:\\\/\\\/ocoerente.com.br\\\/se\\\/wp-content\\\/uploads\\\/2021\\\/05\\\/chuva___cristinne.jpg\",\"contentUrl\":\"https:\\\/\\\/ocoerente.com.br\\\/se\\\/wp-content\\\/uploads\\\/2021\\\/05\\\/chuva___cristinne.jpg\",\"width\":1400,\"height\":933},{\"@type\":\"BreadcrumbList\",\"@id\":\"https:\\\/\\\/ocoerente.com.br\\\/se\\\/2021\\\/05\\\/20\\\/chuvas-ja-ultrapassaram-media-historica-do-mes-e-prefeitura-segue-monitorando-a-cidade\\\/#breadcrumb\",\"itemListElement\":[{\"@type\":\"ListItem\",\"position\":1,\"name\":\"In\u00edcio\",\"item\":\"https:\\\/\\\/ocoerente.com.br\\\/se\\\/\"},{\"@type\":\"ListItem\",\"position\":2,\"name\":\"Chuvas j\u00e1 ultrapassaram m\u00e9dia hist\u00f3rica do m\u00eas e Prefeitura segue monitorando a cidade\"}]},{\"@type\":\"WebSite\",\"@id\":\"https:\\\/\\\/ocoerente.com.br\\\/se\\\/#website\",\"url\":\"https:\\\/\\\/ocoerente.com.br\\\/se\\\/\",\"name\":\"O Coerente\",\"description\":\"\",\"publisher\":{\"@id\":\"https:\\\/\\\/ocoerente.com.br\\\/se\\\/#\\\/schema\\\/person\\\/cc6bfd9fbca465e23543b0c963d8d037\"},\"potentialAction\":[{\"@type\":\"SearchAction\",\"target\":{\"@type\":\"EntryPoint\",\"urlTemplate\":\"https:\\\/\\\/ocoerente.com.br\\\/se\\\/?s={search_term_string}\"},\"query-input\":{\"@type\":\"PropertyValueSpecification\",\"valueRequired\":true,\"valueName\":\"search_term_string\"}}],\"inLanguage\":\"pt-BR\"},{\"@type\":[\"Person\",\"Organization\"],\"@id\":\"https:\\\/\\\/ocoerente.com.br\\\/se\\\/#\\\/schema\\\/person\\\/cc6bfd9fbca465e23543b0c963d8d037\",\"name\":\"Reda\u00e7\u00e3o\",\"image\":{\"@type\":\"ImageObject\",\"inLanguage\":\"pt-BR\",\"@id\":\"https:\\\/\\\/ocoerente.com.br\\\/se\\\/wp-content\\\/uploads\\\/2020\\\/01\\\/ocoerente-1.png\",\"url\":\"https:\\\/\\\/ocoerente.com.br\\\/se\\\/wp-content\\\/uploads\\\/2020\\\/01\\\/ocoerente-1.png\",\"contentUrl\":\"https:\\\/\\\/ocoerente.com.br\\\/se\\\/wp-content\\\/uploads\\\/2020\\\/01\\\/ocoerente-1.png\",\"width\":50,\"height\":50,\"caption\":\"Reda\u00e7\u00e3o\"},\"logo\":{\"@id\":\"https:\\\/\\\/ocoerente.com.br\\\/se\\\/wp-content\\\/uploads\\\/2020\\\/01\\\/ocoerente-1.png\"},\"url\":\"https:\\\/\\\/ocoerente.com.br\\\/se\\\/author\\\/vasticlsales\\\/\"}]}<\/script>\n<!-- \/ Yoast SEO plugin. -->","yoast_head_json":{"title":"Chuvas j\u00e1 ultrapassaram m\u00e9dia hist\u00f3rica do m\u00eas e Prefeitura segue monitorando a cidade - O Coerente","robots":{"index":"index","follow":"follow","max-snippet":"max-snippet:-1","max-image-preview":"max-image-preview:large","max-video-preview":"max-video-preview:-1"},"canonical":"https:\/\/ocoerente.com.br\/se\/2021\/05\/20\/chuvas-ja-ultrapassaram-media-historica-do-mes-e-prefeitura-segue-monitorando-a-cidade\/","og_locale":"pt_BR","og_type":"article","og_title":"Chuvas j\u00e1 ultrapassaram m\u00e9dia hist\u00f3rica do m\u00eas e Prefeitura segue monitorando a cidade - O Coerente","og_description":"Em mais uma manh\u00e3 chuvosa, a Prefeitura de Aracaju continua com equipes mobilizadas em a\u00e7\u00f5es preventivas e de prontid\u00e3o para atender poss\u00edveis ocorr\u00eancias. At\u00e9 o momento, j\u00e1 foram registrados 272 mm de precipita\u00e7\u00f5es nos primeiros vinte dias de maio, superando o previsto para todo o m\u00eas. Nas \u00faltimas seis horas, foram registrados 37 mm, sendo [&hellip;]","og_url":"https:\/\/ocoerente.com.br\/se\/2021\/05\/20\/chuvas-ja-ultrapassaram-media-historica-do-mes-e-prefeitura-segue-monitorando-a-cidade\/","og_site_name":"O Coerente","article_published_time":"2021-05-21T01:29:03+00:00","article_modified_time":"2021-05-21T01:29:04+00:00","og_image":[{"width":1400,"height":933,"url":"https:\/\/ocoerente.com.br\/se\/wp-content\/uploads\/2021\/05\/chuva___cristinne.jpg","type":"image\/jpeg"}],"author":"Reda\u00e7\u00e3o","twitter_card":"summary_large_image","twitter_misc":{"Escrito por":"Reda\u00e7\u00e3o","Est. tempo de leitura":"2 minutos"},"schema":{"@context":"https:\/\/schema.org","@graph":[{"@type":"Article","@id":"https:\/\/ocoerente.com.br\/se\/2021\/05\/20\/chuvas-ja-ultrapassaram-media-historica-do-mes-e-prefeitura-segue-monitorando-a-cidade\/#article","isPartOf":{"@id":"https:\/\/ocoerente.com.br\/se\/2021\/05\/20\/chuvas-ja-ultrapassaram-media-historica-do-mes-e-prefeitura-segue-monitorando-a-cidade\/"},"author":{"name":"Reda\u00e7\u00e3o","@id":"https:\/\/ocoerente.com.br\/se\/#\/schema\/person\/cc6bfd9fbca465e23543b0c963d8d037"},"headline":"Chuvas j\u00e1 ultrapassaram m\u00e9dia hist\u00f3rica do m\u00eas e Prefeitura segue monitorando a cidade","datePublished":"2021-05-21T01:29:03+00:00","dateModified":"2021-05-21T01:29:04+00:00","mainEntityOfPage":{"@id":"https:\/\/ocoerente.com.br\/se\/2021\/05\/20\/chuvas-ja-ultrapassaram-media-historica-do-mes-e-prefeitura-segue-monitorando-a-cidade\/"},"wordCount":421,"publisher":{"@id":"https:\/\/ocoerente.com.br\/se\/#\/schema\/person\/cc6bfd9fbca465e23543b0c963d8d037"},"image":{"@id":"https:\/\/ocoerente.com.br\/se\/2021\/05\/20\/chuvas-ja-ultrapassaram-media-historica-do-mes-e-prefeitura-segue-monitorando-a-cidade\/#primaryimage"},"thumbnailUrl":"https:\/\/ocoerente.com.br\/se\/wp-content\/uploads\/2021\/05\/chuva___cristinne.jpg","articleSection":["Destaques","Sergipe"],"inLanguage":"pt-BR"},{"@type":"WebPage","@id":"https:\/\/ocoerente.com.br\/se\/2021\/05\/20\/chuvas-ja-ultrapassaram-media-historica-do-mes-e-prefeitura-segue-monitorando-a-cidade\/","url":"https:\/\/ocoerente.com.br\/se\/2021\/05\/20\/chuvas-ja-ultrapassaram-media-historica-do-mes-e-prefeitura-segue-monitorando-a-cidade\/","name":"Chuvas j\u00e1 ultrapassaram m\u00e9dia hist\u00f3rica do m\u00eas e Prefeitura segue monitorando a cidade - O Coerente","isPartOf":{"@id":"https:\/\/ocoerente.com.br\/se\/#website"},"primaryImageOfPage":{"@id":"https:\/\/ocoerente.com.br\/se\/2021\/05\/20\/chuvas-ja-ultrapassaram-media-historica-do-mes-e-prefeitura-segue-monitorando-a-cidade\/#primaryimage"},"image":{"@id":"https:\/\/ocoerente.com.br\/se\/2021\/05\/20\/chuvas-ja-ultrapassaram-media-historica-do-mes-e-prefeitura-segue-monitorando-a-cidade\/#primaryimage"},"thumbnailUrl":"https:\/\/ocoerente.com.br\/se\/wp-content\/uploads\/2021\/05\/chuva___cristinne.jpg","datePublished":"2021-05-21T01:29:03+00:00","dateModified":"2021-05-21T01:29:04+00:00","breadcrumb":{"@id":"https:\/\/ocoerente.com.br\/se\/2021\/05\/20\/chuvas-ja-ultrapassaram-media-historica-do-mes-e-prefeitura-segue-monitorando-a-cidade\/#breadcrumb"},"inLanguage":"pt-BR","potentialAction":[{"@type":"ReadAction","target":["https:\/\/ocoerente.com.br\/se\/2021\/05\/20\/chuvas-ja-ultrapassaram-media-historica-do-mes-e-prefeitura-segue-monitorando-a-cidade\/"]}]},{"@type":"ImageObject","inLanguage":"pt-BR","@id":"https:\/\/ocoerente.com.br\/se\/2021\/05\/20\/chuvas-ja-ultrapassaram-media-historica-do-mes-e-prefeitura-segue-monitorando-a-cidade\/#primaryimage","url":"https:\/\/ocoerente.com.br\/se\/wp-content\/uploads\/2021\/05\/chuva___cristinne.jpg","contentUrl":"https:\/\/ocoerente.com.br\/se\/wp-content\/uploads\/2021\/05\/chuva___cristinne.jpg","width":1400,"height":933},{"@type":"BreadcrumbList","@id":"https:\/\/ocoerente.com.br\/se\/2021\/05\/20\/chuvas-ja-ultrapassaram-media-historica-do-mes-e-prefeitura-segue-monitorando-a-cidade\/#breadcrumb","itemListElement":[{"@type":"ListItem","position":1,"name":"In\u00edcio","item":"https:\/\/ocoerente.com.br\/se\/"},{"@type":"ListItem","position":2,"name":"Chuvas j\u00e1 ultrapassaram m\u00e9dia hist\u00f3rica do m\u00eas e Prefeitura segue monitorando a cidade"}]},{"@type":"WebSite","@id":"https:\/\/ocoerente.com.br\/se\/#website","url":"https:\/\/ocoerente.com.br\/se\/","name":"O Coerente","description":"","publisher":{"@id":"https:\/\/ocoerente.com.br\/se\/#\/schema\/person\/cc6bfd9fbca465e23543b0c963d8d037"},"potentialAction":[{"@type":"SearchAction","target":{"@type":"EntryPoint","urlTemplate":"https:\/\/ocoerente.com.br\/se\/?s={search_term_string}"},"query-input":{"@type":"PropertyValueSpecification","valueRequired":true,"valueName":"search_term_string"}}],"inLanguage":"pt-BR"},{"@type":["Person","Organization"],"@id":"https:\/\/ocoerente.com.br\/se\/#\/schema\/person\/cc6bfd9fbca465e23543b0c963d8d037","name":"Reda\u00e7\u00e3o","image":{"@type":"ImageObject","inLanguage":"pt-BR","@id":"https:\/\/ocoerente.com.br\/se\/wp-content\/uploads\/2020\/01\/ocoerente-1.png","url":"https:\/\/ocoerente.com.br\/se\/wp-content\/uploads\/2020\/01\/ocoerente-1.png","contentUrl":"https:\/\/ocoerente.com.br\/se\/wp-content\/uploads\/2020\/01\/ocoerente-1.png","width":50,"height":50,"caption":"Reda\u00e7\u00e3o"},"logo":{"@id":"https:\/\/ocoerente.com.br\/se\/wp-content\/uploads\/2020\/01\/ocoerente-1.png"},"url":"https:\/\/ocoerente.com.br\/se\/author\/vasticlsales\/"}]}},"_links":{"self":[{"href":"https:\/\/ocoerente.com.br\/se\/wp-json\/wp\/v2\/posts\/3536","targetHints":{"allow":["GET"]}}],"collection":[{"href":"https:\/\/ocoerente.com.br\/se\/wp-json\/wp\/v2\/posts"}],"about":[{"href":"https:\/\/ocoerente.com.br\/se\/wp-json\/wp\/v2\/types\/post"}],"author":[{"embeddable":true,"href":"https:\/\/ocoerente.com.br\/se\/wp-json\/wp\/v2\/users\/1"}],"replies":[{"embeddable":true,"href":"https:\/\/ocoerente.com.br\/se\/wp-json\/wp\/v2\/comments?post=3536"}],"version-history":[{"count":1,"href":"https:\/\/ocoerente.com.br\/se\/wp-json\/wp\/v2\/posts\/3536\/revisions"}],"predecessor-version":[{"id":3538,"href":"https:\/\/ocoerente.com.br\/se\/wp-json\/wp\/v2\/posts\/3536\/revisions\/3538"}],"wp:featuredmedia":[{"embeddable":true,"href":"https:\/\/ocoerente.com.br\/se\/wp-json\/wp\/v2\/media\/3537"}],"wp:attachment":[{"href":"https:\/\/ocoerente.com.br\/se\/wp-json\/wp\/v2\/media?parent=3536"}],"wp:term":[{"taxonomy":"category","embeddable":true,"href":"https:\/\/ocoerente.com.br\/se\/wp-json\/wp\/v2\/categories?post=3536"},{"taxonomy":"post_tag","embeddable":true,"href":"https:\/\/ocoerente.com.br\/se\/wp-json\/wp\/v2\/tags?post=3536"}],"curies":[{"name":"wp","href":"https:\/\/api.w.org\/{rel}","templated":true}]}}