{"id":3533,"date":"2021-05-20T00:32:28","date_gmt":"2021-05-20T03:32:28","guid":{"rendered":"https:\/\/ocoerente.com.br\/se\/?p=3533"},"modified":"2021-05-20T00:32:29","modified_gmt":"2021-05-20T03:32:29","slug":"conexao-turismo-o-grupo-itapemirim-comeca-a-vender-passagens-da-ita-transportes-aereos","status":"publish","type":"post","link":"https:\/\/ocoerente.com.br\/se\/2021\/05\/20\/conexao-turismo-o-grupo-itapemirim-comeca-a-vender-passagens-da-ita-transportes-aereos\/","title":{"rendered":"Conex\u00e3o Turismo | O Grupo Itapemirim come\u00e7a a vender passagens da ITA Transportes A\u00e9reos"},"content":{"rendered":"\n<p><strong>Com foco no conforto e bagagem gr\u00e1tis, ITA Transportes A\u00e9reos inicia venda de passagens nesta sexta-feira (21)<\/strong>.<\/p>\n\n\n\n<p><strong>Em entrevista ao programa CNN Brasil Business, Sidnei Piva, presidente do Grupo Itapemirim, afirmou que a empresa quer ser &#8220;<em>uma companhia a\u00e9rea que o Brasil ainda n\u00e3o tem, priorizando o conforto dos passageiros<\/em>&#8221; <\/strong><\/p>\n\n\n\n<p><strong>A empresa diz que vai oferecer passagens com pre\u00e7os convidativos e mais conforto.<\/strong><\/p>\n\n\n\n<blockquote class=\"wp-block-quote is-layout-flow wp-block-quote-is-layout-flow\"><p>Em alguns trechos servidos pela companhia haver\u00e1 servi\u00e7o de bordo com refei\u00e7\u00f5es quentes.&nbsp;<\/p><\/blockquote>\n\n\n\n<p>A empresa inicia sua opera\u00e7\u00e3o comercial em 30 de junho, mas no dia 29 far\u00e1 um voo inaugural entre Guarulhos e Bras\u00edlia, com renda revertida para institui\u00e7\u00f5es beneficentes.<\/p>\n\n\n\n<p><strong>Inicialmente ser\u00e3o cinco aeronaves Airbus A320 que v\u00e3o voar entre oito cidades:<\/strong><\/p>\n\n\n\n<blockquote class=\"wp-block-quote is-layout-flow wp-block-quote-is-layout-flow\"><p>Belo Horizonte-Confins (MG); Bras\u00edlia (DF); Rio de Janeiro-Gale\u00e3o (RJ); S\u00e3o Paulo-Guarulhos (SP); Curitiba (PR); Porto Alegre (RS); Porto Seguro (BA); e Salvador (BA).<\/p><\/blockquote>\n\n\n\n<p>A partir de 1\u00ba de agosto de 2021, outras cidades ser\u00e3o adicionadas \u00e0 malha: Recife (PE); Macei\u00f3 (AL); Fortaleza (CE); Florian\u00f3polis (SC); Vit\u00f3ria (ES); e Natal (RN).<\/p>\n\n\n\n<p><strong>At\u00e9 o final deste ano a companhia pretende ter uma frota de 20 Airbus A-320 e em junho de 2022 chegar a 50 para atender 35 destinos no Brasil.<\/strong><\/p>\n\n\n\n<p>Apesar do grupo estar sob processo de recupera\u00e7\u00e3o judicial, Sidnei Piva disse que a empresa come\u00e7a a opera\u00e7\u00e3o financeiramente tranquila.&nbsp;<\/p>\n\n\n\n<blockquote class=\"wp-block-quote is-layout-flow wp-block-quote-is-layout-flow\"><p>O presidente tamb\u00e9m lembrou que a ITA Transportes A\u00e9reos recebeu em 2020 um aporte de US$ 500 milh\u00f5es de um fundo soberano dos Emirados \u00c1rabes Unidos para criar a companhia.<\/p><\/blockquote>\n\n\n\n<p>aracajumagazine<\/p>\n","protected":false},"excerpt":{"rendered":"<p>Com foco no conforto e bagagem gr\u00e1tis, ITA Transportes A\u00e9reos inicia venda de passagens nesta sexta-feira (21). Em entrevista ao programa CNN Brasil Business, Sidnei Piva, presidente do Grupo Itapemirim, afirmou que a empresa quer ser &#8220;uma companhia a\u00e9rea que o Brasil ainda n\u00e3o tem, priorizando o conforto dos passageiros&#8221; A empresa diz que vai [&hellip;]<\/p>\n","protected":false},"author":1,"featured_media":3534,"comment_status":"closed","ping_status":"closed","sticky":false,"template":"","format":"standard","meta":{"footnotes":""},"categories":[48,53],"tags":[],"class_list":["post-3533","post","type-post","status-publish","format-standard","has-post-thumbnail","hentry","category-brasil","category-destaques"],"yoast_head":"<!-- This site is optimized with the Yoast SEO plugin v27.4 - https:\/\/yoast.com\/product\/yoast-seo-wordpress\/ -->\n<title>Conex\u00e3o Turismo | O Grupo Itapemirim come\u00e7a a vender passagens da ITA Transportes A\u00e9reos - O Coerente<\/title>\n<meta name=\"robots\" content=\"index, follow, max-snippet:-1, max-image-preview:large, max-video-preview:-1\" \/>\n<link rel=\"canonical\" href=\"https:\/\/ocoerente.com.br\/se\/2021\/05\/20\/conexao-turismo-o-grupo-itapemirim-comeca-a-vender-passagens-da-ita-transportes-aereos\/\" \/>\n<meta property=\"og:locale\" content=\"pt_BR\" \/>\n<meta property=\"og:type\" content=\"article\" \/>\n<meta property=\"og:title\" content=\"Conex\u00e3o Turismo | O Grupo Itapemirim come\u00e7a a vender passagens da ITA Transportes A\u00e9reos - O Coerente\" \/>\n<meta property=\"og:description\" content=\"Com foco no conforto e bagagem gr\u00e1tis, ITA Transportes A\u00e9reos inicia venda de passagens nesta sexta-feira (21). Em entrevista ao programa CNN Brasil Business, Sidnei Piva, presidente do Grupo Itapemirim, afirmou que a empresa quer ser &#8220;uma companhia a\u00e9rea que o Brasil ainda n\u00e3o tem, priorizando o conforto dos passageiros&#8221; A empresa diz que vai [&hellip;]\" \/>\n<meta property=\"og:url\" content=\"https:\/\/ocoerente.com.br\/se\/2021\/05\/20\/conexao-turismo-o-grupo-itapemirim-comeca-a-vender-passagens-da-ita-transportes-aereos\/\" \/>\n<meta property=\"og:site_name\" content=\"O Coerente\" \/>\n<meta property=\"article:published_time\" content=\"2021-05-20T03:32:28+00:00\" \/>\n<meta property=\"article:modified_time\" content=\"2021-05-20T03:32:29+00:00\" \/>\n<meta property=\"og:image\" content=\"https:\/\/ocoerente.com.br\/se\/wp-content\/uploads\/2021\/05\/itapemirimaviao.jpg\" \/>\n\t<meta property=\"og:image:width\" content=\"550\" \/>\n\t<meta property=\"og:image:height\" content=\"328\" \/>\n\t<meta property=\"og:image:type\" content=\"image\/jpeg\" \/>\n<meta name=\"author\" content=\"Reda\u00e7\u00e3o\" \/>\n<meta name=\"twitter:card\" content=\"summary_large_image\" \/>\n<meta name=\"twitter:label1\" content=\"Escrito por\" \/>\n\t<meta name=\"twitter:data1\" content=\"Reda\u00e7\u00e3o\" \/>\n\t<meta name=\"twitter:label2\" content=\"Est. tempo de leitura\" \/>\n\t<meta name=\"twitter:data2\" content=\"2 minutos\" \/>\n<script type=\"application\/ld+json\" class=\"yoast-schema-graph\">{\"@context\":\"https:\\\/\\\/schema.org\",\"@graph\":[{\"@type\":\"Article\",\"@id\":\"https:\\\/\\\/ocoerente.com.br\\\/se\\\/2021\\\/05\\\/20\\\/conexao-turismo-o-grupo-itapemirim-comeca-a-vender-passagens-da-ita-transportes-aereos\\\/#article\",\"isPartOf\":{\"@id\":\"https:\\\/\\\/ocoerente.com.br\\\/se\\\/2021\\\/05\\\/20\\\/conexao-turismo-o-grupo-itapemirim-comeca-a-vender-passagens-da-ita-transportes-aereos\\\/\"},\"author\":{\"name\":\"Reda\u00e7\u00e3o\",\"@id\":\"https:\\\/\\\/ocoerente.com.br\\\/se\\\/#\\\/schema\\\/person\\\/cc6bfd9fbca465e23543b0c963d8d037\"},\"headline\":\"Conex\u00e3o Turismo | O Grupo Itapemirim come\u00e7a a vender passagens da ITA Transportes A\u00e9reos\",\"datePublished\":\"2021-05-20T03:32:28+00:00\",\"dateModified\":\"2021-05-20T03:32:29+00:00\",\"mainEntityOfPage\":{\"@id\":\"https:\\\/\\\/ocoerente.com.br\\\/se\\\/2021\\\/05\\\/20\\\/conexao-turismo-o-grupo-itapemirim-comeca-a-vender-passagens-da-ita-transportes-aereos\\\/\"},\"wordCount\":276,\"publisher\":{\"@id\":\"https:\\\/\\\/ocoerente.com.br\\\/se\\\/#\\\/schema\\\/person\\\/cc6bfd9fbca465e23543b0c963d8d037\"},\"image\":{\"@id\":\"https:\\\/\\\/ocoerente.com.br\\\/se\\\/2021\\\/05\\\/20\\\/conexao-turismo-o-grupo-itapemirim-comeca-a-vender-passagens-da-ita-transportes-aereos\\\/#primaryimage\"},\"thumbnailUrl\":\"https:\\\/\\\/ocoerente.com.br\\\/se\\\/wp-content\\\/uploads\\\/2021\\\/05\\\/itapemirimaviao.jpg\",\"articleSection\":[\"Brasil\",\"Destaques\"],\"inLanguage\":\"pt-BR\"},{\"@type\":\"WebPage\",\"@id\":\"https:\\\/\\\/ocoerente.com.br\\\/se\\\/2021\\\/05\\\/20\\\/conexao-turismo-o-grupo-itapemirim-comeca-a-vender-passagens-da-ita-transportes-aereos\\\/\",\"url\":\"https:\\\/\\\/ocoerente.com.br\\\/se\\\/2021\\\/05\\\/20\\\/conexao-turismo-o-grupo-itapemirim-comeca-a-vender-passagens-da-ita-transportes-aereos\\\/\",\"name\":\"Conex\u00e3o Turismo | O Grupo Itapemirim come\u00e7a a vender passagens da ITA Transportes A\u00e9reos - O Coerente\",\"isPartOf\":{\"@id\":\"https:\\\/\\\/ocoerente.com.br\\\/se\\\/#website\"},\"primaryImageOfPage\":{\"@id\":\"https:\\\/\\\/ocoerente.com.br\\\/se\\\/2021\\\/05\\\/20\\\/conexao-turismo-o-grupo-itapemirim-comeca-a-vender-passagens-da-ita-transportes-aereos\\\/#primaryimage\"},\"image\":{\"@id\":\"https:\\\/\\\/ocoerente.com.br\\\/se\\\/2021\\\/05\\\/20\\\/conexao-turismo-o-grupo-itapemirim-comeca-a-vender-passagens-da-ita-transportes-aereos\\\/#primaryimage\"},\"thumbnailUrl\":\"https:\\\/\\\/ocoerente.com.br\\\/se\\\/wp-content\\\/uploads\\\/2021\\\/05\\\/itapemirimaviao.jpg\",\"datePublished\":\"2021-05-20T03:32:28+00:00\",\"dateModified\":\"2021-05-20T03:32:29+00:00\",\"breadcrumb\":{\"@id\":\"https:\\\/\\\/ocoerente.com.br\\\/se\\\/2021\\\/05\\\/20\\\/conexao-turismo-o-grupo-itapemirim-comeca-a-vender-passagens-da-ita-transportes-aereos\\\/#breadcrumb\"},\"inLanguage\":\"pt-BR\",\"potentialAction\":[{\"@type\":\"ReadAction\",\"target\":[\"https:\\\/\\\/ocoerente.com.br\\\/se\\\/2021\\\/05\\\/20\\\/conexao-turismo-o-grupo-itapemirim-comeca-a-vender-passagens-da-ita-transportes-aereos\\\/\"]}]},{\"@type\":\"ImageObject\",\"inLanguage\":\"pt-BR\",\"@id\":\"https:\\\/\\\/ocoerente.com.br\\\/se\\\/2021\\\/05\\\/20\\\/conexao-turismo-o-grupo-itapemirim-comeca-a-vender-passagens-da-ita-transportes-aereos\\\/#primaryimage\",\"url\":\"https:\\\/\\\/ocoerente.com.br\\\/se\\\/wp-content\\\/uploads\\\/2021\\\/05\\\/itapemirimaviao.jpg\",\"contentUrl\":\"https:\\\/\\\/ocoerente.com.br\\\/se\\\/wp-content\\\/uploads\\\/2021\\\/05\\\/itapemirimaviao.jpg\",\"width\":550,\"height\":328},{\"@type\":\"BreadcrumbList\",\"@id\":\"https:\\\/\\\/ocoerente.com.br\\\/se\\\/2021\\\/05\\\/20\\\/conexao-turismo-o-grupo-itapemirim-comeca-a-vender-passagens-da-ita-transportes-aereos\\\/#breadcrumb\",\"itemListElement\":[{\"@type\":\"ListItem\",\"position\":1,\"name\":\"In\u00edcio\",\"item\":\"https:\\\/\\\/ocoerente.com.br\\\/se\\\/\"},{\"@type\":\"ListItem\",\"position\":2,\"name\":\"Conex\u00e3o Turismo | O Grupo Itapemirim come\u00e7a a vender passagens da ITA Transportes A\u00e9reos\"}]},{\"@type\":\"WebSite\",\"@id\":\"https:\\\/\\\/ocoerente.com.br\\\/se\\\/#website\",\"url\":\"https:\\\/\\\/ocoerente.com.br\\\/se\\\/\",\"name\":\"O Coerente\",\"description\":\"\",\"publisher\":{\"@id\":\"https:\\\/\\\/ocoerente.com.br\\\/se\\\/#\\\/schema\\\/person\\\/cc6bfd9fbca465e23543b0c963d8d037\"},\"potentialAction\":[{\"@type\":\"SearchAction\",\"target\":{\"@type\":\"EntryPoint\",\"urlTemplate\":\"https:\\\/\\\/ocoerente.com.br\\\/se\\\/?s={search_term_string}\"},\"query-input\":{\"@type\":\"PropertyValueSpecification\",\"valueRequired\":true,\"valueName\":\"search_term_string\"}}],\"inLanguage\":\"pt-BR\"},{\"@type\":[\"Person\",\"Organization\"],\"@id\":\"https:\\\/\\\/ocoerente.com.br\\\/se\\\/#\\\/schema\\\/person\\\/cc6bfd9fbca465e23543b0c963d8d037\",\"name\":\"Reda\u00e7\u00e3o\",\"image\":{\"@type\":\"ImageObject\",\"inLanguage\":\"pt-BR\",\"@id\":\"https:\\\/\\\/ocoerente.com.br\\\/se\\\/wp-content\\\/uploads\\\/2020\\\/01\\\/ocoerente-1.png\",\"url\":\"https:\\\/\\\/ocoerente.com.br\\\/se\\\/wp-content\\\/uploads\\\/2020\\\/01\\\/ocoerente-1.png\",\"contentUrl\":\"https:\\\/\\\/ocoerente.com.br\\\/se\\\/wp-content\\\/uploads\\\/2020\\\/01\\\/ocoerente-1.png\",\"width\":50,\"height\":50,\"caption\":\"Reda\u00e7\u00e3o\"},\"logo\":{\"@id\":\"https:\\\/\\\/ocoerente.com.br\\\/se\\\/wp-content\\\/uploads\\\/2020\\\/01\\\/ocoerente-1.png\"},\"url\":\"https:\\\/\\\/ocoerente.com.br\\\/se\\\/author\\\/vasticlsales\\\/\"}]}<\/script>\n<!-- \/ Yoast SEO plugin. -->","yoast_head_json":{"title":"Conex\u00e3o Turismo | O Grupo Itapemirim come\u00e7a a vender passagens da ITA Transportes A\u00e9reos - O Coerente","robots":{"index":"index","follow":"follow","max-snippet":"max-snippet:-1","max-image-preview":"max-image-preview:large","max-video-preview":"max-video-preview:-1"},"canonical":"https:\/\/ocoerente.com.br\/se\/2021\/05\/20\/conexao-turismo-o-grupo-itapemirim-comeca-a-vender-passagens-da-ita-transportes-aereos\/","og_locale":"pt_BR","og_type":"article","og_title":"Conex\u00e3o Turismo | O Grupo Itapemirim come\u00e7a a vender passagens da ITA Transportes A\u00e9reos - O Coerente","og_description":"Com foco no conforto e bagagem gr\u00e1tis, ITA Transportes A\u00e9reos inicia venda de passagens nesta sexta-feira (21). Em entrevista ao programa CNN Brasil Business, Sidnei Piva, presidente do Grupo Itapemirim, afirmou que a empresa quer ser &#8220;uma companhia a\u00e9rea que o Brasil ainda n\u00e3o tem, priorizando o conforto dos passageiros&#8221; A empresa diz que vai [&hellip;]","og_url":"https:\/\/ocoerente.com.br\/se\/2021\/05\/20\/conexao-turismo-o-grupo-itapemirim-comeca-a-vender-passagens-da-ita-transportes-aereos\/","og_site_name":"O Coerente","article_published_time":"2021-05-20T03:32:28+00:00","article_modified_time":"2021-05-20T03:32:29+00:00","og_image":[{"width":550,"height":328,"url":"https:\/\/ocoerente.com.br\/se\/wp-content\/uploads\/2021\/05\/itapemirimaviao.jpg","type":"image\/jpeg"}],"author":"Reda\u00e7\u00e3o","twitter_card":"summary_large_image","twitter_misc":{"Escrito por":"Reda\u00e7\u00e3o","Est. tempo de leitura":"2 minutos"},"schema":{"@context":"https:\/\/schema.org","@graph":[{"@type":"Article","@id":"https:\/\/ocoerente.com.br\/se\/2021\/05\/20\/conexao-turismo-o-grupo-itapemirim-comeca-a-vender-passagens-da-ita-transportes-aereos\/#article","isPartOf":{"@id":"https:\/\/ocoerente.com.br\/se\/2021\/05\/20\/conexao-turismo-o-grupo-itapemirim-comeca-a-vender-passagens-da-ita-transportes-aereos\/"},"author":{"name":"Reda\u00e7\u00e3o","@id":"https:\/\/ocoerente.com.br\/se\/#\/schema\/person\/cc6bfd9fbca465e23543b0c963d8d037"},"headline":"Conex\u00e3o Turismo | O Grupo Itapemirim come\u00e7a a vender passagens da ITA Transportes A\u00e9reos","datePublished":"2021-05-20T03:32:28+00:00","dateModified":"2021-05-20T03:32:29+00:00","mainEntityOfPage":{"@id":"https:\/\/ocoerente.com.br\/se\/2021\/05\/20\/conexao-turismo-o-grupo-itapemirim-comeca-a-vender-passagens-da-ita-transportes-aereos\/"},"wordCount":276,"publisher":{"@id":"https:\/\/ocoerente.com.br\/se\/#\/schema\/person\/cc6bfd9fbca465e23543b0c963d8d037"},"image":{"@id":"https:\/\/ocoerente.com.br\/se\/2021\/05\/20\/conexao-turismo-o-grupo-itapemirim-comeca-a-vender-passagens-da-ita-transportes-aereos\/#primaryimage"},"thumbnailUrl":"https:\/\/ocoerente.com.br\/se\/wp-content\/uploads\/2021\/05\/itapemirimaviao.jpg","articleSection":["Brasil","Destaques"],"inLanguage":"pt-BR"},{"@type":"WebPage","@id":"https:\/\/ocoerente.com.br\/se\/2021\/05\/20\/conexao-turismo-o-grupo-itapemirim-comeca-a-vender-passagens-da-ita-transportes-aereos\/","url":"https:\/\/ocoerente.com.br\/se\/2021\/05\/20\/conexao-turismo-o-grupo-itapemirim-comeca-a-vender-passagens-da-ita-transportes-aereos\/","name":"Conex\u00e3o Turismo | O Grupo Itapemirim come\u00e7a a vender passagens da ITA Transportes A\u00e9reos - O Coerente","isPartOf":{"@id":"https:\/\/ocoerente.com.br\/se\/#website"},"primaryImageOfPage":{"@id":"https:\/\/ocoerente.com.br\/se\/2021\/05\/20\/conexao-turismo-o-grupo-itapemirim-comeca-a-vender-passagens-da-ita-transportes-aereos\/#primaryimage"},"image":{"@id":"https:\/\/ocoerente.com.br\/se\/2021\/05\/20\/conexao-turismo-o-grupo-itapemirim-comeca-a-vender-passagens-da-ita-transportes-aereos\/#primaryimage"},"thumbnailUrl":"https:\/\/ocoerente.com.br\/se\/wp-content\/uploads\/2021\/05\/itapemirimaviao.jpg","datePublished":"2021-05-20T03:32:28+00:00","dateModified":"2021-05-20T03:32:29+00:00","breadcrumb":{"@id":"https:\/\/ocoerente.com.br\/se\/2021\/05\/20\/conexao-turismo-o-grupo-itapemirim-comeca-a-vender-passagens-da-ita-transportes-aereos\/#breadcrumb"},"inLanguage":"pt-BR","potentialAction":[{"@type":"ReadAction","target":["https:\/\/ocoerente.com.br\/se\/2021\/05\/20\/conexao-turismo-o-grupo-itapemirim-comeca-a-vender-passagens-da-ita-transportes-aereos\/"]}]},{"@type":"ImageObject","inLanguage":"pt-BR","@id":"https:\/\/ocoerente.com.br\/se\/2021\/05\/20\/conexao-turismo-o-grupo-itapemirim-comeca-a-vender-passagens-da-ita-transportes-aereos\/#primaryimage","url":"https:\/\/ocoerente.com.br\/se\/wp-content\/uploads\/2021\/05\/itapemirimaviao.jpg","contentUrl":"https:\/\/ocoerente.com.br\/se\/wp-content\/uploads\/2021\/05\/itapemirimaviao.jpg","width":550,"height":328},{"@type":"BreadcrumbList","@id":"https:\/\/ocoerente.com.br\/se\/2021\/05\/20\/conexao-turismo-o-grupo-itapemirim-comeca-a-vender-passagens-da-ita-transportes-aereos\/#breadcrumb","itemListElement":[{"@type":"ListItem","position":1,"name":"In\u00edcio","item":"https:\/\/ocoerente.com.br\/se\/"},{"@type":"ListItem","position":2,"name":"Conex\u00e3o Turismo | O Grupo Itapemirim come\u00e7a a vender passagens da ITA Transportes A\u00e9reos"}]},{"@type":"WebSite","@id":"https:\/\/ocoerente.com.br\/se\/#website","url":"https:\/\/ocoerente.com.br\/se\/","name":"O Coerente","description":"","publisher":{"@id":"https:\/\/ocoerente.com.br\/se\/#\/schema\/person\/cc6bfd9fbca465e23543b0c963d8d037"},"potentialAction":[{"@type":"SearchAction","target":{"@type":"EntryPoint","urlTemplate":"https:\/\/ocoerente.com.br\/se\/?s={search_term_string}"},"query-input":{"@type":"PropertyValueSpecification","valueRequired":true,"valueName":"search_term_string"}}],"inLanguage":"pt-BR"},{"@type":["Person","Organization"],"@id":"https:\/\/ocoerente.com.br\/se\/#\/schema\/person\/cc6bfd9fbca465e23543b0c963d8d037","name":"Reda\u00e7\u00e3o","image":{"@type":"ImageObject","inLanguage":"pt-BR","@id":"https:\/\/ocoerente.com.br\/se\/wp-content\/uploads\/2020\/01\/ocoerente-1.png","url":"https:\/\/ocoerente.com.br\/se\/wp-content\/uploads\/2020\/01\/ocoerente-1.png","contentUrl":"https:\/\/ocoerente.com.br\/se\/wp-content\/uploads\/2020\/01\/ocoerente-1.png","width":50,"height":50,"caption":"Reda\u00e7\u00e3o"},"logo":{"@id":"https:\/\/ocoerente.com.br\/se\/wp-content\/uploads\/2020\/01\/ocoerente-1.png"},"url":"https:\/\/ocoerente.com.br\/se\/author\/vasticlsales\/"}]}},"_links":{"self":[{"href":"https:\/\/ocoerente.com.br\/se\/wp-json\/wp\/v2\/posts\/3533","targetHints":{"allow":["GET"]}}],"collection":[{"href":"https:\/\/ocoerente.com.br\/se\/wp-json\/wp\/v2\/posts"}],"about":[{"href":"https:\/\/ocoerente.com.br\/se\/wp-json\/wp\/v2\/types\/post"}],"author":[{"embeddable":true,"href":"https:\/\/ocoerente.com.br\/se\/wp-json\/wp\/v2\/users\/1"}],"replies":[{"embeddable":true,"href":"https:\/\/ocoerente.com.br\/se\/wp-json\/wp\/v2\/comments?post=3533"}],"version-history":[{"count":1,"href":"https:\/\/ocoerente.com.br\/se\/wp-json\/wp\/v2\/posts\/3533\/revisions"}],"predecessor-version":[{"id":3535,"href":"https:\/\/ocoerente.com.br\/se\/wp-json\/wp\/v2\/posts\/3533\/revisions\/3535"}],"wp:featuredmedia":[{"embeddable":true,"href":"https:\/\/ocoerente.com.br\/se\/wp-json\/wp\/v2\/media\/3534"}],"wp:attachment":[{"href":"https:\/\/ocoerente.com.br\/se\/wp-json\/wp\/v2\/media?parent=3533"}],"wp:term":[{"taxonomy":"category","embeddable":true,"href":"https:\/\/ocoerente.com.br\/se\/wp-json\/wp\/v2\/categories?post=3533"},{"taxonomy":"post_tag","embeddable":true,"href":"https:\/\/ocoerente.com.br\/se\/wp-json\/wp\/v2\/tags?post=3533"}],"curies":[{"name":"wp","href":"https:\/\/api.w.org\/{rel}","templated":true}]}}