{"id":3530,"date":"2021-05-20T00:27:32","date_gmt":"2021-05-20T03:27:32","guid":{"rendered":"https:\/\/ocoerente.com.br\/se\/?p=3530"},"modified":"2021-05-20T00:27:33","modified_gmt":"2021-05-20T03:27:33","slug":"fabio-henrique-solicita-que-ministro-libere-cestas-basicas-para-pescadores","status":"publish","type":"post","link":"https:\/\/ocoerente.com.br\/se\/2021\/05\/20\/fabio-henrique-solicita-que-ministro-libere-cestas-basicas-para-pescadores\/","title":{"rendered":"F\u00e1bio Henrique solicita que ministro libere cestas b\u00e1sicas para pescadores"},"content":{"rendered":"\n<p>A pesca artesanal tem sofrido com a escassez do pescado, devido \u00e0 degrada\u00e7\u00e3o do meio ambiente, da pesca predat\u00f3ria, entre outras caracter\u00edsticas. A demora na libera\u00e7\u00e3o do defeso e a pandemia provocada pela Covid ampliou as dificuldades desses profissionais. Por conta disso, o deputado federal F\u00e1bio Henrique (PDT\/SE) encaminhou algumas demandas ao Ministro da Cidadania, Jo\u00e3o Roma, durante reuni\u00e3o na tarde dessa ter\u00e7a (19).<\/p>\n\n\n\n<p>\u201cOs meus amigos pescadores t\u00eam sofrido muito! Recebi uma demanda da presidente da Federa\u00e7\u00e3o de Pescadores em Sergipe, Dilma da Col\u00f4nia, para que consegu\u00edssemos a libera\u00e7\u00e3o de cestas b\u00e1sicas para a categoria, por isso levei a demanda para o ministro Jo\u00e3o Roma\u201d, explicou F\u00e1bio Henrique. Durante a reuni\u00e3o com o Ministro da Cidadania, o deputado tamb\u00e9m solicitou a destina\u00e7\u00e3o de cestas b\u00e1sicas para v\u00e1rios munic\u00edpios de Sergipe.<\/p>\n\n\n\n<p>No \u00faltimo final de semana, F\u00e1bio Henrique esteve em col\u00f4nias e em associa\u00e7\u00f5es de pescadores do baixo S\u00e3o Francisco. \u201cEm nome dos pescadores do meu Estado, agrade\u00e7o a vossa excel\u00eancia que pela primeira vez na hist\u00f3ria de Sergipe temos um deputado federal que abra\u00e7ou nossa categoria\u201d, escreveu a presidente Dilma da Col\u00f4nia, que tamb\u00e9m \u00e9 vereadora em Propri\u00e1.<\/p>\n\n\n\n<p>fabiohenrique<\/p>\n","protected":false},"excerpt":{"rendered":"<p>A pesca artesanal tem sofrido com a escassez do pescado, devido \u00e0 degrada\u00e7\u00e3o do meio ambiente, da pesca predat\u00f3ria, entre outras caracter\u00edsticas. A demora na libera\u00e7\u00e3o do defeso e a pandemia provocada pela Covid ampliou as dificuldades desses profissionais. Por conta disso, o deputado federal F\u00e1bio Henrique (PDT\/SE) encaminhou algumas demandas ao Ministro da Cidadania, [&hellip;]<\/p>\n","protected":false},"author":1,"featured_media":3531,"comment_status":"closed","ping_status":"closed","sticky":false,"template":"","format":"standard","meta":{"footnotes":""},"categories":[53,44],"tags":[],"class_list":["post-3530","post","type-post","status-publish","format-standard","has-post-thumbnail","hentry","category-destaques","category-politica"],"yoast_head":"<!-- This site is optimized with the Yoast SEO plugin v27.4 - https:\/\/yoast.com\/product\/yoast-seo-wordpress\/ -->\n<title>F\u00e1bio Henrique solicita que ministro libere cestas b\u00e1sicas para pescadores - O Coerente<\/title>\n<meta name=\"robots\" content=\"index, follow, max-snippet:-1, max-image-preview:large, max-video-preview:-1\" \/>\n<link rel=\"canonical\" href=\"https:\/\/ocoerente.com.br\/se\/2021\/05\/20\/fabio-henrique-solicita-que-ministro-libere-cestas-basicas-para-pescadores\/\" \/>\n<meta property=\"og:locale\" content=\"pt_BR\" \/>\n<meta property=\"og:type\" content=\"article\" \/>\n<meta property=\"og:title\" content=\"F\u00e1bio Henrique solicita que ministro libere cestas b\u00e1sicas para pescadores - O Coerente\" \/>\n<meta property=\"og:description\" content=\"A pesca artesanal tem sofrido com a escassez do pescado, devido \u00e0 degrada\u00e7\u00e3o do meio ambiente, da pesca predat\u00f3ria, entre outras caracter\u00edsticas. A demora na libera\u00e7\u00e3o do defeso e a pandemia provocada pela Covid ampliou as dificuldades desses profissionais. Por conta disso, o deputado federal F\u00e1bio Henrique (PDT\/SE) encaminhou algumas demandas ao Ministro da Cidadania, [&hellip;]\" \/>\n<meta property=\"og:url\" content=\"https:\/\/ocoerente.com.br\/se\/2021\/05\/20\/fabio-henrique-solicita-que-ministro-libere-cestas-basicas-para-pescadores\/\" \/>\n<meta property=\"og:site_name\" content=\"O Coerente\" \/>\n<meta property=\"article:published_time\" content=\"2021-05-20T03:27:32+00:00\" \/>\n<meta property=\"article:modified_time\" content=\"2021-05-20T03:27:33+00:00\" \/>\n<meta property=\"og:image\" content=\"https:\/\/ocoerente.com.br\/se\/wp-content\/uploads\/2021\/05\/fbhenrique.jpg\" \/>\n\t<meta property=\"og:image:width\" content=\"1280\" \/>\n\t<meta property=\"og:image:height\" content=\"855\" \/>\n\t<meta property=\"og:image:type\" content=\"image\/jpeg\" \/>\n<meta name=\"author\" content=\"Reda\u00e7\u00e3o\" \/>\n<meta name=\"twitter:card\" content=\"summary_large_image\" \/>\n<meta name=\"twitter:label1\" content=\"Escrito por\" \/>\n\t<meta name=\"twitter:data1\" content=\"Reda\u00e7\u00e3o\" \/>\n\t<meta name=\"twitter:label2\" content=\"Est. tempo de leitura\" \/>\n\t<meta name=\"twitter:data2\" content=\"1 minuto\" \/>\n<script type=\"application\/ld+json\" class=\"yoast-schema-graph\">{\"@context\":\"https:\\\/\\\/schema.org\",\"@graph\":[{\"@type\":\"Article\",\"@id\":\"https:\\\/\\\/ocoerente.com.br\\\/se\\\/2021\\\/05\\\/20\\\/fabio-henrique-solicita-que-ministro-libere-cestas-basicas-para-pescadores\\\/#article\",\"isPartOf\":{\"@id\":\"https:\\\/\\\/ocoerente.com.br\\\/se\\\/2021\\\/05\\\/20\\\/fabio-henrique-solicita-que-ministro-libere-cestas-basicas-para-pescadores\\\/\"},\"author\":{\"name\":\"Reda\u00e7\u00e3o\",\"@id\":\"https:\\\/\\\/ocoerente.com.br\\\/se\\\/#\\\/schema\\\/person\\\/cc6bfd9fbca465e23543b0c963d8d037\"},\"headline\":\"F\u00e1bio Henrique solicita que ministro libere cestas b\u00e1sicas para pescadores\",\"datePublished\":\"2021-05-20T03:27:32+00:00\",\"dateModified\":\"2021-05-20T03:27:33+00:00\",\"mainEntityOfPage\":{\"@id\":\"https:\\\/\\\/ocoerente.com.br\\\/se\\\/2021\\\/05\\\/20\\\/fabio-henrique-solicita-que-ministro-libere-cestas-basicas-para-pescadores\\\/\"},\"wordCount\":232,\"publisher\":{\"@id\":\"https:\\\/\\\/ocoerente.com.br\\\/se\\\/#\\\/schema\\\/person\\\/cc6bfd9fbca465e23543b0c963d8d037\"},\"image\":{\"@id\":\"https:\\\/\\\/ocoerente.com.br\\\/se\\\/2021\\\/05\\\/20\\\/fabio-henrique-solicita-que-ministro-libere-cestas-basicas-para-pescadores\\\/#primaryimage\"},\"thumbnailUrl\":\"https:\\\/\\\/ocoerente.com.br\\\/se\\\/wp-content\\\/uploads\\\/2021\\\/05\\\/fbhenrique.jpg\",\"articleSection\":[\"Destaques\",\"Pol\u00edtica\"],\"inLanguage\":\"pt-BR\"},{\"@type\":\"WebPage\",\"@id\":\"https:\\\/\\\/ocoerente.com.br\\\/se\\\/2021\\\/05\\\/20\\\/fabio-henrique-solicita-que-ministro-libere-cestas-basicas-para-pescadores\\\/\",\"url\":\"https:\\\/\\\/ocoerente.com.br\\\/se\\\/2021\\\/05\\\/20\\\/fabio-henrique-solicita-que-ministro-libere-cestas-basicas-para-pescadores\\\/\",\"name\":\"F\u00e1bio Henrique solicita que ministro libere cestas b\u00e1sicas para pescadores - O Coerente\",\"isPartOf\":{\"@id\":\"https:\\\/\\\/ocoerente.com.br\\\/se\\\/#website\"},\"primaryImageOfPage\":{\"@id\":\"https:\\\/\\\/ocoerente.com.br\\\/se\\\/2021\\\/05\\\/20\\\/fabio-henrique-solicita-que-ministro-libere-cestas-basicas-para-pescadores\\\/#primaryimage\"},\"image\":{\"@id\":\"https:\\\/\\\/ocoerente.com.br\\\/se\\\/2021\\\/05\\\/20\\\/fabio-henrique-solicita-que-ministro-libere-cestas-basicas-para-pescadores\\\/#primaryimage\"},\"thumbnailUrl\":\"https:\\\/\\\/ocoerente.com.br\\\/se\\\/wp-content\\\/uploads\\\/2021\\\/05\\\/fbhenrique.jpg\",\"datePublished\":\"2021-05-20T03:27:32+00:00\",\"dateModified\":\"2021-05-20T03:27:33+00:00\",\"breadcrumb\":{\"@id\":\"https:\\\/\\\/ocoerente.com.br\\\/se\\\/2021\\\/05\\\/20\\\/fabio-henrique-solicita-que-ministro-libere-cestas-basicas-para-pescadores\\\/#breadcrumb\"},\"inLanguage\":\"pt-BR\",\"potentialAction\":[{\"@type\":\"ReadAction\",\"target\":[\"https:\\\/\\\/ocoerente.com.br\\\/se\\\/2021\\\/05\\\/20\\\/fabio-henrique-solicita-que-ministro-libere-cestas-basicas-para-pescadores\\\/\"]}]},{\"@type\":\"ImageObject\",\"inLanguage\":\"pt-BR\",\"@id\":\"https:\\\/\\\/ocoerente.com.br\\\/se\\\/2021\\\/05\\\/20\\\/fabio-henrique-solicita-que-ministro-libere-cestas-basicas-para-pescadores\\\/#primaryimage\",\"url\":\"https:\\\/\\\/ocoerente.com.br\\\/se\\\/wp-content\\\/uploads\\\/2021\\\/05\\\/fbhenrique.jpg\",\"contentUrl\":\"https:\\\/\\\/ocoerente.com.br\\\/se\\\/wp-content\\\/uploads\\\/2021\\\/05\\\/fbhenrique.jpg\",\"width\":1280,\"height\":855},{\"@type\":\"BreadcrumbList\",\"@id\":\"https:\\\/\\\/ocoerente.com.br\\\/se\\\/2021\\\/05\\\/20\\\/fabio-henrique-solicita-que-ministro-libere-cestas-basicas-para-pescadores\\\/#breadcrumb\",\"itemListElement\":[{\"@type\":\"ListItem\",\"position\":1,\"name\":\"In\u00edcio\",\"item\":\"https:\\\/\\\/ocoerente.com.br\\\/se\\\/\"},{\"@type\":\"ListItem\",\"position\":2,\"name\":\"F\u00e1bio Henrique solicita que ministro libere cestas b\u00e1sicas para pescadores\"}]},{\"@type\":\"WebSite\",\"@id\":\"https:\\\/\\\/ocoerente.com.br\\\/se\\\/#website\",\"url\":\"https:\\\/\\\/ocoerente.com.br\\\/se\\\/\",\"name\":\"O Coerente\",\"description\":\"\",\"publisher\":{\"@id\":\"https:\\\/\\\/ocoerente.com.br\\\/se\\\/#\\\/schema\\\/person\\\/cc6bfd9fbca465e23543b0c963d8d037\"},\"potentialAction\":[{\"@type\":\"SearchAction\",\"target\":{\"@type\":\"EntryPoint\",\"urlTemplate\":\"https:\\\/\\\/ocoerente.com.br\\\/se\\\/?s={search_term_string}\"},\"query-input\":{\"@type\":\"PropertyValueSpecification\",\"valueRequired\":true,\"valueName\":\"search_term_string\"}}],\"inLanguage\":\"pt-BR\"},{\"@type\":[\"Person\",\"Organization\"],\"@id\":\"https:\\\/\\\/ocoerente.com.br\\\/se\\\/#\\\/schema\\\/person\\\/cc6bfd9fbca465e23543b0c963d8d037\",\"name\":\"Reda\u00e7\u00e3o\",\"image\":{\"@type\":\"ImageObject\",\"inLanguage\":\"pt-BR\",\"@id\":\"https:\\\/\\\/ocoerente.com.br\\\/se\\\/wp-content\\\/uploads\\\/2020\\\/01\\\/ocoerente-1.png\",\"url\":\"https:\\\/\\\/ocoerente.com.br\\\/se\\\/wp-content\\\/uploads\\\/2020\\\/01\\\/ocoerente-1.png\",\"contentUrl\":\"https:\\\/\\\/ocoerente.com.br\\\/se\\\/wp-content\\\/uploads\\\/2020\\\/01\\\/ocoerente-1.png\",\"width\":50,\"height\":50,\"caption\":\"Reda\u00e7\u00e3o\"},\"logo\":{\"@id\":\"https:\\\/\\\/ocoerente.com.br\\\/se\\\/wp-content\\\/uploads\\\/2020\\\/01\\\/ocoerente-1.png\"},\"url\":\"https:\\\/\\\/ocoerente.com.br\\\/se\\\/author\\\/vasticlsales\\\/\"}]}<\/script>\n<!-- \/ Yoast SEO plugin. -->","yoast_head_json":{"title":"F\u00e1bio Henrique solicita que ministro libere cestas b\u00e1sicas para pescadores - O Coerente","robots":{"index":"index","follow":"follow","max-snippet":"max-snippet:-1","max-image-preview":"max-image-preview:large","max-video-preview":"max-video-preview:-1"},"canonical":"https:\/\/ocoerente.com.br\/se\/2021\/05\/20\/fabio-henrique-solicita-que-ministro-libere-cestas-basicas-para-pescadores\/","og_locale":"pt_BR","og_type":"article","og_title":"F\u00e1bio Henrique solicita que ministro libere cestas b\u00e1sicas para pescadores - O Coerente","og_description":"A pesca artesanal tem sofrido com a escassez do pescado, devido \u00e0 degrada\u00e7\u00e3o do meio ambiente, da pesca predat\u00f3ria, entre outras caracter\u00edsticas. A demora na libera\u00e7\u00e3o do defeso e a pandemia provocada pela Covid ampliou as dificuldades desses profissionais. Por conta disso, o deputado federal F\u00e1bio Henrique (PDT\/SE) encaminhou algumas demandas ao Ministro da Cidadania, [&hellip;]","og_url":"https:\/\/ocoerente.com.br\/se\/2021\/05\/20\/fabio-henrique-solicita-que-ministro-libere-cestas-basicas-para-pescadores\/","og_site_name":"O Coerente","article_published_time":"2021-05-20T03:27:32+00:00","article_modified_time":"2021-05-20T03:27:33+00:00","og_image":[{"width":1280,"height":855,"url":"https:\/\/ocoerente.com.br\/se\/wp-content\/uploads\/2021\/05\/fbhenrique.jpg","type":"image\/jpeg"}],"author":"Reda\u00e7\u00e3o","twitter_card":"summary_large_image","twitter_misc":{"Escrito por":"Reda\u00e7\u00e3o","Est. tempo de leitura":"1 minuto"},"schema":{"@context":"https:\/\/schema.org","@graph":[{"@type":"Article","@id":"https:\/\/ocoerente.com.br\/se\/2021\/05\/20\/fabio-henrique-solicita-que-ministro-libere-cestas-basicas-para-pescadores\/#article","isPartOf":{"@id":"https:\/\/ocoerente.com.br\/se\/2021\/05\/20\/fabio-henrique-solicita-que-ministro-libere-cestas-basicas-para-pescadores\/"},"author":{"name":"Reda\u00e7\u00e3o","@id":"https:\/\/ocoerente.com.br\/se\/#\/schema\/person\/cc6bfd9fbca465e23543b0c963d8d037"},"headline":"F\u00e1bio Henrique solicita que ministro libere cestas b\u00e1sicas para pescadores","datePublished":"2021-05-20T03:27:32+00:00","dateModified":"2021-05-20T03:27:33+00:00","mainEntityOfPage":{"@id":"https:\/\/ocoerente.com.br\/se\/2021\/05\/20\/fabio-henrique-solicita-que-ministro-libere-cestas-basicas-para-pescadores\/"},"wordCount":232,"publisher":{"@id":"https:\/\/ocoerente.com.br\/se\/#\/schema\/person\/cc6bfd9fbca465e23543b0c963d8d037"},"image":{"@id":"https:\/\/ocoerente.com.br\/se\/2021\/05\/20\/fabio-henrique-solicita-que-ministro-libere-cestas-basicas-para-pescadores\/#primaryimage"},"thumbnailUrl":"https:\/\/ocoerente.com.br\/se\/wp-content\/uploads\/2021\/05\/fbhenrique.jpg","articleSection":["Destaques","Pol\u00edtica"],"inLanguage":"pt-BR"},{"@type":"WebPage","@id":"https:\/\/ocoerente.com.br\/se\/2021\/05\/20\/fabio-henrique-solicita-que-ministro-libere-cestas-basicas-para-pescadores\/","url":"https:\/\/ocoerente.com.br\/se\/2021\/05\/20\/fabio-henrique-solicita-que-ministro-libere-cestas-basicas-para-pescadores\/","name":"F\u00e1bio Henrique solicita que ministro libere cestas b\u00e1sicas para pescadores - O Coerente","isPartOf":{"@id":"https:\/\/ocoerente.com.br\/se\/#website"},"primaryImageOfPage":{"@id":"https:\/\/ocoerente.com.br\/se\/2021\/05\/20\/fabio-henrique-solicita-que-ministro-libere-cestas-basicas-para-pescadores\/#primaryimage"},"image":{"@id":"https:\/\/ocoerente.com.br\/se\/2021\/05\/20\/fabio-henrique-solicita-que-ministro-libere-cestas-basicas-para-pescadores\/#primaryimage"},"thumbnailUrl":"https:\/\/ocoerente.com.br\/se\/wp-content\/uploads\/2021\/05\/fbhenrique.jpg","datePublished":"2021-05-20T03:27:32+00:00","dateModified":"2021-05-20T03:27:33+00:00","breadcrumb":{"@id":"https:\/\/ocoerente.com.br\/se\/2021\/05\/20\/fabio-henrique-solicita-que-ministro-libere-cestas-basicas-para-pescadores\/#breadcrumb"},"inLanguage":"pt-BR","potentialAction":[{"@type":"ReadAction","target":["https:\/\/ocoerente.com.br\/se\/2021\/05\/20\/fabio-henrique-solicita-que-ministro-libere-cestas-basicas-para-pescadores\/"]}]},{"@type":"ImageObject","inLanguage":"pt-BR","@id":"https:\/\/ocoerente.com.br\/se\/2021\/05\/20\/fabio-henrique-solicita-que-ministro-libere-cestas-basicas-para-pescadores\/#primaryimage","url":"https:\/\/ocoerente.com.br\/se\/wp-content\/uploads\/2021\/05\/fbhenrique.jpg","contentUrl":"https:\/\/ocoerente.com.br\/se\/wp-content\/uploads\/2021\/05\/fbhenrique.jpg","width":1280,"height":855},{"@type":"BreadcrumbList","@id":"https:\/\/ocoerente.com.br\/se\/2021\/05\/20\/fabio-henrique-solicita-que-ministro-libere-cestas-basicas-para-pescadores\/#breadcrumb","itemListElement":[{"@type":"ListItem","position":1,"name":"In\u00edcio","item":"https:\/\/ocoerente.com.br\/se\/"},{"@type":"ListItem","position":2,"name":"F\u00e1bio Henrique solicita que ministro libere cestas b\u00e1sicas para pescadores"}]},{"@type":"WebSite","@id":"https:\/\/ocoerente.com.br\/se\/#website","url":"https:\/\/ocoerente.com.br\/se\/","name":"O Coerente","description":"","publisher":{"@id":"https:\/\/ocoerente.com.br\/se\/#\/schema\/person\/cc6bfd9fbca465e23543b0c963d8d037"},"potentialAction":[{"@type":"SearchAction","target":{"@type":"EntryPoint","urlTemplate":"https:\/\/ocoerente.com.br\/se\/?s={search_term_string}"},"query-input":{"@type":"PropertyValueSpecification","valueRequired":true,"valueName":"search_term_string"}}],"inLanguage":"pt-BR"},{"@type":["Person","Organization"],"@id":"https:\/\/ocoerente.com.br\/se\/#\/schema\/person\/cc6bfd9fbca465e23543b0c963d8d037","name":"Reda\u00e7\u00e3o","image":{"@type":"ImageObject","inLanguage":"pt-BR","@id":"https:\/\/ocoerente.com.br\/se\/wp-content\/uploads\/2020\/01\/ocoerente-1.png","url":"https:\/\/ocoerente.com.br\/se\/wp-content\/uploads\/2020\/01\/ocoerente-1.png","contentUrl":"https:\/\/ocoerente.com.br\/se\/wp-content\/uploads\/2020\/01\/ocoerente-1.png","width":50,"height":50,"caption":"Reda\u00e7\u00e3o"},"logo":{"@id":"https:\/\/ocoerente.com.br\/se\/wp-content\/uploads\/2020\/01\/ocoerente-1.png"},"url":"https:\/\/ocoerente.com.br\/se\/author\/vasticlsales\/"}]}},"_links":{"self":[{"href":"https:\/\/ocoerente.com.br\/se\/wp-json\/wp\/v2\/posts\/3530","targetHints":{"allow":["GET"]}}],"collection":[{"href":"https:\/\/ocoerente.com.br\/se\/wp-json\/wp\/v2\/posts"}],"about":[{"href":"https:\/\/ocoerente.com.br\/se\/wp-json\/wp\/v2\/types\/post"}],"author":[{"embeddable":true,"href":"https:\/\/ocoerente.com.br\/se\/wp-json\/wp\/v2\/users\/1"}],"replies":[{"embeddable":true,"href":"https:\/\/ocoerente.com.br\/se\/wp-json\/wp\/v2\/comments?post=3530"}],"version-history":[{"count":1,"href":"https:\/\/ocoerente.com.br\/se\/wp-json\/wp\/v2\/posts\/3530\/revisions"}],"predecessor-version":[{"id":3532,"href":"https:\/\/ocoerente.com.br\/se\/wp-json\/wp\/v2\/posts\/3530\/revisions\/3532"}],"wp:featuredmedia":[{"embeddable":true,"href":"https:\/\/ocoerente.com.br\/se\/wp-json\/wp\/v2\/media\/3531"}],"wp:attachment":[{"href":"https:\/\/ocoerente.com.br\/se\/wp-json\/wp\/v2\/media?parent=3530"}],"wp:term":[{"taxonomy":"category","embeddable":true,"href":"https:\/\/ocoerente.com.br\/se\/wp-json\/wp\/v2\/categories?post=3530"},{"taxonomy":"post_tag","embeddable":true,"href":"https:\/\/ocoerente.com.br\/se\/wp-json\/wp\/v2\/tags?post=3530"}],"curies":[{"name":"wp","href":"https:\/\/api.w.org\/{rel}","templated":true}]}}