{"id":3527,"date":"2021-05-20T00:24:13","date_gmt":"2021-05-20T03:24:13","guid":{"rendered":"https:\/\/ocoerente.com.br\/se\/?p=3527"},"modified":"2021-05-20T00:24:15","modified_gmt":"2021-05-20T03:24:15","slug":"programa-vida-no-transito-boletim-epidemiologico-de-aracaju-sera-lancado-no-dia-26","status":"publish","type":"post","link":"https:\/\/ocoerente.com.br\/se\/2021\/05\/20\/programa-vida-no-transito-boletim-epidemiologico-de-aracaju-sera-lancado-no-dia-26\/","title":{"rendered":"Programa Vida no Tr\u00e2nsito: boletim epidemiol\u00f3gico de Aracaju ser\u00e1 lan\u00e7ado no dia 26"},"content":{"rendered":"\n<p>Com a finalidade de identificar o perfil das v\u00edtimas de acidentes de tr\u00e2nsito e direcionar o planejamento de a\u00e7\u00f5es e interven\u00e7\u00f5es para preven\u00e7\u00e3o de acidentes, ser\u00e1 lan\u00e7ado na pr\u00f3xima quarta-feira, 26, o Boletim Epidemiol\u00f3gico do Programa Vida no Tr\u00e2nsito (PVT), iniciativa que visa reduzir o n\u00famero de \u00f3bitos e les\u00f5es causadas por acidentes.\u00a0<\/p>\n\n\n\n<p>De acordo com a t\u00e9cnica do N\u00facleo de Preven\u00e7\u00e3o da Viol\u00eancia e Acidentes (NUPEVA) da SMS, Lidiane Gon\u00e7alves, o PVT representa um modelo de gest\u00e3o de seguran\u00e7a no tr\u00e2nsito, criado como uma das principais respostas \u00e0 D\u00e9cada de Seguran\u00e7a no Tr\u00e2nsito, institu\u00edda em 2011, cuja meta era a de reduzir em at\u00e9 50% os acidentes fatais e com les\u00f5es.<\/p>\n\n\n\n<p>\u201c\u00c9 uma estrat\u00e9gia de gest\u00e3o intersetorial, com proatividade e parceria que visa prevenir les\u00f5es e mortes no tr\u00e2nsito, a partir de um plano integrado de a\u00e7\u00f5es, orientado por evid\u00eancias cient\u00edficas e pelo perfil epidemiol\u00f3gico local. O Vida no Tr\u00e2nsito surgiu como um projeto, por meio de uma iniciativa da Organiza\u00e7\u00e3o Mundial da Sa\u00fade [OMS] para propor estrat\u00e9gias para a redu\u00e7\u00e3o consider\u00e1vel de les\u00f5es e mortes no tr\u00e2nsito\u201d, explica.<\/p>\n\n\n\n<p>O PVT \u00e9 formato por um Comit\u00ea Intersetorial, composto de diversos \u00f3rg\u00e3os. Entre eles, est\u00e3o Secretaria Municipal da Sa\u00fade (SMS); Superintend\u00eancia Municipal de Transportes e Tr\u00e2nsito (SMTT); Departamento Estadual de Tr\u00e2nsito (Detran); Secretaria Estadual de Sa\u00fade (SES); Conselho Municipal de Sa\u00fade (CMS); Universidade Federal de Sergipe (UFS); Servi\u00e7o de Atendimento M\u00f3vel de Urg\u00eancia (SAMU); Empresa Municipal de Obras e Urbaniza\u00e7\u00e3o (Emurb); Empresa Municipal de Servi\u00e7os Urbanos (Emsurb); Guarda Municipal de Aracaju; e Secretaria de Estado da Seguran\u00e7a P\u00fablica (SSP), representada pelo Centro de Estat\u00edstica.<\/p>\n\n\n\n<p>Dados\u201cA maioria das v\u00edtimas continua sendo do sexo masculino, em idade produtiva, e o grupo de risco \u00e9 o de motociclistas, seguido de pedestres e ciclistas. S\u00e3o mortes prematuras ou que geram incapacidade em idade produtiva, com muitas v\u00edtimas que sobrecarregam o sistema de sa\u00fade, j\u00e1 que boa parte dos leitos \u00e9 ocupada por v\u00edtimas desses acidentes, gerando impacto direto no SUS\u201d, enfatiza a t\u00e9cnica do Nupeva.<\/p>\n\n\n\n<p>A avalia\u00e7\u00e3o dos dados \u00e9 realizada por uma equipe que forma a subcomiss\u00e3o de coleta, gest\u00e3o e an\u00e1lise de dados do PVT Aracaju, com representantes da Secretaria Municipal da Sa\u00fade de Aracaju, Detran, SMTT, Delegacia de Delitos de Tr\u00e2nsito, Pol\u00edcia Militar\/SSP e parceria do Instituto de An\u00e1lise e Pesquisa Forense (IAPF\/SSP).<\/p>\n\n\n\n<p>As reuni\u00f5es do Programa Vida no Tr\u00e2nsito estavam suspensas em decorr\u00eancia da pandemia, mas voltar\u00e3o a ocorrer mensalmente, de forma online. Nessas reuni\u00f5es, as equipes de cada \u00f3rg\u00e3o debater\u00e3o e planejar\u00e3o a\u00e7\u00f5es de tr\u00e2nsito baseadas nas informa\u00e7\u00f5es desse novo Boletim, a fim de se obter um panorama mais ampliado dos resultados das a\u00e7\u00f5es e levantamentos, assim como da necessidade de intensific\u00e1-las.<\/p>\n\n\n\n<p>AAN<\/p>\n","protected":false},"excerpt":{"rendered":"<p>Com a finalidade de identificar o perfil das v\u00edtimas de acidentes de tr\u00e2nsito e direcionar o planejamento de a\u00e7\u00f5es e interven\u00e7\u00f5es para preven\u00e7\u00e3o de acidentes, ser\u00e1 lan\u00e7ado na pr\u00f3xima quarta-feira, 26, o Boletim Epidemiol\u00f3gico do Programa Vida no Tr\u00e2nsito (PVT), iniciativa que visa reduzir o n\u00famero de \u00f3bitos e les\u00f5es causadas por acidentes.\u00a0 De acordo [&hellip;]<\/p>\n","protected":false},"author":1,"featured_media":3528,"comment_status":"closed","ping_status":"closed","sticky":false,"template":"","format":"standard","meta":{"footnotes":""},"categories":[53,43],"tags":[],"class_list":["post-3527","post","type-post","status-publish","format-standard","has-post-thumbnail","hentry","category-destaques","category-sergipe"],"yoast_head":"<!-- This site is optimized with the Yoast SEO plugin v27.5 - https:\/\/yoast.com\/product\/yoast-seo-wordpress\/ -->\n<title>Programa Vida no Tr\u00e2nsito: boletim epidemiol\u00f3gico de Aracaju ser\u00e1 lan\u00e7ado no dia 26 - O Coerente<\/title>\n<meta name=\"robots\" content=\"index, follow, max-snippet:-1, max-image-preview:large, max-video-preview:-1\" \/>\n<link rel=\"canonical\" href=\"https:\/\/ocoerente.com.br\/se\/2021\/05\/20\/programa-vida-no-transito-boletim-epidemiologico-de-aracaju-sera-lancado-no-dia-26\/\" \/>\n<meta property=\"og:locale\" content=\"pt_BR\" \/>\n<meta property=\"og:type\" content=\"article\" \/>\n<meta property=\"og:title\" content=\"Programa Vida no Tr\u00e2nsito: boletim epidemiol\u00f3gico de Aracaju ser\u00e1 lan\u00e7ado no dia 26 - O Coerente\" \/>\n<meta property=\"og:description\" content=\"Com a finalidade de identificar o perfil das v\u00edtimas de acidentes de tr\u00e2nsito e direcionar o planejamento de a\u00e7\u00f5es e interven\u00e7\u00f5es para preven\u00e7\u00e3o de acidentes, ser\u00e1 lan\u00e7ado na pr\u00f3xima quarta-feira, 26, o Boletim Epidemiol\u00f3gico do Programa Vida no Tr\u00e2nsito (PVT), iniciativa que visa reduzir o n\u00famero de \u00f3bitos e les\u00f5es causadas por acidentes.\u00a0 De acordo [&hellip;]\" \/>\n<meta property=\"og:url\" content=\"https:\/\/ocoerente.com.br\/se\/2021\/05\/20\/programa-vida-no-transito-boletim-epidemiologico-de-aracaju-sera-lancado-no-dia-26\/\" \/>\n<meta property=\"og:site_name\" content=\"O Coerente\" \/>\n<meta property=\"article:published_time\" content=\"2021-05-20T03:24:13+00:00\" \/>\n<meta property=\"article:modified_time\" content=\"2021-05-20T03:24:15+00:00\" \/>\n<meta property=\"og:image\" content=\"https:\/\/ocoerente.com.br\/se\/wp-content\/uploads\/2021\/05\/foto_boletim.jpg\" \/>\n\t<meta property=\"og:image:width\" content=\"1024\" \/>\n\t<meta property=\"og:image:height\" content=\"774\" \/>\n\t<meta property=\"og:image:type\" content=\"image\/jpeg\" \/>\n<meta name=\"author\" content=\"Reda\u00e7\u00e3o\" \/>\n<meta name=\"twitter:card\" content=\"summary_large_image\" \/>\n<meta name=\"twitter:label1\" content=\"Escrito por\" \/>\n\t<meta name=\"twitter:data1\" content=\"Reda\u00e7\u00e3o\" \/>\n\t<meta name=\"twitter:label2\" content=\"Est. tempo de leitura\" \/>\n\t<meta name=\"twitter:data2\" content=\"2 minutos\" \/>\n<script type=\"application\/ld+json\" class=\"yoast-schema-graph\">{\"@context\":\"https:\\\/\\\/schema.org\",\"@graph\":[{\"@type\":\"Article\",\"@id\":\"https:\\\/\\\/ocoerente.com.br\\\/se\\\/2021\\\/05\\\/20\\\/programa-vida-no-transito-boletim-epidemiologico-de-aracaju-sera-lancado-no-dia-26\\\/#article\",\"isPartOf\":{\"@id\":\"https:\\\/\\\/ocoerente.com.br\\\/se\\\/2021\\\/05\\\/20\\\/programa-vida-no-transito-boletim-epidemiologico-de-aracaju-sera-lancado-no-dia-26\\\/\"},\"author\":{\"name\":\"Reda\u00e7\u00e3o\",\"@id\":\"https:\\\/\\\/ocoerente.com.br\\\/se\\\/#\\\/schema\\\/person\\\/cc6bfd9fbca465e23543b0c963d8d037\"},\"headline\":\"Programa Vida no Tr\u00e2nsito: boletim epidemiol\u00f3gico de Aracaju ser\u00e1 lan\u00e7ado no dia 26\",\"datePublished\":\"2021-05-20T03:24:13+00:00\",\"dateModified\":\"2021-05-20T03:24:15+00:00\",\"mainEntityOfPage\":{\"@id\":\"https:\\\/\\\/ocoerente.com.br\\\/se\\\/2021\\\/05\\\/20\\\/programa-vida-no-transito-boletim-epidemiologico-de-aracaju-sera-lancado-no-dia-26\\\/\"},\"wordCount\":536,\"publisher\":{\"@id\":\"https:\\\/\\\/ocoerente.com.br\\\/se\\\/#\\\/schema\\\/person\\\/cc6bfd9fbca465e23543b0c963d8d037\"},\"image\":{\"@id\":\"https:\\\/\\\/ocoerente.com.br\\\/se\\\/2021\\\/05\\\/20\\\/programa-vida-no-transito-boletim-epidemiologico-de-aracaju-sera-lancado-no-dia-26\\\/#primaryimage\"},\"thumbnailUrl\":\"https:\\\/\\\/ocoerente.com.br\\\/se\\\/wp-content\\\/uploads\\\/2021\\\/05\\\/foto_boletim.jpg\",\"articleSection\":[\"Destaques\",\"Sergipe\"],\"inLanguage\":\"pt-BR\"},{\"@type\":\"WebPage\",\"@id\":\"https:\\\/\\\/ocoerente.com.br\\\/se\\\/2021\\\/05\\\/20\\\/programa-vida-no-transito-boletim-epidemiologico-de-aracaju-sera-lancado-no-dia-26\\\/\",\"url\":\"https:\\\/\\\/ocoerente.com.br\\\/se\\\/2021\\\/05\\\/20\\\/programa-vida-no-transito-boletim-epidemiologico-de-aracaju-sera-lancado-no-dia-26\\\/\",\"name\":\"Programa Vida no Tr\u00e2nsito: boletim epidemiol\u00f3gico de Aracaju ser\u00e1 lan\u00e7ado no dia 26 - O Coerente\",\"isPartOf\":{\"@id\":\"https:\\\/\\\/ocoerente.com.br\\\/se\\\/#website\"},\"primaryImageOfPage\":{\"@id\":\"https:\\\/\\\/ocoerente.com.br\\\/se\\\/2021\\\/05\\\/20\\\/programa-vida-no-transito-boletim-epidemiologico-de-aracaju-sera-lancado-no-dia-26\\\/#primaryimage\"},\"image\":{\"@id\":\"https:\\\/\\\/ocoerente.com.br\\\/se\\\/2021\\\/05\\\/20\\\/programa-vida-no-transito-boletim-epidemiologico-de-aracaju-sera-lancado-no-dia-26\\\/#primaryimage\"},\"thumbnailUrl\":\"https:\\\/\\\/ocoerente.com.br\\\/se\\\/wp-content\\\/uploads\\\/2021\\\/05\\\/foto_boletim.jpg\",\"datePublished\":\"2021-05-20T03:24:13+00:00\",\"dateModified\":\"2021-05-20T03:24:15+00:00\",\"breadcrumb\":{\"@id\":\"https:\\\/\\\/ocoerente.com.br\\\/se\\\/2021\\\/05\\\/20\\\/programa-vida-no-transito-boletim-epidemiologico-de-aracaju-sera-lancado-no-dia-26\\\/#breadcrumb\"},\"inLanguage\":\"pt-BR\",\"potentialAction\":[{\"@type\":\"ReadAction\",\"target\":[\"https:\\\/\\\/ocoerente.com.br\\\/se\\\/2021\\\/05\\\/20\\\/programa-vida-no-transito-boletim-epidemiologico-de-aracaju-sera-lancado-no-dia-26\\\/\"]}]},{\"@type\":\"ImageObject\",\"inLanguage\":\"pt-BR\",\"@id\":\"https:\\\/\\\/ocoerente.com.br\\\/se\\\/2021\\\/05\\\/20\\\/programa-vida-no-transito-boletim-epidemiologico-de-aracaju-sera-lancado-no-dia-26\\\/#primaryimage\",\"url\":\"https:\\\/\\\/ocoerente.com.br\\\/se\\\/wp-content\\\/uploads\\\/2021\\\/05\\\/foto_boletim.jpg\",\"contentUrl\":\"https:\\\/\\\/ocoerente.com.br\\\/se\\\/wp-content\\\/uploads\\\/2021\\\/05\\\/foto_boletim.jpg\",\"width\":1024,\"height\":774},{\"@type\":\"BreadcrumbList\",\"@id\":\"https:\\\/\\\/ocoerente.com.br\\\/se\\\/2021\\\/05\\\/20\\\/programa-vida-no-transito-boletim-epidemiologico-de-aracaju-sera-lancado-no-dia-26\\\/#breadcrumb\",\"itemListElement\":[{\"@type\":\"ListItem\",\"position\":1,\"name\":\"In\u00edcio\",\"item\":\"https:\\\/\\\/ocoerente.com.br\\\/se\\\/\"},{\"@type\":\"ListItem\",\"position\":2,\"name\":\"Programa Vida no Tr\u00e2nsito: boletim epidemiol\u00f3gico de Aracaju ser\u00e1 lan\u00e7ado no dia 26\"}]},{\"@type\":\"WebSite\",\"@id\":\"https:\\\/\\\/ocoerente.com.br\\\/se\\\/#website\",\"url\":\"https:\\\/\\\/ocoerente.com.br\\\/se\\\/\",\"name\":\"O Coerente\",\"description\":\"\",\"publisher\":{\"@id\":\"https:\\\/\\\/ocoerente.com.br\\\/se\\\/#\\\/schema\\\/person\\\/cc6bfd9fbca465e23543b0c963d8d037\"},\"potentialAction\":[{\"@type\":\"SearchAction\",\"target\":{\"@type\":\"EntryPoint\",\"urlTemplate\":\"https:\\\/\\\/ocoerente.com.br\\\/se\\\/?s={search_term_string}\"},\"query-input\":{\"@type\":\"PropertyValueSpecification\",\"valueRequired\":true,\"valueName\":\"search_term_string\"}}],\"inLanguage\":\"pt-BR\"},{\"@type\":[\"Person\",\"Organization\"],\"@id\":\"https:\\\/\\\/ocoerente.com.br\\\/se\\\/#\\\/schema\\\/person\\\/cc6bfd9fbca465e23543b0c963d8d037\",\"name\":\"Reda\u00e7\u00e3o\",\"image\":{\"@type\":\"ImageObject\",\"inLanguage\":\"pt-BR\",\"@id\":\"https:\\\/\\\/ocoerente.com.br\\\/se\\\/wp-content\\\/uploads\\\/2020\\\/01\\\/ocoerente-1.png\",\"url\":\"https:\\\/\\\/ocoerente.com.br\\\/se\\\/wp-content\\\/uploads\\\/2020\\\/01\\\/ocoerente-1.png\",\"contentUrl\":\"https:\\\/\\\/ocoerente.com.br\\\/se\\\/wp-content\\\/uploads\\\/2020\\\/01\\\/ocoerente-1.png\",\"width\":50,\"height\":50,\"caption\":\"Reda\u00e7\u00e3o\"},\"logo\":{\"@id\":\"https:\\\/\\\/ocoerente.com.br\\\/se\\\/wp-content\\\/uploads\\\/2020\\\/01\\\/ocoerente-1.png\"},\"url\":\"https:\\\/\\\/ocoerente.com.br\\\/se\\\/author\\\/vasticlsales\\\/\"}]}<\/script>\n<!-- \/ Yoast SEO plugin. -->","yoast_head_json":{"title":"Programa Vida no Tr\u00e2nsito: boletim epidemiol\u00f3gico de Aracaju ser\u00e1 lan\u00e7ado no dia 26 - O Coerente","robots":{"index":"index","follow":"follow","max-snippet":"max-snippet:-1","max-image-preview":"max-image-preview:large","max-video-preview":"max-video-preview:-1"},"canonical":"https:\/\/ocoerente.com.br\/se\/2021\/05\/20\/programa-vida-no-transito-boletim-epidemiologico-de-aracaju-sera-lancado-no-dia-26\/","og_locale":"pt_BR","og_type":"article","og_title":"Programa Vida no Tr\u00e2nsito: boletim epidemiol\u00f3gico de Aracaju ser\u00e1 lan\u00e7ado no dia 26 - O Coerente","og_description":"Com a finalidade de identificar o perfil das v\u00edtimas de acidentes de tr\u00e2nsito e direcionar o planejamento de a\u00e7\u00f5es e interven\u00e7\u00f5es para preven\u00e7\u00e3o de acidentes, ser\u00e1 lan\u00e7ado na pr\u00f3xima quarta-feira, 26, o Boletim Epidemiol\u00f3gico do Programa Vida no Tr\u00e2nsito (PVT), iniciativa que visa reduzir o n\u00famero de \u00f3bitos e les\u00f5es causadas por acidentes.\u00a0 De acordo [&hellip;]","og_url":"https:\/\/ocoerente.com.br\/se\/2021\/05\/20\/programa-vida-no-transito-boletim-epidemiologico-de-aracaju-sera-lancado-no-dia-26\/","og_site_name":"O Coerente","article_published_time":"2021-05-20T03:24:13+00:00","article_modified_time":"2021-05-20T03:24:15+00:00","og_image":[{"width":1024,"height":774,"url":"https:\/\/ocoerente.com.br\/se\/wp-content\/uploads\/2021\/05\/foto_boletim.jpg","type":"image\/jpeg"}],"author":"Reda\u00e7\u00e3o","twitter_card":"summary_large_image","twitter_misc":{"Escrito por":"Reda\u00e7\u00e3o","Est. tempo de leitura":"2 minutos"},"schema":{"@context":"https:\/\/schema.org","@graph":[{"@type":"Article","@id":"https:\/\/ocoerente.com.br\/se\/2021\/05\/20\/programa-vida-no-transito-boletim-epidemiologico-de-aracaju-sera-lancado-no-dia-26\/#article","isPartOf":{"@id":"https:\/\/ocoerente.com.br\/se\/2021\/05\/20\/programa-vida-no-transito-boletim-epidemiologico-de-aracaju-sera-lancado-no-dia-26\/"},"author":{"name":"Reda\u00e7\u00e3o","@id":"https:\/\/ocoerente.com.br\/se\/#\/schema\/person\/cc6bfd9fbca465e23543b0c963d8d037"},"headline":"Programa Vida no Tr\u00e2nsito: boletim epidemiol\u00f3gico de Aracaju ser\u00e1 lan\u00e7ado no dia 26","datePublished":"2021-05-20T03:24:13+00:00","dateModified":"2021-05-20T03:24:15+00:00","mainEntityOfPage":{"@id":"https:\/\/ocoerente.com.br\/se\/2021\/05\/20\/programa-vida-no-transito-boletim-epidemiologico-de-aracaju-sera-lancado-no-dia-26\/"},"wordCount":536,"publisher":{"@id":"https:\/\/ocoerente.com.br\/se\/#\/schema\/person\/cc6bfd9fbca465e23543b0c963d8d037"},"image":{"@id":"https:\/\/ocoerente.com.br\/se\/2021\/05\/20\/programa-vida-no-transito-boletim-epidemiologico-de-aracaju-sera-lancado-no-dia-26\/#primaryimage"},"thumbnailUrl":"https:\/\/ocoerente.com.br\/se\/wp-content\/uploads\/2021\/05\/foto_boletim.jpg","articleSection":["Destaques","Sergipe"],"inLanguage":"pt-BR"},{"@type":"WebPage","@id":"https:\/\/ocoerente.com.br\/se\/2021\/05\/20\/programa-vida-no-transito-boletim-epidemiologico-de-aracaju-sera-lancado-no-dia-26\/","url":"https:\/\/ocoerente.com.br\/se\/2021\/05\/20\/programa-vida-no-transito-boletim-epidemiologico-de-aracaju-sera-lancado-no-dia-26\/","name":"Programa Vida no Tr\u00e2nsito: boletim epidemiol\u00f3gico de Aracaju ser\u00e1 lan\u00e7ado no dia 26 - O Coerente","isPartOf":{"@id":"https:\/\/ocoerente.com.br\/se\/#website"},"primaryImageOfPage":{"@id":"https:\/\/ocoerente.com.br\/se\/2021\/05\/20\/programa-vida-no-transito-boletim-epidemiologico-de-aracaju-sera-lancado-no-dia-26\/#primaryimage"},"image":{"@id":"https:\/\/ocoerente.com.br\/se\/2021\/05\/20\/programa-vida-no-transito-boletim-epidemiologico-de-aracaju-sera-lancado-no-dia-26\/#primaryimage"},"thumbnailUrl":"https:\/\/ocoerente.com.br\/se\/wp-content\/uploads\/2021\/05\/foto_boletim.jpg","datePublished":"2021-05-20T03:24:13+00:00","dateModified":"2021-05-20T03:24:15+00:00","breadcrumb":{"@id":"https:\/\/ocoerente.com.br\/se\/2021\/05\/20\/programa-vida-no-transito-boletim-epidemiologico-de-aracaju-sera-lancado-no-dia-26\/#breadcrumb"},"inLanguage":"pt-BR","potentialAction":[{"@type":"ReadAction","target":["https:\/\/ocoerente.com.br\/se\/2021\/05\/20\/programa-vida-no-transito-boletim-epidemiologico-de-aracaju-sera-lancado-no-dia-26\/"]}]},{"@type":"ImageObject","inLanguage":"pt-BR","@id":"https:\/\/ocoerente.com.br\/se\/2021\/05\/20\/programa-vida-no-transito-boletim-epidemiologico-de-aracaju-sera-lancado-no-dia-26\/#primaryimage","url":"https:\/\/ocoerente.com.br\/se\/wp-content\/uploads\/2021\/05\/foto_boletim.jpg","contentUrl":"https:\/\/ocoerente.com.br\/se\/wp-content\/uploads\/2021\/05\/foto_boletim.jpg","width":1024,"height":774},{"@type":"BreadcrumbList","@id":"https:\/\/ocoerente.com.br\/se\/2021\/05\/20\/programa-vida-no-transito-boletim-epidemiologico-de-aracaju-sera-lancado-no-dia-26\/#breadcrumb","itemListElement":[{"@type":"ListItem","position":1,"name":"In\u00edcio","item":"https:\/\/ocoerente.com.br\/se\/"},{"@type":"ListItem","position":2,"name":"Programa Vida no Tr\u00e2nsito: boletim epidemiol\u00f3gico de Aracaju ser\u00e1 lan\u00e7ado no dia 26"}]},{"@type":"WebSite","@id":"https:\/\/ocoerente.com.br\/se\/#website","url":"https:\/\/ocoerente.com.br\/se\/","name":"O Coerente","description":"","publisher":{"@id":"https:\/\/ocoerente.com.br\/se\/#\/schema\/person\/cc6bfd9fbca465e23543b0c963d8d037"},"potentialAction":[{"@type":"SearchAction","target":{"@type":"EntryPoint","urlTemplate":"https:\/\/ocoerente.com.br\/se\/?s={search_term_string}"},"query-input":{"@type":"PropertyValueSpecification","valueRequired":true,"valueName":"search_term_string"}}],"inLanguage":"pt-BR"},{"@type":["Person","Organization"],"@id":"https:\/\/ocoerente.com.br\/se\/#\/schema\/person\/cc6bfd9fbca465e23543b0c963d8d037","name":"Reda\u00e7\u00e3o","image":{"@type":"ImageObject","inLanguage":"pt-BR","@id":"https:\/\/ocoerente.com.br\/se\/wp-content\/uploads\/2020\/01\/ocoerente-1.png","url":"https:\/\/ocoerente.com.br\/se\/wp-content\/uploads\/2020\/01\/ocoerente-1.png","contentUrl":"https:\/\/ocoerente.com.br\/se\/wp-content\/uploads\/2020\/01\/ocoerente-1.png","width":50,"height":50,"caption":"Reda\u00e7\u00e3o"},"logo":{"@id":"https:\/\/ocoerente.com.br\/se\/wp-content\/uploads\/2020\/01\/ocoerente-1.png"},"url":"https:\/\/ocoerente.com.br\/se\/author\/vasticlsales\/"}]}},"_links":{"self":[{"href":"https:\/\/ocoerente.com.br\/se\/wp-json\/wp\/v2\/posts\/3527","targetHints":{"allow":["GET"]}}],"collection":[{"href":"https:\/\/ocoerente.com.br\/se\/wp-json\/wp\/v2\/posts"}],"about":[{"href":"https:\/\/ocoerente.com.br\/se\/wp-json\/wp\/v2\/types\/post"}],"author":[{"embeddable":true,"href":"https:\/\/ocoerente.com.br\/se\/wp-json\/wp\/v2\/users\/1"}],"replies":[{"embeddable":true,"href":"https:\/\/ocoerente.com.br\/se\/wp-json\/wp\/v2\/comments?post=3527"}],"version-history":[{"count":1,"href":"https:\/\/ocoerente.com.br\/se\/wp-json\/wp\/v2\/posts\/3527\/revisions"}],"predecessor-version":[{"id":3529,"href":"https:\/\/ocoerente.com.br\/se\/wp-json\/wp\/v2\/posts\/3527\/revisions\/3529"}],"wp:featuredmedia":[{"embeddable":true,"href":"https:\/\/ocoerente.com.br\/se\/wp-json\/wp\/v2\/media\/3528"}],"wp:attachment":[{"href":"https:\/\/ocoerente.com.br\/se\/wp-json\/wp\/v2\/media?parent=3527"}],"wp:term":[{"taxonomy":"category","embeddable":true,"href":"https:\/\/ocoerente.com.br\/se\/wp-json\/wp\/v2\/categories?post=3527"},{"taxonomy":"post_tag","embeddable":true,"href":"https:\/\/ocoerente.com.br\/se\/wp-json\/wp\/v2\/tags?post=3527"}],"curies":[{"name":"wp","href":"https:\/\/api.w.org\/{rel}","templated":true}]}}