{"id":3523,"date":"2021-05-18T14:40:52","date_gmt":"2021-05-18T17:40:52","guid":{"rendered":"https:\/\/ocoerente.com.br\/se\/?p=3523"},"modified":"2021-05-18T14:40:53","modified_gmt":"2021-05-18T17:40:53","slug":"forro-caju-em-casa-2021","status":"publish","type":"post","link":"https:\/\/ocoerente.com.br\/se\/2021\/05\/18\/forro-caju-em-casa-2021\/","title":{"rendered":"FORR\u00d3 CAJU EM CASA &#8211; 2021"},"content":{"rendered":"\n<p>Mantendo a chama da tradi\u00e7\u00e3o junina acesa, vem a\u00ed mais uma edi\u00e7\u00e3o do Forr\u00f3 Caju em Casa. O evento reunir\u00e1 14 dias de programa\u00e7\u00e3o online, com a novidade do I F\u00f3rum do Forr\u00f3. Assim como em 2020, todas as apresenta\u00e7\u00f5es ser\u00e3o gravadas e transmitidas em formato de live entre 17 e 30 de junho, atrav\u00e9s do canal no Youtube da Prefeitura de Aracaju.<\/p>\n\n\n\n<p>A programa\u00e7\u00e3o ter\u00e1 in\u00edcio no dia 17 de junho, com o F\u00f3rum do Forr\u00f3. O evento promover\u00e1 a discuss\u00e3o sobre as tecnologias dentro do ritmo junino e sobre o futuro dessa tradicional festividade, com os reflexos da crise sanit\u00e1ria. Quatro convidados, entre nomes de conhecimento nacional e local, participar\u00e3o desse ciclo de conversa nos dias 17 e 18 de junho.<\/p>\n\n\n\n<p>No dia 19 ter\u00e1 in\u00edcio o Forr\u00f3 Caju em Casa, com programa\u00e7\u00e3o que se estender\u00e1 at\u00e9 o dia 30. Todos os dias haver\u00e1 trio p\u00e9 de serra e bandas no estilo arrocha\/piseiro. Ap\u00f3s a exibi\u00e7\u00e3o no canal do Youtube da Prefeitura de Aracaju, os shows ser\u00e3o disponibilizados na plataforma de streaming AjuPlay.<\/p>\n\n\n\n<p>Dados<\/p>\n\n\n\n<p>Ser\u00e3o aproximadamente 100 horas de exibi\u00e7\u00f5es online, reunindo 95 atra\u00e7\u00f5es sergipanas em 14 dias de evento. Ser\u00e3o investidos cerca de 430 mil no F\u00f3rum do Forr\u00f3, nas apresenta\u00e7\u00f5es e nas grava\u00e7\u00f5es do Forr\u00f3 Caju de 2021.<\/p>\n\n\n\n<p>Divis\u00e3o de bandas: 40 grupos p\u00e9 de serra, 10 grupos de arrocha\/piseiro, e 32 bandas com vertentes do forr\u00f3. Os grupos p\u00e9 de serra receber\u00e3o R$ 3 mil cada, totalizando R$ 120 mil em investimento; arrocha\/piseiro R$ 2 mil, totalizando R$ 20 mil; e bandas R$ 5 mil, totalizando 160 mil.<\/p>\n\n\n\n<p>Sobre as inscri\u00e7\u00f5es e sele\u00e7\u00e3o<\/p>\n\n\n\n<p>Os grupos musicais podem se inscrever para o Forr\u00f3 Caju a partir da ter\u00e7a-feira, 18, atrav\u00e9s do site www.mapa.cultura.aracaju.se.gov.br, preenchendo formul\u00e1rio disponibilizado na plataforma. As inscri\u00e7\u00f5es seguem at\u00e9 o dia 27, \u00e0s 23h59.<\/p>\n\n\n\n<p>A avalia\u00e7\u00e3o das inscri\u00e7\u00f5es ser\u00e1 feita por uma comiss\u00e3o formada por tr\u00eas jurados de notado conhecimento da cultura e ritmo nordestino, que vai aferir itens como excel\u00eancia art\u00edstica e portf\u00f3lio dos proponentes. O resultado preliminar ser\u00e1 divulgado no dia 31 de maio, por e-mail e nas redes sociais da Funcaju.<\/p>\n\n\n\n<p>Ap\u00f3s o resultado preliminar, os proponentes ter\u00e3o do dia 31 de maio ao dia 2 de junho para apresentar recurso sobre o resultado. O resultado definitivo dos grupos selecionados para o Forr\u00f3 Caju 2021 ser\u00e1 divulgado no dia 3 de junho.<\/p>\n\n\n\n<p>As grava\u00e7\u00f5es ser\u00e3o iniciadas no dia 10 de junho, para que no dia 17 e 18, seja realizado o F\u00f3rum do Forr\u00f3, e de 19 a 30, o Forr\u00f3 Caju em Casa.<\/p>\n","protected":false},"excerpt":{"rendered":"<p>Mantendo a chama da tradi\u00e7\u00e3o junina acesa, vem a\u00ed mais uma edi\u00e7\u00e3o do Forr\u00f3 Caju em Casa. O evento reunir\u00e1 14 dias de programa\u00e7\u00e3o online, com a novidade do I F\u00f3rum do Forr\u00f3. Assim como em 2020, todas as apresenta\u00e7\u00f5es ser\u00e3o gravadas e transmitidas em formato de live entre 17 e 30 de junho, atrav\u00e9s [&hellip;]<\/p>\n","protected":false},"author":1,"featured_media":3524,"comment_status":"closed","ping_status":"closed","sticky":false,"template":"","format":"standard","meta":{"footnotes":""},"categories":[53,52],"tags":[],"class_list":["post-3523","post","type-post","status-publish","format-standard","has-post-thumbnail","hentry","category-destaques","category-entretenimento"],"yoast_head":"<!-- This site is optimized with the Yoast SEO plugin v27.4 - https:\/\/yoast.com\/product\/yoast-seo-wordpress\/ -->\n<title>FORR\u00d3 CAJU EM CASA - 2021 - O Coerente<\/title>\n<meta name=\"robots\" content=\"index, follow, max-snippet:-1, max-image-preview:large, max-video-preview:-1\" \/>\n<link rel=\"canonical\" href=\"https:\/\/ocoerente.com.br\/se\/2021\/05\/18\/forro-caju-em-casa-2021\/\" \/>\n<meta property=\"og:locale\" content=\"pt_BR\" \/>\n<meta property=\"og:type\" content=\"article\" \/>\n<meta property=\"og:title\" content=\"FORR\u00d3 CAJU EM CASA - 2021 - O Coerente\" \/>\n<meta property=\"og:description\" content=\"Mantendo a chama da tradi\u00e7\u00e3o junina acesa, vem a\u00ed mais uma edi\u00e7\u00e3o do Forr\u00f3 Caju em Casa. O evento reunir\u00e1 14 dias de programa\u00e7\u00e3o online, com a novidade do I F\u00f3rum do Forr\u00f3. Assim como em 2020, todas as apresenta\u00e7\u00f5es ser\u00e3o gravadas e transmitidas em formato de live entre 17 e 30 de junho, atrav\u00e9s [&hellip;]\" \/>\n<meta property=\"og:url\" content=\"https:\/\/ocoerente.com.br\/se\/2021\/05\/18\/forro-caju-em-casa-2021\/\" \/>\n<meta property=\"og:site_name\" content=\"O Coerente\" \/>\n<meta property=\"article:published_time\" content=\"2021-05-18T17:40:52+00:00\" \/>\n<meta property=\"article:modified_time\" content=\"2021-05-18T17:40:53+00:00\" \/>\n<meta property=\"og:image\" content=\"https:\/\/ocoerente.com.br\/se\/wp-content\/uploads\/2021\/05\/sanfona-globonordeste.jpg\" \/>\n\t<meta property=\"og:image:width\" content=\"984\" \/>\n\t<meta property=\"og:image:height\" content=\"554\" \/>\n\t<meta property=\"og:image:type\" content=\"image\/jpeg\" \/>\n<meta name=\"author\" content=\"Reda\u00e7\u00e3o\" \/>\n<meta name=\"twitter:card\" content=\"summary_large_image\" \/>\n<meta name=\"twitter:label1\" content=\"Escrito por\" \/>\n\t<meta name=\"twitter:data1\" content=\"Reda\u00e7\u00e3o\" \/>\n\t<meta name=\"twitter:label2\" content=\"Est. tempo de leitura\" \/>\n\t<meta name=\"twitter:data2\" content=\"2 minutos\" \/>\n<script type=\"application\/ld+json\" class=\"yoast-schema-graph\">{\"@context\":\"https:\\\/\\\/schema.org\",\"@graph\":[{\"@type\":\"Article\",\"@id\":\"https:\\\/\\\/ocoerente.com.br\\\/se\\\/2021\\\/05\\\/18\\\/forro-caju-em-casa-2021\\\/#article\",\"isPartOf\":{\"@id\":\"https:\\\/\\\/ocoerente.com.br\\\/se\\\/2021\\\/05\\\/18\\\/forro-caju-em-casa-2021\\\/\"},\"author\":{\"name\":\"Reda\u00e7\u00e3o\",\"@id\":\"https:\\\/\\\/ocoerente.com.br\\\/se\\\/#\\\/schema\\\/person\\\/cc6bfd9fbca465e23543b0c963d8d037\"},\"headline\":\"FORR\u00d3 CAJU EM CASA &#8211; 2021\",\"datePublished\":\"2021-05-18T17:40:52+00:00\",\"dateModified\":\"2021-05-18T17:40:53+00:00\",\"mainEntityOfPage\":{\"@id\":\"https:\\\/\\\/ocoerente.com.br\\\/se\\\/2021\\\/05\\\/18\\\/forro-caju-em-casa-2021\\\/\"},\"wordCount\":448,\"publisher\":{\"@id\":\"https:\\\/\\\/ocoerente.com.br\\\/se\\\/#\\\/schema\\\/person\\\/cc6bfd9fbca465e23543b0c963d8d037\"},\"image\":{\"@id\":\"https:\\\/\\\/ocoerente.com.br\\\/se\\\/2021\\\/05\\\/18\\\/forro-caju-em-casa-2021\\\/#primaryimage\"},\"thumbnailUrl\":\"https:\\\/\\\/ocoerente.com.br\\\/se\\\/wp-content\\\/uploads\\\/2021\\\/05\\\/sanfona-globonordeste.jpg\",\"articleSection\":[\"Destaques\",\"Entretenimento\"],\"inLanguage\":\"pt-BR\"},{\"@type\":\"WebPage\",\"@id\":\"https:\\\/\\\/ocoerente.com.br\\\/se\\\/2021\\\/05\\\/18\\\/forro-caju-em-casa-2021\\\/\",\"url\":\"https:\\\/\\\/ocoerente.com.br\\\/se\\\/2021\\\/05\\\/18\\\/forro-caju-em-casa-2021\\\/\",\"name\":\"FORR\u00d3 CAJU EM CASA - 2021 - O Coerente\",\"isPartOf\":{\"@id\":\"https:\\\/\\\/ocoerente.com.br\\\/se\\\/#website\"},\"primaryImageOfPage\":{\"@id\":\"https:\\\/\\\/ocoerente.com.br\\\/se\\\/2021\\\/05\\\/18\\\/forro-caju-em-casa-2021\\\/#primaryimage\"},\"image\":{\"@id\":\"https:\\\/\\\/ocoerente.com.br\\\/se\\\/2021\\\/05\\\/18\\\/forro-caju-em-casa-2021\\\/#primaryimage\"},\"thumbnailUrl\":\"https:\\\/\\\/ocoerente.com.br\\\/se\\\/wp-content\\\/uploads\\\/2021\\\/05\\\/sanfona-globonordeste.jpg\",\"datePublished\":\"2021-05-18T17:40:52+00:00\",\"dateModified\":\"2021-05-18T17:40:53+00:00\",\"breadcrumb\":{\"@id\":\"https:\\\/\\\/ocoerente.com.br\\\/se\\\/2021\\\/05\\\/18\\\/forro-caju-em-casa-2021\\\/#breadcrumb\"},\"inLanguage\":\"pt-BR\",\"potentialAction\":[{\"@type\":\"ReadAction\",\"target\":[\"https:\\\/\\\/ocoerente.com.br\\\/se\\\/2021\\\/05\\\/18\\\/forro-caju-em-casa-2021\\\/\"]}]},{\"@type\":\"ImageObject\",\"inLanguage\":\"pt-BR\",\"@id\":\"https:\\\/\\\/ocoerente.com.br\\\/se\\\/2021\\\/05\\\/18\\\/forro-caju-em-casa-2021\\\/#primaryimage\",\"url\":\"https:\\\/\\\/ocoerente.com.br\\\/se\\\/wp-content\\\/uploads\\\/2021\\\/05\\\/sanfona-globonordeste.jpg\",\"contentUrl\":\"https:\\\/\\\/ocoerente.com.br\\\/se\\\/wp-content\\\/uploads\\\/2021\\\/05\\\/sanfona-globonordeste.jpg\",\"width\":984,\"height\":554},{\"@type\":\"BreadcrumbList\",\"@id\":\"https:\\\/\\\/ocoerente.com.br\\\/se\\\/2021\\\/05\\\/18\\\/forro-caju-em-casa-2021\\\/#breadcrumb\",\"itemListElement\":[{\"@type\":\"ListItem\",\"position\":1,\"name\":\"In\u00edcio\",\"item\":\"https:\\\/\\\/ocoerente.com.br\\\/se\\\/\"},{\"@type\":\"ListItem\",\"position\":2,\"name\":\"FORR\u00d3 CAJU EM CASA &#8211; 2021\"}]},{\"@type\":\"WebSite\",\"@id\":\"https:\\\/\\\/ocoerente.com.br\\\/se\\\/#website\",\"url\":\"https:\\\/\\\/ocoerente.com.br\\\/se\\\/\",\"name\":\"O Coerente\",\"description\":\"\",\"publisher\":{\"@id\":\"https:\\\/\\\/ocoerente.com.br\\\/se\\\/#\\\/schema\\\/person\\\/cc6bfd9fbca465e23543b0c963d8d037\"},\"potentialAction\":[{\"@type\":\"SearchAction\",\"target\":{\"@type\":\"EntryPoint\",\"urlTemplate\":\"https:\\\/\\\/ocoerente.com.br\\\/se\\\/?s={search_term_string}\"},\"query-input\":{\"@type\":\"PropertyValueSpecification\",\"valueRequired\":true,\"valueName\":\"search_term_string\"}}],\"inLanguage\":\"pt-BR\"},{\"@type\":[\"Person\",\"Organization\"],\"@id\":\"https:\\\/\\\/ocoerente.com.br\\\/se\\\/#\\\/schema\\\/person\\\/cc6bfd9fbca465e23543b0c963d8d037\",\"name\":\"Reda\u00e7\u00e3o\",\"image\":{\"@type\":\"ImageObject\",\"inLanguage\":\"pt-BR\",\"@id\":\"https:\\\/\\\/ocoerente.com.br\\\/se\\\/wp-content\\\/uploads\\\/2020\\\/01\\\/ocoerente-1.png\",\"url\":\"https:\\\/\\\/ocoerente.com.br\\\/se\\\/wp-content\\\/uploads\\\/2020\\\/01\\\/ocoerente-1.png\",\"contentUrl\":\"https:\\\/\\\/ocoerente.com.br\\\/se\\\/wp-content\\\/uploads\\\/2020\\\/01\\\/ocoerente-1.png\",\"width\":50,\"height\":50,\"caption\":\"Reda\u00e7\u00e3o\"},\"logo\":{\"@id\":\"https:\\\/\\\/ocoerente.com.br\\\/se\\\/wp-content\\\/uploads\\\/2020\\\/01\\\/ocoerente-1.png\"},\"url\":\"https:\\\/\\\/ocoerente.com.br\\\/se\\\/author\\\/vasticlsales\\\/\"}]}<\/script>\n<!-- \/ Yoast SEO plugin. -->","yoast_head_json":{"title":"FORR\u00d3 CAJU EM CASA - 2021 - O Coerente","robots":{"index":"index","follow":"follow","max-snippet":"max-snippet:-1","max-image-preview":"max-image-preview:large","max-video-preview":"max-video-preview:-1"},"canonical":"https:\/\/ocoerente.com.br\/se\/2021\/05\/18\/forro-caju-em-casa-2021\/","og_locale":"pt_BR","og_type":"article","og_title":"FORR\u00d3 CAJU EM CASA - 2021 - O Coerente","og_description":"Mantendo a chama da tradi\u00e7\u00e3o junina acesa, vem a\u00ed mais uma edi\u00e7\u00e3o do Forr\u00f3 Caju em Casa. O evento reunir\u00e1 14 dias de programa\u00e7\u00e3o online, com a novidade do I F\u00f3rum do Forr\u00f3. Assim como em 2020, todas as apresenta\u00e7\u00f5es ser\u00e3o gravadas e transmitidas em formato de live entre 17 e 30 de junho, atrav\u00e9s [&hellip;]","og_url":"https:\/\/ocoerente.com.br\/se\/2021\/05\/18\/forro-caju-em-casa-2021\/","og_site_name":"O Coerente","article_published_time":"2021-05-18T17:40:52+00:00","article_modified_time":"2021-05-18T17:40:53+00:00","og_image":[{"width":984,"height":554,"url":"https:\/\/ocoerente.com.br\/se\/wp-content\/uploads\/2021\/05\/sanfona-globonordeste.jpg","type":"image\/jpeg"}],"author":"Reda\u00e7\u00e3o","twitter_card":"summary_large_image","twitter_misc":{"Escrito por":"Reda\u00e7\u00e3o","Est. tempo de leitura":"2 minutos"},"schema":{"@context":"https:\/\/schema.org","@graph":[{"@type":"Article","@id":"https:\/\/ocoerente.com.br\/se\/2021\/05\/18\/forro-caju-em-casa-2021\/#article","isPartOf":{"@id":"https:\/\/ocoerente.com.br\/se\/2021\/05\/18\/forro-caju-em-casa-2021\/"},"author":{"name":"Reda\u00e7\u00e3o","@id":"https:\/\/ocoerente.com.br\/se\/#\/schema\/person\/cc6bfd9fbca465e23543b0c963d8d037"},"headline":"FORR\u00d3 CAJU EM CASA &#8211; 2021","datePublished":"2021-05-18T17:40:52+00:00","dateModified":"2021-05-18T17:40:53+00:00","mainEntityOfPage":{"@id":"https:\/\/ocoerente.com.br\/se\/2021\/05\/18\/forro-caju-em-casa-2021\/"},"wordCount":448,"publisher":{"@id":"https:\/\/ocoerente.com.br\/se\/#\/schema\/person\/cc6bfd9fbca465e23543b0c963d8d037"},"image":{"@id":"https:\/\/ocoerente.com.br\/se\/2021\/05\/18\/forro-caju-em-casa-2021\/#primaryimage"},"thumbnailUrl":"https:\/\/ocoerente.com.br\/se\/wp-content\/uploads\/2021\/05\/sanfona-globonordeste.jpg","articleSection":["Destaques","Entretenimento"],"inLanguage":"pt-BR"},{"@type":"WebPage","@id":"https:\/\/ocoerente.com.br\/se\/2021\/05\/18\/forro-caju-em-casa-2021\/","url":"https:\/\/ocoerente.com.br\/se\/2021\/05\/18\/forro-caju-em-casa-2021\/","name":"FORR\u00d3 CAJU EM CASA - 2021 - O Coerente","isPartOf":{"@id":"https:\/\/ocoerente.com.br\/se\/#website"},"primaryImageOfPage":{"@id":"https:\/\/ocoerente.com.br\/se\/2021\/05\/18\/forro-caju-em-casa-2021\/#primaryimage"},"image":{"@id":"https:\/\/ocoerente.com.br\/se\/2021\/05\/18\/forro-caju-em-casa-2021\/#primaryimage"},"thumbnailUrl":"https:\/\/ocoerente.com.br\/se\/wp-content\/uploads\/2021\/05\/sanfona-globonordeste.jpg","datePublished":"2021-05-18T17:40:52+00:00","dateModified":"2021-05-18T17:40:53+00:00","breadcrumb":{"@id":"https:\/\/ocoerente.com.br\/se\/2021\/05\/18\/forro-caju-em-casa-2021\/#breadcrumb"},"inLanguage":"pt-BR","potentialAction":[{"@type":"ReadAction","target":["https:\/\/ocoerente.com.br\/se\/2021\/05\/18\/forro-caju-em-casa-2021\/"]}]},{"@type":"ImageObject","inLanguage":"pt-BR","@id":"https:\/\/ocoerente.com.br\/se\/2021\/05\/18\/forro-caju-em-casa-2021\/#primaryimage","url":"https:\/\/ocoerente.com.br\/se\/wp-content\/uploads\/2021\/05\/sanfona-globonordeste.jpg","contentUrl":"https:\/\/ocoerente.com.br\/se\/wp-content\/uploads\/2021\/05\/sanfona-globonordeste.jpg","width":984,"height":554},{"@type":"BreadcrumbList","@id":"https:\/\/ocoerente.com.br\/se\/2021\/05\/18\/forro-caju-em-casa-2021\/#breadcrumb","itemListElement":[{"@type":"ListItem","position":1,"name":"In\u00edcio","item":"https:\/\/ocoerente.com.br\/se\/"},{"@type":"ListItem","position":2,"name":"FORR\u00d3 CAJU EM CASA &#8211; 2021"}]},{"@type":"WebSite","@id":"https:\/\/ocoerente.com.br\/se\/#website","url":"https:\/\/ocoerente.com.br\/se\/","name":"O Coerente","description":"","publisher":{"@id":"https:\/\/ocoerente.com.br\/se\/#\/schema\/person\/cc6bfd9fbca465e23543b0c963d8d037"},"potentialAction":[{"@type":"SearchAction","target":{"@type":"EntryPoint","urlTemplate":"https:\/\/ocoerente.com.br\/se\/?s={search_term_string}"},"query-input":{"@type":"PropertyValueSpecification","valueRequired":true,"valueName":"search_term_string"}}],"inLanguage":"pt-BR"},{"@type":["Person","Organization"],"@id":"https:\/\/ocoerente.com.br\/se\/#\/schema\/person\/cc6bfd9fbca465e23543b0c963d8d037","name":"Reda\u00e7\u00e3o","image":{"@type":"ImageObject","inLanguage":"pt-BR","@id":"https:\/\/ocoerente.com.br\/se\/wp-content\/uploads\/2020\/01\/ocoerente-1.png","url":"https:\/\/ocoerente.com.br\/se\/wp-content\/uploads\/2020\/01\/ocoerente-1.png","contentUrl":"https:\/\/ocoerente.com.br\/se\/wp-content\/uploads\/2020\/01\/ocoerente-1.png","width":50,"height":50,"caption":"Reda\u00e7\u00e3o"},"logo":{"@id":"https:\/\/ocoerente.com.br\/se\/wp-content\/uploads\/2020\/01\/ocoerente-1.png"},"url":"https:\/\/ocoerente.com.br\/se\/author\/vasticlsales\/"}]}},"_links":{"self":[{"href":"https:\/\/ocoerente.com.br\/se\/wp-json\/wp\/v2\/posts\/3523","targetHints":{"allow":["GET"]}}],"collection":[{"href":"https:\/\/ocoerente.com.br\/se\/wp-json\/wp\/v2\/posts"}],"about":[{"href":"https:\/\/ocoerente.com.br\/se\/wp-json\/wp\/v2\/types\/post"}],"author":[{"embeddable":true,"href":"https:\/\/ocoerente.com.br\/se\/wp-json\/wp\/v2\/users\/1"}],"replies":[{"embeddable":true,"href":"https:\/\/ocoerente.com.br\/se\/wp-json\/wp\/v2\/comments?post=3523"}],"version-history":[{"count":1,"href":"https:\/\/ocoerente.com.br\/se\/wp-json\/wp\/v2\/posts\/3523\/revisions"}],"predecessor-version":[{"id":3525,"href":"https:\/\/ocoerente.com.br\/se\/wp-json\/wp\/v2\/posts\/3523\/revisions\/3525"}],"wp:featuredmedia":[{"embeddable":true,"href":"https:\/\/ocoerente.com.br\/se\/wp-json\/wp\/v2\/media\/3524"}],"wp:attachment":[{"href":"https:\/\/ocoerente.com.br\/se\/wp-json\/wp\/v2\/media?parent=3523"}],"wp:term":[{"taxonomy":"category","embeddable":true,"href":"https:\/\/ocoerente.com.br\/se\/wp-json\/wp\/v2\/categories?post=3523"},{"taxonomy":"post_tag","embeddable":true,"href":"https:\/\/ocoerente.com.br\/se\/wp-json\/wp\/v2\/tags?post=3523"}],"curies":[{"name":"wp","href":"https:\/\/api.w.org\/{rel}","templated":true}]}}