{"id":3520,"date":"2021-05-18T04:01:06","date_gmt":"2021-05-18T07:01:06","guid":{"rendered":"https:\/\/ocoerente.com.br\/se\/?p=3520"},"modified":"2021-05-18T04:01:08","modified_gmt":"2021-05-18T07:01:08","slug":"convite-lancamento-do-forro-caju-em-casa-2021","status":"publish","type":"post","link":"https:\/\/ocoerente.com.br\/se\/2021\/05\/18\/convite-lancamento-do-forro-caju-em-casa-2021\/","title":{"rendered":"CONVITE: lan\u00e7amento do Forr\u00f3 Caju em Casa 2021"},"content":{"rendered":"\n<p>A Prefeitura de Aracaju convida a imprensa para o lan\u00e7amento do Forr\u00f3 Caju em Casa 2021. Os detalhes do edital ser\u00e3o apresentados pelo prefeito Edvaldo Nogueira, nesta ter\u00e7a-feira, dia 18, \u00e0s 11h, no audit\u00f3rio do Centro Administrativo Prefeito Alo\u00edsio Campos &#8211; sede da Prefeitura de Aracaju -, localizado na rua Frei Lu\u00eds Canelo de Noronha, 42, conjunto Costa e Silva.\u00a0<br>O ato respeitar\u00e1 as normas de biosseguran\u00e7a necess\u00e1rias para evitar o cont\u00e1gio pelo novo coronav\u00edrus, como o distanciamento f\u00edsico, uso obrigat\u00f3rio de m\u00e1scaras e limite de pessoas no audit\u00f3rio.\u00a0<\/p>\n\n\n\n<p>A apresenta\u00e7\u00e3o tamb\u00e9m ser\u00e1 transmitida atrav\u00e9s dos canais do YouTube da Prefeitura de Aracaju, e Instagram da Prefeitura e da Funcaju.\u00a0<\/p>\n\n\n\n<p><strong>Servi\u00e7o<\/strong><\/p>\n\n\n\n<p><strong>O que<\/strong>: lan\u00e7amento do Forr\u00f3 Caju em Casa 2021.<\/p>\n\n\n\n<p><strong>Quando<\/strong>: nesta ter\u00e7a-feira, dia 18.<strong>Hor\u00e1rio<\/strong>: \u00e0s 11h.<\/p>\n\n\n\n<p><strong>Onde<\/strong>: audit\u00f3rio do Centro Administrativo Prefeito Alo\u00edsio Campos &#8211; sede da Prefeitura de Aracaju -, localizado na rua Frei Lu\u00eds Canelo de Noronha, 42, conjunto Costa e Silva.<\/p>\n\n\n\n<p><strong>Contato<\/strong>: Secretaria Municipal da Comunica\u00e7\u00e3o Social &#8211; 79 4009 7878 \/ 9 8106 6840.<\/p>\n","protected":false},"excerpt":{"rendered":"<p>A Prefeitura de Aracaju convida a imprensa para o lan\u00e7amento do Forr\u00f3 Caju em Casa 2021. Os detalhes do edital ser\u00e3o apresentados pelo prefeito Edvaldo Nogueira, nesta ter\u00e7a-feira, dia 18, \u00e0s 11h, no audit\u00f3rio do Centro Administrativo Prefeito Alo\u00edsio Campos &#8211; sede da Prefeitura de Aracaju -, localizado na rua Frei Lu\u00eds Canelo de Noronha, [&hellip;]<\/p>\n","protected":false},"author":1,"featured_media":3521,"comment_status":"closed","ping_status":"closed","sticky":false,"template":"","format":"standard","meta":{"footnotes":""},"categories":[53,52],"tags":[],"class_list":["post-3520","post","type-post","status-publish","format-standard","has-post-thumbnail","hentry","category-destaques","category-entretenimento"],"yoast_head":"<!-- This site is optimized with the Yoast SEO plugin v27.4 - https:\/\/yoast.com\/product\/yoast-seo-wordpress\/ -->\n<title>CONVITE: lan\u00e7amento do Forr\u00f3 Caju em Casa 2021 - O Coerente<\/title>\n<meta name=\"robots\" content=\"index, follow, max-snippet:-1, max-image-preview:large, max-video-preview:-1\" \/>\n<link rel=\"canonical\" href=\"https:\/\/ocoerente.com.br\/se\/2021\/05\/18\/convite-lancamento-do-forro-caju-em-casa-2021\/\" \/>\n<meta property=\"og:locale\" content=\"pt_BR\" \/>\n<meta property=\"og:type\" content=\"article\" \/>\n<meta property=\"og:title\" content=\"CONVITE: lan\u00e7amento do Forr\u00f3 Caju em Casa 2021 - O Coerente\" \/>\n<meta property=\"og:description\" content=\"A Prefeitura de Aracaju convida a imprensa para o lan\u00e7amento do Forr\u00f3 Caju em Casa 2021. Os detalhes do edital ser\u00e3o apresentados pelo prefeito Edvaldo Nogueira, nesta ter\u00e7a-feira, dia 18, \u00e0s 11h, no audit\u00f3rio do Centro Administrativo Prefeito Alo\u00edsio Campos &#8211; sede da Prefeitura de Aracaju -, localizado na rua Frei Lu\u00eds Canelo de Noronha, [&hellip;]\" \/>\n<meta property=\"og:url\" content=\"https:\/\/ocoerente.com.br\/se\/2021\/05\/18\/convite-lancamento-do-forro-caju-em-casa-2021\/\" \/>\n<meta property=\"og:site_name\" content=\"O Coerente\" \/>\n<meta property=\"article:published_time\" content=\"2021-05-18T07:01:06+00:00\" \/>\n<meta property=\"article:modified_time\" content=\"2021-05-18T07:01:08+00:00\" \/>\n<meta property=\"og:image\" content=\"https:\/\/ocoerente.com.br\/se\/wp-content\/uploads\/2021\/05\/site_1.png\" \/>\n\t<meta property=\"og:image:width\" content=\"1000\" \/>\n\t<meta property=\"og:image:height\" content=\"1000\" \/>\n\t<meta property=\"og:image:type\" content=\"image\/png\" \/>\n<meta name=\"author\" content=\"Reda\u00e7\u00e3o\" \/>\n<meta name=\"twitter:card\" content=\"summary_large_image\" \/>\n<meta name=\"twitter:label1\" content=\"Escrito por\" \/>\n\t<meta name=\"twitter:data1\" content=\"Reda\u00e7\u00e3o\" \/>\n\t<meta name=\"twitter:label2\" content=\"Est. tempo de leitura\" \/>\n\t<meta name=\"twitter:data2\" content=\"1 minuto\" \/>\n<script type=\"application\/ld+json\" class=\"yoast-schema-graph\">{\"@context\":\"https:\\\/\\\/schema.org\",\"@graph\":[{\"@type\":\"Article\",\"@id\":\"https:\\\/\\\/ocoerente.com.br\\\/se\\\/2021\\\/05\\\/18\\\/convite-lancamento-do-forro-caju-em-casa-2021\\\/#article\",\"isPartOf\":{\"@id\":\"https:\\\/\\\/ocoerente.com.br\\\/se\\\/2021\\\/05\\\/18\\\/convite-lancamento-do-forro-caju-em-casa-2021\\\/\"},\"author\":{\"name\":\"Reda\u00e7\u00e3o\",\"@id\":\"https:\\\/\\\/ocoerente.com.br\\\/se\\\/#\\\/schema\\\/person\\\/cc6bfd9fbca465e23543b0c963d8d037\"},\"headline\":\"CONVITE: lan\u00e7amento do Forr\u00f3 Caju em Casa 2021\",\"datePublished\":\"2021-05-18T07:01:06+00:00\",\"dateModified\":\"2021-05-18T07:01:08+00:00\",\"mainEntityOfPage\":{\"@id\":\"https:\\\/\\\/ocoerente.com.br\\\/se\\\/2021\\\/05\\\/18\\\/convite-lancamento-do-forro-caju-em-casa-2021\\\/\"},\"wordCount\":190,\"publisher\":{\"@id\":\"https:\\\/\\\/ocoerente.com.br\\\/se\\\/#\\\/schema\\\/person\\\/cc6bfd9fbca465e23543b0c963d8d037\"},\"image\":{\"@id\":\"https:\\\/\\\/ocoerente.com.br\\\/se\\\/2021\\\/05\\\/18\\\/convite-lancamento-do-forro-caju-em-casa-2021\\\/#primaryimage\"},\"thumbnailUrl\":\"https:\\\/\\\/ocoerente.com.br\\\/se\\\/wp-content\\\/uploads\\\/2021\\\/05\\\/site_1.png\",\"articleSection\":[\"Destaques\",\"Entretenimento\"],\"inLanguage\":\"pt-BR\"},{\"@type\":\"WebPage\",\"@id\":\"https:\\\/\\\/ocoerente.com.br\\\/se\\\/2021\\\/05\\\/18\\\/convite-lancamento-do-forro-caju-em-casa-2021\\\/\",\"url\":\"https:\\\/\\\/ocoerente.com.br\\\/se\\\/2021\\\/05\\\/18\\\/convite-lancamento-do-forro-caju-em-casa-2021\\\/\",\"name\":\"CONVITE: lan\u00e7amento do Forr\u00f3 Caju em Casa 2021 - O Coerente\",\"isPartOf\":{\"@id\":\"https:\\\/\\\/ocoerente.com.br\\\/se\\\/#website\"},\"primaryImageOfPage\":{\"@id\":\"https:\\\/\\\/ocoerente.com.br\\\/se\\\/2021\\\/05\\\/18\\\/convite-lancamento-do-forro-caju-em-casa-2021\\\/#primaryimage\"},\"image\":{\"@id\":\"https:\\\/\\\/ocoerente.com.br\\\/se\\\/2021\\\/05\\\/18\\\/convite-lancamento-do-forro-caju-em-casa-2021\\\/#primaryimage\"},\"thumbnailUrl\":\"https:\\\/\\\/ocoerente.com.br\\\/se\\\/wp-content\\\/uploads\\\/2021\\\/05\\\/site_1.png\",\"datePublished\":\"2021-05-18T07:01:06+00:00\",\"dateModified\":\"2021-05-18T07:01:08+00:00\",\"breadcrumb\":{\"@id\":\"https:\\\/\\\/ocoerente.com.br\\\/se\\\/2021\\\/05\\\/18\\\/convite-lancamento-do-forro-caju-em-casa-2021\\\/#breadcrumb\"},\"inLanguage\":\"pt-BR\",\"potentialAction\":[{\"@type\":\"ReadAction\",\"target\":[\"https:\\\/\\\/ocoerente.com.br\\\/se\\\/2021\\\/05\\\/18\\\/convite-lancamento-do-forro-caju-em-casa-2021\\\/\"]}]},{\"@type\":\"ImageObject\",\"inLanguage\":\"pt-BR\",\"@id\":\"https:\\\/\\\/ocoerente.com.br\\\/se\\\/2021\\\/05\\\/18\\\/convite-lancamento-do-forro-caju-em-casa-2021\\\/#primaryimage\",\"url\":\"https:\\\/\\\/ocoerente.com.br\\\/se\\\/wp-content\\\/uploads\\\/2021\\\/05\\\/site_1.png\",\"contentUrl\":\"https:\\\/\\\/ocoerente.com.br\\\/se\\\/wp-content\\\/uploads\\\/2021\\\/05\\\/site_1.png\",\"width\":1000,\"height\":1000},{\"@type\":\"BreadcrumbList\",\"@id\":\"https:\\\/\\\/ocoerente.com.br\\\/se\\\/2021\\\/05\\\/18\\\/convite-lancamento-do-forro-caju-em-casa-2021\\\/#breadcrumb\",\"itemListElement\":[{\"@type\":\"ListItem\",\"position\":1,\"name\":\"In\u00edcio\",\"item\":\"https:\\\/\\\/ocoerente.com.br\\\/se\\\/\"},{\"@type\":\"ListItem\",\"position\":2,\"name\":\"CONVITE: lan\u00e7amento do Forr\u00f3 Caju em Casa 2021\"}]},{\"@type\":\"WebSite\",\"@id\":\"https:\\\/\\\/ocoerente.com.br\\\/se\\\/#website\",\"url\":\"https:\\\/\\\/ocoerente.com.br\\\/se\\\/\",\"name\":\"O Coerente\",\"description\":\"\",\"publisher\":{\"@id\":\"https:\\\/\\\/ocoerente.com.br\\\/se\\\/#\\\/schema\\\/person\\\/cc6bfd9fbca465e23543b0c963d8d037\"},\"potentialAction\":[{\"@type\":\"SearchAction\",\"target\":{\"@type\":\"EntryPoint\",\"urlTemplate\":\"https:\\\/\\\/ocoerente.com.br\\\/se\\\/?s={search_term_string}\"},\"query-input\":{\"@type\":\"PropertyValueSpecification\",\"valueRequired\":true,\"valueName\":\"search_term_string\"}}],\"inLanguage\":\"pt-BR\"},{\"@type\":[\"Person\",\"Organization\"],\"@id\":\"https:\\\/\\\/ocoerente.com.br\\\/se\\\/#\\\/schema\\\/person\\\/cc6bfd9fbca465e23543b0c963d8d037\",\"name\":\"Reda\u00e7\u00e3o\",\"image\":{\"@type\":\"ImageObject\",\"inLanguage\":\"pt-BR\",\"@id\":\"https:\\\/\\\/ocoerente.com.br\\\/se\\\/wp-content\\\/uploads\\\/2020\\\/01\\\/ocoerente-1.png\",\"url\":\"https:\\\/\\\/ocoerente.com.br\\\/se\\\/wp-content\\\/uploads\\\/2020\\\/01\\\/ocoerente-1.png\",\"contentUrl\":\"https:\\\/\\\/ocoerente.com.br\\\/se\\\/wp-content\\\/uploads\\\/2020\\\/01\\\/ocoerente-1.png\",\"width\":50,\"height\":50,\"caption\":\"Reda\u00e7\u00e3o\"},\"logo\":{\"@id\":\"https:\\\/\\\/ocoerente.com.br\\\/se\\\/wp-content\\\/uploads\\\/2020\\\/01\\\/ocoerente-1.png\"},\"url\":\"https:\\\/\\\/ocoerente.com.br\\\/se\\\/author\\\/vasticlsales\\\/\"}]}<\/script>\n<!-- \/ Yoast SEO plugin. -->","yoast_head_json":{"title":"CONVITE: lan\u00e7amento do Forr\u00f3 Caju em Casa 2021 - O Coerente","robots":{"index":"index","follow":"follow","max-snippet":"max-snippet:-1","max-image-preview":"max-image-preview:large","max-video-preview":"max-video-preview:-1"},"canonical":"https:\/\/ocoerente.com.br\/se\/2021\/05\/18\/convite-lancamento-do-forro-caju-em-casa-2021\/","og_locale":"pt_BR","og_type":"article","og_title":"CONVITE: lan\u00e7amento do Forr\u00f3 Caju em Casa 2021 - O Coerente","og_description":"A Prefeitura de Aracaju convida a imprensa para o lan\u00e7amento do Forr\u00f3 Caju em Casa 2021. Os detalhes do edital ser\u00e3o apresentados pelo prefeito Edvaldo Nogueira, nesta ter\u00e7a-feira, dia 18, \u00e0s 11h, no audit\u00f3rio do Centro Administrativo Prefeito Alo\u00edsio Campos &#8211; sede da Prefeitura de Aracaju -, localizado na rua Frei Lu\u00eds Canelo de Noronha, [&hellip;]","og_url":"https:\/\/ocoerente.com.br\/se\/2021\/05\/18\/convite-lancamento-do-forro-caju-em-casa-2021\/","og_site_name":"O Coerente","article_published_time":"2021-05-18T07:01:06+00:00","article_modified_time":"2021-05-18T07:01:08+00:00","og_image":[{"width":1000,"height":1000,"url":"https:\/\/ocoerente.com.br\/se\/wp-content\/uploads\/2021\/05\/site_1.png","type":"image\/png"}],"author":"Reda\u00e7\u00e3o","twitter_card":"summary_large_image","twitter_misc":{"Escrito por":"Reda\u00e7\u00e3o","Est. tempo de leitura":"1 minuto"},"schema":{"@context":"https:\/\/schema.org","@graph":[{"@type":"Article","@id":"https:\/\/ocoerente.com.br\/se\/2021\/05\/18\/convite-lancamento-do-forro-caju-em-casa-2021\/#article","isPartOf":{"@id":"https:\/\/ocoerente.com.br\/se\/2021\/05\/18\/convite-lancamento-do-forro-caju-em-casa-2021\/"},"author":{"name":"Reda\u00e7\u00e3o","@id":"https:\/\/ocoerente.com.br\/se\/#\/schema\/person\/cc6bfd9fbca465e23543b0c963d8d037"},"headline":"CONVITE: lan\u00e7amento do Forr\u00f3 Caju em Casa 2021","datePublished":"2021-05-18T07:01:06+00:00","dateModified":"2021-05-18T07:01:08+00:00","mainEntityOfPage":{"@id":"https:\/\/ocoerente.com.br\/se\/2021\/05\/18\/convite-lancamento-do-forro-caju-em-casa-2021\/"},"wordCount":190,"publisher":{"@id":"https:\/\/ocoerente.com.br\/se\/#\/schema\/person\/cc6bfd9fbca465e23543b0c963d8d037"},"image":{"@id":"https:\/\/ocoerente.com.br\/se\/2021\/05\/18\/convite-lancamento-do-forro-caju-em-casa-2021\/#primaryimage"},"thumbnailUrl":"https:\/\/ocoerente.com.br\/se\/wp-content\/uploads\/2021\/05\/site_1.png","articleSection":["Destaques","Entretenimento"],"inLanguage":"pt-BR"},{"@type":"WebPage","@id":"https:\/\/ocoerente.com.br\/se\/2021\/05\/18\/convite-lancamento-do-forro-caju-em-casa-2021\/","url":"https:\/\/ocoerente.com.br\/se\/2021\/05\/18\/convite-lancamento-do-forro-caju-em-casa-2021\/","name":"CONVITE: lan\u00e7amento do Forr\u00f3 Caju em Casa 2021 - O Coerente","isPartOf":{"@id":"https:\/\/ocoerente.com.br\/se\/#website"},"primaryImageOfPage":{"@id":"https:\/\/ocoerente.com.br\/se\/2021\/05\/18\/convite-lancamento-do-forro-caju-em-casa-2021\/#primaryimage"},"image":{"@id":"https:\/\/ocoerente.com.br\/se\/2021\/05\/18\/convite-lancamento-do-forro-caju-em-casa-2021\/#primaryimage"},"thumbnailUrl":"https:\/\/ocoerente.com.br\/se\/wp-content\/uploads\/2021\/05\/site_1.png","datePublished":"2021-05-18T07:01:06+00:00","dateModified":"2021-05-18T07:01:08+00:00","breadcrumb":{"@id":"https:\/\/ocoerente.com.br\/se\/2021\/05\/18\/convite-lancamento-do-forro-caju-em-casa-2021\/#breadcrumb"},"inLanguage":"pt-BR","potentialAction":[{"@type":"ReadAction","target":["https:\/\/ocoerente.com.br\/se\/2021\/05\/18\/convite-lancamento-do-forro-caju-em-casa-2021\/"]}]},{"@type":"ImageObject","inLanguage":"pt-BR","@id":"https:\/\/ocoerente.com.br\/se\/2021\/05\/18\/convite-lancamento-do-forro-caju-em-casa-2021\/#primaryimage","url":"https:\/\/ocoerente.com.br\/se\/wp-content\/uploads\/2021\/05\/site_1.png","contentUrl":"https:\/\/ocoerente.com.br\/se\/wp-content\/uploads\/2021\/05\/site_1.png","width":1000,"height":1000},{"@type":"BreadcrumbList","@id":"https:\/\/ocoerente.com.br\/se\/2021\/05\/18\/convite-lancamento-do-forro-caju-em-casa-2021\/#breadcrumb","itemListElement":[{"@type":"ListItem","position":1,"name":"In\u00edcio","item":"https:\/\/ocoerente.com.br\/se\/"},{"@type":"ListItem","position":2,"name":"CONVITE: lan\u00e7amento do Forr\u00f3 Caju em Casa 2021"}]},{"@type":"WebSite","@id":"https:\/\/ocoerente.com.br\/se\/#website","url":"https:\/\/ocoerente.com.br\/se\/","name":"O Coerente","description":"","publisher":{"@id":"https:\/\/ocoerente.com.br\/se\/#\/schema\/person\/cc6bfd9fbca465e23543b0c963d8d037"},"potentialAction":[{"@type":"SearchAction","target":{"@type":"EntryPoint","urlTemplate":"https:\/\/ocoerente.com.br\/se\/?s={search_term_string}"},"query-input":{"@type":"PropertyValueSpecification","valueRequired":true,"valueName":"search_term_string"}}],"inLanguage":"pt-BR"},{"@type":["Person","Organization"],"@id":"https:\/\/ocoerente.com.br\/se\/#\/schema\/person\/cc6bfd9fbca465e23543b0c963d8d037","name":"Reda\u00e7\u00e3o","image":{"@type":"ImageObject","inLanguage":"pt-BR","@id":"https:\/\/ocoerente.com.br\/se\/wp-content\/uploads\/2020\/01\/ocoerente-1.png","url":"https:\/\/ocoerente.com.br\/se\/wp-content\/uploads\/2020\/01\/ocoerente-1.png","contentUrl":"https:\/\/ocoerente.com.br\/se\/wp-content\/uploads\/2020\/01\/ocoerente-1.png","width":50,"height":50,"caption":"Reda\u00e7\u00e3o"},"logo":{"@id":"https:\/\/ocoerente.com.br\/se\/wp-content\/uploads\/2020\/01\/ocoerente-1.png"},"url":"https:\/\/ocoerente.com.br\/se\/author\/vasticlsales\/"}]}},"_links":{"self":[{"href":"https:\/\/ocoerente.com.br\/se\/wp-json\/wp\/v2\/posts\/3520","targetHints":{"allow":["GET"]}}],"collection":[{"href":"https:\/\/ocoerente.com.br\/se\/wp-json\/wp\/v2\/posts"}],"about":[{"href":"https:\/\/ocoerente.com.br\/se\/wp-json\/wp\/v2\/types\/post"}],"author":[{"embeddable":true,"href":"https:\/\/ocoerente.com.br\/se\/wp-json\/wp\/v2\/users\/1"}],"replies":[{"embeddable":true,"href":"https:\/\/ocoerente.com.br\/se\/wp-json\/wp\/v2\/comments?post=3520"}],"version-history":[{"count":1,"href":"https:\/\/ocoerente.com.br\/se\/wp-json\/wp\/v2\/posts\/3520\/revisions"}],"predecessor-version":[{"id":3522,"href":"https:\/\/ocoerente.com.br\/se\/wp-json\/wp\/v2\/posts\/3520\/revisions\/3522"}],"wp:featuredmedia":[{"embeddable":true,"href":"https:\/\/ocoerente.com.br\/se\/wp-json\/wp\/v2\/media\/3521"}],"wp:attachment":[{"href":"https:\/\/ocoerente.com.br\/se\/wp-json\/wp\/v2\/media?parent=3520"}],"wp:term":[{"taxonomy":"category","embeddable":true,"href":"https:\/\/ocoerente.com.br\/se\/wp-json\/wp\/v2\/categories?post=3520"},{"taxonomy":"post_tag","embeddable":true,"href":"https:\/\/ocoerente.com.br\/se\/wp-json\/wp\/v2\/tags?post=3520"}],"curies":[{"name":"wp","href":"https:\/\/api.w.org\/{rel}","templated":true}]}}