{"id":3517,"date":"2021-05-18T03:58:53","date_gmt":"2021-05-18T06:58:53","guid":{"rendered":"https:\/\/ocoerente.com.br\/se\/?p=3517"},"modified":"2021-05-18T03:58:55","modified_gmt":"2021-05-18T06:58:55","slug":"vereador-professor-bittencourt-lanca-campanha-de-combate-a-lgbtqifobia","status":"publish","type":"post","link":"https:\/\/ocoerente.com.br\/se\/2021\/05\/18\/vereador-professor-bittencourt-lanca-campanha-de-combate-a-lgbtqifobia\/","title":{"rendered":"Vereador Professor Bittencourt lan\u00e7a campanha de combate \u00e0 LGBTQIFobia"},"content":{"rendered":"\n<p>Por David Rodrigues, Assessoria Parlamentar<\/p>\n\n\n\n<p>Com o slogan: \u201cPor uma Aracaju sem LGBTQIFobia\u201d, o vereador Professor Bittencourt (PCdoB) lan\u00e7a nesta segunda-feira, 17, uma campanha de combate \u00e0 LGBTQIFobia. A campanha \u00e9 virtual e ir\u00e1 circular nas redes sociais do parlamentar durante a semana que marca o Dia Internacional de Combate \u00e0 LGBTQIFobia.<\/p>\n\n\n\n<p>A campanha \u00e9 uma iniciativa do mandato do parlamentar e tem a proposta de conscientizar a popula\u00e7\u00e3o Aracajuana e, at\u00e9 onde o mandato alcan\u00e7ar, para o respeito aos direitos das livres orienta\u00e7\u00f5es sexuais e identidades de g\u00eaneros, e com isso, alertar que LGBTQIFobia \u00e9 crime.<\/p>\n\n\n\n<p>\u201cUma campanha dessa natureza \u00e9 muito importante, porque precisamos combater toda forma de discrimina\u00e7\u00e3o, preconceito e intoler\u00e2ncia, e parte desse preconceito, intoler\u00e2ncia e viol\u00eancia \u00e9 direcionada \u00e0 comunidade LGBTQIA+. Todos aqueles que pregam em favor da constitui\u00e7\u00e3o de um mundo fraterno, com mais igualdade, justi\u00e7a social e respeito devem, sem d\u00favidas nenhuma, abra\u00e7ar e levantar a bandeira em favor do fim de qualquer discrimina\u00e7\u00e3o LGBTQIA+\u201d.<\/p>\n\n\n\n<p>\u201cUm mundo melhor \u00e9 um mundo livre de todas as fobias, intoler\u00e2ncias e todas as viol\u00eancias. O m\u00ednimo que o meu mandato pode fazer \u00e9 emprestar a representatividade desse mandato, ter empatia, defender e fortalecer a luta dessa causa\u201d, destacou o parlamentar.<\/p>\n\n\n\n<p>Para o cabeleireiro Anflisio Gomes, um dos modelos da campanha, o dia 17 de maio tem um marco especial. \u201cO dia 17 de maio \u00e9 muito importante para que possamos ser respeitados e mais aceitos na sociedade. Fazer parte dessa campanha \u00e9 muito importante porque eu sei que realmente tem algu\u00e9m que busca a visibilidade e mais respeito para a nossa comunidade\u201d, destacou.<\/p>\n\n\n\n<p>A estudante Shirley Jesus tamb\u00e9m participou da campanha e destacou que essa \u00e9 uma forma de defender a sua bandeira. \u201cEssa \u00e9 uma das primeiras campanhas que participo e \u00e9 muito importante, porque al\u00e9m da visibilidade \u00e9 uma forma de defender a nossa bandeira e lutar por mais respeito para todos\u201d, declarou.<\/p>\n\n\n\n<p>Dia Internacional de Combate \u00e0 LGBTQIFobia:<\/p>\n\n\n\n<p>O dia 17 de maio \u00e9 conhecido mundialmente como o Dia Internacional de Combate \u00e0 LGBTQIfobia. A data ficou marcada pela retirada do termo homossexualismo da Classifica\u00e7\u00e3o Internacional de Doen\u00e7as pela Organiza\u00e7\u00e3o Mundial da Sa\u00fade, em 1990. Desde ent\u00e3o, o dia passou a ser s\u00edmbolo da luta por direitos humanos, diversidade sexual e contra o preconceito, viol\u00eancia e intoler\u00e2ncia.<\/p>\n\n\n\n<figure class=\"wp-block-image size-large is-resized\"><img loading=\"lazy\" decoding=\"async\" src=\"https:\/\/ocoerente.com.br\/se\/wp-content\/uploads\/2021\/05\/LGBTfobia.jeg_-1024x1024.jpeg\" alt=\"\" class=\"wp-image-3518\" width=\"472\" height=\"472\" srcset=\"https:\/\/ocoerente.com.br\/se\/wp-content\/uploads\/2021\/05\/LGBTfobia.jeg_-1024x1024.jpeg 1024w, https:\/\/ocoerente.com.br\/se\/wp-content\/uploads\/2021\/05\/LGBTfobia.jeg_-300x300.jpeg 300w, https:\/\/ocoerente.com.br\/se\/wp-content\/uploads\/2021\/05\/LGBTfobia.jeg_-150x150.jpeg 150w, https:\/\/ocoerente.com.br\/se\/wp-content\/uploads\/2021\/05\/LGBTfobia.jeg_-768x768.jpeg 768w, https:\/\/ocoerente.com.br\/se\/wp-content\/uploads\/2021\/05\/LGBTfobia.jeg_-75x75.jpeg 75w, https:\/\/ocoerente.com.br\/se\/wp-content\/uploads\/2021\/05\/LGBTfobia.jeg_-750x750.jpeg 750w, https:\/\/ocoerente.com.br\/se\/wp-content\/uploads\/2021\/05\/LGBTfobia.jeg_-1140x1140.jpeg 1140w, https:\/\/ocoerente.com.br\/se\/wp-content\/uploads\/2021\/05\/LGBTfobia.jeg_.jpeg 1280w\" sizes=\"auto, (max-width: 472px) 100vw, 472px\" \/><\/figure>\n\n\n\n<p>Mais Informa\u00e7\u00f5es:<br>David Rodrigues<br>Assessor de Comunica\u00e7\u00e3o<br>79 9 9840-1833<\/p>\n","protected":false},"excerpt":{"rendered":"<p>Por David Rodrigues, Assessoria Parlamentar Com o slogan: \u201cPor uma Aracaju sem LGBTQIFobia\u201d, o vereador Professor Bittencourt (PCdoB) lan\u00e7a nesta segunda-feira, 17, uma campanha de combate \u00e0 LGBTQIFobia. A campanha \u00e9 virtual e ir\u00e1 circular nas redes sociais do parlamentar durante a semana que marca o Dia Internacional de Combate \u00e0 LGBTQIFobia. A campanha \u00e9 [&hellip;]<\/p>\n","protected":false},"author":1,"featured_media":3518,"comment_status":"closed","ping_status":"closed","sticky":false,"template":"","format":"standard","meta":{"footnotes":""},"categories":[53,43],"tags":[],"class_list":["post-3517","post","type-post","status-publish","format-standard","has-post-thumbnail","hentry","category-destaques","category-sergipe"],"yoast_head":"<!-- This site is optimized with the Yoast SEO plugin v27.4 - https:\/\/yoast.com\/product\/yoast-seo-wordpress\/ -->\n<title>Vereador Professor Bittencourt lan\u00e7a campanha de combate \u00e0 LGBTQIFobia - O Coerente<\/title>\n<meta name=\"robots\" content=\"index, follow, max-snippet:-1, max-image-preview:large, max-video-preview:-1\" \/>\n<link rel=\"canonical\" href=\"https:\/\/ocoerente.com.br\/se\/2021\/05\/18\/vereador-professor-bittencourt-lanca-campanha-de-combate-a-lgbtqifobia\/\" \/>\n<meta property=\"og:locale\" content=\"pt_BR\" \/>\n<meta property=\"og:type\" content=\"article\" \/>\n<meta property=\"og:title\" content=\"Vereador Professor Bittencourt lan\u00e7a campanha de combate \u00e0 LGBTQIFobia - O Coerente\" \/>\n<meta property=\"og:description\" content=\"Por David Rodrigues, Assessoria Parlamentar Com o slogan: \u201cPor uma Aracaju sem LGBTQIFobia\u201d, o vereador Professor Bittencourt (PCdoB) lan\u00e7a nesta segunda-feira, 17, uma campanha de combate \u00e0 LGBTQIFobia. A campanha \u00e9 virtual e ir\u00e1 circular nas redes sociais do parlamentar durante a semana que marca o Dia Internacional de Combate \u00e0 LGBTQIFobia. A campanha \u00e9 [&hellip;]\" \/>\n<meta property=\"og:url\" content=\"https:\/\/ocoerente.com.br\/se\/2021\/05\/18\/vereador-professor-bittencourt-lanca-campanha-de-combate-a-lgbtqifobia\/\" \/>\n<meta property=\"og:site_name\" content=\"O Coerente\" \/>\n<meta property=\"article:published_time\" content=\"2021-05-18T06:58:53+00:00\" \/>\n<meta property=\"article:modified_time\" content=\"2021-05-18T06:58:55+00:00\" \/>\n<meta property=\"og:image\" content=\"https:\/\/ocoerente.com.br\/se\/wp-content\/uploads\/2021\/05\/LGBTfobia.jeg_.jpeg\" \/>\n\t<meta property=\"og:image:width\" content=\"1280\" \/>\n\t<meta property=\"og:image:height\" content=\"1280\" \/>\n\t<meta property=\"og:image:type\" content=\"image\/jpeg\" \/>\n<meta name=\"author\" content=\"Reda\u00e7\u00e3o\" \/>\n<meta name=\"twitter:card\" content=\"summary_large_image\" \/>\n<meta name=\"twitter:label1\" content=\"Escrito por\" \/>\n\t<meta name=\"twitter:data1\" content=\"Reda\u00e7\u00e3o\" \/>\n\t<meta name=\"twitter:label2\" content=\"Est. tempo de leitura\" \/>\n\t<meta name=\"twitter:data2\" content=\"2 minutos\" \/>\n<script type=\"application\/ld+json\" class=\"yoast-schema-graph\">{\"@context\":\"https:\\\/\\\/schema.org\",\"@graph\":[{\"@type\":\"Article\",\"@id\":\"https:\\\/\\\/ocoerente.com.br\\\/se\\\/2021\\\/05\\\/18\\\/vereador-professor-bittencourt-lanca-campanha-de-combate-a-lgbtqifobia\\\/#article\",\"isPartOf\":{\"@id\":\"https:\\\/\\\/ocoerente.com.br\\\/se\\\/2021\\\/05\\\/18\\\/vereador-professor-bittencourt-lanca-campanha-de-combate-a-lgbtqifobia\\\/\"},\"author\":{\"name\":\"Reda\u00e7\u00e3o\",\"@id\":\"https:\\\/\\\/ocoerente.com.br\\\/se\\\/#\\\/schema\\\/person\\\/cc6bfd9fbca465e23543b0c963d8d037\"},\"headline\":\"Vereador Professor Bittencourt lan\u00e7a campanha de combate \u00e0 LGBTQIFobia\",\"datePublished\":\"2021-05-18T06:58:53+00:00\",\"dateModified\":\"2021-05-18T06:58:55+00:00\",\"mainEntityOfPage\":{\"@id\":\"https:\\\/\\\/ocoerente.com.br\\\/se\\\/2021\\\/05\\\/18\\\/vereador-professor-bittencourt-lanca-campanha-de-combate-a-lgbtqifobia\\\/\"},\"wordCount\":406,\"publisher\":{\"@id\":\"https:\\\/\\\/ocoerente.com.br\\\/se\\\/#\\\/schema\\\/person\\\/cc6bfd9fbca465e23543b0c963d8d037\"},\"image\":{\"@id\":\"https:\\\/\\\/ocoerente.com.br\\\/se\\\/2021\\\/05\\\/18\\\/vereador-professor-bittencourt-lanca-campanha-de-combate-a-lgbtqifobia\\\/#primaryimage\"},\"thumbnailUrl\":\"https:\\\/\\\/ocoerente.com.br\\\/se\\\/wp-content\\\/uploads\\\/2021\\\/05\\\/LGBTfobia.jeg_.jpeg\",\"articleSection\":[\"Destaques\",\"Sergipe\"],\"inLanguage\":\"pt-BR\"},{\"@type\":\"WebPage\",\"@id\":\"https:\\\/\\\/ocoerente.com.br\\\/se\\\/2021\\\/05\\\/18\\\/vereador-professor-bittencourt-lanca-campanha-de-combate-a-lgbtqifobia\\\/\",\"url\":\"https:\\\/\\\/ocoerente.com.br\\\/se\\\/2021\\\/05\\\/18\\\/vereador-professor-bittencourt-lanca-campanha-de-combate-a-lgbtqifobia\\\/\",\"name\":\"Vereador Professor Bittencourt lan\u00e7a campanha de combate \u00e0 LGBTQIFobia - O Coerente\",\"isPartOf\":{\"@id\":\"https:\\\/\\\/ocoerente.com.br\\\/se\\\/#website\"},\"primaryImageOfPage\":{\"@id\":\"https:\\\/\\\/ocoerente.com.br\\\/se\\\/2021\\\/05\\\/18\\\/vereador-professor-bittencourt-lanca-campanha-de-combate-a-lgbtqifobia\\\/#primaryimage\"},\"image\":{\"@id\":\"https:\\\/\\\/ocoerente.com.br\\\/se\\\/2021\\\/05\\\/18\\\/vereador-professor-bittencourt-lanca-campanha-de-combate-a-lgbtqifobia\\\/#primaryimage\"},\"thumbnailUrl\":\"https:\\\/\\\/ocoerente.com.br\\\/se\\\/wp-content\\\/uploads\\\/2021\\\/05\\\/LGBTfobia.jeg_.jpeg\",\"datePublished\":\"2021-05-18T06:58:53+00:00\",\"dateModified\":\"2021-05-18T06:58:55+00:00\",\"breadcrumb\":{\"@id\":\"https:\\\/\\\/ocoerente.com.br\\\/se\\\/2021\\\/05\\\/18\\\/vereador-professor-bittencourt-lanca-campanha-de-combate-a-lgbtqifobia\\\/#breadcrumb\"},\"inLanguage\":\"pt-BR\",\"potentialAction\":[{\"@type\":\"ReadAction\",\"target\":[\"https:\\\/\\\/ocoerente.com.br\\\/se\\\/2021\\\/05\\\/18\\\/vereador-professor-bittencourt-lanca-campanha-de-combate-a-lgbtqifobia\\\/\"]}]},{\"@type\":\"ImageObject\",\"inLanguage\":\"pt-BR\",\"@id\":\"https:\\\/\\\/ocoerente.com.br\\\/se\\\/2021\\\/05\\\/18\\\/vereador-professor-bittencourt-lanca-campanha-de-combate-a-lgbtqifobia\\\/#primaryimage\",\"url\":\"https:\\\/\\\/ocoerente.com.br\\\/se\\\/wp-content\\\/uploads\\\/2021\\\/05\\\/LGBTfobia.jeg_.jpeg\",\"contentUrl\":\"https:\\\/\\\/ocoerente.com.br\\\/se\\\/wp-content\\\/uploads\\\/2021\\\/05\\\/LGBTfobia.jeg_.jpeg\",\"width\":1280,\"height\":1280},{\"@type\":\"BreadcrumbList\",\"@id\":\"https:\\\/\\\/ocoerente.com.br\\\/se\\\/2021\\\/05\\\/18\\\/vereador-professor-bittencourt-lanca-campanha-de-combate-a-lgbtqifobia\\\/#breadcrumb\",\"itemListElement\":[{\"@type\":\"ListItem\",\"position\":1,\"name\":\"In\u00edcio\",\"item\":\"https:\\\/\\\/ocoerente.com.br\\\/se\\\/\"},{\"@type\":\"ListItem\",\"position\":2,\"name\":\"Vereador Professor Bittencourt lan\u00e7a campanha de combate \u00e0 LGBTQIFobia\"}]},{\"@type\":\"WebSite\",\"@id\":\"https:\\\/\\\/ocoerente.com.br\\\/se\\\/#website\",\"url\":\"https:\\\/\\\/ocoerente.com.br\\\/se\\\/\",\"name\":\"O Coerente\",\"description\":\"\",\"publisher\":{\"@id\":\"https:\\\/\\\/ocoerente.com.br\\\/se\\\/#\\\/schema\\\/person\\\/cc6bfd9fbca465e23543b0c963d8d037\"},\"potentialAction\":[{\"@type\":\"SearchAction\",\"target\":{\"@type\":\"EntryPoint\",\"urlTemplate\":\"https:\\\/\\\/ocoerente.com.br\\\/se\\\/?s={search_term_string}\"},\"query-input\":{\"@type\":\"PropertyValueSpecification\",\"valueRequired\":true,\"valueName\":\"search_term_string\"}}],\"inLanguage\":\"pt-BR\"},{\"@type\":[\"Person\",\"Organization\"],\"@id\":\"https:\\\/\\\/ocoerente.com.br\\\/se\\\/#\\\/schema\\\/person\\\/cc6bfd9fbca465e23543b0c963d8d037\",\"name\":\"Reda\u00e7\u00e3o\",\"image\":{\"@type\":\"ImageObject\",\"inLanguage\":\"pt-BR\",\"@id\":\"https:\\\/\\\/ocoerente.com.br\\\/se\\\/wp-content\\\/uploads\\\/2020\\\/01\\\/ocoerente-1.png\",\"url\":\"https:\\\/\\\/ocoerente.com.br\\\/se\\\/wp-content\\\/uploads\\\/2020\\\/01\\\/ocoerente-1.png\",\"contentUrl\":\"https:\\\/\\\/ocoerente.com.br\\\/se\\\/wp-content\\\/uploads\\\/2020\\\/01\\\/ocoerente-1.png\",\"width\":50,\"height\":50,\"caption\":\"Reda\u00e7\u00e3o\"},\"logo\":{\"@id\":\"https:\\\/\\\/ocoerente.com.br\\\/se\\\/wp-content\\\/uploads\\\/2020\\\/01\\\/ocoerente-1.png\"},\"url\":\"https:\\\/\\\/ocoerente.com.br\\\/se\\\/author\\\/vasticlsales\\\/\"}]}<\/script>\n<!-- \/ Yoast SEO plugin. -->","yoast_head_json":{"title":"Vereador Professor Bittencourt lan\u00e7a campanha de combate \u00e0 LGBTQIFobia - O Coerente","robots":{"index":"index","follow":"follow","max-snippet":"max-snippet:-1","max-image-preview":"max-image-preview:large","max-video-preview":"max-video-preview:-1"},"canonical":"https:\/\/ocoerente.com.br\/se\/2021\/05\/18\/vereador-professor-bittencourt-lanca-campanha-de-combate-a-lgbtqifobia\/","og_locale":"pt_BR","og_type":"article","og_title":"Vereador Professor Bittencourt lan\u00e7a campanha de combate \u00e0 LGBTQIFobia - O Coerente","og_description":"Por David Rodrigues, Assessoria Parlamentar Com o slogan: \u201cPor uma Aracaju sem LGBTQIFobia\u201d, o vereador Professor Bittencourt (PCdoB) lan\u00e7a nesta segunda-feira, 17, uma campanha de combate \u00e0 LGBTQIFobia. A campanha \u00e9 virtual e ir\u00e1 circular nas redes sociais do parlamentar durante a semana que marca o Dia Internacional de Combate \u00e0 LGBTQIFobia. A campanha \u00e9 [&hellip;]","og_url":"https:\/\/ocoerente.com.br\/se\/2021\/05\/18\/vereador-professor-bittencourt-lanca-campanha-de-combate-a-lgbtqifobia\/","og_site_name":"O Coerente","article_published_time":"2021-05-18T06:58:53+00:00","article_modified_time":"2021-05-18T06:58:55+00:00","og_image":[{"width":1280,"height":1280,"url":"https:\/\/ocoerente.com.br\/se\/wp-content\/uploads\/2021\/05\/LGBTfobia.jeg_.jpeg","type":"image\/jpeg"}],"author":"Reda\u00e7\u00e3o","twitter_card":"summary_large_image","twitter_misc":{"Escrito por":"Reda\u00e7\u00e3o","Est. tempo de leitura":"2 minutos"},"schema":{"@context":"https:\/\/schema.org","@graph":[{"@type":"Article","@id":"https:\/\/ocoerente.com.br\/se\/2021\/05\/18\/vereador-professor-bittencourt-lanca-campanha-de-combate-a-lgbtqifobia\/#article","isPartOf":{"@id":"https:\/\/ocoerente.com.br\/se\/2021\/05\/18\/vereador-professor-bittencourt-lanca-campanha-de-combate-a-lgbtqifobia\/"},"author":{"name":"Reda\u00e7\u00e3o","@id":"https:\/\/ocoerente.com.br\/se\/#\/schema\/person\/cc6bfd9fbca465e23543b0c963d8d037"},"headline":"Vereador Professor Bittencourt lan\u00e7a campanha de combate \u00e0 LGBTQIFobia","datePublished":"2021-05-18T06:58:53+00:00","dateModified":"2021-05-18T06:58:55+00:00","mainEntityOfPage":{"@id":"https:\/\/ocoerente.com.br\/se\/2021\/05\/18\/vereador-professor-bittencourt-lanca-campanha-de-combate-a-lgbtqifobia\/"},"wordCount":406,"publisher":{"@id":"https:\/\/ocoerente.com.br\/se\/#\/schema\/person\/cc6bfd9fbca465e23543b0c963d8d037"},"image":{"@id":"https:\/\/ocoerente.com.br\/se\/2021\/05\/18\/vereador-professor-bittencourt-lanca-campanha-de-combate-a-lgbtqifobia\/#primaryimage"},"thumbnailUrl":"https:\/\/ocoerente.com.br\/se\/wp-content\/uploads\/2021\/05\/LGBTfobia.jeg_.jpeg","articleSection":["Destaques","Sergipe"],"inLanguage":"pt-BR"},{"@type":"WebPage","@id":"https:\/\/ocoerente.com.br\/se\/2021\/05\/18\/vereador-professor-bittencourt-lanca-campanha-de-combate-a-lgbtqifobia\/","url":"https:\/\/ocoerente.com.br\/se\/2021\/05\/18\/vereador-professor-bittencourt-lanca-campanha-de-combate-a-lgbtqifobia\/","name":"Vereador Professor Bittencourt lan\u00e7a campanha de combate \u00e0 LGBTQIFobia - O Coerente","isPartOf":{"@id":"https:\/\/ocoerente.com.br\/se\/#website"},"primaryImageOfPage":{"@id":"https:\/\/ocoerente.com.br\/se\/2021\/05\/18\/vereador-professor-bittencourt-lanca-campanha-de-combate-a-lgbtqifobia\/#primaryimage"},"image":{"@id":"https:\/\/ocoerente.com.br\/se\/2021\/05\/18\/vereador-professor-bittencourt-lanca-campanha-de-combate-a-lgbtqifobia\/#primaryimage"},"thumbnailUrl":"https:\/\/ocoerente.com.br\/se\/wp-content\/uploads\/2021\/05\/LGBTfobia.jeg_.jpeg","datePublished":"2021-05-18T06:58:53+00:00","dateModified":"2021-05-18T06:58:55+00:00","breadcrumb":{"@id":"https:\/\/ocoerente.com.br\/se\/2021\/05\/18\/vereador-professor-bittencourt-lanca-campanha-de-combate-a-lgbtqifobia\/#breadcrumb"},"inLanguage":"pt-BR","potentialAction":[{"@type":"ReadAction","target":["https:\/\/ocoerente.com.br\/se\/2021\/05\/18\/vereador-professor-bittencourt-lanca-campanha-de-combate-a-lgbtqifobia\/"]}]},{"@type":"ImageObject","inLanguage":"pt-BR","@id":"https:\/\/ocoerente.com.br\/se\/2021\/05\/18\/vereador-professor-bittencourt-lanca-campanha-de-combate-a-lgbtqifobia\/#primaryimage","url":"https:\/\/ocoerente.com.br\/se\/wp-content\/uploads\/2021\/05\/LGBTfobia.jeg_.jpeg","contentUrl":"https:\/\/ocoerente.com.br\/se\/wp-content\/uploads\/2021\/05\/LGBTfobia.jeg_.jpeg","width":1280,"height":1280},{"@type":"BreadcrumbList","@id":"https:\/\/ocoerente.com.br\/se\/2021\/05\/18\/vereador-professor-bittencourt-lanca-campanha-de-combate-a-lgbtqifobia\/#breadcrumb","itemListElement":[{"@type":"ListItem","position":1,"name":"In\u00edcio","item":"https:\/\/ocoerente.com.br\/se\/"},{"@type":"ListItem","position":2,"name":"Vereador Professor Bittencourt lan\u00e7a campanha de combate \u00e0 LGBTQIFobia"}]},{"@type":"WebSite","@id":"https:\/\/ocoerente.com.br\/se\/#website","url":"https:\/\/ocoerente.com.br\/se\/","name":"O Coerente","description":"","publisher":{"@id":"https:\/\/ocoerente.com.br\/se\/#\/schema\/person\/cc6bfd9fbca465e23543b0c963d8d037"},"potentialAction":[{"@type":"SearchAction","target":{"@type":"EntryPoint","urlTemplate":"https:\/\/ocoerente.com.br\/se\/?s={search_term_string}"},"query-input":{"@type":"PropertyValueSpecification","valueRequired":true,"valueName":"search_term_string"}}],"inLanguage":"pt-BR"},{"@type":["Person","Organization"],"@id":"https:\/\/ocoerente.com.br\/se\/#\/schema\/person\/cc6bfd9fbca465e23543b0c963d8d037","name":"Reda\u00e7\u00e3o","image":{"@type":"ImageObject","inLanguage":"pt-BR","@id":"https:\/\/ocoerente.com.br\/se\/wp-content\/uploads\/2020\/01\/ocoerente-1.png","url":"https:\/\/ocoerente.com.br\/se\/wp-content\/uploads\/2020\/01\/ocoerente-1.png","contentUrl":"https:\/\/ocoerente.com.br\/se\/wp-content\/uploads\/2020\/01\/ocoerente-1.png","width":50,"height":50,"caption":"Reda\u00e7\u00e3o"},"logo":{"@id":"https:\/\/ocoerente.com.br\/se\/wp-content\/uploads\/2020\/01\/ocoerente-1.png"},"url":"https:\/\/ocoerente.com.br\/se\/author\/vasticlsales\/"}]}},"_links":{"self":[{"href":"https:\/\/ocoerente.com.br\/se\/wp-json\/wp\/v2\/posts\/3517","targetHints":{"allow":["GET"]}}],"collection":[{"href":"https:\/\/ocoerente.com.br\/se\/wp-json\/wp\/v2\/posts"}],"about":[{"href":"https:\/\/ocoerente.com.br\/se\/wp-json\/wp\/v2\/types\/post"}],"author":[{"embeddable":true,"href":"https:\/\/ocoerente.com.br\/se\/wp-json\/wp\/v2\/users\/1"}],"replies":[{"embeddable":true,"href":"https:\/\/ocoerente.com.br\/se\/wp-json\/wp\/v2\/comments?post=3517"}],"version-history":[{"count":1,"href":"https:\/\/ocoerente.com.br\/se\/wp-json\/wp\/v2\/posts\/3517\/revisions"}],"predecessor-version":[{"id":3519,"href":"https:\/\/ocoerente.com.br\/se\/wp-json\/wp\/v2\/posts\/3517\/revisions\/3519"}],"wp:featuredmedia":[{"embeddable":true,"href":"https:\/\/ocoerente.com.br\/se\/wp-json\/wp\/v2\/media\/3518"}],"wp:attachment":[{"href":"https:\/\/ocoerente.com.br\/se\/wp-json\/wp\/v2\/media?parent=3517"}],"wp:term":[{"taxonomy":"category","embeddable":true,"href":"https:\/\/ocoerente.com.br\/se\/wp-json\/wp\/v2\/categories?post=3517"},{"taxonomy":"post_tag","embeddable":true,"href":"https:\/\/ocoerente.com.br\/se\/wp-json\/wp\/v2\/tags?post=3517"}],"curies":[{"name":"wp","href":"https:\/\/api.w.org\/{rel}","templated":true}]}}